{"id":130587,"date":"2015-07-03T11:59:02","date_gmt":"2015-07-03T09:59:02","guid":{"rendered":"https:\/\/sandzakpress.net\/arhiva\/?p=130587"},"modified":"2015-07-03T11:59:02","modified_gmt":"2015-07-03T09:59:02","slug":"izraelska-vojska-ubila-palestinskog-mladica","status":"publish","type":"post","link":"https:\/\/sandzakpress.net\/arhiva\/izraelska-vojska-ubila-palestinskog-mladica\/","title":{"rendered":"Izraelska vojska ubila palestinskog mladi\u0107a"},"content":{"rendered":"<p><img decoding=\"async\" src=\"http:\/\/balkans.aljazeera.net\/sites\/staff.balkans.aljazeera.com\/files\/styles\/aljazeera_article_main_image\/public\/izraelska_vojska_1_epa_main_0.jpg?itok=5CrNjiqi\" alt=\"Izrael, Palestina, Ramallah\" \/><\/p>\n<p><strong>Svijet &#8211; Izraelska vojska saop\u0161tila je danas da su njeni vojnici otvorili vatru i ubili jednog Palestinca u grupi koja je bacala velike kamenice na njihovo vozilo.<\/strong><\/p>\n<p>Vojnici su se u tom trenutku nalazili u blizini Ramallaha na Zapadnoj obali.<\/p>\n<p>Nakon \u0161to je kamen o\u0161tetio vjetrobran vojnici su, strahuju\u0107i da su im \u017eivoti u opasnosti, ispalili metke upozorenja i tada su pucali u donje dijelove tijela napada\u010da, navodi vojska, dodav\u0161i da je jedan Palestinac prevezen u bolnicu, javila je agencija AP.<\/p>\n<p><strong>Zid razdvajanja<\/strong><\/p>\n<p>Palestinski ljekari su rekli da je \u017ertva, 17-godi\u0161njak, pogo\u0111ena dva puta i da je mladi\u0107 bio mrtav kada je dovezen u bolnicu.<\/p>\n<p>O\u010devici su kazali da je Muhammed Sami el-Kusbe pogo\u0111en u gornji dio tijela dok se poku\u0161avao popeti na zid razdvajanja, prenijeli su izraelski mediji.<\/p>\n<p>Tako\u0111er su rekli da je i\u0161ao u d\u017eamiju u Jerusalemu.<\/p>\n<p>Dvojica njegove bra\u0107e ubijena su u drugom palestinskom ustanku protiv izraelske okupacije 2002. godine.<\/p>\n<p>Sli\u010dan slu\u010daj dogodio se u junu ove godine, kada je jedan Palestinac ubijen nakon \u0161to je otvorio vatru na izraelske vojnike na kontrolnom punktu na Zapadnoj obali.<\/p>\n<p>Razmjena vatre, u kojoj nije bilo povreda na izraelskoj strani, dogodila se na kontrolnom punktu Beka'ot u Jordanskoj dolini drugog petka ramazana.<\/p>\n<p>Izrael je povodom ramazana ubla\u017eio neka ograni\u010denja na putovanja Palestinaca sa Zapadne obale u Jerusalem.<\/p>\n<p>Izvor: Agencije<\/p>\n","protected":false},"excerpt":{"rendered":"<p>Svijet &#8211; Izraelska vojska saop\u0161tila je danas da su njeni vojnici otvorili vatru i ubili jednog Palestinca u grupi koja je bacala velike kamenice na njihovo vozilo. Vojnici su se u tom trenutku nalazili u blizini Ramallaha na Zapadnoj obali. Nakon \u0161to je kamen o\u0161tetio vjetrobran vojnici su, strahuju\u0107i da su im \u017eivoti u opasnosti, [&hellip;]<\/p>\n","protected":false},"author":83,"featured_media":130588,"comment_status":"open","ping_status":"open","sticky":false,"template":"","format":"standard","meta":{"footnotes":""},"categories":[10512],"tags":[10249],"class_list":{"0":"post-130587","1":"post","2":"type-post","3":"status-publish","4":"format-standard","5":"has-post-thumbnail","7":"category-islamski-svijet","8":"tag-palestina"},"yoast_head":"<!-- This site is optimized with the Yoast SEO Premium plugin v23.1 (Yoast SEO v24.9) - https:\/\/yoast.com\/wordpress\/plugins\/seo\/ -->\n<title>Izraelska vojska ubila palestinskog mladi\u0107a<\/title>\n<meta name=\"robots\" content=\"index, follow, max-snippet:-1, max-image-preview:large, max-video-preview:-1\" \/>\n<link rel=\"canonical\" href=\"https:\/\/sandzakpress.net\/arhiva\/izraelska-vojska-ubila-palestinskog-mladica\/\" \/>\n<meta property=\"og:locale\" content=\"bs_BA\" \/>\n<meta property=\"og:type\" content=\"article\" \/>\n<meta property=\"og:title\" content=\"Izraelska vojska ubila palestinskog mladi\u0107a\" \/>\n<meta property=\"og:description\" content=\"Svijet &#8211; Izraelska vojska saop\u0161tila je danas da su njeni vojnici otvorili vatru i ubili jednog Palestinca u grupi koja je bacala velike kamenice na njihovo vozilo. Vojnici su se u tom trenutku nalazili u blizini Ramallaha na Zapadnoj obali. Nakon \u0161to je kamen o\u0161tetio vjetrobran vojnici su, strahuju\u0107i da su im \u017eivoti u opasnosti, [&hellip;]\" \/>\n<meta property=\"og:url\" content=\"https:\/\/sandzakpress.net\/arhiva\/izraelska-vojska-ubila-palestinskog-mladica\/\" \/>\n<meta property=\"og:site_name\" content=\"Sand\u017eak PRESS\" \/>\n<meta property=\"article:published_time\" content=\"2015-07-03T09:59:02+00:00\" \/>\n<meta property=\"og:image\" content=\"https:\/\/sandzakpress.net\/arhiva\/wp-content\/uploads\/2015\/07\/izraelska_vojska_1_epa_main_0.jpg\" \/>\n\t<meta property=\"og:image:width\" content=\"900\" \/>\n\t<meta property=\"og:image:height\" content=\"601\" \/>\n\t<meta property=\"og:image:type\" content=\"image\/jpeg\" \/>\n<meta name=\"author\" content=\"bosniak\" \/>\n<meta name=\"twitter:card\" content=\"summary_large_image\" \/>\n<meta name=\"twitter:label1\" content=\"Written by\" \/>\n\t<meta name=\"twitter:data1\" content=\"bosniak\" \/>\n\t<meta name=\"twitter:label2\" content=\"Est. reading time\" \/>\n\t<meta name=\"twitter:data2\" content=\"1 minuta\" \/>\n<script type=\"application\/ld+json\" class=\"yoast-schema-graph\">{\"@context\":\"https:\/\/schema.org\",\"@graph\":[{\"@type\":\"Article\",\"@id\":\"https:\/\/sandzakpress.net\/arhiva\/izraelska-vojska-ubila-palestinskog-mladica\/#article\",\"isPartOf\":{\"@id\":\"https:\/\/sandzakpress.net\/arhiva\/izraelska-vojska-ubila-palestinskog-mladica\/\"},\"author\":{\"name\":\"bosniak\",\"@id\":\"https:\/\/sandzakpress.net\/arhiva\/#\/schema\/person\/c8baee722073534b583ea7bdb2e36c02\"},\"headline\":\"Izraelska vojska ubila palestinskog mladi\u0107a\",\"datePublished\":\"2015-07-03T09:59:02+00:00\",\"mainEntityOfPage\":{\"@id\":\"https:\/\/sandzakpress.net\/arhiva\/izraelska-vojska-ubila-palestinskog-mladica\/\"},\"wordCount\":243,\"commentCount\":0,\"publisher\":{\"@id\":\"https:\/\/sandzakpress.net\/arhiva\/#\/schema\/person\/6e72b67d6e51910a1117b3b483ba20bd\"},\"image\":{\"@id\":\"https:\/\/sandzakpress.net\/arhiva\/izraelska-vojska-ubila-palestinskog-mladica\/#primaryimage\"},\"thumbnailUrl\":\"https:\/\/sandzakpress.net\/arhiva\/wp-content\/uploads\/2015\/07\/izraelska_vojska_1_epa_main_0.jpg\",\"keywords\":[\"Palestina\"],\"articleSection\":[\"Islamski svijet\"],\"inLanguage\":\"bs-BA\",\"potentialAction\":[{\"@type\":\"CommentAction\",\"name\":\"Comment\",\"target\":[\"https:\/\/sandzakpress.net\/arhiva\/izraelska-vojska-ubila-palestinskog-mladica\/#respond\"]}]},{\"@type\":\"WebPage\",\"@id\":\"https:\/\/sandzakpress.net\/arhiva\/izraelska-vojska-ubila-palestinskog-mladica\/\",\"url\":\"https:\/\/sandzakpress.net\/arhiva\/izraelska-vojska-ubila-palestinskog-mladica\/\",\"name\":\"Izraelska vojska ubila palestinskog mladi\u0107a\",\"isPartOf\":{\"@id\":\"https:\/\/sandzakpress.net\/arhiva\/#website\"},\"primaryImageOfPage\":{\"@id\":\"https:\/\/sandzakpress.net\/arhiva\/izraelska-vojska-ubila-palestinskog-mladica\/#primaryimage\"},\"image\":{\"@id\":\"https:\/\/sandzakpress.net\/arhiva\/izraelska-vojska-ubila-palestinskog-mladica\/#primaryimage\"},\"thumbnailUrl\":\"https:\/\/sandzakpress.net\/arhiva\/wp-content\/uploads\/2015\/07\/izraelska_vojska_1_epa_main_0.jpg\",\"datePublished\":\"2015-07-03T09:59:02+00:00\",\"breadcrumb\":{\"@id\":\"https:\/\/sandzakpress.net\/arhiva\/izraelska-vojska-ubila-palestinskog-mladica\/#breadcrumb\"},\"inLanguage\":\"bs-BA\",\"potentialAction\":[{\"@type\":\"ReadAction\",\"target\":[\"https:\/\/sandzakpress.net\/arhiva\/izraelska-vojska-ubila-palestinskog-mladica\/\"]}]},{\"@type\":\"ImageObject\",\"inLanguage\":\"bs-BA\",\"@id\":\"https:\/\/sandzakpress.net\/arhiva\/izraelska-vojska-ubila-palestinskog-mladica\/#primaryimage\",\"url\":\"https:\/\/sandzakpress.net\/arhiva\/wp-content\/uploads\/2015\/07\/izraelska_vojska_1_epa_main_0.jpg\",\"contentUrl\":\"https:\/\/sandzakpress.net\/arhiva\/wp-content\/uploads\/2015\/07\/izraelska_vojska_1_epa_main_0.jpg\",\"width\":900,\"height\":601},{\"@type\":\"BreadcrumbList\",\"@id\":\"https:\/\/sandzakpress.net\/arhiva\/izraelska-vojska-ubila-palestinskog-mladica\/#breadcrumb\",\"itemListElement\":[{\"@type\":\"ListItem\",\"position\":1,\"name\":\"Home\",\"item\":\"https:\/\/sandzakpress.net\/arhiva\/\"},{\"@type\":\"ListItem\",\"position\":2,\"name\":\"Izraelska vojska ubila palestinskog mladi\u0107a\"}]},{\"@type\":\"WebSite\",\"@id\":\"https:\/\/sandzakpress.net\/arhiva\/#website\",\"url\":\"https:\/\/sandzakpress.net\/arhiva\/\",\"name\":\"Sand\u017eak PRESS\",\"description\":\"Prve elektronske novine u Sand\u017eaku\",\"publisher\":{\"@id\":\"https:\/\/sandzakpress.net\/arhiva\/#\/schema\/person\/6e72b67d6e51910a1117b3b483ba20bd\"},\"potentialAction\":[{\"@type\":\"SearchAction\",\"target\":{\"@type\":\"EntryPoint\",\"urlTemplate\":\"https:\/\/sandzakpress.net\/arhiva\/?s={search_term_string}\"},\"query-input\":{\"@type\":\"PropertyValueSpecification\",\"valueRequired\":true,\"valueName\":\"search_term_string\"}}],\"inLanguage\":\"bs-BA\"},{\"@type\":[\"Person\",\"Organization\"],\"@id\":\"https:\/\/sandzakpress.net\/arhiva\/#\/schema\/person\/6e72b67d6e51910a1117b3b483ba20bd\",\"name\":\"Kul\",\"image\":{\"@type\":\"ImageObject\",\"inLanguage\":\"bs-BA\",\"@id\":\"https:\/\/sandzakpress.net\/arhiva\/#\/schema\/person\/image\/\",\"url\":\"https:\/\/secure.gravatar.com\/avatar\/42263f39aa27ac04c43cab85c280eb2e?s=96&d=mm&r=pg\",\"contentUrl\":\"https:\/\/secure.gravatar.com\/avatar\/42263f39aa27ac04c43cab85c280eb2e?s=96&d=mm&r=pg\",\"caption\":\"Kul\"},\"logo\":{\"@id\":\"https:\/\/sandzakpress.net\/arhiva\/#\/schema\/person\/image\/\"}},{\"@type\":\"Person\",\"@id\":\"https:\/\/sandzakpress.net\/arhiva\/#\/schema\/person\/c8baee722073534b583ea7bdb2e36c02\",\"name\":\"bosniak\",\"image\":{\"@type\":\"ImageObject\",\"inLanguage\":\"bs-BA\",\"@id\":\"https:\/\/sandzakpress.net\/arhiva\/#\/schema\/person\/image\/\",\"url\":\"https:\/\/secure.gravatar.com\/avatar\/a04fd330bfe3a36a72a0ad4a6d89fca7?s=96&d=mm&r=pg\",\"contentUrl\":\"https:\/\/secure.gravatar.com\/avatar\/a04fd330bfe3a36a72a0ad4a6d89fca7?s=96&d=mm&r=pg\",\"caption\":\"bosniak\"},\"url\":\"https:\/\/sandzakpress.net\/arhiva\/author\/bosniak\/\"}]}<\/script>\n<!-- \/ Yoast SEO Premium plugin. -->","yoast_head_json":{"title":"Izraelska vojska ubila palestinskog mladi\u0107a","robots":{"index":"index","follow":"follow","max-snippet":"max-snippet:-1","max-image-preview":"max-image-preview:large","max-video-preview":"max-video-preview:-1"},"canonical":"https:\/\/sandzakpress.net\/arhiva\/izraelska-vojska-ubila-palestinskog-mladica\/","og_locale":"bs_BA","og_type":"article","og_title":"Izraelska vojska ubila palestinskog mladi\u0107a","og_description":"Svijet &#8211; Izraelska vojska saop\u0161tila je danas da su njeni vojnici otvorili vatru i ubili jednog Palestinca u grupi koja je bacala velike kamenice na njihovo vozilo. Vojnici su se u tom trenutku nalazili u blizini Ramallaha na Zapadnoj obali. Nakon \u0161to je kamen o\u0161tetio vjetrobran vojnici su, strahuju\u0107i da su im \u017eivoti u opasnosti, [&hellip;]","og_url":"https:\/\/sandzakpress.net\/arhiva\/izraelska-vojska-ubila-palestinskog-mladica\/","og_site_name":"Sand\u017eak PRESS","article_published_time":"2015-07-03T09:59:02+00:00","og_image":[{"width":900,"height":601,"url":"https:\/\/sandzakpress.net\/arhiva\/wp-content\/uploads\/2015\/07\/izraelska_vojska_1_epa_main_0.jpg","type":"image\/jpeg"}],"author":"bosniak","twitter_card":"summary_large_image","twitter_misc":{"Written by":"bosniak","Est. reading time":"1 minuta"},"schema":{"@context":"https:\/\/schema.org","@graph":[{"@type":"Article","@id":"https:\/\/sandzakpress.net\/arhiva\/izraelska-vojska-ubila-palestinskog-mladica\/#article","isPartOf":{"@id":"https:\/\/sandzakpress.net\/arhiva\/izraelska-vojska-ubila-palestinskog-mladica\/"},"author":{"name":"bosniak","@id":"https:\/\/sandzakpress.net\/arhiva\/#\/schema\/person\/c8baee722073534b583ea7bdb2e36c02"},"headline":"Izraelska vojska ubila palestinskog mladi\u0107a","datePublished":"2015-07-03T09:59:02+00:00","mainEntityOfPage":{"@id":"https:\/\/sandzakpress.net\/arhiva\/izraelska-vojska-ubila-palestinskog-mladica\/"},"wordCount":243,"commentCount":0,"publisher":{"@id":"https:\/\/sandzakpress.net\/arhiva\/#\/schema\/person\/6e72b67d6e51910a1117b3b483ba20bd"},"image":{"@id":"https:\/\/sandzakpress.net\/arhiva\/izraelska-vojska-ubila-palestinskog-mladica\/#primaryimage"},"thumbnailUrl":"https:\/\/sandzakpress.net\/arhiva\/wp-content\/uploads\/2015\/07\/izraelska_vojska_1_epa_main_0.jpg","keywords":["Palestina"],"articleSection":["Islamski svijet"],"inLanguage":"bs-BA","potentialAction":[{"@type":"CommentAction","name":"Comment","target":["https:\/\/sandzakpress.net\/arhiva\/izraelska-vojska-ubila-palestinskog-mladica\/#respond"]}]},{"@type":"WebPage","@id":"https:\/\/sandzakpress.net\/arhiva\/izraelska-vojska-ubila-palestinskog-mladica\/","url":"https:\/\/sandzakpress.net\/arhiva\/izraelska-vojska-ubila-palestinskog-mladica\/","name":"Izraelska vojska ubila palestinskog mladi\u0107a","isPartOf":{"@id":"https:\/\/sandzakpress.net\/arhiva\/#website"},"primaryImageOfPage":{"@id":"https:\/\/sandzakpress.net\/arhiva\/izraelska-vojska-ubila-palestinskog-mladica\/#primaryimage"},"image":{"@id":"https:\/\/sandzakpress.net\/arhiva\/izraelska-vojska-ubila-palestinskog-mladica\/#primaryimage"},"thumbnailUrl":"https:\/\/sandzakpress.net\/arhiva\/wp-content\/uploads\/2015\/07\/izraelska_vojska_1_epa_main_0.jpg","datePublished":"2015-07-03T09:59:02+00:00","breadcrumb":{"@id":"https:\/\/sandzakpress.net\/arhiva\/izraelska-vojska-ubila-palestinskog-mladica\/#breadcrumb"},"inLanguage":"bs-BA","potentialAction":[{"@type":"ReadAction","target":["https:\/\/sandzakpress.net\/arhiva\/izraelska-vojska-ubila-palestinskog-mladica\/"]}]},{"@type":"ImageObject","inLanguage":"bs-BA","@id":"https:\/\/sandzakpress.net\/arhiva\/izraelska-vojska-ubila-palestinskog-mladica\/#primaryimage","url":"https:\/\/sandzakpress.net\/arhiva\/wp-content\/uploads\/2015\/07\/izraelska_vojska_1_epa_main_0.jpg","contentUrl":"https:\/\/sandzakpress.net\/arhiva\/wp-content\/uploads\/2015\/07\/izraelska_vojska_1_epa_main_0.jpg","width":900,"height":601},{"@type":"BreadcrumbList","@id":"https:\/\/sandzakpress.net\/arhiva\/izraelska-vojska-ubila-palestinskog-mladica\/#breadcrumb","itemListElement":[{"@type":"ListItem","position":1,"name":"Home","item":"https:\/\/sandzakpress.net\/arhiva\/"},{"@type":"ListItem","position":2,"name":"Izraelska vojska ubila palestinskog mladi\u0107a"}]},{"@type":"WebSite","@id":"https:\/\/sandzakpress.net\/arhiva\/#website","url":"https:\/\/sandzakpress.net\/arhiva\/","name":"Sand\u017eak PRESS","description":"Prve elektronske novine u Sand\u017eaku","publisher":{"@id":"https:\/\/sandzakpress.net\/arhiva\/#\/schema\/person\/6e72b67d6e51910a1117b3b483ba20bd"},"potentialAction":[{"@type":"SearchAction","target":{"@type":"EntryPoint","urlTemplate":"https:\/\/sandzakpress.net\/arhiva\/?s={search_term_string}"},"query-input":{"@type":"PropertyValueSpecification","valueRequired":true,"valueName":"search_term_string"}}],"inLanguage":"bs-BA"},{"@type":["Person","Organization"],"@id":"https:\/\/sandzakpress.net\/arhiva\/#\/schema\/person\/6e72b67d6e51910a1117b3b483ba20bd","name":"Kul","image":{"@type":"ImageObject","inLanguage":"bs-BA","@id":"https:\/\/sandzakpress.net\/arhiva\/#\/schema\/person\/image\/","url":"https:\/\/secure.gravatar.com\/avatar\/42263f39aa27ac04c43cab85c280eb2e?s=96&d=mm&r=pg","contentUrl":"https:\/\/secure.gravatar.com\/avatar\/42263f39aa27ac04c43cab85c280eb2e?s=96&d=mm&r=pg","caption":"Kul"},"logo":{"@id":"https:\/\/sandzakpress.net\/arhiva\/#\/schema\/person\/image\/"}},{"@type":"Person","@id":"https:\/\/sandzakpress.net\/arhiva\/#\/schema\/person\/c8baee722073534b583ea7bdb2e36c02","name":"bosniak","image":{"@type":"ImageObject","inLanguage":"bs-BA","@id":"https:\/\/sandzakpress.net\/arhiva\/#\/schema\/person\/image\/","url":"https:\/\/secure.gravatar.com\/avatar\/a04fd330bfe3a36a72a0ad4a6d89fca7?s=96&d=mm&r=pg","contentUrl":"https:\/\/secure.gravatar.com\/avatar\/a04fd330bfe3a36a72a0ad4a6d89fca7?s=96&d=mm&r=pg","caption":"bosniak"},"url":"https:\/\/sandzakpress.net\/arhiva\/author\/bosniak\/"}]}},"_links":{"self":[{"href":"https:\/\/sandzakpress.net\/arhiva\/wp-json\/wp\/v2\/posts\/130587"}],"collection":[{"href":"https:\/\/sandzakpress.net\/arhiva\/wp-json\/wp\/v2\/posts"}],"about":[{"href":"https:\/\/sandzakpress.net\/arhiva\/wp-json\/wp\/v2\/types\/post"}],"author":[{"embeddable":true,"href":"https:\/\/sandzakpress.net\/arhiva\/wp-json\/wp\/v2\/users\/83"}],"replies":[{"embeddable":true,"href":"https:\/\/sandzakpress.net\/arhiva\/wp-json\/wp\/v2\/comments?post=130587"}],"version-history":[{"count":0,"href":"https:\/\/sandzakpress.net\/arhiva\/wp-json\/wp\/v2\/posts\/130587\/revisions"}],"wp:featuredmedia":[{"embeddable":true,"href":"https:\/\/sandzakpress.net\/arhiva\/wp-json\/wp\/v2\/media\/130588"}],"wp:attachment":[{"href":"https:\/\/sandzakpress.net\/arhiva\/wp-json\/wp\/v2\/media?parent=130587"}],"wp:term":[{"taxonomy":"category","embeddable":true,"href":"https:\/\/sandzakpress.net\/arhiva\/wp-json\/wp\/v2\/categories?post=130587"},{"taxonomy":"post_tag","embeddable":true,"href":"https:\/\/sandzakpress.net\/arhiva\/wp-json\/wp\/v2\/tags?post=130587"}],"curies":[{"name":"wp","href":"https:\/\/api.w.org\/{rel}","templated":true}]}}