{"id":13053,"date":"2011-02-21T12:00:25","date_gmt":"2011-02-21T11:00:25","guid":{"rendered":"https:\/\/sandzakpress.net\/arhiva\/?p=13053"},"modified":"2011-02-21T12:02:02","modified_gmt":"2011-02-21T11:02:02","slug":"iranski-brodovi-ce-proci-kroz-sueski-kanal-nakon-12-godina","status":"publish","type":"post","link":"https:\/\/sandzakpress.net\/arhiva\/iranski-brodovi-ce-proci-kroz-sueski-kanal-nakon-12-godina\/","title":{"rendered":"Iranski brodovi \u0107e pro\u0107i kroz Sueski kanal nakon 12 godina"},"content":{"rendered":"<p><strong><a href=\"https:\/\/sandzakpress.net\/arhiva\/wp-content\/uploads\/2011\/02\/Suec_kanal.jpg\"><img loading=\"lazy\" decoding=\"async\" class=\"alignleft size-full wp-image-13056\" src=\"https:\/\/sandzakpress.net\/arhiva\/wp-content\/uploads\/2011\/02\/Suec_kanal.jpg\" alt=\"\" width=\"180\" height=\"220\" \/><\/a>Egipat, Iran &#8211; Dva broda iranske mornarice pro\u0107i \u0107e u ponedjeljak kroz Sueski kanal ka  Mediteranu, prvi put od 1979. godine.     Izraelski ministar vanjskih poslova Avigdor Lieberman izjavio je da plan  Irana da po\u0161alje brodove kroz Sueski kanal ka Siriji predstavlja  &#8220;provokaciju&#8221;. <\/strong><\/p>\n<p>On je rekao i da \u0107e brodovi u nedjelju sti\u0107i u  ju\u017eni dio kanala, odakle \u0107e isploviti u ponedjeljak ujutro, a put  zavr\u0161iti do ve\u010deri.<\/p>\n<p>Iranski pomorski kontingent, po rije\u010dima  ministra Liebermana, ne bi predstavljao ozbiljniju prijetnju Izraelu,  ali bi taj doga\u0111aj predstavljao najbli\u017ei susret vojnih snaga dvaju  arhetipskih neprijatelja koji su zemljopisno udaljeni jedan od drugog.<\/p>\n<p>Izvor  iz egipatske vojske, koja rukovodi zemljom otkad je sa vlasti svrgnut  predsjednik Hosni Mubarak, izjavio je da je vojska te zemlje odobrila  zahtjev Irana da po\u0161alje brodove kroz kanal, prenosi Reuters.<\/p>\n<p>Za  egipatsku prijelaznu vlast iranski je zahtjev predstavljao osjetljivo  pitanje jer je Kairo saveznik Sjedinjenih Dr\u017eava, Egipat ima mirovni  sporazum s Izraelom, a njegovi odnosi s Iranom su od iranske revolucije  1979. bili zategnuti.<\/p>\n<p>Sueskim kanalom nije pro\u0161ao nijedan iranski ratni brod od uspostave Islamske Republike 1979. godine.<\/p>\n<p>Izvor: <strong>IslamBosna.ba<\/strong><\/p>\n","protected":false},"excerpt":{"rendered":"<p>Egipat, Iran &#8211; Dva broda iranske mornarice pro\u0107i \u0107e u ponedjeljak kroz Sueski kanal ka Mediteranu, prvi put od 1979. godine. Izraelski ministar vanjskih poslova Avigdor Lieberman izjavio je da plan Irana da po\u0161alje brodove kroz Sueski kanal ka Siriji predstavlja &#8220;provokaciju&#8221;. On je rekao i da \u0107e brodovi u nedjelju sti\u0107i u ju\u017eni dio [&hellip;]<\/p>\n","protected":false},"author":13,"featured_media":13056,"comment_status":"open","ping_status":"open","sticky":false,"template":"","format":"standard","meta":{"footnotes":""},"categories":[9],"tags":[],"class_list":{"0":"post-13053","1":"post","2":"type-post","3":"status-publish","4":"format-standard","5":"has-post-thumbnail","7":"category-svijet"},"yoast_head":"<!-- This site is optimized with the Yoast SEO Premium plugin v23.1 (Yoast SEO v24.9) - https:\/\/yoast.com\/wordpress\/plugins\/seo\/ -->\n<title>Iranski brodovi \u0107e pro\u0107i kroz Sueski kanal nakon 12 godina<\/title>\n<meta name=\"robots\" content=\"index, follow, max-snippet:-1, max-image-preview:large, max-video-preview:-1\" \/>\n<link rel=\"canonical\" href=\"https:\/\/sandzakpress.net\/arhiva\/iranski-brodovi-ce-proci-kroz-sueski-kanal-nakon-12-godina\/\" \/>\n<meta property=\"og:locale\" content=\"bs_BA\" \/>\n<meta property=\"og:type\" content=\"article\" \/>\n<meta property=\"og:title\" content=\"Iranski brodovi \u0107e pro\u0107i kroz Sueski kanal nakon 12 godina\" \/>\n<meta property=\"og:description\" content=\"Egipat, Iran &#8211; Dva broda iranske mornarice pro\u0107i \u0107e u ponedjeljak kroz Sueski kanal ka Mediteranu, prvi put od 1979. godine. Izraelski ministar vanjskih poslova Avigdor Lieberman izjavio je da plan Irana da po\u0161alje brodove kroz Sueski kanal ka Siriji predstavlja &#8220;provokaciju&#8221;. On je rekao i da \u0107e brodovi u nedjelju sti\u0107i u ju\u017eni dio [&hellip;]\" \/>\n<meta property=\"og:url\" content=\"https:\/\/sandzakpress.net\/arhiva\/iranski-brodovi-ce-proci-kroz-sueski-kanal-nakon-12-godina\/\" \/>\n<meta property=\"og:site_name\" content=\"Sand\u017eak PRESS\" \/>\n<meta property=\"article:published_time\" content=\"2011-02-21T11:00:25+00:00\" \/>\n<meta property=\"article:modified_time\" content=\"2011-02-21T11:02:02+00:00\" \/>\n<meta property=\"og:image\" content=\"https:\/\/sandzakpress.net\/arhiva\/wp-content\/uploads\/2011\/02\/Suec_kanal.jpg\" \/>\n\t<meta property=\"og:image:width\" content=\"180\" \/>\n\t<meta property=\"og:image:height\" content=\"220\" \/>\n\t<meta property=\"og:image:type\" content=\"image\/jpeg\" \/>\n<meta name=\"twitter:card\" content=\"summary_large_image\" \/>\n<meta name=\"twitter:label1\" content=\"Written by\" \/>\n\t<meta name=\"twitter:data1\" content=\"\" \/>\n\t<meta name=\"twitter:label2\" content=\"Est. reading time\" \/>\n\t<meta name=\"twitter:data2\" content=\"1 minuta\" \/>\n<script type=\"application\/ld+json\" class=\"yoast-schema-graph\">{\"@context\":\"https:\/\/schema.org\",\"@graph\":[{\"@type\":\"Article\",\"@id\":\"https:\/\/sandzakpress.net\/arhiva\/iranski-brodovi-ce-proci-kroz-sueski-kanal-nakon-12-godina\/#article\",\"isPartOf\":{\"@id\":\"https:\/\/sandzakpress.net\/arhiva\/iranski-brodovi-ce-proci-kroz-sueski-kanal-nakon-12-godina\/\"},\"author\":{\"name\":\"\",\"@id\":\"\"},\"headline\":\"Iranski brodovi \u0107e pro\u0107i kroz Sueski kanal nakon 12 godina\",\"datePublished\":\"2011-02-21T11:00:25+00:00\",\"dateModified\":\"2011-02-21T11:02:02+00:00\",\"mainEntityOfPage\":{\"@id\":\"https:\/\/sandzakpress.net\/arhiva\/iranski-brodovi-ce-proci-kroz-sueski-kanal-nakon-12-godina\/\"},\"wordCount\":201,\"commentCount\":0,\"publisher\":{\"@id\":\"https:\/\/sandzakpress.net\/arhiva\/#\/schema\/person\/6e72b67d6e51910a1117b3b483ba20bd\"},\"image\":{\"@id\":\"https:\/\/sandzakpress.net\/arhiva\/iranski-brodovi-ce-proci-kroz-sueski-kanal-nakon-12-godina\/#primaryimage\"},\"thumbnailUrl\":\"https:\/\/sandzakpress.net\/arhiva\/wp-content\/uploads\/2011\/02\/Suec_kanal.jpg\",\"articleSection\":[\"Svijet\"],\"inLanguage\":\"bs-BA\",\"potentialAction\":[{\"@type\":\"CommentAction\",\"name\":\"Comment\",\"target\":[\"https:\/\/sandzakpress.net\/arhiva\/iranski-brodovi-ce-proci-kroz-sueski-kanal-nakon-12-godina\/#respond\"]}]},{\"@type\":\"WebPage\",\"@id\":\"https:\/\/sandzakpress.net\/arhiva\/iranski-brodovi-ce-proci-kroz-sueski-kanal-nakon-12-godina\/\",\"url\":\"https:\/\/sandzakpress.net\/arhiva\/iranski-brodovi-ce-proci-kroz-sueski-kanal-nakon-12-godina\/\",\"name\":\"Iranski brodovi \u0107e pro\u0107i kroz Sueski kanal nakon 12 godina\",\"isPartOf\":{\"@id\":\"https:\/\/sandzakpress.net\/arhiva\/#website\"},\"primaryImageOfPage\":{\"@id\":\"https:\/\/sandzakpress.net\/arhiva\/iranski-brodovi-ce-proci-kroz-sueski-kanal-nakon-12-godina\/#primaryimage\"},\"image\":{\"@id\":\"https:\/\/sandzakpress.net\/arhiva\/iranski-brodovi-ce-proci-kroz-sueski-kanal-nakon-12-godina\/#primaryimage\"},\"thumbnailUrl\":\"https:\/\/sandzakpress.net\/arhiva\/wp-content\/uploads\/2011\/02\/Suec_kanal.jpg\",\"datePublished\":\"2011-02-21T11:00:25+00:00\",\"dateModified\":\"2011-02-21T11:02:02+00:00\",\"breadcrumb\":{\"@id\":\"https:\/\/sandzakpress.net\/arhiva\/iranski-brodovi-ce-proci-kroz-sueski-kanal-nakon-12-godina\/#breadcrumb\"},\"inLanguage\":\"bs-BA\",\"potentialAction\":[{\"@type\":\"ReadAction\",\"target\":[\"https:\/\/sandzakpress.net\/arhiva\/iranski-brodovi-ce-proci-kroz-sueski-kanal-nakon-12-godina\/\"]}]},{\"@type\":\"ImageObject\",\"inLanguage\":\"bs-BA\",\"@id\":\"https:\/\/sandzakpress.net\/arhiva\/iranski-brodovi-ce-proci-kroz-sueski-kanal-nakon-12-godina\/#primaryimage\",\"url\":\"https:\/\/sandzakpress.net\/arhiva\/wp-content\/uploads\/2011\/02\/Suec_kanal.jpg\",\"contentUrl\":\"https:\/\/sandzakpress.net\/arhiva\/wp-content\/uploads\/2011\/02\/Suec_kanal.jpg\",\"width\":180,\"height\":220},{\"@type\":\"BreadcrumbList\",\"@id\":\"https:\/\/sandzakpress.net\/arhiva\/iranski-brodovi-ce-proci-kroz-sueski-kanal-nakon-12-godina\/#breadcrumb\",\"itemListElement\":[{\"@type\":\"ListItem\",\"position\":1,\"name\":\"Home\",\"item\":\"https:\/\/sandzakpress.net\/arhiva\/\"},{\"@type\":\"ListItem\",\"position\":2,\"name\":\"Iranski brodovi \u0107e pro\u0107i kroz Sueski kanal nakon 12 godina\"}]},{\"@type\":\"WebSite\",\"@id\":\"https:\/\/sandzakpress.net\/arhiva\/#website\",\"url\":\"https:\/\/sandzakpress.net\/arhiva\/\",\"name\":\"Sand\u017eak PRESS\",\"description\":\"Prve elektronske novine u Sand\u017eaku\",\"publisher\":{\"@id\":\"https:\/\/sandzakpress.net\/arhiva\/#\/schema\/person\/6e72b67d6e51910a1117b3b483ba20bd\"},\"potentialAction\":[{\"@type\":\"SearchAction\",\"target\":{\"@type\":\"EntryPoint\",\"urlTemplate\":\"https:\/\/sandzakpress.net\/arhiva\/?s={search_term_string}\"},\"query-input\":{\"@type\":\"PropertyValueSpecification\",\"valueRequired\":true,\"valueName\":\"search_term_string\"}}],\"inLanguage\":\"bs-BA\"},{\"@type\":[\"Person\",\"Organization\"],\"@id\":\"https:\/\/sandzakpress.net\/arhiva\/#\/schema\/person\/6e72b67d6e51910a1117b3b483ba20bd\",\"name\":\"Kul\",\"image\":{\"@type\":\"ImageObject\",\"inLanguage\":\"bs-BA\",\"@id\":\"https:\/\/sandzakpress.net\/arhiva\/#\/schema\/person\/image\/\",\"url\":\"https:\/\/secure.gravatar.com\/avatar\/42263f39aa27ac04c43cab85c280eb2e?s=96&d=mm&r=pg\",\"contentUrl\":\"https:\/\/secure.gravatar.com\/avatar\/42263f39aa27ac04c43cab85c280eb2e?s=96&d=mm&r=pg\",\"caption\":\"Kul\"},\"logo\":{\"@id\":\"https:\/\/sandzakpress.net\/arhiva\/#\/schema\/person\/image\/\"}},{\"@type\":\"Person\",\"@id\":\"\",\"url\":\"https:\/\/sandzakpress.net\/arhiva\/author\/\"}]}<\/script>\n<!-- \/ Yoast SEO Premium plugin. -->","yoast_head_json":{"title":"Iranski brodovi \u0107e pro\u0107i kroz Sueski kanal nakon 12 godina","robots":{"index":"index","follow":"follow","max-snippet":"max-snippet:-1","max-image-preview":"max-image-preview:large","max-video-preview":"max-video-preview:-1"},"canonical":"https:\/\/sandzakpress.net\/arhiva\/iranski-brodovi-ce-proci-kroz-sueski-kanal-nakon-12-godina\/","og_locale":"bs_BA","og_type":"article","og_title":"Iranski brodovi \u0107e pro\u0107i kroz Sueski kanal nakon 12 godina","og_description":"Egipat, Iran &#8211; Dva broda iranske mornarice pro\u0107i \u0107e u ponedjeljak kroz Sueski kanal ka Mediteranu, prvi put od 1979. godine. Izraelski ministar vanjskih poslova Avigdor Lieberman izjavio je da plan Irana da po\u0161alje brodove kroz Sueski kanal ka Siriji predstavlja &#8220;provokaciju&#8221;. On je rekao i da \u0107e brodovi u nedjelju sti\u0107i u ju\u017eni dio [&hellip;]","og_url":"https:\/\/sandzakpress.net\/arhiva\/iranski-brodovi-ce-proci-kroz-sueski-kanal-nakon-12-godina\/","og_site_name":"Sand\u017eak PRESS","article_published_time":"2011-02-21T11:00:25+00:00","article_modified_time":"2011-02-21T11:02:02+00:00","og_image":[{"width":180,"height":220,"url":"https:\/\/sandzakpress.net\/arhiva\/wp-content\/uploads\/2011\/02\/Suec_kanal.jpg","type":"image\/jpeg"}],"twitter_card":"summary_large_image","twitter_misc":{"Written by":"","Est. reading time":"1 minuta"},"schema":{"@context":"https:\/\/schema.org","@graph":[{"@type":"Article","@id":"https:\/\/sandzakpress.net\/arhiva\/iranski-brodovi-ce-proci-kroz-sueski-kanal-nakon-12-godina\/#article","isPartOf":{"@id":"https:\/\/sandzakpress.net\/arhiva\/iranski-brodovi-ce-proci-kroz-sueski-kanal-nakon-12-godina\/"},"author":{"name":"","@id":""},"headline":"Iranski brodovi \u0107e pro\u0107i kroz Sueski kanal nakon 12 godina","datePublished":"2011-02-21T11:00:25+00:00","dateModified":"2011-02-21T11:02:02+00:00","mainEntityOfPage":{"@id":"https:\/\/sandzakpress.net\/arhiva\/iranski-brodovi-ce-proci-kroz-sueski-kanal-nakon-12-godina\/"},"wordCount":201,"commentCount":0,"publisher":{"@id":"https:\/\/sandzakpress.net\/arhiva\/#\/schema\/person\/6e72b67d6e51910a1117b3b483ba20bd"},"image":{"@id":"https:\/\/sandzakpress.net\/arhiva\/iranski-brodovi-ce-proci-kroz-sueski-kanal-nakon-12-godina\/#primaryimage"},"thumbnailUrl":"https:\/\/sandzakpress.net\/arhiva\/wp-content\/uploads\/2011\/02\/Suec_kanal.jpg","articleSection":["Svijet"],"inLanguage":"bs-BA","potentialAction":[{"@type":"CommentAction","name":"Comment","target":["https:\/\/sandzakpress.net\/arhiva\/iranski-brodovi-ce-proci-kroz-sueski-kanal-nakon-12-godina\/#respond"]}]},{"@type":"WebPage","@id":"https:\/\/sandzakpress.net\/arhiva\/iranski-brodovi-ce-proci-kroz-sueski-kanal-nakon-12-godina\/","url":"https:\/\/sandzakpress.net\/arhiva\/iranski-brodovi-ce-proci-kroz-sueski-kanal-nakon-12-godina\/","name":"Iranski brodovi \u0107e pro\u0107i kroz Sueski kanal nakon 12 godina","isPartOf":{"@id":"https:\/\/sandzakpress.net\/arhiva\/#website"},"primaryImageOfPage":{"@id":"https:\/\/sandzakpress.net\/arhiva\/iranski-brodovi-ce-proci-kroz-sueski-kanal-nakon-12-godina\/#primaryimage"},"image":{"@id":"https:\/\/sandzakpress.net\/arhiva\/iranski-brodovi-ce-proci-kroz-sueski-kanal-nakon-12-godina\/#primaryimage"},"thumbnailUrl":"https:\/\/sandzakpress.net\/arhiva\/wp-content\/uploads\/2011\/02\/Suec_kanal.jpg","datePublished":"2011-02-21T11:00:25+00:00","dateModified":"2011-02-21T11:02:02+00:00","breadcrumb":{"@id":"https:\/\/sandzakpress.net\/arhiva\/iranski-brodovi-ce-proci-kroz-sueski-kanal-nakon-12-godina\/#breadcrumb"},"inLanguage":"bs-BA","potentialAction":[{"@type":"ReadAction","target":["https:\/\/sandzakpress.net\/arhiva\/iranski-brodovi-ce-proci-kroz-sueski-kanal-nakon-12-godina\/"]}]},{"@type":"ImageObject","inLanguage":"bs-BA","@id":"https:\/\/sandzakpress.net\/arhiva\/iranski-brodovi-ce-proci-kroz-sueski-kanal-nakon-12-godina\/#primaryimage","url":"https:\/\/sandzakpress.net\/arhiva\/wp-content\/uploads\/2011\/02\/Suec_kanal.jpg","contentUrl":"https:\/\/sandzakpress.net\/arhiva\/wp-content\/uploads\/2011\/02\/Suec_kanal.jpg","width":180,"height":220},{"@type":"BreadcrumbList","@id":"https:\/\/sandzakpress.net\/arhiva\/iranski-brodovi-ce-proci-kroz-sueski-kanal-nakon-12-godina\/#breadcrumb","itemListElement":[{"@type":"ListItem","position":1,"name":"Home","item":"https:\/\/sandzakpress.net\/arhiva\/"},{"@type":"ListItem","position":2,"name":"Iranski brodovi \u0107e pro\u0107i kroz Sueski kanal nakon 12 godina"}]},{"@type":"WebSite","@id":"https:\/\/sandzakpress.net\/arhiva\/#website","url":"https:\/\/sandzakpress.net\/arhiva\/","name":"Sand\u017eak PRESS","description":"Prve elektronske novine u Sand\u017eaku","publisher":{"@id":"https:\/\/sandzakpress.net\/arhiva\/#\/schema\/person\/6e72b67d6e51910a1117b3b483ba20bd"},"potentialAction":[{"@type":"SearchAction","target":{"@type":"EntryPoint","urlTemplate":"https:\/\/sandzakpress.net\/arhiva\/?s={search_term_string}"},"query-input":{"@type":"PropertyValueSpecification","valueRequired":true,"valueName":"search_term_string"}}],"inLanguage":"bs-BA"},{"@type":["Person","Organization"],"@id":"https:\/\/sandzakpress.net\/arhiva\/#\/schema\/person\/6e72b67d6e51910a1117b3b483ba20bd","name":"Kul","image":{"@type":"ImageObject","inLanguage":"bs-BA","@id":"https:\/\/sandzakpress.net\/arhiva\/#\/schema\/person\/image\/","url":"https:\/\/secure.gravatar.com\/avatar\/42263f39aa27ac04c43cab85c280eb2e?s=96&d=mm&r=pg","contentUrl":"https:\/\/secure.gravatar.com\/avatar\/42263f39aa27ac04c43cab85c280eb2e?s=96&d=mm&r=pg","caption":"Kul"},"logo":{"@id":"https:\/\/sandzakpress.net\/arhiva\/#\/schema\/person\/image\/"}},{"@type":"Person","@id":"","url":"https:\/\/sandzakpress.net\/arhiva\/author\/"}]}},"_links":{"self":[{"href":"https:\/\/sandzakpress.net\/arhiva\/wp-json\/wp\/v2\/posts\/13053"}],"collection":[{"href":"https:\/\/sandzakpress.net\/arhiva\/wp-json\/wp\/v2\/posts"}],"about":[{"href":"https:\/\/sandzakpress.net\/arhiva\/wp-json\/wp\/v2\/types\/post"}],"author":[{"embeddable":true,"href":"https:\/\/sandzakpress.net\/arhiva\/wp-json\/wp\/v2\/users\/13"}],"replies":[{"embeddable":true,"href":"https:\/\/sandzakpress.net\/arhiva\/wp-json\/wp\/v2\/comments?post=13053"}],"version-history":[{"count":0,"href":"https:\/\/sandzakpress.net\/arhiva\/wp-json\/wp\/v2\/posts\/13053\/revisions"}],"wp:featuredmedia":[{"embeddable":true,"href":"https:\/\/sandzakpress.net\/arhiva\/wp-json\/wp\/v2\/media\/13056"}],"wp:attachment":[{"href":"https:\/\/sandzakpress.net\/arhiva\/wp-json\/wp\/v2\/media?parent=13053"}],"wp:term":[{"taxonomy":"category","embeddable":true,"href":"https:\/\/sandzakpress.net\/arhiva\/wp-json\/wp\/v2\/categories?post=13053"},{"taxonomy":"post_tag","embeddable":true,"href":"https:\/\/sandzakpress.net\/arhiva\/wp-json\/wp\/v2\/tags?post=13053"}],"curies":[{"name":"wp","href":"https:\/\/api.w.org\/{rel}","templated":true}]}}