{"id":130433,"date":"2015-06-30T14:08:17","date_gmt":"2015-06-30T12:08:17","guid":{"rendered":"https:\/\/sandzakpress.net\/arhiva\/?p=130433"},"modified":"2015-06-30T14:08:17","modified_gmt":"2015-06-30T12:08:17","slug":"offenbach-u-subotu-srebrenicki-mars-mira","status":"publish","type":"post","link":"https:\/\/sandzakpress.net\/arhiva\/offenbach-u-subotu-srebrenicki-mars-mira\/","title":{"rendered":"Offenbach: U subotu Srebreni\u010dki mar\u0161 mira"},"content":{"rendered":"<div><img loading=\"lazy\" decoding=\"async\" class=\"aligncenter size-full wp-image-130434\" src=\"https:\/\/sandzakpress.net\/arhiva\/wp-content\/uploads\/2015\/06\/unnamed7.jpg\" alt=\"unnamed\" width=\"521\" height=\"792\" \/>Obavje\u0161avamo Vas da \u201eB\u00fcrgerforum-d\u017eemat Firdeus e.V Offenbach\u201c\u00a0 i ove godine organizira komemoraciju i mar\u0161 mira u \u010dast \u017ertava genocida u Srebrenici. Ovim putem pozivamo medije, sve sugra\u0111ane i sve one koji su u priici da do\u0111u na ovaj veli\u010danstveni skup koji \u0107e se odr\u017eati u subotu, 04.07.2015 sa po\u010detkom u 18:30. (okupljanje u 18:00)<\/div>\n<div>S obzirom da je cilj organizatora masovno okupljanje gra\u0111ana i dostojanstveno obilje\u017eavanje 20 godina od genocida, pozvali smo prominentne goste iz BiH i Njema\u010dke:<\/div>\n<ul>\n<li>Gradona\u010delnik Offenbacha Peter Schneider<\/li>\n<li>Risu-l-ulema emeritus dr Mustafa ef. Ceric<\/li>\n<li>Damir ef. Pa\u0161teli\u0107, glavni imam u Srebrenici<\/li>\n<li>Admir Atovic konzul BiH u Frankfurtu<\/li>\n<li>Prestavnici krovne organizacije muslimana u Njema\u010dkoj \u201e Zentralrat der Muslime in Deutschland\u201c<\/li>\n<li>\u00a0Zehrudi ef. Junuzovi\u0107, imam d\u017eemata Firdeus Offenbach<\/li>\n<li>Prestavnici d\u017eemata , klubova i udru\u017eenja iz regije Hessen<\/li>\n<li>Prestavnici Jevrejske zajednice iz Offenbacha<\/li>\n<li>Prestavnici Crkvenih zajednica u Offenbachu.<\/li>\n<\/ul>\n<div>Bilo bi nam veoma drago da obavjestite va\u0161e \u010ditatelje o ovoj izuzetno va\u017enoj manifestaciji.<\/div>\n<div><\/div>\n<div>Organizacioni Odbor\u00a0\u00a0\u00a0\u00a0\u00a0\u00a0\u00a0\u00a0\u00a0\u00a0\u00a0\u00a0\u00a0\u00a0\u00a0\u00a0\u00a0\u00a0\u00a0\u00a0\u00a0\u00a0\u00a0\u00a0 Odbor d\u017eemata Firdeus e.V Offenbach<\/div>\n<div><\/div>\n<div>(Mapa puta mar\u0161a mira u Offenbachu: START: D\u017eemat\u00a0 Firdeus Offenbach-Waldstr- Bismark str-Kaiserstr- Berliner str-Markt platz-<\/div>\n<div>Centralna komemoracija i skup \u0107e se odr\u017eati na Alice platzu u Offenbachu.)<\/div>\n","protected":false},"excerpt":{"rendered":"<p>Obavje\u0161avamo Vas da \u201eB\u00fcrgerforum-d\u017eemat Firdeus e.V Offenbach\u201c\u00a0 i ove godine organizira komemoraciju i mar\u0161 mira u \u010dast \u017ertava genocida u Srebrenici. Ovim putem pozivamo medije, sve sugra\u0111ane i sve one koji su u priici da do\u0111u na ovaj veli\u010danstveni skup koji \u0107e se odr\u017eati u subotu, 04.07.2015 sa po\u010detkom u 18:30. (okupljanje u 18:00) S [&hellip;]<\/p>\n","protected":false},"author":83,"featured_media":130434,"comment_status":"open","ping_status":"open","sticky":false,"template":"","format":"standard","meta":{"footnotes":""},"categories":[800,9538,798],"tags":[],"class_list":{"0":"post-130433","1":"post","2":"type-post","3":"status-publish","4":"format-standard","5":"has-post-thumbnail","7":"category-nacija","8":"category-njemacka-dijaspora-gradovi-vase-vijesti","9":"category-teme"},"yoast_head":"<!-- This site is optimized with the Yoast SEO Premium plugin v23.1 (Yoast SEO v24.9) - https:\/\/yoast.com\/wordpress\/plugins\/seo\/ -->\n<title>Offenbach: U subotu Srebreni\u010dki mar\u0161 mira<\/title>\n<meta name=\"robots\" content=\"index, follow, max-snippet:-1, max-image-preview:large, max-video-preview:-1\" \/>\n<link rel=\"canonical\" href=\"https:\/\/sandzakpress.net\/arhiva\/offenbach-u-subotu-srebrenicki-mars-mira\/\" \/>\n<meta property=\"og:locale\" content=\"bs_BA\" \/>\n<meta property=\"og:type\" content=\"article\" \/>\n<meta property=\"og:title\" content=\"Offenbach: U subotu Srebreni\u010dki mar\u0161 mira\" \/>\n<meta property=\"og:description\" content=\"Obavje\u0161avamo Vas da \u201eB\u00fcrgerforum-d\u017eemat Firdeus e.V Offenbach\u201c\u00a0 i ove godine organizira komemoraciju i mar\u0161 mira u \u010dast \u017ertava genocida u Srebrenici. Ovim putem pozivamo medije, sve sugra\u0111ane i sve one koji su u priici da do\u0111u na ovaj veli\u010danstveni skup koji \u0107e se odr\u017eati u subotu, 04.07.2015 sa po\u010detkom u 18:30. (okupljanje u 18:00) S [&hellip;]\" \/>\n<meta property=\"og:url\" content=\"https:\/\/sandzakpress.net\/arhiva\/offenbach-u-subotu-srebrenicki-mars-mira\/\" \/>\n<meta property=\"og:site_name\" content=\"Sand\u017eak PRESS\" \/>\n<meta property=\"article:published_time\" content=\"2015-06-30T12:08:17+00:00\" \/>\n<meta property=\"og:image\" content=\"https:\/\/sandzakpress.net\/arhiva\/wp-content\/uploads\/2015\/06\/unnamed7.jpg\" \/>\n\t<meta property=\"og:image:width\" content=\"521\" \/>\n\t<meta property=\"og:image:height\" content=\"792\" \/>\n\t<meta property=\"og:image:type\" content=\"image\/jpeg\" \/>\n<meta name=\"author\" content=\"bosniak\" \/>\n<meta name=\"twitter:card\" content=\"summary_large_image\" \/>\n<meta name=\"twitter:label1\" content=\"Written by\" \/>\n\t<meta name=\"twitter:data1\" content=\"bosniak\" \/>\n\t<meta name=\"twitter:label2\" content=\"Est. reading time\" \/>\n\t<meta name=\"twitter:data2\" content=\"1 minuta\" \/>\n<script type=\"application\/ld+json\" class=\"yoast-schema-graph\">{\"@context\":\"https:\/\/schema.org\",\"@graph\":[{\"@type\":\"Article\",\"@id\":\"https:\/\/sandzakpress.net\/arhiva\/offenbach-u-subotu-srebrenicki-mars-mira\/#article\",\"isPartOf\":{\"@id\":\"https:\/\/sandzakpress.net\/arhiva\/offenbach-u-subotu-srebrenicki-mars-mira\/\"},\"author\":{\"name\":\"bosniak\",\"@id\":\"https:\/\/sandzakpress.net\/arhiva\/#\/schema\/person\/c8baee722073534b583ea7bdb2e36c02\"},\"headline\":\"Offenbach: U subotu Srebreni\u010dki mar\u0161 mira\",\"datePublished\":\"2015-06-30T12:08:17+00:00\",\"mainEntityOfPage\":{\"@id\":\"https:\/\/sandzakpress.net\/arhiva\/offenbach-u-subotu-srebrenicki-mars-mira\/\"},\"wordCount\":213,\"commentCount\":10,\"publisher\":{\"@id\":\"https:\/\/sandzakpress.net\/arhiva\/#\/schema\/person\/6e72b67d6e51910a1117b3b483ba20bd\"},\"image\":{\"@id\":\"https:\/\/sandzakpress.net\/arhiva\/offenbach-u-subotu-srebrenicki-mars-mira\/#primaryimage\"},\"thumbnailUrl\":\"https:\/\/sandzakpress.net\/arhiva\/wp-content\/uploads\/2015\/06\/unnamed7.jpg\",\"articleSection\":[\"Nacija\",\"Njema\u010dka\",\"NAJNOVIJE\"],\"inLanguage\":\"bs-BA\",\"potentialAction\":[{\"@type\":\"CommentAction\",\"name\":\"Comment\",\"target\":[\"https:\/\/sandzakpress.net\/arhiva\/offenbach-u-subotu-srebrenicki-mars-mira\/#respond\"]}]},{\"@type\":\"WebPage\",\"@id\":\"https:\/\/sandzakpress.net\/arhiva\/offenbach-u-subotu-srebrenicki-mars-mira\/\",\"url\":\"https:\/\/sandzakpress.net\/arhiva\/offenbach-u-subotu-srebrenicki-mars-mira\/\",\"name\":\"Offenbach: U subotu Srebreni\u010dki mar\u0161 mira\",\"isPartOf\":{\"@id\":\"https:\/\/sandzakpress.net\/arhiva\/#website\"},\"primaryImageOfPage\":{\"@id\":\"https:\/\/sandzakpress.net\/arhiva\/offenbach-u-subotu-srebrenicki-mars-mira\/#primaryimage\"},\"image\":{\"@id\":\"https:\/\/sandzakpress.net\/arhiva\/offenbach-u-subotu-srebrenicki-mars-mira\/#primaryimage\"},\"thumbnailUrl\":\"https:\/\/sandzakpress.net\/arhiva\/wp-content\/uploads\/2015\/06\/unnamed7.jpg\",\"datePublished\":\"2015-06-30T12:08:17+00:00\",\"breadcrumb\":{\"@id\":\"https:\/\/sandzakpress.net\/arhiva\/offenbach-u-subotu-srebrenicki-mars-mira\/#breadcrumb\"},\"inLanguage\":\"bs-BA\",\"potentialAction\":[{\"@type\":\"ReadAction\",\"target\":[\"https:\/\/sandzakpress.net\/arhiva\/offenbach-u-subotu-srebrenicki-mars-mira\/\"]}]},{\"@type\":\"ImageObject\",\"inLanguage\":\"bs-BA\",\"@id\":\"https:\/\/sandzakpress.net\/arhiva\/offenbach-u-subotu-srebrenicki-mars-mira\/#primaryimage\",\"url\":\"https:\/\/sandzakpress.net\/arhiva\/wp-content\/uploads\/2015\/06\/unnamed7.jpg\",\"contentUrl\":\"https:\/\/sandzakpress.net\/arhiva\/wp-content\/uploads\/2015\/06\/unnamed7.jpg\",\"width\":521,\"height\":792},{\"@type\":\"BreadcrumbList\",\"@id\":\"https:\/\/sandzakpress.net\/arhiva\/offenbach-u-subotu-srebrenicki-mars-mira\/#breadcrumb\",\"itemListElement\":[{\"@type\":\"ListItem\",\"position\":1,\"name\":\"Home\",\"item\":\"https:\/\/sandzakpress.net\/arhiva\/\"},{\"@type\":\"ListItem\",\"position\":2,\"name\":\"Offenbach: U subotu Srebreni\u010dki mar\u0161 mira\"}]},{\"@type\":\"WebSite\",\"@id\":\"https:\/\/sandzakpress.net\/arhiva\/#website\",\"url\":\"https:\/\/sandzakpress.net\/arhiva\/\",\"name\":\"Sand\u017eak PRESS\",\"description\":\"Prve elektronske novine u Sand\u017eaku\",\"publisher\":{\"@id\":\"https:\/\/sandzakpress.net\/arhiva\/#\/schema\/person\/6e72b67d6e51910a1117b3b483ba20bd\"},\"potentialAction\":[{\"@type\":\"SearchAction\",\"target\":{\"@type\":\"EntryPoint\",\"urlTemplate\":\"https:\/\/sandzakpress.net\/arhiva\/?s={search_term_string}\"},\"query-input\":{\"@type\":\"PropertyValueSpecification\",\"valueRequired\":true,\"valueName\":\"search_term_string\"}}],\"inLanguage\":\"bs-BA\"},{\"@type\":[\"Person\",\"Organization\"],\"@id\":\"https:\/\/sandzakpress.net\/arhiva\/#\/schema\/person\/6e72b67d6e51910a1117b3b483ba20bd\",\"name\":\"Kul\",\"image\":{\"@type\":\"ImageObject\",\"inLanguage\":\"bs-BA\",\"@id\":\"https:\/\/sandzakpress.net\/arhiva\/#\/schema\/person\/image\/\",\"url\":\"https:\/\/secure.gravatar.com\/avatar\/42263f39aa27ac04c43cab85c280eb2e?s=96&d=mm&r=pg\",\"contentUrl\":\"https:\/\/secure.gravatar.com\/avatar\/42263f39aa27ac04c43cab85c280eb2e?s=96&d=mm&r=pg\",\"caption\":\"Kul\"},\"logo\":{\"@id\":\"https:\/\/sandzakpress.net\/arhiva\/#\/schema\/person\/image\/\"}},{\"@type\":\"Person\",\"@id\":\"https:\/\/sandzakpress.net\/arhiva\/#\/schema\/person\/c8baee722073534b583ea7bdb2e36c02\",\"name\":\"bosniak\",\"image\":{\"@type\":\"ImageObject\",\"inLanguage\":\"bs-BA\",\"@id\":\"https:\/\/sandzakpress.net\/arhiva\/#\/schema\/person\/image\/\",\"url\":\"https:\/\/secure.gravatar.com\/avatar\/a04fd330bfe3a36a72a0ad4a6d89fca7?s=96&d=mm&r=pg\",\"contentUrl\":\"https:\/\/secure.gravatar.com\/avatar\/a04fd330bfe3a36a72a0ad4a6d89fca7?s=96&d=mm&r=pg\",\"caption\":\"bosniak\"},\"url\":\"https:\/\/sandzakpress.net\/arhiva\/author\/bosniak\/\"}]}<\/script>\n<!-- \/ Yoast SEO Premium plugin. -->","yoast_head_json":{"title":"Offenbach: U subotu Srebreni\u010dki mar\u0161 mira","robots":{"index":"index","follow":"follow","max-snippet":"max-snippet:-1","max-image-preview":"max-image-preview:large","max-video-preview":"max-video-preview:-1"},"canonical":"https:\/\/sandzakpress.net\/arhiva\/offenbach-u-subotu-srebrenicki-mars-mira\/","og_locale":"bs_BA","og_type":"article","og_title":"Offenbach: U subotu Srebreni\u010dki mar\u0161 mira","og_description":"Obavje\u0161avamo Vas da \u201eB\u00fcrgerforum-d\u017eemat Firdeus e.V Offenbach\u201c\u00a0 i ove godine organizira komemoraciju i mar\u0161 mira u \u010dast \u017ertava genocida u Srebrenici. Ovim putem pozivamo medije, sve sugra\u0111ane i sve one koji su u priici da do\u0111u na ovaj veli\u010danstveni skup koji \u0107e se odr\u017eati u subotu, 04.07.2015 sa po\u010detkom u 18:30. (okupljanje u 18:00) S [&hellip;]","og_url":"https:\/\/sandzakpress.net\/arhiva\/offenbach-u-subotu-srebrenicki-mars-mira\/","og_site_name":"Sand\u017eak PRESS","article_published_time":"2015-06-30T12:08:17+00:00","og_image":[{"width":521,"height":792,"url":"https:\/\/sandzakpress.net\/arhiva\/wp-content\/uploads\/2015\/06\/unnamed7.jpg","type":"image\/jpeg"}],"author":"bosniak","twitter_card":"summary_large_image","twitter_misc":{"Written by":"bosniak","Est. reading time":"1 minuta"},"schema":{"@context":"https:\/\/schema.org","@graph":[{"@type":"Article","@id":"https:\/\/sandzakpress.net\/arhiva\/offenbach-u-subotu-srebrenicki-mars-mira\/#article","isPartOf":{"@id":"https:\/\/sandzakpress.net\/arhiva\/offenbach-u-subotu-srebrenicki-mars-mira\/"},"author":{"name":"bosniak","@id":"https:\/\/sandzakpress.net\/arhiva\/#\/schema\/person\/c8baee722073534b583ea7bdb2e36c02"},"headline":"Offenbach: U subotu Srebreni\u010dki mar\u0161 mira","datePublished":"2015-06-30T12:08:17+00:00","mainEntityOfPage":{"@id":"https:\/\/sandzakpress.net\/arhiva\/offenbach-u-subotu-srebrenicki-mars-mira\/"},"wordCount":213,"commentCount":10,"publisher":{"@id":"https:\/\/sandzakpress.net\/arhiva\/#\/schema\/person\/6e72b67d6e51910a1117b3b483ba20bd"},"image":{"@id":"https:\/\/sandzakpress.net\/arhiva\/offenbach-u-subotu-srebrenicki-mars-mira\/#primaryimage"},"thumbnailUrl":"https:\/\/sandzakpress.net\/arhiva\/wp-content\/uploads\/2015\/06\/unnamed7.jpg","articleSection":["Nacija","Njema\u010dka","NAJNOVIJE"],"inLanguage":"bs-BA","potentialAction":[{"@type":"CommentAction","name":"Comment","target":["https:\/\/sandzakpress.net\/arhiva\/offenbach-u-subotu-srebrenicki-mars-mira\/#respond"]}]},{"@type":"WebPage","@id":"https:\/\/sandzakpress.net\/arhiva\/offenbach-u-subotu-srebrenicki-mars-mira\/","url":"https:\/\/sandzakpress.net\/arhiva\/offenbach-u-subotu-srebrenicki-mars-mira\/","name":"Offenbach: U subotu Srebreni\u010dki mar\u0161 mira","isPartOf":{"@id":"https:\/\/sandzakpress.net\/arhiva\/#website"},"primaryImageOfPage":{"@id":"https:\/\/sandzakpress.net\/arhiva\/offenbach-u-subotu-srebrenicki-mars-mira\/#primaryimage"},"image":{"@id":"https:\/\/sandzakpress.net\/arhiva\/offenbach-u-subotu-srebrenicki-mars-mira\/#primaryimage"},"thumbnailUrl":"https:\/\/sandzakpress.net\/arhiva\/wp-content\/uploads\/2015\/06\/unnamed7.jpg","datePublished":"2015-06-30T12:08:17+00:00","breadcrumb":{"@id":"https:\/\/sandzakpress.net\/arhiva\/offenbach-u-subotu-srebrenicki-mars-mira\/#breadcrumb"},"inLanguage":"bs-BA","potentialAction":[{"@type":"ReadAction","target":["https:\/\/sandzakpress.net\/arhiva\/offenbach-u-subotu-srebrenicki-mars-mira\/"]}]},{"@type":"ImageObject","inLanguage":"bs-BA","@id":"https:\/\/sandzakpress.net\/arhiva\/offenbach-u-subotu-srebrenicki-mars-mira\/#primaryimage","url":"https:\/\/sandzakpress.net\/arhiva\/wp-content\/uploads\/2015\/06\/unnamed7.jpg","contentUrl":"https:\/\/sandzakpress.net\/arhiva\/wp-content\/uploads\/2015\/06\/unnamed7.jpg","width":521,"height":792},{"@type":"BreadcrumbList","@id":"https:\/\/sandzakpress.net\/arhiva\/offenbach-u-subotu-srebrenicki-mars-mira\/#breadcrumb","itemListElement":[{"@type":"ListItem","position":1,"name":"Home","item":"https:\/\/sandzakpress.net\/arhiva\/"},{"@type":"ListItem","position":2,"name":"Offenbach: U subotu Srebreni\u010dki mar\u0161 mira"}]},{"@type":"WebSite","@id":"https:\/\/sandzakpress.net\/arhiva\/#website","url":"https:\/\/sandzakpress.net\/arhiva\/","name":"Sand\u017eak PRESS","description":"Prve elektronske novine u Sand\u017eaku","publisher":{"@id":"https:\/\/sandzakpress.net\/arhiva\/#\/schema\/person\/6e72b67d6e51910a1117b3b483ba20bd"},"potentialAction":[{"@type":"SearchAction","target":{"@type":"EntryPoint","urlTemplate":"https:\/\/sandzakpress.net\/arhiva\/?s={search_term_string}"},"query-input":{"@type":"PropertyValueSpecification","valueRequired":true,"valueName":"search_term_string"}}],"inLanguage":"bs-BA"},{"@type":["Person","Organization"],"@id":"https:\/\/sandzakpress.net\/arhiva\/#\/schema\/person\/6e72b67d6e51910a1117b3b483ba20bd","name":"Kul","image":{"@type":"ImageObject","inLanguage":"bs-BA","@id":"https:\/\/sandzakpress.net\/arhiva\/#\/schema\/person\/image\/","url":"https:\/\/secure.gravatar.com\/avatar\/42263f39aa27ac04c43cab85c280eb2e?s=96&d=mm&r=pg","contentUrl":"https:\/\/secure.gravatar.com\/avatar\/42263f39aa27ac04c43cab85c280eb2e?s=96&d=mm&r=pg","caption":"Kul"},"logo":{"@id":"https:\/\/sandzakpress.net\/arhiva\/#\/schema\/person\/image\/"}},{"@type":"Person","@id":"https:\/\/sandzakpress.net\/arhiva\/#\/schema\/person\/c8baee722073534b583ea7bdb2e36c02","name":"bosniak","image":{"@type":"ImageObject","inLanguage":"bs-BA","@id":"https:\/\/sandzakpress.net\/arhiva\/#\/schema\/person\/image\/","url":"https:\/\/secure.gravatar.com\/avatar\/a04fd330bfe3a36a72a0ad4a6d89fca7?s=96&d=mm&r=pg","contentUrl":"https:\/\/secure.gravatar.com\/avatar\/a04fd330bfe3a36a72a0ad4a6d89fca7?s=96&d=mm&r=pg","caption":"bosniak"},"url":"https:\/\/sandzakpress.net\/arhiva\/author\/bosniak\/"}]}},"_links":{"self":[{"href":"https:\/\/sandzakpress.net\/arhiva\/wp-json\/wp\/v2\/posts\/130433"}],"collection":[{"href":"https:\/\/sandzakpress.net\/arhiva\/wp-json\/wp\/v2\/posts"}],"about":[{"href":"https:\/\/sandzakpress.net\/arhiva\/wp-json\/wp\/v2\/types\/post"}],"author":[{"embeddable":true,"href":"https:\/\/sandzakpress.net\/arhiva\/wp-json\/wp\/v2\/users\/83"}],"replies":[{"embeddable":true,"href":"https:\/\/sandzakpress.net\/arhiva\/wp-json\/wp\/v2\/comments?post=130433"}],"version-history":[{"count":0,"href":"https:\/\/sandzakpress.net\/arhiva\/wp-json\/wp\/v2\/posts\/130433\/revisions"}],"wp:featuredmedia":[{"embeddable":true,"href":"https:\/\/sandzakpress.net\/arhiva\/wp-json\/wp\/v2\/media\/130434"}],"wp:attachment":[{"href":"https:\/\/sandzakpress.net\/arhiva\/wp-json\/wp\/v2\/media?parent=130433"}],"wp:term":[{"taxonomy":"category","embeddable":true,"href":"https:\/\/sandzakpress.net\/arhiva\/wp-json\/wp\/v2\/categories?post=130433"},{"taxonomy":"post_tag","embeddable":true,"href":"https:\/\/sandzakpress.net\/arhiva\/wp-json\/wp\/v2\/tags?post=130433"}],"curies":[{"name":"wp","href":"https:\/\/api.w.org\/{rel}","templated":true}]}}