{"id":130368,"date":"2015-06-29T15:44:20","date_gmt":"2015-06-29T13:44:20","guid":{"rendered":"https:\/\/sandzakpress.net\/arhiva\/?p=130368"},"modified":"2015-06-29T15:44:20","modified_gmt":"2015-06-29T13:44:20","slug":"ivanic-neka-nikolic-strogocu-trenira-u-srbiji-i-ne-dijeli-srbe","status":"publish","type":"post","link":"https:\/\/sandzakpress.net\/arhiva\/ivanic-neka-nikolic-strogocu-trenira-u-srbiji-i-ne-dijeli-srbe\/","title":{"rendered":"Ivani\u0107: Neka Nikoli\u0107 strogo\u0107u trenira u Srbiji i ne dijeli Srbe"},"content":{"rendered":"<p><img decoding=\"async\" src=\"http:\/\/balkans.aljazeera.net\/sites\/staff.balkans.aljazeera.com\/files\/styles\/aljazeera_article_main_image\/public\/ivanic_mladen-al_main.jpg?itok=6B9XoU1e\" alt=\"BiH, Srebrenica, Republika Srpska\" \/><\/p>\n<p><strong>Balkan &#8211; Mladen Ivani\u0107, predsjedavaju\u0107i Predsjedni\u0161tva Bosne i Hercegovine, uputio je pismo ambasadorima zemalja \u010dlanica Vije\u0107a sigurnosti UN-a u kojem tra\u017ei da rezolucija o Srebrenici, koju je inicirala Velika Britanija, ne bude usvojena.<\/strong><\/p>\n<p>&#8220;Mislim da je ona poslu\u017eila, izme\u0111u ostalog, da se prilike u BiH u potpunosti promjene. Do unazad 15-20 dana imali pozitivnu pri\u010du o evropskom putu, izjavu Predsjedni\u0161tva jednoglasno potvr\u0111enu u Parlamentu, dobili sporazum o stabilizaciji i pribli\u017eavanju, po\u010deli razgovarati o evropskom putu i o reformskim procesima i desilo se nekoliko doga\u0111aja koji su BiH vratili unazad&#8221;, rekao je Ivani\u0107.<\/p>\n<p>Dodao je da bi obilje\u017eavanje 11. jula u Srebrenici trebalo pro\u0107i kao najdostojanstveniji mogu\u0107i \u010din iskazivanja po\u0161tovanja nevinim \u017ertvama.<\/p>\n<p>&#8220;Na\u017ealost, sve \u0161to se doga\u0111a je predstoje\u0107i 11. jul pretvorilo u prvorazredan politi\u010dki doga\u0111aj. Unutar BiH traje konkurencija u prijedlozima razli\u010ditih rezolucija i deklaracija, koje se pregla\u0161avanjem pojedinih naroda prihvataju ili odbijaju, region je podijeljen povodom Rezolucije, kao i sam Savjet bezbjednosti. Retorika u politi\u010dkim nastupima je sve \u017ee\u0161\u0107a, neki se politi\u010dari progla\u0161avaju dobrodo\u0161lim u Srebrenici, drugi ne. \u017delim da vas sve upozorim da je trenutno stanje lo\u0161e i da vas pozovem da shvatite kako dono\u0161enje ovakve rezolucije nije dobro po stabilnost u BiH&#8221;.<\/p>\n<p><strong>Razvijanje saradnje<\/strong><\/p>\n<p>Ivani\u0107 tvrdi da mu nije namjera da uti\u010de ili mijenja bilo \u010diji pogled na karakter doga\u0111aja u Srebrenici te da svako ima vlastitu poziciju i da je on sigurno ne \u017eeli mijenjati.<\/p>\n<p>&#8220;Moja molba je da umjesto o pro\u0161losti mislimo o budu\u0107nosti, umjesto podjela iz rata razvijamo saradnju. Mislim da je umjesto ove rezolucije trebalo iskazati po\u0161tovanje nevinim \u017ertvama Srebrenice, pozvati da se tako ne\u0161to nigdje i nikad ne desi ponovo, pozvati narode BiH da iska\u017eu po\u0161tovanje prema \u017ertvama drugih naroda, jer su i Srbi i Hrvati ubijani ovom ratu i pozvati ih da se zajedno okrenu budu\u0107nosti. Ne razumijem zbog \u010dega nije donesena rezolucija o pozitivnim efektima Dejtonskog sporazuma \u010diju dvadesetogodi\u0161njicu obilje\u017eavamo ove godine i zbog \u010dega snagama van BiH treba toliki naglasak na teme koje nas dijele umjesto na teme koje nas spajaju. Imate veliku odgovornost u narednim danima, pozivam vas da Srebrenica ne bude povod ni va\u0161ih ni na\u0161ih me\u0111usobnih sukoba i molim da na\u0111ete rje\u0161enje za dobrobit svih. Sada\u0161nji oblik rezolucije, rje\u010dnik koji se koristi ne mo\u017ee biti podr\u017ean prije svega od Srba, ali i dijela ostalih naroda, te bi nas dono\u0161enje ove rezolucije dodatno podijelilo. Uvjeren sam da \u0107ete zato odustati od njenog dono\u0161enja&#8221;.<\/p>\n<p>On je, tako\u0111er, rekao da danas niko ne govori o budu\u0107nosti, svi govore o pro\u0161losti.<\/p>\n<p>&#8220;Na\u017ealost, hap\u0161enje Nasera Ori\u0107a i politi\u010dka euforija koja je tim povodom nastala na strani udru\u017eenja \u017ertava Srebrenice, te bo\u0161nja\u010dkih politi\u010dara, podr\u017eana sukobima unutar BiH o rezoluciji, potpuno je preokrenula politi\u010dku situaciju u Bosni i Hercegovini. Dru\u0161tvo je potpuno podijeljeno o predstoje\u0107im doga\u0111ajima. Jedni sna\u017eno podr\u017eavaju rezoluciju, drugi osporavaju, tre\u0107i su indiferenti i evidentno je da postoje negativne posljedice cijele ove pri\u010de. Zato sam odlu\u010dio, s obzirom na to da o tome nema konsenzusa u Predsjedni\u0161tvu, da pismo po\u0161aljem u svoje ime i ono \u0107e danas biti distribuirano generalnom sekretaru i amasadorima svih zemalja \u010dlanica Savjeta bezbjednosti UN-a&#8221;.<\/p>\n<p>Ivani\u0107 je u svom obra\u0107anju, tako\u0111er, komentirao najavu Milorada Dodika o referendumu o Sudu i Tu\u017eila\u0161tvu BiH bosanskohercegova\u010dkog entiteta Republike Srpska.<\/p>\n<p>&#8220;Imam osje\u0107aj da je ovaj put ozbiljan i da \u0107e referenduma biti&#8221;, kazao je Ivani\u0107.<\/p>\n<p>Kometari\u0161u\u0107i sastanak u Beogradu predsjednika RS-a i Srbije Milorada Dodika i Tomislava Nikoli\u0107a, Ivani\u0107 je rekao da ne razumije \u0161ta su Dodik i Nikoli\u0107 htjeli svojom konferencijom za \u0161tampu.<\/p>\n<p>&#8220;Ne razumijem Nikoli\u0107a jer da je \u010ditao diplomatsku po\u0161tu, pa i medije vidio bi da sam se ja odredio o deklaraciji i rezoluciji mnogo prije njega i da sam to rekao javno i na ozbiljnim mjestima kao \u0161to je Savjet Evrope i da nisam \u0107utao i nisam nikome dr\u017eao pridike. Posebno ne razumijem Dodika jer smo imali dogovor da ovo pismo zajedno potpi\u0161emo&#8221;, rekao je Ivani\u0107 i dodao da je evidentno da \u0107e Dodik nastaviti voditi politiku kako on misli, a da \u0107e on raditi svoj posao i \u010duvati interese srpskog naroda kako misli da ih treba \u010duvati.<\/p>\n<p>&#8221;Pozivam Nikoli\u0107a da svoju strogo\u0107u trenira u Srbiji, te da se bolje pripremi i ne dijeli srpski narod zapadno od Drine&#8221;, rekao je Ivani\u0107.<\/p>\n<p>Potvrdio je da ne\u0107e i\u0107i na sastanak koji je Milorad Dodik danas najavio s predstavnicima RS-a u Predstavni\u010dkom i Domu naroda BiH.<\/p>\n<p>Ka\u017ee da Dodik jedno dogovori ujutro, a drugo radi poslijepodne.<\/p>\n<p>London je nedavno predao prijedlog rezolucije za usvajanje u UN-u kojom \u0107e 11. juli biti progla\u0161en za Dan sje\u0107anja na \u017ertve genocida u Srebrenici.<\/p>\n<p>Rije\u010d je o rezoluciji kojom se \u010dlanice Vije\u0107a sigurnosti pozivaju da usvoje stav da su u julu 1995. godine u Srebrenici srpske vojne snage po\u010dinile genocid nad tamo\u0161njim stanovni\u0161tvom.<\/p>\n<p>Iako je Me\u0111unarodni sud za ratne zlo\u010dine po\u010dinjene na prostoru biv\u0161e Jugoslavije (ICTY) prije deceniju proglasio da je u Srebrenici po\u010dinjen genocid, Vije\u0107e sigurnosti to jo\u0161 nije u\u010dinilo.<\/p>\n<p><strong>Termin genocid<\/strong><\/p>\n<p>Nacrt rezolucije je usmjeren na to da se 11. juli prepozna kao Dan sje\u0107anja na po\u010dinjeni genocid u Srebrenici, \u0161to je, kako se navodi u nacrtu rezolucije, nastavak pro\u0161logodi\u0161nje Rezolucije o Ruandi.<\/p>\n<p>Ta bi rezolucija trebala doprinijeti procesu pomirenja u BiH uz poruku da se nikada nikome tako ne\u0161to ne dogodi u za\u0161ti\u0107enoj zoni Ujedinjenih naroda.<\/p>\n<p>Rusija je kao odgovor na britansku rezoluciju u Vije\u0107e sigurnosti UN-a uputila svoju rezoluciju o Bosni i Hercegovini, kao odgovor na onu britansku povodom 20 godina genocida po\u010dinjenog u Srebrenici.<\/p>\n<p>Slu\u017ebena Moskva smatra kako je potreban tekst koji \u0107e doprinijeti saradnji i mirnoj koegzistenciji u cijeloj regiji.<\/p>\n<p>Op\u0107enito, ruski prijedlog rezolucije daje podr\u0161ku Dejtonskom sporazumu te osu\u0111uje sve zlo\u010dine po\u010dinjene tokom svih sukoba u biv\u0161oj Jugoslaviji.<\/p>\n<p>U tekstu je izbjegnut termin genocid te se daje podr\u0161ka cjelovitosti dr\u017eava nastalih raspadom Jugoslavije.<\/p>\n<p>Izvor: Al Jazeera i agencije<\/p>\n","protected":false},"excerpt":{"rendered":"<p>Balkan &#8211; Mladen Ivani\u0107, predsjedavaju\u0107i Predsjedni\u0161tva Bosne i Hercegovine, uputio je pismo ambasadorima zemalja \u010dlanica Vije\u0107a sigurnosti UN-a u kojem tra\u017ei da rezolucija o Srebrenici, koju je inicirala Velika Britanija, ne bude usvojena. &#8220;Mislim da je ona poslu\u017eila, izme\u0111u ostalog, da se prilike u BiH u potpunosti promjene. Do unazad 15-20 dana imali pozitivnu pri\u010du [&hellip;]<\/p>\n","protected":false},"author":83,"featured_media":130369,"comment_status":"open","ping_status":"open","sticky":false,"template":"","format":"standard","meta":{"footnotes":""},"categories":[2860,1,10307,10306],"tags":[],"class_list":{"0":"post-130368","1":"post","2":"type-post","3":"status-publish","4":"format-standard","5":"has-post-thumbnail","7":"category-bosna-i-hercegovina-gradovi","8":"category-politika","9":"category-srbija","10":"category-hrvatska"},"yoast_head":"<!-- This site is optimized with the Yoast SEO Premium plugin v23.1 (Yoast SEO v24.9) - https:\/\/yoast.com\/wordpress\/plugins\/seo\/ -->\n<title>Ivani\u0107: Neka Nikoli\u0107 strogo\u0107u trenira u Srbiji i ne dijeli Srbe<\/title>\n<meta name=\"robots\" content=\"index, follow, max-snippet:-1, max-image-preview:large, max-video-preview:-1\" \/>\n<link rel=\"canonical\" href=\"https:\/\/sandzakpress.net\/arhiva\/ivanic-neka-nikolic-strogocu-trenira-u-srbiji-i-ne-dijeli-srbe\/\" \/>\n<meta property=\"og:locale\" content=\"bs_BA\" \/>\n<meta property=\"og:type\" content=\"article\" \/>\n<meta property=\"og:title\" content=\"Ivani\u0107: Neka Nikoli\u0107 strogo\u0107u trenira u Srbiji i ne dijeli Srbe\" \/>\n<meta property=\"og:description\" content=\"Balkan &#8211; Mladen Ivani\u0107, predsjedavaju\u0107i Predsjedni\u0161tva Bosne i Hercegovine, uputio je pismo ambasadorima zemalja \u010dlanica Vije\u0107a sigurnosti UN-a u kojem tra\u017ei da rezolucija o Srebrenici, koju je inicirala Velika Britanija, ne bude usvojena. &#8220;Mislim da je ona poslu\u017eila, izme\u0111u ostalog, da se prilike u BiH u potpunosti promjene. Do unazad 15-20 dana imali pozitivnu pri\u010du [&hellip;]\" \/>\n<meta property=\"og:url\" content=\"https:\/\/sandzakpress.net\/arhiva\/ivanic-neka-nikolic-strogocu-trenira-u-srbiji-i-ne-dijeli-srbe\/\" \/>\n<meta property=\"og:site_name\" content=\"Sand\u017eak PRESS\" \/>\n<meta property=\"article:published_time\" content=\"2015-06-29T13:44:20+00:00\" \/>\n<meta property=\"og:image\" content=\"https:\/\/sandzakpress.net\/arhiva\/wp-content\/uploads\/2015\/06\/ivanic_mladen-al_main.jpg\" \/>\n\t<meta property=\"og:image:width\" content=\"900\" \/>\n\t<meta property=\"og:image:height\" content=\"602\" \/>\n\t<meta property=\"og:image:type\" content=\"image\/jpeg\" \/>\n<meta name=\"author\" content=\"bosniak\" \/>\n<meta name=\"twitter:card\" content=\"summary_large_image\" \/>\n<meta name=\"twitter:label1\" content=\"Written by\" \/>\n\t<meta name=\"twitter:data1\" content=\"bosniak\" \/>\n\t<meta name=\"twitter:label2\" content=\"Est. reading time\" \/>\n\t<meta name=\"twitter:data2\" content=\"5 minuta\" \/>\n<script type=\"application\/ld+json\" class=\"yoast-schema-graph\">{\"@context\":\"https:\/\/schema.org\",\"@graph\":[{\"@type\":\"Article\",\"@id\":\"https:\/\/sandzakpress.net\/arhiva\/ivanic-neka-nikolic-strogocu-trenira-u-srbiji-i-ne-dijeli-srbe\/#article\",\"isPartOf\":{\"@id\":\"https:\/\/sandzakpress.net\/arhiva\/ivanic-neka-nikolic-strogocu-trenira-u-srbiji-i-ne-dijeli-srbe\/\"},\"author\":{\"name\":\"bosniak\",\"@id\":\"https:\/\/sandzakpress.net\/arhiva\/#\/schema\/person\/c8baee722073534b583ea7bdb2e36c02\"},\"headline\":\"Ivani\u0107: Neka Nikoli\u0107 strogo\u0107u trenira u Srbiji i ne dijeli Srbe\",\"datePublished\":\"2015-06-29T13:44:20+00:00\",\"mainEntityOfPage\":{\"@id\":\"https:\/\/sandzakpress.net\/arhiva\/ivanic-neka-nikolic-strogocu-trenira-u-srbiji-i-ne-dijeli-srbe\/\"},\"wordCount\":1083,\"commentCount\":2,\"publisher\":{\"@id\":\"https:\/\/sandzakpress.net\/arhiva\/#\/schema\/person\/6e72b67d6e51910a1117b3b483ba20bd\"},\"image\":{\"@id\":\"https:\/\/sandzakpress.net\/arhiva\/ivanic-neka-nikolic-strogocu-trenira-u-srbiji-i-ne-dijeli-srbe\/#primaryimage\"},\"thumbnailUrl\":\"https:\/\/sandzakpress.net\/arhiva\/wp-content\/uploads\/2015\/06\/ivanic_mladen-al_main.jpg\",\"articleSection\":[\"Bosna i Hercegovina\",\"Politika\",\"Srbija\",\"Hrvatska\"],\"inLanguage\":\"bs-BA\",\"potentialAction\":[{\"@type\":\"CommentAction\",\"name\":\"Comment\",\"target\":[\"https:\/\/sandzakpress.net\/arhiva\/ivanic-neka-nikolic-strogocu-trenira-u-srbiji-i-ne-dijeli-srbe\/#respond\"]}]},{\"@type\":\"WebPage\",\"@id\":\"https:\/\/sandzakpress.net\/arhiva\/ivanic-neka-nikolic-strogocu-trenira-u-srbiji-i-ne-dijeli-srbe\/\",\"url\":\"https:\/\/sandzakpress.net\/arhiva\/ivanic-neka-nikolic-strogocu-trenira-u-srbiji-i-ne-dijeli-srbe\/\",\"name\":\"Ivani\u0107: Neka Nikoli\u0107 strogo\u0107u trenira u Srbiji i ne dijeli Srbe\",\"isPartOf\":{\"@id\":\"https:\/\/sandzakpress.net\/arhiva\/#website\"},\"primaryImageOfPage\":{\"@id\":\"https:\/\/sandzakpress.net\/arhiva\/ivanic-neka-nikolic-strogocu-trenira-u-srbiji-i-ne-dijeli-srbe\/#primaryimage\"},\"image\":{\"@id\":\"https:\/\/sandzakpress.net\/arhiva\/ivanic-neka-nikolic-strogocu-trenira-u-srbiji-i-ne-dijeli-srbe\/#primaryimage\"},\"thumbnailUrl\":\"https:\/\/sandzakpress.net\/arhiva\/wp-content\/uploads\/2015\/06\/ivanic_mladen-al_main.jpg\",\"datePublished\":\"2015-06-29T13:44:20+00:00\",\"breadcrumb\":{\"@id\":\"https:\/\/sandzakpress.net\/arhiva\/ivanic-neka-nikolic-strogocu-trenira-u-srbiji-i-ne-dijeli-srbe\/#breadcrumb\"},\"inLanguage\":\"bs-BA\",\"potentialAction\":[{\"@type\":\"ReadAction\",\"target\":[\"https:\/\/sandzakpress.net\/arhiva\/ivanic-neka-nikolic-strogocu-trenira-u-srbiji-i-ne-dijeli-srbe\/\"]}]},{\"@type\":\"ImageObject\",\"inLanguage\":\"bs-BA\",\"@id\":\"https:\/\/sandzakpress.net\/arhiva\/ivanic-neka-nikolic-strogocu-trenira-u-srbiji-i-ne-dijeli-srbe\/#primaryimage\",\"url\":\"https:\/\/sandzakpress.net\/arhiva\/wp-content\/uploads\/2015\/06\/ivanic_mladen-al_main.jpg\",\"contentUrl\":\"https:\/\/sandzakpress.net\/arhiva\/wp-content\/uploads\/2015\/06\/ivanic_mladen-al_main.jpg\",\"width\":900,\"height\":602},{\"@type\":\"BreadcrumbList\",\"@id\":\"https:\/\/sandzakpress.net\/arhiva\/ivanic-neka-nikolic-strogocu-trenira-u-srbiji-i-ne-dijeli-srbe\/#breadcrumb\",\"itemListElement\":[{\"@type\":\"ListItem\",\"position\":1,\"name\":\"Home\",\"item\":\"https:\/\/sandzakpress.net\/arhiva\/\"},{\"@type\":\"ListItem\",\"position\":2,\"name\":\"Ivani\u0107: Neka Nikoli\u0107 strogo\u0107u trenira u Srbiji i ne dijeli Srbe\"}]},{\"@type\":\"WebSite\",\"@id\":\"https:\/\/sandzakpress.net\/arhiva\/#website\",\"url\":\"https:\/\/sandzakpress.net\/arhiva\/\",\"name\":\"Sand\u017eak PRESS\",\"description\":\"Prve elektronske novine u Sand\u017eaku\",\"publisher\":{\"@id\":\"https:\/\/sandzakpress.net\/arhiva\/#\/schema\/person\/6e72b67d6e51910a1117b3b483ba20bd\"},\"potentialAction\":[{\"@type\":\"SearchAction\",\"target\":{\"@type\":\"EntryPoint\",\"urlTemplate\":\"https:\/\/sandzakpress.net\/arhiva\/?s={search_term_string}\"},\"query-input\":{\"@type\":\"PropertyValueSpecification\",\"valueRequired\":true,\"valueName\":\"search_term_string\"}}],\"inLanguage\":\"bs-BA\"},{\"@type\":[\"Person\",\"Organization\"],\"@id\":\"https:\/\/sandzakpress.net\/arhiva\/#\/schema\/person\/6e72b67d6e51910a1117b3b483ba20bd\",\"name\":\"Kul\",\"image\":{\"@type\":\"ImageObject\",\"inLanguage\":\"bs-BA\",\"@id\":\"https:\/\/sandzakpress.net\/arhiva\/#\/schema\/person\/image\/\",\"url\":\"https:\/\/secure.gravatar.com\/avatar\/42263f39aa27ac04c43cab85c280eb2e?s=96&d=mm&r=pg\",\"contentUrl\":\"https:\/\/secure.gravatar.com\/avatar\/42263f39aa27ac04c43cab85c280eb2e?s=96&d=mm&r=pg\",\"caption\":\"Kul\"},\"logo\":{\"@id\":\"https:\/\/sandzakpress.net\/arhiva\/#\/schema\/person\/image\/\"}},{\"@type\":\"Person\",\"@id\":\"https:\/\/sandzakpress.net\/arhiva\/#\/schema\/person\/c8baee722073534b583ea7bdb2e36c02\",\"name\":\"bosniak\",\"image\":{\"@type\":\"ImageObject\",\"inLanguage\":\"bs-BA\",\"@id\":\"https:\/\/sandzakpress.net\/arhiva\/#\/schema\/person\/image\/\",\"url\":\"https:\/\/secure.gravatar.com\/avatar\/a04fd330bfe3a36a72a0ad4a6d89fca7?s=96&d=mm&r=pg\",\"contentUrl\":\"https:\/\/secure.gravatar.com\/avatar\/a04fd330bfe3a36a72a0ad4a6d89fca7?s=96&d=mm&r=pg\",\"caption\":\"bosniak\"},\"url\":\"https:\/\/sandzakpress.net\/arhiva\/author\/bosniak\/\"}]}<\/script>\n<!-- \/ Yoast SEO Premium plugin. -->","yoast_head_json":{"title":"Ivani\u0107: Neka Nikoli\u0107 strogo\u0107u trenira u Srbiji i ne dijeli Srbe","robots":{"index":"index","follow":"follow","max-snippet":"max-snippet:-1","max-image-preview":"max-image-preview:large","max-video-preview":"max-video-preview:-1"},"canonical":"https:\/\/sandzakpress.net\/arhiva\/ivanic-neka-nikolic-strogocu-trenira-u-srbiji-i-ne-dijeli-srbe\/","og_locale":"bs_BA","og_type":"article","og_title":"Ivani\u0107: Neka Nikoli\u0107 strogo\u0107u trenira u Srbiji i ne dijeli Srbe","og_description":"Balkan &#8211; Mladen Ivani\u0107, predsjedavaju\u0107i Predsjedni\u0161tva Bosne i Hercegovine, uputio je pismo ambasadorima zemalja \u010dlanica Vije\u0107a sigurnosti UN-a u kojem tra\u017ei da rezolucija o Srebrenici, koju je inicirala Velika Britanija, ne bude usvojena. &#8220;Mislim da je ona poslu\u017eila, izme\u0111u ostalog, da se prilike u BiH u potpunosti promjene. Do unazad 15-20 dana imali pozitivnu pri\u010du [&hellip;]","og_url":"https:\/\/sandzakpress.net\/arhiva\/ivanic-neka-nikolic-strogocu-trenira-u-srbiji-i-ne-dijeli-srbe\/","og_site_name":"Sand\u017eak PRESS","article_published_time":"2015-06-29T13:44:20+00:00","og_image":[{"width":900,"height":602,"url":"https:\/\/sandzakpress.net\/arhiva\/wp-content\/uploads\/2015\/06\/ivanic_mladen-al_main.jpg","type":"image\/jpeg"}],"author":"bosniak","twitter_card":"summary_large_image","twitter_misc":{"Written by":"bosniak","Est. reading time":"5 minuta"},"schema":{"@context":"https:\/\/schema.org","@graph":[{"@type":"Article","@id":"https:\/\/sandzakpress.net\/arhiva\/ivanic-neka-nikolic-strogocu-trenira-u-srbiji-i-ne-dijeli-srbe\/#article","isPartOf":{"@id":"https:\/\/sandzakpress.net\/arhiva\/ivanic-neka-nikolic-strogocu-trenira-u-srbiji-i-ne-dijeli-srbe\/"},"author":{"name":"bosniak","@id":"https:\/\/sandzakpress.net\/arhiva\/#\/schema\/person\/c8baee722073534b583ea7bdb2e36c02"},"headline":"Ivani\u0107: Neka Nikoli\u0107 strogo\u0107u trenira u Srbiji i ne dijeli Srbe","datePublished":"2015-06-29T13:44:20+00:00","mainEntityOfPage":{"@id":"https:\/\/sandzakpress.net\/arhiva\/ivanic-neka-nikolic-strogocu-trenira-u-srbiji-i-ne-dijeli-srbe\/"},"wordCount":1083,"commentCount":2,"publisher":{"@id":"https:\/\/sandzakpress.net\/arhiva\/#\/schema\/person\/6e72b67d6e51910a1117b3b483ba20bd"},"image":{"@id":"https:\/\/sandzakpress.net\/arhiva\/ivanic-neka-nikolic-strogocu-trenira-u-srbiji-i-ne-dijeli-srbe\/#primaryimage"},"thumbnailUrl":"https:\/\/sandzakpress.net\/arhiva\/wp-content\/uploads\/2015\/06\/ivanic_mladen-al_main.jpg","articleSection":["Bosna i Hercegovina","Politika","Srbija","Hrvatska"],"inLanguage":"bs-BA","potentialAction":[{"@type":"CommentAction","name":"Comment","target":["https:\/\/sandzakpress.net\/arhiva\/ivanic-neka-nikolic-strogocu-trenira-u-srbiji-i-ne-dijeli-srbe\/#respond"]}]},{"@type":"WebPage","@id":"https:\/\/sandzakpress.net\/arhiva\/ivanic-neka-nikolic-strogocu-trenira-u-srbiji-i-ne-dijeli-srbe\/","url":"https:\/\/sandzakpress.net\/arhiva\/ivanic-neka-nikolic-strogocu-trenira-u-srbiji-i-ne-dijeli-srbe\/","name":"Ivani\u0107: Neka Nikoli\u0107 strogo\u0107u trenira u Srbiji i ne dijeli Srbe","isPartOf":{"@id":"https:\/\/sandzakpress.net\/arhiva\/#website"},"primaryImageOfPage":{"@id":"https:\/\/sandzakpress.net\/arhiva\/ivanic-neka-nikolic-strogocu-trenira-u-srbiji-i-ne-dijeli-srbe\/#primaryimage"},"image":{"@id":"https:\/\/sandzakpress.net\/arhiva\/ivanic-neka-nikolic-strogocu-trenira-u-srbiji-i-ne-dijeli-srbe\/#primaryimage"},"thumbnailUrl":"https:\/\/sandzakpress.net\/arhiva\/wp-content\/uploads\/2015\/06\/ivanic_mladen-al_main.jpg","datePublished":"2015-06-29T13:44:20+00:00","breadcrumb":{"@id":"https:\/\/sandzakpress.net\/arhiva\/ivanic-neka-nikolic-strogocu-trenira-u-srbiji-i-ne-dijeli-srbe\/#breadcrumb"},"inLanguage":"bs-BA","potentialAction":[{"@type":"ReadAction","target":["https:\/\/sandzakpress.net\/arhiva\/ivanic-neka-nikolic-strogocu-trenira-u-srbiji-i-ne-dijeli-srbe\/"]}]},{"@type":"ImageObject","inLanguage":"bs-BA","@id":"https:\/\/sandzakpress.net\/arhiva\/ivanic-neka-nikolic-strogocu-trenira-u-srbiji-i-ne-dijeli-srbe\/#primaryimage","url":"https:\/\/sandzakpress.net\/arhiva\/wp-content\/uploads\/2015\/06\/ivanic_mladen-al_main.jpg","contentUrl":"https:\/\/sandzakpress.net\/arhiva\/wp-content\/uploads\/2015\/06\/ivanic_mladen-al_main.jpg","width":900,"height":602},{"@type":"BreadcrumbList","@id":"https:\/\/sandzakpress.net\/arhiva\/ivanic-neka-nikolic-strogocu-trenira-u-srbiji-i-ne-dijeli-srbe\/#breadcrumb","itemListElement":[{"@type":"ListItem","position":1,"name":"Home","item":"https:\/\/sandzakpress.net\/arhiva\/"},{"@type":"ListItem","position":2,"name":"Ivani\u0107: Neka Nikoli\u0107 strogo\u0107u trenira u Srbiji i ne dijeli Srbe"}]},{"@type":"WebSite","@id":"https:\/\/sandzakpress.net\/arhiva\/#website","url":"https:\/\/sandzakpress.net\/arhiva\/","name":"Sand\u017eak PRESS","description":"Prve elektronske novine u Sand\u017eaku","publisher":{"@id":"https:\/\/sandzakpress.net\/arhiva\/#\/schema\/person\/6e72b67d6e51910a1117b3b483ba20bd"},"potentialAction":[{"@type":"SearchAction","target":{"@type":"EntryPoint","urlTemplate":"https:\/\/sandzakpress.net\/arhiva\/?s={search_term_string}"},"query-input":{"@type":"PropertyValueSpecification","valueRequired":true,"valueName":"search_term_string"}}],"inLanguage":"bs-BA"},{"@type":["Person","Organization"],"@id":"https:\/\/sandzakpress.net\/arhiva\/#\/schema\/person\/6e72b67d6e51910a1117b3b483ba20bd","name":"Kul","image":{"@type":"ImageObject","inLanguage":"bs-BA","@id":"https:\/\/sandzakpress.net\/arhiva\/#\/schema\/person\/image\/","url":"https:\/\/secure.gravatar.com\/avatar\/42263f39aa27ac04c43cab85c280eb2e?s=96&d=mm&r=pg","contentUrl":"https:\/\/secure.gravatar.com\/avatar\/42263f39aa27ac04c43cab85c280eb2e?s=96&d=mm&r=pg","caption":"Kul"},"logo":{"@id":"https:\/\/sandzakpress.net\/arhiva\/#\/schema\/person\/image\/"}},{"@type":"Person","@id":"https:\/\/sandzakpress.net\/arhiva\/#\/schema\/person\/c8baee722073534b583ea7bdb2e36c02","name":"bosniak","image":{"@type":"ImageObject","inLanguage":"bs-BA","@id":"https:\/\/sandzakpress.net\/arhiva\/#\/schema\/person\/image\/","url":"https:\/\/secure.gravatar.com\/avatar\/a04fd330bfe3a36a72a0ad4a6d89fca7?s=96&d=mm&r=pg","contentUrl":"https:\/\/secure.gravatar.com\/avatar\/a04fd330bfe3a36a72a0ad4a6d89fca7?s=96&d=mm&r=pg","caption":"bosniak"},"url":"https:\/\/sandzakpress.net\/arhiva\/author\/bosniak\/"}]}},"_links":{"self":[{"href":"https:\/\/sandzakpress.net\/arhiva\/wp-json\/wp\/v2\/posts\/130368"}],"collection":[{"href":"https:\/\/sandzakpress.net\/arhiva\/wp-json\/wp\/v2\/posts"}],"about":[{"href":"https:\/\/sandzakpress.net\/arhiva\/wp-json\/wp\/v2\/types\/post"}],"author":[{"embeddable":true,"href":"https:\/\/sandzakpress.net\/arhiva\/wp-json\/wp\/v2\/users\/83"}],"replies":[{"embeddable":true,"href":"https:\/\/sandzakpress.net\/arhiva\/wp-json\/wp\/v2\/comments?post=130368"}],"version-history":[{"count":0,"href":"https:\/\/sandzakpress.net\/arhiva\/wp-json\/wp\/v2\/posts\/130368\/revisions"}],"wp:featuredmedia":[{"embeddable":true,"href":"https:\/\/sandzakpress.net\/arhiva\/wp-json\/wp\/v2\/media\/130369"}],"wp:attachment":[{"href":"https:\/\/sandzakpress.net\/arhiva\/wp-json\/wp\/v2\/media?parent=130368"}],"wp:term":[{"taxonomy":"category","embeddable":true,"href":"https:\/\/sandzakpress.net\/arhiva\/wp-json\/wp\/v2\/categories?post=130368"},{"taxonomy":"post_tag","embeddable":true,"href":"https:\/\/sandzakpress.net\/arhiva\/wp-json\/wp\/v2\/tags?post=130368"}],"curies":[{"name":"wp","href":"https:\/\/api.w.org\/{rel}","templated":true}]}}