{"id":130323,"date":"2015-06-28T19:23:49","date_gmt":"2015-06-28T17:23:49","guid":{"rendered":"https:\/\/sandzakpress.net\/arhiva\/?p=130323"},"modified":"2015-06-28T19:23:49","modified_gmt":"2015-06-28T17:23:49","slug":"ravnogorski-cetnicki-pokret-najveca-paravojna-formacija-u-evropi","status":"publish","type":"post","link":"https:\/\/sandzakpress.net\/arhiva\/ravnogorski-cetnicki-pokret-najveca-paravojna-formacija-u-evropi\/","title":{"rendered":"Ravnogorski \u010detni\u010dki pokret najve\u0107a paravojna formacija u Evropi"},"content":{"rendered":"<p><strong><a href=\"https:\/\/sandzakpress.net\/arhiva\/wp-content\/uploads\/2015\/06\/Ravnogorski-pokret-1.jpg\"><img loading=\"lazy\" decoding=\"async\" class=\" size-full wp-image-130324 aligncenter\" src=\"https:\/\/sandzakpress.net\/arhiva\/wp-content\/uploads\/2015\/06\/Ravnogorski-pokret-1.jpg\" alt=\"Ravnogorski-pokret (1)\" width=\"600\" height=\"600\" srcset=\"https:\/\/sandzakpress.net\/arhiva\/wp-content\/uploads\/2015\/06\/Ravnogorski-pokret-1.jpg 600w, https:\/\/sandzakpress.net\/arhiva\/wp-content\/uploads\/2015\/06\/Ravnogorski-pokret-1-150x150.jpg 150w, https:\/\/sandzakpress.net\/arhiva\/wp-content\/uploads\/2015\/06\/Ravnogorski-pokret-1-90x90.jpg 90w, https:\/\/sandzakpress.net\/arhiva\/wp-content\/uploads\/2015\/06\/Ravnogorski-pokret-1-380x380.jpg 380w, https:\/\/sandzakpress.net\/arhiva\/wp-content\/uploads\/2015\/06\/Ravnogorski-pokret-1-125x125.jpg 125w\" sizes=\"(max-width: 600px) 100vw, 600px\" \/><\/a>BIH- Ravnogorski pokret Republike Srpske nije projekt Vlade Republike Srpske, niti ona stoji iza njega, a Ministarstvo unutra\u0161njih poslova Republike Srpske preduzima sve zakonom predvi\u0111ene mjere i aktivnosti prema tom pokretu, ukoliko do\u0111e do kr\u0161enja neke od zakonom predvi\u0111enih normi.<\/strong><\/p>\n<p>Ovo je pisani odgovor ministra unutra\u0161njih poslova RS-a Radislava Jovi\u010di\u0107a na pitanje poslanika SDP-a BiH u Narodnoj skup\u0161tini RS-a Behzada \u010cirkina ko stoji iza tog pokreta.<\/p>\n<p>\u010cirkin je u pitanju ministru konstatirao da je \u201eRavnogorski pokret Republike Srpske, po odre\u0111enim saznanjima, najve\u0107a paravojna formacija u Evropi. Uniformisana i uvojni\u010dena, a postoje tvrdnje, dobro naoru\u017eana. Ima razvijen komandni sistem i vr\u0161i redovno postrojavanje\u201d.<\/p>\n<p>Jovi\u010di\u0107 je na te tvrdnje pozvao \u010cirkina, ili osobe koje posjeduju navedena saznanja i informacije o tim \u010dinjenicama, da ih ustupe Ministarstvu unutra\u0161njih poslova RS-a, Dr\u017eavnoj agenciji za istrage i za\u0161titu ili nadle\u017enom tu\u017eila\u0161tvu kako bi se po navedenim informacijama moglo blagovremeno i adekvatno postupiti u skladu sa zakonom.<\/p>\n<p>Ministar unutra\u0161njih poslova RS-a je naveo i da je Ravnogorski pokret RS, \u201ekao nevladina organizacija u skladu sa Zakonom o udru\u017eenjima i fondacijama registrovan kod Ministarstva pravde Bosne i Hercegovine, samim tim postoje osniva\u010dki akti i dokumenti koji ure\u0111uju sistem upravljanja i organizovanja\u201d.<\/p>\n<p>\u2013 Ti dokumenti su javni, mogu biti dostupni svakom zainteresovanom gra\u0111aninu\u00a0\u2013 naveo je entitetski ministar unutra\u0161njih poslova.<\/p>\n<p>Na \u010cirkinovo pitanje da li MUPRS-a ima uvid koliko \u010dlanova ima Ravnogorski pokret RS, Jovi\u010di\u0107 je odgovorio da \u201enijedno udru\u017eenje gra\u0111ana nema zakonsku obavezu za posebno vo\u0111enje evidencije o \u010dlanstvu, ve\u0107 je to precizirano internim aktima samog udru\u017eenja\u201d.<\/p>\n<p>Ta\u010dnim brojem pripadnika tog pokreta, naveo je, MUPRS ne raspola\u017ee.<\/p>\n<p>\u2013 Ravnogorski pokret RS-a je kao i svako drugo udru\u017eenje gra\u0111ana predmet interesovanja Ministarstva unutra\u0161njih poslova RS-a kada postoje indicije da je neko od udru\u017eenja prekr\u0161ilo zakon i treba zbog toga da bude odgovorno. U skladu sa navedenim ne raspola\u017eemo ta\u010dno podatkom o broju pripadnika Ravnogorskog pokreta RS-a\u00a0\u2013 odgovorio je Jovi\u010di\u0107.<\/p>\n<p>Dodao je i da \u201e<strong>iza Ravnogorskog pokreta RS-a stoje<\/strong> <strong>organi upravljanja koji su registrovani kod Ministarstva pravde BiH<\/strong>\u201c.<\/p>\n<p>Na \u010cirkinovo pitanje \u201e\u0160ta radi Pantelija \u0110urguz na jednom manifestaciji ovog pokreta?, Jovi\u010di\u0107 mu je odgovorio da \u201ePrisustvo Pantelije \u0106urguza manifestacijama ovog pokreta i bilo koju aktivnost Bora\u010dke organizacije RS (BORS) s navedenim pokretom \u010cirkin mora da pita Panteliju \u0106urguza ili nekoga od ovla\u0161tenih osoba BORS-a\u201d.<\/p>\n<p>Poslanik SDP-a BiH je ministra policije RS-a pitao \u201estoji li BORS iza tog pokreta, kakvu ulogu u Republici Srskoj ima ova paravojna formacija sa svojih, oko 30 000 \u010dlanova? Da li je Ravnogroski pokret RS-a projekt Vlade RS-a, ili, ako nije, za\u0161to MUP RS-a ne poduzima adekvatne postupke\u00a0u suzbijanju ovog pokreta?\u201d<\/p>\n","protected":false},"excerpt":{"rendered":"<p>BIH- Ravnogorski pokret Republike Srpske nije projekt Vlade Republike Srpske, niti ona stoji iza njega, a Ministarstvo unutra\u0161njih poslova Republike Srpske preduzima sve zakonom predvi\u0111ene mjere i aktivnosti prema tom pokretu, ukoliko do\u0111e do kr\u0161enja neke od zakonom predvi\u0111enih normi. Ovo je pisani odgovor ministra unutra\u0161njih poslova RS-a Radislava Jovi\u010di\u0107a na pitanje poslanika SDP-a BiH [&hellip;]<\/p>\n","protected":false},"author":83,"featured_media":130324,"comment_status":"open","ping_status":"open","sticky":false,"template":"","format":"standard","meta":{"footnotes":""},"categories":[800,2860,8957,798,10429],"tags":[],"class_list":{"0":"post-130323","1":"post","2":"type-post","3":"status-publish","4":"format-standard","5":"has-post-thumbnail","7":"category-nacija","8":"category-bosna-i-hercegovina-gradovi","9":"category-vijesti-dana","10":"category-teme","11":"category-vazno"},"yoast_head":"<!-- This site is optimized with the Yoast SEO Premium plugin v23.1 (Yoast SEO v24.9) - https:\/\/yoast.com\/wordpress\/plugins\/seo\/ -->\n<title>Ravnogorski \u010detni\u010dki pokret najve\u0107a paravojna formacija u Evropi<\/title>\n<meta name=\"robots\" content=\"index, follow, max-snippet:-1, max-image-preview:large, max-video-preview:-1\" \/>\n<link rel=\"canonical\" href=\"https:\/\/sandzakpress.net\/arhiva\/ravnogorski-cetnicki-pokret-najveca-paravojna-formacija-u-evropi\/\" \/>\n<meta property=\"og:locale\" content=\"bs_BA\" \/>\n<meta property=\"og:type\" content=\"article\" \/>\n<meta property=\"og:title\" content=\"Ravnogorski \u010detni\u010dki pokret najve\u0107a paravojna formacija u Evropi\" \/>\n<meta property=\"og:description\" content=\"BIH- Ravnogorski pokret Republike Srpske nije projekt Vlade Republike Srpske, niti ona stoji iza njega, a Ministarstvo unutra\u0161njih poslova Republike Srpske preduzima sve zakonom predvi\u0111ene mjere i aktivnosti prema tom pokretu, ukoliko do\u0111e do kr\u0161enja neke od zakonom predvi\u0111enih normi. Ovo je pisani odgovor ministra unutra\u0161njih poslova RS-a Radislava Jovi\u010di\u0107a na pitanje poslanika SDP-a BiH [&hellip;]\" \/>\n<meta property=\"og:url\" content=\"https:\/\/sandzakpress.net\/arhiva\/ravnogorski-cetnicki-pokret-najveca-paravojna-formacija-u-evropi\/\" \/>\n<meta property=\"og:site_name\" content=\"Sand\u017eak PRESS\" \/>\n<meta property=\"article:published_time\" content=\"2015-06-28T17:23:49+00:00\" \/>\n<meta property=\"og:image\" content=\"https:\/\/sandzakpress.net\/arhiva\/wp-content\/uploads\/2015\/06\/Ravnogorski-pokret-1.jpg\" \/>\n\t<meta property=\"og:image:width\" content=\"600\" \/>\n\t<meta property=\"og:image:height\" content=\"600\" \/>\n\t<meta property=\"og:image:type\" content=\"image\/jpeg\" \/>\n<meta name=\"author\" content=\"bosniak\" \/>\n<meta name=\"twitter:card\" content=\"summary_large_image\" \/>\n<meta name=\"twitter:label1\" content=\"Written by\" \/>\n\t<meta name=\"twitter:data1\" content=\"bosniak\" \/>\n\t<meta name=\"twitter:label2\" content=\"Est. reading time\" \/>\n\t<meta name=\"twitter:data2\" content=\"2 minute\" \/>\n<script type=\"application\/ld+json\" class=\"yoast-schema-graph\">{\"@context\":\"https:\/\/schema.org\",\"@graph\":[{\"@type\":\"Article\",\"@id\":\"https:\/\/sandzakpress.net\/arhiva\/ravnogorski-cetnicki-pokret-najveca-paravojna-formacija-u-evropi\/#article\",\"isPartOf\":{\"@id\":\"https:\/\/sandzakpress.net\/arhiva\/ravnogorski-cetnicki-pokret-najveca-paravojna-formacija-u-evropi\/\"},\"author\":{\"name\":\"bosniak\",\"@id\":\"https:\/\/sandzakpress.net\/arhiva\/#\/schema\/person\/c8baee722073534b583ea7bdb2e36c02\"},\"headline\":\"Ravnogorski \u010detni\u010dki pokret najve\u0107a paravojna formacija u Evropi\",\"datePublished\":\"2015-06-28T17:23:49+00:00\",\"mainEntityOfPage\":{\"@id\":\"https:\/\/sandzakpress.net\/arhiva\/ravnogorski-cetnicki-pokret-najveca-paravojna-formacija-u-evropi\/\"},\"wordCount\":478,\"commentCount\":59,\"publisher\":{\"@id\":\"https:\/\/sandzakpress.net\/arhiva\/#\/schema\/person\/6e72b67d6e51910a1117b3b483ba20bd\"},\"image\":{\"@id\":\"https:\/\/sandzakpress.net\/arhiva\/ravnogorski-cetnicki-pokret-najveca-paravojna-formacija-u-evropi\/#primaryimage\"},\"thumbnailUrl\":\"https:\/\/sandzakpress.net\/arhiva\/wp-content\/uploads\/2015\/06\/Ravnogorski-pokret-1.jpg\",\"articleSection\":[\"Nacija\",\"Bosna i Hercegovina\",\"VIJESTI DANA\",\"NAJNOVIJE\",\"VA\u017dNO!\"],\"inLanguage\":\"bs-BA\",\"potentialAction\":[{\"@type\":\"CommentAction\",\"name\":\"Comment\",\"target\":[\"https:\/\/sandzakpress.net\/arhiva\/ravnogorski-cetnicki-pokret-najveca-paravojna-formacija-u-evropi\/#respond\"]}]},{\"@type\":\"WebPage\",\"@id\":\"https:\/\/sandzakpress.net\/arhiva\/ravnogorski-cetnicki-pokret-najveca-paravojna-formacija-u-evropi\/\",\"url\":\"https:\/\/sandzakpress.net\/arhiva\/ravnogorski-cetnicki-pokret-najveca-paravojna-formacija-u-evropi\/\",\"name\":\"Ravnogorski \u010detni\u010dki pokret najve\u0107a paravojna formacija u Evropi\",\"isPartOf\":{\"@id\":\"https:\/\/sandzakpress.net\/arhiva\/#website\"},\"primaryImageOfPage\":{\"@id\":\"https:\/\/sandzakpress.net\/arhiva\/ravnogorski-cetnicki-pokret-najveca-paravojna-formacija-u-evropi\/#primaryimage\"},\"image\":{\"@id\":\"https:\/\/sandzakpress.net\/arhiva\/ravnogorski-cetnicki-pokret-najveca-paravojna-formacija-u-evropi\/#primaryimage\"},\"thumbnailUrl\":\"https:\/\/sandzakpress.net\/arhiva\/wp-content\/uploads\/2015\/06\/Ravnogorski-pokret-1.jpg\",\"datePublished\":\"2015-06-28T17:23:49+00:00\",\"breadcrumb\":{\"@id\":\"https:\/\/sandzakpress.net\/arhiva\/ravnogorski-cetnicki-pokret-najveca-paravojna-formacija-u-evropi\/#breadcrumb\"},\"inLanguage\":\"bs-BA\",\"potentialAction\":[{\"@type\":\"ReadAction\",\"target\":[\"https:\/\/sandzakpress.net\/arhiva\/ravnogorski-cetnicki-pokret-najveca-paravojna-formacija-u-evropi\/\"]}]},{\"@type\":\"ImageObject\",\"inLanguage\":\"bs-BA\",\"@id\":\"https:\/\/sandzakpress.net\/arhiva\/ravnogorski-cetnicki-pokret-najveca-paravojna-formacija-u-evropi\/#primaryimage\",\"url\":\"https:\/\/sandzakpress.net\/arhiva\/wp-content\/uploads\/2015\/06\/Ravnogorski-pokret-1.jpg\",\"contentUrl\":\"https:\/\/sandzakpress.net\/arhiva\/wp-content\/uploads\/2015\/06\/Ravnogorski-pokret-1.jpg\",\"width\":600,\"height\":600},{\"@type\":\"BreadcrumbList\",\"@id\":\"https:\/\/sandzakpress.net\/arhiva\/ravnogorski-cetnicki-pokret-najveca-paravojna-formacija-u-evropi\/#breadcrumb\",\"itemListElement\":[{\"@type\":\"ListItem\",\"position\":1,\"name\":\"Home\",\"item\":\"https:\/\/sandzakpress.net\/arhiva\/\"},{\"@type\":\"ListItem\",\"position\":2,\"name\":\"Ravnogorski \u010detni\u010dki pokret najve\u0107a paravojna formacija u Evropi\"}]},{\"@type\":\"WebSite\",\"@id\":\"https:\/\/sandzakpress.net\/arhiva\/#website\",\"url\":\"https:\/\/sandzakpress.net\/arhiva\/\",\"name\":\"Sand\u017eak PRESS\",\"description\":\"Prve elektronske novine u Sand\u017eaku\",\"publisher\":{\"@id\":\"https:\/\/sandzakpress.net\/arhiva\/#\/schema\/person\/6e72b67d6e51910a1117b3b483ba20bd\"},\"potentialAction\":[{\"@type\":\"SearchAction\",\"target\":{\"@type\":\"EntryPoint\",\"urlTemplate\":\"https:\/\/sandzakpress.net\/arhiva\/?s={search_term_string}\"},\"query-input\":{\"@type\":\"PropertyValueSpecification\",\"valueRequired\":true,\"valueName\":\"search_term_string\"}}],\"inLanguage\":\"bs-BA\"},{\"@type\":[\"Person\",\"Organization\"],\"@id\":\"https:\/\/sandzakpress.net\/arhiva\/#\/schema\/person\/6e72b67d6e51910a1117b3b483ba20bd\",\"name\":\"Kul\",\"image\":{\"@type\":\"ImageObject\",\"inLanguage\":\"bs-BA\",\"@id\":\"https:\/\/sandzakpress.net\/arhiva\/#\/schema\/person\/image\/\",\"url\":\"https:\/\/secure.gravatar.com\/avatar\/42263f39aa27ac04c43cab85c280eb2e?s=96&d=mm&r=pg\",\"contentUrl\":\"https:\/\/secure.gravatar.com\/avatar\/42263f39aa27ac04c43cab85c280eb2e?s=96&d=mm&r=pg\",\"caption\":\"Kul\"},\"logo\":{\"@id\":\"https:\/\/sandzakpress.net\/arhiva\/#\/schema\/person\/image\/\"}},{\"@type\":\"Person\",\"@id\":\"https:\/\/sandzakpress.net\/arhiva\/#\/schema\/person\/c8baee722073534b583ea7bdb2e36c02\",\"name\":\"bosniak\",\"image\":{\"@type\":\"ImageObject\",\"inLanguage\":\"bs-BA\",\"@id\":\"https:\/\/sandzakpress.net\/arhiva\/#\/schema\/person\/image\/\",\"url\":\"https:\/\/secure.gravatar.com\/avatar\/a04fd330bfe3a36a72a0ad4a6d89fca7?s=96&d=mm&r=pg\",\"contentUrl\":\"https:\/\/secure.gravatar.com\/avatar\/a04fd330bfe3a36a72a0ad4a6d89fca7?s=96&d=mm&r=pg\",\"caption\":\"bosniak\"},\"url\":\"https:\/\/sandzakpress.net\/arhiva\/author\/bosniak\/\"}]}<\/script>\n<!-- \/ Yoast SEO Premium plugin. -->","yoast_head_json":{"title":"Ravnogorski \u010detni\u010dki pokret najve\u0107a paravojna formacija u Evropi","robots":{"index":"index","follow":"follow","max-snippet":"max-snippet:-1","max-image-preview":"max-image-preview:large","max-video-preview":"max-video-preview:-1"},"canonical":"https:\/\/sandzakpress.net\/arhiva\/ravnogorski-cetnicki-pokret-najveca-paravojna-formacija-u-evropi\/","og_locale":"bs_BA","og_type":"article","og_title":"Ravnogorski \u010detni\u010dki pokret najve\u0107a paravojna formacija u Evropi","og_description":"BIH- Ravnogorski pokret Republike Srpske nije projekt Vlade Republike Srpske, niti ona stoji iza njega, a Ministarstvo unutra\u0161njih poslova Republike Srpske preduzima sve zakonom predvi\u0111ene mjere i aktivnosti prema tom pokretu, ukoliko do\u0111e do kr\u0161enja neke od zakonom predvi\u0111enih normi. Ovo je pisani odgovor ministra unutra\u0161njih poslova RS-a Radislava Jovi\u010di\u0107a na pitanje poslanika SDP-a BiH [&hellip;]","og_url":"https:\/\/sandzakpress.net\/arhiva\/ravnogorski-cetnicki-pokret-najveca-paravojna-formacija-u-evropi\/","og_site_name":"Sand\u017eak PRESS","article_published_time":"2015-06-28T17:23:49+00:00","og_image":[{"width":600,"height":600,"url":"https:\/\/sandzakpress.net\/arhiva\/wp-content\/uploads\/2015\/06\/Ravnogorski-pokret-1.jpg","type":"image\/jpeg"}],"author":"bosniak","twitter_card":"summary_large_image","twitter_misc":{"Written by":"bosniak","Est. reading time":"2 minute"},"schema":{"@context":"https:\/\/schema.org","@graph":[{"@type":"Article","@id":"https:\/\/sandzakpress.net\/arhiva\/ravnogorski-cetnicki-pokret-najveca-paravojna-formacija-u-evropi\/#article","isPartOf":{"@id":"https:\/\/sandzakpress.net\/arhiva\/ravnogorski-cetnicki-pokret-najveca-paravojna-formacija-u-evropi\/"},"author":{"name":"bosniak","@id":"https:\/\/sandzakpress.net\/arhiva\/#\/schema\/person\/c8baee722073534b583ea7bdb2e36c02"},"headline":"Ravnogorski \u010detni\u010dki pokret najve\u0107a paravojna formacija u Evropi","datePublished":"2015-06-28T17:23:49+00:00","mainEntityOfPage":{"@id":"https:\/\/sandzakpress.net\/arhiva\/ravnogorski-cetnicki-pokret-najveca-paravojna-formacija-u-evropi\/"},"wordCount":478,"commentCount":59,"publisher":{"@id":"https:\/\/sandzakpress.net\/arhiva\/#\/schema\/person\/6e72b67d6e51910a1117b3b483ba20bd"},"image":{"@id":"https:\/\/sandzakpress.net\/arhiva\/ravnogorski-cetnicki-pokret-najveca-paravojna-formacija-u-evropi\/#primaryimage"},"thumbnailUrl":"https:\/\/sandzakpress.net\/arhiva\/wp-content\/uploads\/2015\/06\/Ravnogorski-pokret-1.jpg","articleSection":["Nacija","Bosna i Hercegovina","VIJESTI DANA","NAJNOVIJE","VA\u017dNO!"],"inLanguage":"bs-BA","potentialAction":[{"@type":"CommentAction","name":"Comment","target":["https:\/\/sandzakpress.net\/arhiva\/ravnogorski-cetnicki-pokret-najveca-paravojna-formacija-u-evropi\/#respond"]}]},{"@type":"WebPage","@id":"https:\/\/sandzakpress.net\/arhiva\/ravnogorski-cetnicki-pokret-najveca-paravojna-formacija-u-evropi\/","url":"https:\/\/sandzakpress.net\/arhiva\/ravnogorski-cetnicki-pokret-najveca-paravojna-formacija-u-evropi\/","name":"Ravnogorski \u010detni\u010dki pokret najve\u0107a paravojna formacija u Evropi","isPartOf":{"@id":"https:\/\/sandzakpress.net\/arhiva\/#website"},"primaryImageOfPage":{"@id":"https:\/\/sandzakpress.net\/arhiva\/ravnogorski-cetnicki-pokret-najveca-paravojna-formacija-u-evropi\/#primaryimage"},"image":{"@id":"https:\/\/sandzakpress.net\/arhiva\/ravnogorski-cetnicki-pokret-najveca-paravojna-formacija-u-evropi\/#primaryimage"},"thumbnailUrl":"https:\/\/sandzakpress.net\/arhiva\/wp-content\/uploads\/2015\/06\/Ravnogorski-pokret-1.jpg","datePublished":"2015-06-28T17:23:49+00:00","breadcrumb":{"@id":"https:\/\/sandzakpress.net\/arhiva\/ravnogorski-cetnicki-pokret-najveca-paravojna-formacija-u-evropi\/#breadcrumb"},"inLanguage":"bs-BA","potentialAction":[{"@type":"ReadAction","target":["https:\/\/sandzakpress.net\/arhiva\/ravnogorski-cetnicki-pokret-najveca-paravojna-formacija-u-evropi\/"]}]},{"@type":"ImageObject","inLanguage":"bs-BA","@id":"https:\/\/sandzakpress.net\/arhiva\/ravnogorski-cetnicki-pokret-najveca-paravojna-formacija-u-evropi\/#primaryimage","url":"https:\/\/sandzakpress.net\/arhiva\/wp-content\/uploads\/2015\/06\/Ravnogorski-pokret-1.jpg","contentUrl":"https:\/\/sandzakpress.net\/arhiva\/wp-content\/uploads\/2015\/06\/Ravnogorski-pokret-1.jpg","width":600,"height":600},{"@type":"BreadcrumbList","@id":"https:\/\/sandzakpress.net\/arhiva\/ravnogorski-cetnicki-pokret-najveca-paravojna-formacija-u-evropi\/#breadcrumb","itemListElement":[{"@type":"ListItem","position":1,"name":"Home","item":"https:\/\/sandzakpress.net\/arhiva\/"},{"@type":"ListItem","position":2,"name":"Ravnogorski \u010detni\u010dki pokret najve\u0107a paravojna formacija u Evropi"}]},{"@type":"WebSite","@id":"https:\/\/sandzakpress.net\/arhiva\/#website","url":"https:\/\/sandzakpress.net\/arhiva\/","name":"Sand\u017eak PRESS","description":"Prve elektronske novine u Sand\u017eaku","publisher":{"@id":"https:\/\/sandzakpress.net\/arhiva\/#\/schema\/person\/6e72b67d6e51910a1117b3b483ba20bd"},"potentialAction":[{"@type":"SearchAction","target":{"@type":"EntryPoint","urlTemplate":"https:\/\/sandzakpress.net\/arhiva\/?s={search_term_string}"},"query-input":{"@type":"PropertyValueSpecification","valueRequired":true,"valueName":"search_term_string"}}],"inLanguage":"bs-BA"},{"@type":["Person","Organization"],"@id":"https:\/\/sandzakpress.net\/arhiva\/#\/schema\/person\/6e72b67d6e51910a1117b3b483ba20bd","name":"Kul","image":{"@type":"ImageObject","inLanguage":"bs-BA","@id":"https:\/\/sandzakpress.net\/arhiva\/#\/schema\/person\/image\/","url":"https:\/\/secure.gravatar.com\/avatar\/42263f39aa27ac04c43cab85c280eb2e?s=96&d=mm&r=pg","contentUrl":"https:\/\/secure.gravatar.com\/avatar\/42263f39aa27ac04c43cab85c280eb2e?s=96&d=mm&r=pg","caption":"Kul"},"logo":{"@id":"https:\/\/sandzakpress.net\/arhiva\/#\/schema\/person\/image\/"}},{"@type":"Person","@id":"https:\/\/sandzakpress.net\/arhiva\/#\/schema\/person\/c8baee722073534b583ea7bdb2e36c02","name":"bosniak","image":{"@type":"ImageObject","inLanguage":"bs-BA","@id":"https:\/\/sandzakpress.net\/arhiva\/#\/schema\/person\/image\/","url":"https:\/\/secure.gravatar.com\/avatar\/a04fd330bfe3a36a72a0ad4a6d89fca7?s=96&d=mm&r=pg","contentUrl":"https:\/\/secure.gravatar.com\/avatar\/a04fd330bfe3a36a72a0ad4a6d89fca7?s=96&d=mm&r=pg","caption":"bosniak"},"url":"https:\/\/sandzakpress.net\/arhiva\/author\/bosniak\/"}]}},"_links":{"self":[{"href":"https:\/\/sandzakpress.net\/arhiva\/wp-json\/wp\/v2\/posts\/130323"}],"collection":[{"href":"https:\/\/sandzakpress.net\/arhiva\/wp-json\/wp\/v2\/posts"}],"about":[{"href":"https:\/\/sandzakpress.net\/arhiva\/wp-json\/wp\/v2\/types\/post"}],"author":[{"embeddable":true,"href":"https:\/\/sandzakpress.net\/arhiva\/wp-json\/wp\/v2\/users\/83"}],"replies":[{"embeddable":true,"href":"https:\/\/sandzakpress.net\/arhiva\/wp-json\/wp\/v2\/comments?post=130323"}],"version-history":[{"count":0,"href":"https:\/\/sandzakpress.net\/arhiva\/wp-json\/wp\/v2\/posts\/130323\/revisions"}],"wp:featuredmedia":[{"embeddable":true,"href":"https:\/\/sandzakpress.net\/arhiva\/wp-json\/wp\/v2\/media\/130324"}],"wp:attachment":[{"href":"https:\/\/sandzakpress.net\/arhiva\/wp-json\/wp\/v2\/media?parent=130323"}],"wp:term":[{"taxonomy":"category","embeddable":true,"href":"https:\/\/sandzakpress.net\/arhiva\/wp-json\/wp\/v2\/categories?post=130323"},{"taxonomy":"post_tag","embeddable":true,"href":"https:\/\/sandzakpress.net\/arhiva\/wp-json\/wp\/v2\/tags?post=130323"}],"curies":[{"name":"wp","href":"https:\/\/api.w.org\/{rel}","templated":true}]}}