{"id":130284,"date":"2015-06-27T13:17:44","date_gmt":"2015-06-27T11:17:44","guid":{"rendered":"https:\/\/sandzakpress.net\/arhiva\/?p=130284"},"modified":"2015-06-27T13:17:44","modified_gmt":"2015-06-27T11:17:44","slug":"idis-preuzeo-odgovornost-za-napad-u-tunisu","status":"publish","type":"post","link":"https:\/\/sandzakpress.net\/arhiva\/idis-preuzeo-odgovornost-za-napad-u-tunisu\/","title":{"rendered":"IDI\u0160 preuzeo odgovornost za napad u Tunisu"},"content":{"rendered":"<p><img decoding=\"async\" src=\"http:\/\/balkans.aljazeera.net\/sites\/staff.balkans.aljazeera.com\/files\/styles\/aljazeera_article_main_image\/public\/tunis-mrtvi-reuters-main.jpg?itok=V0jOfB6q\" alt=\"Tunis, ISIL, Napad\" \/><\/p>\n<p><strong>Svijet &#8211; Oru\u017eana grupa Islamska dr\u017eava Irak i \u0160am preuzela je odgovornost za napad izvr\u0161en u petak u tuniskom hotelu, u kojem je poginulo 38 osoba, ve\u0107inom Britanaca, a koji je izveo mu\u0161karac s oru\u017ejem skrivenim u suncobranu, prenose agencije.<\/strong><\/p>\n<p>Prepla\u0161eni turisti pani\u010dno su bje\u017eali i poku\u0161ali prona\u0107i zaklon nakon \u0161to se za\u010dula pucnjava u odmarali\u0161tu hotela &#8220;Riu Imperial Marhaba&#8221; nedaleko od Soussea, 140 kilometara ju\u017eno od glavnog grada Tunisa, rekli su o\u010devici i zvani\u010dnici.<\/p>\n<p>Prije nego ga je ubila policija, napada\u010d je mirno pucao iz vatrenog oru\u017eja i pritom ubio skoro 40 ljudi.<\/p>\n<p>Tijela nekoliko ubijenih turista nalazila su se na pla\u017ei prekriveni pe\u0161kirima, a na stepenicama koje vode do hotela vide se tragovi krvi.<\/p>\n<p>&#8220;Ovo je uvijek bilo sigurno mjesto, ali danas je bio pravi horor&#8221;, rekao je jedan irski turist za agenciju Reuters.<\/p>\n<p>Po vlastima, po\u010dinitelj napada zove se Seifeddine Rezgui, mladi Tuni\u017eanin ro\u0111en 1992. godine, porijeklom iz Gaafoura, na sjeverozapadu, ali student u Kairouanu.<\/p>\n<p>Iz IDI\u0160-a navode kako se napada\u010d zove Abu Yahya al-Kairouvani te da je on napao neprijatelje grupe i &#8220;jazbinu bluda, poroka i vjerskog otpadni\u0161tva&#8221;, javlja AFP.<\/p>\n<p>Bio je nepoznat policijskim slu\u017ebama i za sada se vjeruje da je djelovao sam, naveo je dr\u017eavni sekretar za sigurnosne poslove Rafik Chelly.<\/p>\n<p>Agencija Reuters javlja kako tuniske vlasti namjeravaju u narednih sedmicu dana zatvoriti sve d\u017eamije koje nisu pod kontrolom Ministarstva vjera, njih 80.<\/p>\n<p>Vlada ove dr\u017eave u subotu je proglasila nove antiteroristi\u010dke mjere, uklju\u010duju\u0107i raspore\u0111ivanje vojnih rezervista na &#8220;osjetljivim mjestima, koja mogu biti mete teroristi\u010dkih napada&#8221;.<\/p>\n<p>Izvor: Agencije<\/p>\n","protected":false},"excerpt":{"rendered":"<p>Svijet &#8211; Oru\u017eana grupa Islamska dr\u017eava Irak i \u0160am preuzela je odgovornost za napad izvr\u0161en u petak u tuniskom hotelu, u kojem je poginulo 38 osoba, ve\u0107inom Britanaca, a koji je izveo mu\u0161karac s oru\u017ejem skrivenim u suncobranu, prenose agencije. Prepla\u0161eni turisti pani\u010dno su bje\u017eali i poku\u0161ali prona\u0107i zaklon nakon \u0161to se za\u010dula pucnjava u [&hellip;]<\/p>\n","protected":false},"author":83,"featured_media":130285,"comment_status":"open","ping_status":"open","sticky":false,"template":"","format":"standard","meta":{"footnotes":""},"categories":[10512],"tags":[],"class_list":{"0":"post-130284","1":"post","2":"type-post","3":"status-publish","4":"format-standard","5":"has-post-thumbnail","7":"category-islamski-svijet"},"yoast_head":"<!-- This site is optimized with the Yoast SEO Premium plugin v23.1 (Yoast SEO v24.9) - https:\/\/yoast.com\/wordpress\/plugins\/seo\/ -->\n<title>IDI\u0160 preuzeo odgovornost za napad u Tunisu<\/title>\n<meta name=\"robots\" content=\"index, follow, max-snippet:-1, max-image-preview:large, max-video-preview:-1\" \/>\n<link rel=\"canonical\" href=\"https:\/\/sandzakpress.net\/arhiva\/idis-preuzeo-odgovornost-za-napad-u-tunisu\/\" \/>\n<meta property=\"og:locale\" content=\"bs_BA\" \/>\n<meta property=\"og:type\" content=\"article\" \/>\n<meta property=\"og:title\" content=\"IDI\u0160 preuzeo odgovornost za napad u Tunisu\" \/>\n<meta property=\"og:description\" content=\"Svijet &#8211; Oru\u017eana grupa Islamska dr\u017eava Irak i \u0160am preuzela je odgovornost za napad izvr\u0161en u petak u tuniskom hotelu, u kojem je poginulo 38 osoba, ve\u0107inom Britanaca, a koji je izveo mu\u0161karac s oru\u017ejem skrivenim u suncobranu, prenose agencije. Prepla\u0161eni turisti pani\u010dno su bje\u017eali i poku\u0161ali prona\u0107i zaklon nakon \u0161to se za\u010dula pucnjava u [&hellip;]\" \/>\n<meta property=\"og:url\" content=\"https:\/\/sandzakpress.net\/arhiva\/idis-preuzeo-odgovornost-za-napad-u-tunisu\/\" \/>\n<meta property=\"og:site_name\" content=\"Sand\u017eak PRESS\" \/>\n<meta property=\"article:published_time\" content=\"2015-06-27T11:17:44+00:00\" \/>\n<meta property=\"og:image\" content=\"https:\/\/sandzakpress.net\/arhiva\/wp-content\/uploads\/2015\/06\/tunis-mrtvi-reuters-main.jpg\" \/>\n\t<meta property=\"og:image:width\" content=\"900\" \/>\n\t<meta property=\"og:image:height\" content=\"602\" \/>\n\t<meta property=\"og:image:type\" content=\"image\/jpeg\" \/>\n<meta name=\"author\" content=\"bosniak\" \/>\n<meta name=\"twitter:card\" content=\"summary_large_image\" \/>\n<meta name=\"twitter:label1\" content=\"Written by\" \/>\n\t<meta name=\"twitter:data1\" content=\"bosniak\" \/>\n\t<meta name=\"twitter:label2\" content=\"Est. reading time\" \/>\n\t<meta name=\"twitter:data2\" content=\"1 minuta\" \/>\n<script type=\"application\/ld+json\" class=\"yoast-schema-graph\">{\"@context\":\"https:\/\/schema.org\",\"@graph\":[{\"@type\":\"Article\",\"@id\":\"https:\/\/sandzakpress.net\/arhiva\/idis-preuzeo-odgovornost-za-napad-u-tunisu\/#article\",\"isPartOf\":{\"@id\":\"https:\/\/sandzakpress.net\/arhiva\/idis-preuzeo-odgovornost-za-napad-u-tunisu\/\"},\"author\":{\"name\":\"bosniak\",\"@id\":\"https:\/\/sandzakpress.net\/arhiva\/#\/schema\/person\/c8baee722073534b583ea7bdb2e36c02\"},\"headline\":\"IDI\u0160 preuzeo odgovornost za napad u Tunisu\",\"datePublished\":\"2015-06-27T11:17:44+00:00\",\"mainEntityOfPage\":{\"@id\":\"https:\/\/sandzakpress.net\/arhiva\/idis-preuzeo-odgovornost-za-napad-u-tunisu\/\"},\"wordCount\":289,\"commentCount\":12,\"publisher\":{\"@id\":\"https:\/\/sandzakpress.net\/arhiva\/#\/schema\/person\/6e72b67d6e51910a1117b3b483ba20bd\"},\"image\":{\"@id\":\"https:\/\/sandzakpress.net\/arhiva\/idis-preuzeo-odgovornost-za-napad-u-tunisu\/#primaryimage\"},\"thumbnailUrl\":\"https:\/\/sandzakpress.net\/arhiva\/wp-content\/uploads\/2015\/06\/tunis-mrtvi-reuters-main.jpg\",\"articleSection\":[\"Islamski svijet\"],\"inLanguage\":\"bs-BA\",\"potentialAction\":[{\"@type\":\"CommentAction\",\"name\":\"Comment\",\"target\":[\"https:\/\/sandzakpress.net\/arhiva\/idis-preuzeo-odgovornost-za-napad-u-tunisu\/#respond\"]}]},{\"@type\":\"WebPage\",\"@id\":\"https:\/\/sandzakpress.net\/arhiva\/idis-preuzeo-odgovornost-za-napad-u-tunisu\/\",\"url\":\"https:\/\/sandzakpress.net\/arhiva\/idis-preuzeo-odgovornost-za-napad-u-tunisu\/\",\"name\":\"IDI\u0160 preuzeo odgovornost za napad u Tunisu\",\"isPartOf\":{\"@id\":\"https:\/\/sandzakpress.net\/arhiva\/#website\"},\"primaryImageOfPage\":{\"@id\":\"https:\/\/sandzakpress.net\/arhiva\/idis-preuzeo-odgovornost-za-napad-u-tunisu\/#primaryimage\"},\"image\":{\"@id\":\"https:\/\/sandzakpress.net\/arhiva\/idis-preuzeo-odgovornost-za-napad-u-tunisu\/#primaryimage\"},\"thumbnailUrl\":\"https:\/\/sandzakpress.net\/arhiva\/wp-content\/uploads\/2015\/06\/tunis-mrtvi-reuters-main.jpg\",\"datePublished\":\"2015-06-27T11:17:44+00:00\",\"breadcrumb\":{\"@id\":\"https:\/\/sandzakpress.net\/arhiva\/idis-preuzeo-odgovornost-za-napad-u-tunisu\/#breadcrumb\"},\"inLanguage\":\"bs-BA\",\"potentialAction\":[{\"@type\":\"ReadAction\",\"target\":[\"https:\/\/sandzakpress.net\/arhiva\/idis-preuzeo-odgovornost-za-napad-u-tunisu\/\"]}]},{\"@type\":\"ImageObject\",\"inLanguage\":\"bs-BA\",\"@id\":\"https:\/\/sandzakpress.net\/arhiva\/idis-preuzeo-odgovornost-za-napad-u-tunisu\/#primaryimage\",\"url\":\"https:\/\/sandzakpress.net\/arhiva\/wp-content\/uploads\/2015\/06\/tunis-mrtvi-reuters-main.jpg\",\"contentUrl\":\"https:\/\/sandzakpress.net\/arhiva\/wp-content\/uploads\/2015\/06\/tunis-mrtvi-reuters-main.jpg\",\"width\":900,\"height\":602},{\"@type\":\"BreadcrumbList\",\"@id\":\"https:\/\/sandzakpress.net\/arhiva\/idis-preuzeo-odgovornost-za-napad-u-tunisu\/#breadcrumb\",\"itemListElement\":[{\"@type\":\"ListItem\",\"position\":1,\"name\":\"Home\",\"item\":\"https:\/\/sandzakpress.net\/arhiva\/\"},{\"@type\":\"ListItem\",\"position\":2,\"name\":\"IDI\u0160 preuzeo odgovornost za napad u Tunisu\"}]},{\"@type\":\"WebSite\",\"@id\":\"https:\/\/sandzakpress.net\/arhiva\/#website\",\"url\":\"https:\/\/sandzakpress.net\/arhiva\/\",\"name\":\"Sand\u017eak PRESS\",\"description\":\"Prve elektronske novine u Sand\u017eaku\",\"publisher\":{\"@id\":\"https:\/\/sandzakpress.net\/arhiva\/#\/schema\/person\/6e72b67d6e51910a1117b3b483ba20bd\"},\"potentialAction\":[{\"@type\":\"SearchAction\",\"target\":{\"@type\":\"EntryPoint\",\"urlTemplate\":\"https:\/\/sandzakpress.net\/arhiva\/?s={search_term_string}\"},\"query-input\":{\"@type\":\"PropertyValueSpecification\",\"valueRequired\":true,\"valueName\":\"search_term_string\"}}],\"inLanguage\":\"bs-BA\"},{\"@type\":[\"Person\",\"Organization\"],\"@id\":\"https:\/\/sandzakpress.net\/arhiva\/#\/schema\/person\/6e72b67d6e51910a1117b3b483ba20bd\",\"name\":\"Kul\",\"image\":{\"@type\":\"ImageObject\",\"inLanguage\":\"bs-BA\",\"@id\":\"https:\/\/sandzakpress.net\/arhiva\/#\/schema\/person\/image\/\",\"url\":\"https:\/\/secure.gravatar.com\/avatar\/42263f39aa27ac04c43cab85c280eb2e?s=96&d=mm&r=pg\",\"contentUrl\":\"https:\/\/secure.gravatar.com\/avatar\/42263f39aa27ac04c43cab85c280eb2e?s=96&d=mm&r=pg\",\"caption\":\"Kul\"},\"logo\":{\"@id\":\"https:\/\/sandzakpress.net\/arhiva\/#\/schema\/person\/image\/\"}},{\"@type\":\"Person\",\"@id\":\"https:\/\/sandzakpress.net\/arhiva\/#\/schema\/person\/c8baee722073534b583ea7bdb2e36c02\",\"name\":\"bosniak\",\"image\":{\"@type\":\"ImageObject\",\"inLanguage\":\"bs-BA\",\"@id\":\"https:\/\/sandzakpress.net\/arhiva\/#\/schema\/person\/image\/\",\"url\":\"https:\/\/secure.gravatar.com\/avatar\/a04fd330bfe3a36a72a0ad4a6d89fca7?s=96&d=mm&r=pg\",\"contentUrl\":\"https:\/\/secure.gravatar.com\/avatar\/a04fd330bfe3a36a72a0ad4a6d89fca7?s=96&d=mm&r=pg\",\"caption\":\"bosniak\"},\"url\":\"https:\/\/sandzakpress.net\/arhiva\/author\/bosniak\/\"}]}<\/script>\n<!-- \/ Yoast SEO Premium plugin. -->","yoast_head_json":{"title":"IDI\u0160 preuzeo odgovornost za napad u Tunisu","robots":{"index":"index","follow":"follow","max-snippet":"max-snippet:-1","max-image-preview":"max-image-preview:large","max-video-preview":"max-video-preview:-1"},"canonical":"https:\/\/sandzakpress.net\/arhiva\/idis-preuzeo-odgovornost-za-napad-u-tunisu\/","og_locale":"bs_BA","og_type":"article","og_title":"IDI\u0160 preuzeo odgovornost za napad u Tunisu","og_description":"Svijet &#8211; Oru\u017eana grupa Islamska dr\u017eava Irak i \u0160am preuzela je odgovornost za napad izvr\u0161en u petak u tuniskom hotelu, u kojem je poginulo 38 osoba, ve\u0107inom Britanaca, a koji je izveo mu\u0161karac s oru\u017ejem skrivenim u suncobranu, prenose agencije. Prepla\u0161eni turisti pani\u010dno su bje\u017eali i poku\u0161ali prona\u0107i zaklon nakon \u0161to se za\u010dula pucnjava u [&hellip;]","og_url":"https:\/\/sandzakpress.net\/arhiva\/idis-preuzeo-odgovornost-za-napad-u-tunisu\/","og_site_name":"Sand\u017eak PRESS","article_published_time":"2015-06-27T11:17:44+00:00","og_image":[{"width":900,"height":602,"url":"https:\/\/sandzakpress.net\/arhiva\/wp-content\/uploads\/2015\/06\/tunis-mrtvi-reuters-main.jpg","type":"image\/jpeg"}],"author":"bosniak","twitter_card":"summary_large_image","twitter_misc":{"Written by":"bosniak","Est. reading time":"1 minuta"},"schema":{"@context":"https:\/\/schema.org","@graph":[{"@type":"Article","@id":"https:\/\/sandzakpress.net\/arhiva\/idis-preuzeo-odgovornost-za-napad-u-tunisu\/#article","isPartOf":{"@id":"https:\/\/sandzakpress.net\/arhiva\/idis-preuzeo-odgovornost-za-napad-u-tunisu\/"},"author":{"name":"bosniak","@id":"https:\/\/sandzakpress.net\/arhiva\/#\/schema\/person\/c8baee722073534b583ea7bdb2e36c02"},"headline":"IDI\u0160 preuzeo odgovornost za napad u Tunisu","datePublished":"2015-06-27T11:17:44+00:00","mainEntityOfPage":{"@id":"https:\/\/sandzakpress.net\/arhiva\/idis-preuzeo-odgovornost-za-napad-u-tunisu\/"},"wordCount":289,"commentCount":12,"publisher":{"@id":"https:\/\/sandzakpress.net\/arhiva\/#\/schema\/person\/6e72b67d6e51910a1117b3b483ba20bd"},"image":{"@id":"https:\/\/sandzakpress.net\/arhiva\/idis-preuzeo-odgovornost-za-napad-u-tunisu\/#primaryimage"},"thumbnailUrl":"https:\/\/sandzakpress.net\/arhiva\/wp-content\/uploads\/2015\/06\/tunis-mrtvi-reuters-main.jpg","articleSection":["Islamski svijet"],"inLanguage":"bs-BA","potentialAction":[{"@type":"CommentAction","name":"Comment","target":["https:\/\/sandzakpress.net\/arhiva\/idis-preuzeo-odgovornost-za-napad-u-tunisu\/#respond"]}]},{"@type":"WebPage","@id":"https:\/\/sandzakpress.net\/arhiva\/idis-preuzeo-odgovornost-za-napad-u-tunisu\/","url":"https:\/\/sandzakpress.net\/arhiva\/idis-preuzeo-odgovornost-za-napad-u-tunisu\/","name":"IDI\u0160 preuzeo odgovornost za napad u Tunisu","isPartOf":{"@id":"https:\/\/sandzakpress.net\/arhiva\/#website"},"primaryImageOfPage":{"@id":"https:\/\/sandzakpress.net\/arhiva\/idis-preuzeo-odgovornost-za-napad-u-tunisu\/#primaryimage"},"image":{"@id":"https:\/\/sandzakpress.net\/arhiva\/idis-preuzeo-odgovornost-za-napad-u-tunisu\/#primaryimage"},"thumbnailUrl":"https:\/\/sandzakpress.net\/arhiva\/wp-content\/uploads\/2015\/06\/tunis-mrtvi-reuters-main.jpg","datePublished":"2015-06-27T11:17:44+00:00","breadcrumb":{"@id":"https:\/\/sandzakpress.net\/arhiva\/idis-preuzeo-odgovornost-za-napad-u-tunisu\/#breadcrumb"},"inLanguage":"bs-BA","potentialAction":[{"@type":"ReadAction","target":["https:\/\/sandzakpress.net\/arhiva\/idis-preuzeo-odgovornost-za-napad-u-tunisu\/"]}]},{"@type":"ImageObject","inLanguage":"bs-BA","@id":"https:\/\/sandzakpress.net\/arhiva\/idis-preuzeo-odgovornost-za-napad-u-tunisu\/#primaryimage","url":"https:\/\/sandzakpress.net\/arhiva\/wp-content\/uploads\/2015\/06\/tunis-mrtvi-reuters-main.jpg","contentUrl":"https:\/\/sandzakpress.net\/arhiva\/wp-content\/uploads\/2015\/06\/tunis-mrtvi-reuters-main.jpg","width":900,"height":602},{"@type":"BreadcrumbList","@id":"https:\/\/sandzakpress.net\/arhiva\/idis-preuzeo-odgovornost-za-napad-u-tunisu\/#breadcrumb","itemListElement":[{"@type":"ListItem","position":1,"name":"Home","item":"https:\/\/sandzakpress.net\/arhiva\/"},{"@type":"ListItem","position":2,"name":"IDI\u0160 preuzeo odgovornost za napad u Tunisu"}]},{"@type":"WebSite","@id":"https:\/\/sandzakpress.net\/arhiva\/#website","url":"https:\/\/sandzakpress.net\/arhiva\/","name":"Sand\u017eak PRESS","description":"Prve elektronske novine u Sand\u017eaku","publisher":{"@id":"https:\/\/sandzakpress.net\/arhiva\/#\/schema\/person\/6e72b67d6e51910a1117b3b483ba20bd"},"potentialAction":[{"@type":"SearchAction","target":{"@type":"EntryPoint","urlTemplate":"https:\/\/sandzakpress.net\/arhiva\/?s={search_term_string}"},"query-input":{"@type":"PropertyValueSpecification","valueRequired":true,"valueName":"search_term_string"}}],"inLanguage":"bs-BA"},{"@type":["Person","Organization"],"@id":"https:\/\/sandzakpress.net\/arhiva\/#\/schema\/person\/6e72b67d6e51910a1117b3b483ba20bd","name":"Kul","image":{"@type":"ImageObject","inLanguage":"bs-BA","@id":"https:\/\/sandzakpress.net\/arhiva\/#\/schema\/person\/image\/","url":"https:\/\/secure.gravatar.com\/avatar\/42263f39aa27ac04c43cab85c280eb2e?s=96&d=mm&r=pg","contentUrl":"https:\/\/secure.gravatar.com\/avatar\/42263f39aa27ac04c43cab85c280eb2e?s=96&d=mm&r=pg","caption":"Kul"},"logo":{"@id":"https:\/\/sandzakpress.net\/arhiva\/#\/schema\/person\/image\/"}},{"@type":"Person","@id":"https:\/\/sandzakpress.net\/arhiva\/#\/schema\/person\/c8baee722073534b583ea7bdb2e36c02","name":"bosniak","image":{"@type":"ImageObject","inLanguage":"bs-BA","@id":"https:\/\/sandzakpress.net\/arhiva\/#\/schema\/person\/image\/","url":"https:\/\/secure.gravatar.com\/avatar\/a04fd330bfe3a36a72a0ad4a6d89fca7?s=96&d=mm&r=pg","contentUrl":"https:\/\/secure.gravatar.com\/avatar\/a04fd330bfe3a36a72a0ad4a6d89fca7?s=96&d=mm&r=pg","caption":"bosniak"},"url":"https:\/\/sandzakpress.net\/arhiva\/author\/bosniak\/"}]}},"_links":{"self":[{"href":"https:\/\/sandzakpress.net\/arhiva\/wp-json\/wp\/v2\/posts\/130284"}],"collection":[{"href":"https:\/\/sandzakpress.net\/arhiva\/wp-json\/wp\/v2\/posts"}],"about":[{"href":"https:\/\/sandzakpress.net\/arhiva\/wp-json\/wp\/v2\/types\/post"}],"author":[{"embeddable":true,"href":"https:\/\/sandzakpress.net\/arhiva\/wp-json\/wp\/v2\/users\/83"}],"replies":[{"embeddable":true,"href":"https:\/\/sandzakpress.net\/arhiva\/wp-json\/wp\/v2\/comments?post=130284"}],"version-history":[{"count":0,"href":"https:\/\/sandzakpress.net\/arhiva\/wp-json\/wp\/v2\/posts\/130284\/revisions"}],"wp:featuredmedia":[{"embeddable":true,"href":"https:\/\/sandzakpress.net\/arhiva\/wp-json\/wp\/v2\/media\/130285"}],"wp:attachment":[{"href":"https:\/\/sandzakpress.net\/arhiva\/wp-json\/wp\/v2\/media?parent=130284"}],"wp:term":[{"taxonomy":"category","embeddable":true,"href":"https:\/\/sandzakpress.net\/arhiva\/wp-json\/wp\/v2\/categories?post=130284"},{"taxonomy":"post_tag","embeddable":true,"href":"https:\/\/sandzakpress.net\/arhiva\/wp-json\/wp\/v2\/tags?post=130284"}],"curies":[{"name":"wp","href":"https:\/\/api.w.org\/{rel}","templated":true}]}}