{"id":130277,"date":"2015-06-27T12:22:05","date_gmt":"2015-06-27T10:22:05","guid":{"rendered":"https:\/\/sandzakpress.net\/arhiva\/?p=130277"},"modified":"2015-06-27T12:23:06","modified_gmt":"2015-06-27T10:23:06","slug":"husovic-nvo-sa-sjevera-podsticu-iseljavanje","status":"publish","type":"post","link":"https:\/\/sandzakpress.net\/arhiva\/husovic-nvo-sa-sjevera-podsticu-iseljavanje\/","title":{"rendered":"Husovi\u0107: &#8220;NVO sa sjevera podsti\u010du iseljavanje&#8221;"},"content":{"rendered":"<p><img decoding=\"async\" src=\"http:\/\/portalanalitika.me\/storage\/2015\/06\/27\/thumbs\/558e491e-0b4c-458b-8b38-6f12b0765237-27rh-preview.JPG\" alt=\"\" \/><\/p>\n<p id=\"articleIntro\"><strong>Sand\u017eak- Odre\u0111ene nevladine organizacije i politi\u010dki subjekti radi svijih interesa manipulisali su podacima o broju gra\u0111ana koji su napustili dr\u017eavu u prethodnom periodu, direktno potpoma\u017eu\u0107i tom problmeu nerealnim slikama o odlasku, kazao je potpredsjednik Vlade za regiona\u010dlni razvoj, Rafet Husovi\u0107.<\/strong><\/p>\n<div id=\"articleContent\">\n<p>On je ponovio da je problem iseljavanja gra\u0111ana sa sjevera aktuelan ve\u0107 decenijama, a ne samo sada.<\/p>\n<p>Odgovaraju\u0107i na optu\u017ebe da kao potpredsjednik Vlade za regiona\u010dni razvoj nije uradio ni\u0161ta kako bi unaprijedio polo\u017eaj gra\u0111ana na sjeveru i da manipuli\u0161e stvarnim brojem migranata, Husovi\u0107 je listu &#8220;Dan&#8221; kazao da to nije ta\u010dno i da se u svojim obra\u0107anjima pozivao na jedine relevantne izvore i ta\u010dne podatke.<\/p>\n<p>&#8220;Poznato je da su neke NVO pa i neki politi\u010dki subjekti saop\u0161tavali pau\u0161alne i neprovjerene podatke i smatram da su ti subjekti svjesno vr\u0161ili manipulaciju sa ovim podacima radi svojih interesa. Smatram da na taj na\u010din dovode u zabludu cjelokupnu javnost Crne Gore i direktno potpoma\u017eu, stvaraju\u0107i nerealnu sliku o odlasku, da neki gra\u0111ani odlu\u010de da napuste svoje domove i upute se u neku od dr\u017eava EU sa nadom da \u0107e dobiti azil&#8221;, rekao je on.<\/p>\n<p>Husovi\u0107 nije direktno odgovorio da li \u0107e inicirati da se na Vladi raspravlja o problemu iseljavanja, s obzirom na to \u00a0da je taj problem aktuelan decenijama.<\/p>\n<p>On je konstaovao da, na\u017ealost, sjeverni region jeste znatno nerazvijeniji u odnosu na ostatak dr\u017eave.<\/p>\n<p>Husovi\u0107 je ukazao da se ne mo\u017ee znati ta\u010dan broj gra\u0111ana koji napu\u0161taju dr\u017eavu, jer je to proces koji je svakodnevan, \u201ei gdje imamo da odre\u0111en broj ljudi odlazi, ali da se i odre\u0111eni broj gra\u0111ana vra\u0107a\u201c.<\/p>\n<p>(Analitika)<\/p>\n<\/div>\n","protected":false},"excerpt":{"rendered":"<p>Sand\u017eak- Odre\u0111ene nevladine organizacije i politi\u010dki subjekti radi svijih interesa manipulisali su podacima o broju gra\u0111ana koji su napustili dr\u017eavu u prethodnom periodu, direktno potpoma\u017eu\u0107i tom problmeu nerealnim slikama o odlasku, kazao je potpredsjednik Vlade za regiona\u010dlni razvoj, Rafet Husovi\u0107. On je ponovio da je problem iseljavanja gra\u0111ana sa sjevera aktuelan ve\u0107 decenijama, a ne [&hellip;]<\/p>\n","protected":false},"author":83,"featured_media":130278,"comment_status":"open","ping_status":"open","sticky":false,"template":"","format":"standard","meta":{"footnotes":""},"categories":[398,1,397,10174,396,395,399,10173,8957,798],"tags":[],"class_list":{"0":"post-130277","1":"post","2":"type-post","3":"status-publish","4":"format-standard","5":"has-post-thumbnail","7":"category-rozaje","8":"category-politika","9":"category-berane","10":"category-petnjica-vase-vijesti","11":"category-bijelo_polje","12":"category-pljevlja_","13":"category-plav_","14":"category-gusinje-vase-vijesti","15":"category-vijesti-dana","16":"category-teme"},"yoast_head":"<!-- This site is optimized with the Yoast SEO Premium plugin v23.1 (Yoast SEO v24.9) - https:\/\/yoast.com\/wordpress\/plugins\/seo\/ -->\n<title>Husovi\u0107: &quot;NVO sa sjevera podsti\u010du iseljavanje&quot;<\/title>\n<meta name=\"robots\" content=\"index, follow, max-snippet:-1, max-image-preview:large, max-video-preview:-1\" \/>\n<link rel=\"canonical\" href=\"https:\/\/sandzakpress.net\/arhiva\/husovic-nvo-sa-sjevera-podsticu-iseljavanje\/\" \/>\n<meta property=\"og:locale\" content=\"bs_BA\" \/>\n<meta property=\"og:type\" content=\"article\" \/>\n<meta property=\"og:title\" content=\"Husovi\u0107: &quot;NVO sa sjevera podsti\u010du iseljavanje&quot;\" \/>\n<meta property=\"og:description\" content=\"Sand\u017eak- Odre\u0111ene nevladine organizacije i politi\u010dki subjekti radi svijih interesa manipulisali su podacima o broju gra\u0111ana koji su napustili dr\u017eavu u prethodnom periodu, direktno potpoma\u017eu\u0107i tom problmeu nerealnim slikama o odlasku, kazao je potpredsjednik Vlade za regiona\u010dlni razvoj, Rafet Husovi\u0107. On je ponovio da je problem iseljavanja gra\u0111ana sa sjevera aktuelan ve\u0107 decenijama, a ne [&hellip;]\" \/>\n<meta property=\"og:url\" content=\"https:\/\/sandzakpress.net\/arhiva\/husovic-nvo-sa-sjevera-podsticu-iseljavanje\/\" \/>\n<meta property=\"og:site_name\" content=\"Sand\u017eak PRESS\" \/>\n<meta property=\"article:published_time\" content=\"2015-06-27T10:22:05+00:00\" \/>\n<meta property=\"article:modified_time\" content=\"2015-06-27T10:23:06+00:00\" \/>\n<meta property=\"og:image\" content=\"https:\/\/sandzakpress.net\/arhiva\/wp-content\/uploads\/2015\/06\/558e491e-0b4c-458b-8b38-6f12b0765237-27rh-preview.jpg\" \/>\n\t<meta property=\"og:image:width\" content=\"690\" \/>\n\t<meta property=\"og:image:height\" content=\"340\" \/>\n\t<meta property=\"og:image:type\" content=\"image\/jpeg\" \/>\n<meta name=\"author\" content=\"bosniak\" \/>\n<meta name=\"twitter:card\" content=\"summary_large_image\" \/>\n<meta name=\"twitter:label1\" content=\"Written by\" \/>\n\t<meta name=\"twitter:data1\" content=\"bosniak\" \/>\n\t<meta name=\"twitter:label2\" content=\"Est. reading time\" \/>\n\t<meta name=\"twitter:data2\" content=\"2 minute\" \/>\n<script type=\"application\/ld+json\" class=\"yoast-schema-graph\">{\"@context\":\"https:\/\/schema.org\",\"@graph\":[{\"@type\":\"Article\",\"@id\":\"https:\/\/sandzakpress.net\/arhiva\/husovic-nvo-sa-sjevera-podsticu-iseljavanje\/#article\",\"isPartOf\":{\"@id\":\"https:\/\/sandzakpress.net\/arhiva\/husovic-nvo-sa-sjevera-podsticu-iseljavanje\/\"},\"author\":{\"name\":\"bosniak\",\"@id\":\"https:\/\/sandzakpress.net\/arhiva\/#\/schema\/person\/c8baee722073534b583ea7bdb2e36c02\"},\"headline\":\"Husovi\u0107: &#8220;NVO sa sjevera podsti\u010du iseljavanje&#8221;\",\"datePublished\":\"2015-06-27T10:22:05+00:00\",\"dateModified\":\"2015-06-27T10:23:06+00:00\",\"mainEntityOfPage\":{\"@id\":\"https:\/\/sandzakpress.net\/arhiva\/husovic-nvo-sa-sjevera-podsticu-iseljavanje\/\"},\"wordCount\":308,\"commentCount\":14,\"publisher\":{\"@id\":\"https:\/\/sandzakpress.net\/arhiva\/#\/schema\/person\/6e72b67d6e51910a1117b3b483ba20bd\"},\"image\":{\"@id\":\"https:\/\/sandzakpress.net\/arhiva\/husovic-nvo-sa-sjevera-podsticu-iseljavanje\/#primaryimage\"},\"thumbnailUrl\":\"https:\/\/sandzakpress.net\/arhiva\/wp-content\/uploads\/2015\/06\/558e491e-0b4c-458b-8b38-6f12b0765237-27rh-preview.jpg\",\"articleSection\":[\"Ro\u017eaje\",\"Politika\",\"Berane\",\"Petnjica\",\"Bijelo Polje\",\"Pljevlja\",\"Plav\",\"Gusinje\",\"VIJESTI DANA\",\"NAJNOVIJE\"],\"inLanguage\":\"bs-BA\",\"potentialAction\":[{\"@type\":\"CommentAction\",\"name\":\"Comment\",\"target\":[\"https:\/\/sandzakpress.net\/arhiva\/husovic-nvo-sa-sjevera-podsticu-iseljavanje\/#respond\"]}]},{\"@type\":\"WebPage\",\"@id\":\"https:\/\/sandzakpress.net\/arhiva\/husovic-nvo-sa-sjevera-podsticu-iseljavanje\/\",\"url\":\"https:\/\/sandzakpress.net\/arhiva\/husovic-nvo-sa-sjevera-podsticu-iseljavanje\/\",\"name\":\"Husovi\u0107: \\\"NVO sa sjevera podsti\u010du iseljavanje\\\"\",\"isPartOf\":{\"@id\":\"https:\/\/sandzakpress.net\/arhiva\/#website\"},\"primaryImageOfPage\":{\"@id\":\"https:\/\/sandzakpress.net\/arhiva\/husovic-nvo-sa-sjevera-podsticu-iseljavanje\/#primaryimage\"},\"image\":{\"@id\":\"https:\/\/sandzakpress.net\/arhiva\/husovic-nvo-sa-sjevera-podsticu-iseljavanje\/#primaryimage\"},\"thumbnailUrl\":\"https:\/\/sandzakpress.net\/arhiva\/wp-content\/uploads\/2015\/06\/558e491e-0b4c-458b-8b38-6f12b0765237-27rh-preview.jpg\",\"datePublished\":\"2015-06-27T10:22:05+00:00\",\"dateModified\":\"2015-06-27T10:23:06+00:00\",\"breadcrumb\":{\"@id\":\"https:\/\/sandzakpress.net\/arhiva\/husovic-nvo-sa-sjevera-podsticu-iseljavanje\/#breadcrumb\"},\"inLanguage\":\"bs-BA\",\"potentialAction\":[{\"@type\":\"ReadAction\",\"target\":[\"https:\/\/sandzakpress.net\/arhiva\/husovic-nvo-sa-sjevera-podsticu-iseljavanje\/\"]}]},{\"@type\":\"ImageObject\",\"inLanguage\":\"bs-BA\",\"@id\":\"https:\/\/sandzakpress.net\/arhiva\/husovic-nvo-sa-sjevera-podsticu-iseljavanje\/#primaryimage\",\"url\":\"https:\/\/sandzakpress.net\/arhiva\/wp-content\/uploads\/2015\/06\/558e491e-0b4c-458b-8b38-6f12b0765237-27rh-preview.jpg\",\"contentUrl\":\"https:\/\/sandzakpress.net\/arhiva\/wp-content\/uploads\/2015\/06\/558e491e-0b4c-458b-8b38-6f12b0765237-27rh-preview.jpg\",\"width\":690,\"height\":340},{\"@type\":\"BreadcrumbList\",\"@id\":\"https:\/\/sandzakpress.net\/arhiva\/husovic-nvo-sa-sjevera-podsticu-iseljavanje\/#breadcrumb\",\"itemListElement\":[{\"@type\":\"ListItem\",\"position\":1,\"name\":\"Home\",\"item\":\"https:\/\/sandzakpress.net\/arhiva\/\"},{\"@type\":\"ListItem\",\"position\":2,\"name\":\"Husovi\u0107: &#8220;NVO sa sjevera podsti\u010du iseljavanje&#8221;\"}]},{\"@type\":\"WebSite\",\"@id\":\"https:\/\/sandzakpress.net\/arhiva\/#website\",\"url\":\"https:\/\/sandzakpress.net\/arhiva\/\",\"name\":\"Sand\u017eak PRESS\",\"description\":\"Prve elektronske novine u Sand\u017eaku\",\"publisher\":{\"@id\":\"https:\/\/sandzakpress.net\/arhiva\/#\/schema\/person\/6e72b67d6e51910a1117b3b483ba20bd\"},\"potentialAction\":[{\"@type\":\"SearchAction\",\"target\":{\"@type\":\"EntryPoint\",\"urlTemplate\":\"https:\/\/sandzakpress.net\/arhiva\/?s={search_term_string}\"},\"query-input\":{\"@type\":\"PropertyValueSpecification\",\"valueRequired\":true,\"valueName\":\"search_term_string\"}}],\"inLanguage\":\"bs-BA\"},{\"@type\":[\"Person\",\"Organization\"],\"@id\":\"https:\/\/sandzakpress.net\/arhiva\/#\/schema\/person\/6e72b67d6e51910a1117b3b483ba20bd\",\"name\":\"Kul\",\"image\":{\"@type\":\"ImageObject\",\"inLanguage\":\"bs-BA\",\"@id\":\"https:\/\/sandzakpress.net\/arhiva\/#\/schema\/person\/image\/\",\"url\":\"https:\/\/secure.gravatar.com\/avatar\/42263f39aa27ac04c43cab85c280eb2e?s=96&d=mm&r=pg\",\"contentUrl\":\"https:\/\/secure.gravatar.com\/avatar\/42263f39aa27ac04c43cab85c280eb2e?s=96&d=mm&r=pg\",\"caption\":\"Kul\"},\"logo\":{\"@id\":\"https:\/\/sandzakpress.net\/arhiva\/#\/schema\/person\/image\/\"}},{\"@type\":\"Person\",\"@id\":\"https:\/\/sandzakpress.net\/arhiva\/#\/schema\/person\/c8baee722073534b583ea7bdb2e36c02\",\"name\":\"bosniak\",\"image\":{\"@type\":\"ImageObject\",\"inLanguage\":\"bs-BA\",\"@id\":\"https:\/\/sandzakpress.net\/arhiva\/#\/schema\/person\/image\/\",\"url\":\"https:\/\/secure.gravatar.com\/avatar\/a04fd330bfe3a36a72a0ad4a6d89fca7?s=96&d=mm&r=pg\",\"contentUrl\":\"https:\/\/secure.gravatar.com\/avatar\/a04fd330bfe3a36a72a0ad4a6d89fca7?s=96&d=mm&r=pg\",\"caption\":\"bosniak\"},\"url\":\"https:\/\/sandzakpress.net\/arhiva\/author\/bosniak\/\"}]}<\/script>\n<!-- \/ Yoast SEO Premium plugin. -->","yoast_head_json":{"title":"Husovi\u0107: \"NVO sa sjevera podsti\u010du iseljavanje\"","robots":{"index":"index","follow":"follow","max-snippet":"max-snippet:-1","max-image-preview":"max-image-preview:large","max-video-preview":"max-video-preview:-1"},"canonical":"https:\/\/sandzakpress.net\/arhiva\/husovic-nvo-sa-sjevera-podsticu-iseljavanje\/","og_locale":"bs_BA","og_type":"article","og_title":"Husovi\u0107: \"NVO sa sjevera podsti\u010du iseljavanje\"","og_description":"Sand\u017eak- Odre\u0111ene nevladine organizacije i politi\u010dki subjekti radi svijih interesa manipulisali su podacima o broju gra\u0111ana koji su napustili dr\u017eavu u prethodnom periodu, direktno potpoma\u017eu\u0107i tom problmeu nerealnim slikama o odlasku, kazao je potpredsjednik Vlade za regiona\u010dlni razvoj, Rafet Husovi\u0107. On je ponovio da je problem iseljavanja gra\u0111ana sa sjevera aktuelan ve\u0107 decenijama, a ne [&hellip;]","og_url":"https:\/\/sandzakpress.net\/arhiva\/husovic-nvo-sa-sjevera-podsticu-iseljavanje\/","og_site_name":"Sand\u017eak PRESS","article_published_time":"2015-06-27T10:22:05+00:00","article_modified_time":"2015-06-27T10:23:06+00:00","og_image":[{"width":690,"height":340,"url":"https:\/\/sandzakpress.net\/arhiva\/wp-content\/uploads\/2015\/06\/558e491e-0b4c-458b-8b38-6f12b0765237-27rh-preview.jpg","type":"image\/jpeg"}],"author":"bosniak","twitter_card":"summary_large_image","twitter_misc":{"Written by":"bosniak","Est. reading time":"2 minute"},"schema":{"@context":"https:\/\/schema.org","@graph":[{"@type":"Article","@id":"https:\/\/sandzakpress.net\/arhiva\/husovic-nvo-sa-sjevera-podsticu-iseljavanje\/#article","isPartOf":{"@id":"https:\/\/sandzakpress.net\/arhiva\/husovic-nvo-sa-sjevera-podsticu-iseljavanje\/"},"author":{"name":"bosniak","@id":"https:\/\/sandzakpress.net\/arhiva\/#\/schema\/person\/c8baee722073534b583ea7bdb2e36c02"},"headline":"Husovi\u0107: &#8220;NVO sa sjevera podsti\u010du iseljavanje&#8221;","datePublished":"2015-06-27T10:22:05+00:00","dateModified":"2015-06-27T10:23:06+00:00","mainEntityOfPage":{"@id":"https:\/\/sandzakpress.net\/arhiva\/husovic-nvo-sa-sjevera-podsticu-iseljavanje\/"},"wordCount":308,"commentCount":14,"publisher":{"@id":"https:\/\/sandzakpress.net\/arhiva\/#\/schema\/person\/6e72b67d6e51910a1117b3b483ba20bd"},"image":{"@id":"https:\/\/sandzakpress.net\/arhiva\/husovic-nvo-sa-sjevera-podsticu-iseljavanje\/#primaryimage"},"thumbnailUrl":"https:\/\/sandzakpress.net\/arhiva\/wp-content\/uploads\/2015\/06\/558e491e-0b4c-458b-8b38-6f12b0765237-27rh-preview.jpg","articleSection":["Ro\u017eaje","Politika","Berane","Petnjica","Bijelo Polje","Pljevlja","Plav","Gusinje","VIJESTI DANA","NAJNOVIJE"],"inLanguage":"bs-BA","potentialAction":[{"@type":"CommentAction","name":"Comment","target":["https:\/\/sandzakpress.net\/arhiva\/husovic-nvo-sa-sjevera-podsticu-iseljavanje\/#respond"]}]},{"@type":"WebPage","@id":"https:\/\/sandzakpress.net\/arhiva\/husovic-nvo-sa-sjevera-podsticu-iseljavanje\/","url":"https:\/\/sandzakpress.net\/arhiva\/husovic-nvo-sa-sjevera-podsticu-iseljavanje\/","name":"Husovi\u0107: \"NVO sa sjevera podsti\u010du iseljavanje\"","isPartOf":{"@id":"https:\/\/sandzakpress.net\/arhiva\/#website"},"primaryImageOfPage":{"@id":"https:\/\/sandzakpress.net\/arhiva\/husovic-nvo-sa-sjevera-podsticu-iseljavanje\/#primaryimage"},"image":{"@id":"https:\/\/sandzakpress.net\/arhiva\/husovic-nvo-sa-sjevera-podsticu-iseljavanje\/#primaryimage"},"thumbnailUrl":"https:\/\/sandzakpress.net\/arhiva\/wp-content\/uploads\/2015\/06\/558e491e-0b4c-458b-8b38-6f12b0765237-27rh-preview.jpg","datePublished":"2015-06-27T10:22:05+00:00","dateModified":"2015-06-27T10:23:06+00:00","breadcrumb":{"@id":"https:\/\/sandzakpress.net\/arhiva\/husovic-nvo-sa-sjevera-podsticu-iseljavanje\/#breadcrumb"},"inLanguage":"bs-BA","potentialAction":[{"@type":"ReadAction","target":["https:\/\/sandzakpress.net\/arhiva\/husovic-nvo-sa-sjevera-podsticu-iseljavanje\/"]}]},{"@type":"ImageObject","inLanguage":"bs-BA","@id":"https:\/\/sandzakpress.net\/arhiva\/husovic-nvo-sa-sjevera-podsticu-iseljavanje\/#primaryimage","url":"https:\/\/sandzakpress.net\/arhiva\/wp-content\/uploads\/2015\/06\/558e491e-0b4c-458b-8b38-6f12b0765237-27rh-preview.jpg","contentUrl":"https:\/\/sandzakpress.net\/arhiva\/wp-content\/uploads\/2015\/06\/558e491e-0b4c-458b-8b38-6f12b0765237-27rh-preview.jpg","width":690,"height":340},{"@type":"BreadcrumbList","@id":"https:\/\/sandzakpress.net\/arhiva\/husovic-nvo-sa-sjevera-podsticu-iseljavanje\/#breadcrumb","itemListElement":[{"@type":"ListItem","position":1,"name":"Home","item":"https:\/\/sandzakpress.net\/arhiva\/"},{"@type":"ListItem","position":2,"name":"Husovi\u0107: &#8220;NVO sa sjevera podsti\u010du iseljavanje&#8221;"}]},{"@type":"WebSite","@id":"https:\/\/sandzakpress.net\/arhiva\/#website","url":"https:\/\/sandzakpress.net\/arhiva\/","name":"Sand\u017eak PRESS","description":"Prve elektronske novine u Sand\u017eaku","publisher":{"@id":"https:\/\/sandzakpress.net\/arhiva\/#\/schema\/person\/6e72b67d6e51910a1117b3b483ba20bd"},"potentialAction":[{"@type":"SearchAction","target":{"@type":"EntryPoint","urlTemplate":"https:\/\/sandzakpress.net\/arhiva\/?s={search_term_string}"},"query-input":{"@type":"PropertyValueSpecification","valueRequired":true,"valueName":"search_term_string"}}],"inLanguage":"bs-BA"},{"@type":["Person","Organization"],"@id":"https:\/\/sandzakpress.net\/arhiva\/#\/schema\/person\/6e72b67d6e51910a1117b3b483ba20bd","name":"Kul","image":{"@type":"ImageObject","inLanguage":"bs-BA","@id":"https:\/\/sandzakpress.net\/arhiva\/#\/schema\/person\/image\/","url":"https:\/\/secure.gravatar.com\/avatar\/42263f39aa27ac04c43cab85c280eb2e?s=96&d=mm&r=pg","contentUrl":"https:\/\/secure.gravatar.com\/avatar\/42263f39aa27ac04c43cab85c280eb2e?s=96&d=mm&r=pg","caption":"Kul"},"logo":{"@id":"https:\/\/sandzakpress.net\/arhiva\/#\/schema\/person\/image\/"}},{"@type":"Person","@id":"https:\/\/sandzakpress.net\/arhiva\/#\/schema\/person\/c8baee722073534b583ea7bdb2e36c02","name":"bosniak","image":{"@type":"ImageObject","inLanguage":"bs-BA","@id":"https:\/\/sandzakpress.net\/arhiva\/#\/schema\/person\/image\/","url":"https:\/\/secure.gravatar.com\/avatar\/a04fd330bfe3a36a72a0ad4a6d89fca7?s=96&d=mm&r=pg","contentUrl":"https:\/\/secure.gravatar.com\/avatar\/a04fd330bfe3a36a72a0ad4a6d89fca7?s=96&d=mm&r=pg","caption":"bosniak"},"url":"https:\/\/sandzakpress.net\/arhiva\/author\/bosniak\/"}]}},"_links":{"self":[{"href":"https:\/\/sandzakpress.net\/arhiva\/wp-json\/wp\/v2\/posts\/130277"}],"collection":[{"href":"https:\/\/sandzakpress.net\/arhiva\/wp-json\/wp\/v2\/posts"}],"about":[{"href":"https:\/\/sandzakpress.net\/arhiva\/wp-json\/wp\/v2\/types\/post"}],"author":[{"embeddable":true,"href":"https:\/\/sandzakpress.net\/arhiva\/wp-json\/wp\/v2\/users\/83"}],"replies":[{"embeddable":true,"href":"https:\/\/sandzakpress.net\/arhiva\/wp-json\/wp\/v2\/comments?post=130277"}],"version-history":[{"count":0,"href":"https:\/\/sandzakpress.net\/arhiva\/wp-json\/wp\/v2\/posts\/130277\/revisions"}],"wp:featuredmedia":[{"embeddable":true,"href":"https:\/\/sandzakpress.net\/arhiva\/wp-json\/wp\/v2\/media\/130278"}],"wp:attachment":[{"href":"https:\/\/sandzakpress.net\/arhiva\/wp-json\/wp\/v2\/media?parent=130277"}],"wp:term":[{"taxonomy":"category","embeddable":true,"href":"https:\/\/sandzakpress.net\/arhiva\/wp-json\/wp\/v2\/categories?post=130277"},{"taxonomy":"post_tag","embeddable":true,"href":"https:\/\/sandzakpress.net\/arhiva\/wp-json\/wp\/v2\/tags?post=130277"}],"curies":[{"name":"wp","href":"https:\/\/api.w.org\/{rel}","templated":true}]}}