{"id":13012,"date":"2011-02-20T17:04:11","date_gmt":"2011-02-20T16:04:11","guid":{"rendered":"https:\/\/sandzakpress.net\/arhiva\/?p=13012"},"modified":"2011-02-20T17:04:11","modified_gmt":"2011-02-20T16:04:11","slug":"bkz-prikuplja-informacije-o-genocidima-i-zlocinima","status":"publish","type":"post","link":"https:\/\/sandzakpress.net\/arhiva\/bkz-prikuplja-informacije-o-genocidima-i-zlocinima\/","title":{"rendered":"BKZ prikuplja informacije o genocidima i zlo\u010dinima"},"content":{"rendered":"<p><strong><a href=\"https:\/\/sandzakpress.net\/arhiva\/wp-content\/uploads\/2011\/02\/javni-poziv-inforamcije-o-genocidima.jpg\"><img loading=\"lazy\" decoding=\"async\" class=\"alignleft size-medium wp-image-13013\" title=\"javni poziv - inforamcije o genocidima\" src=\"https:\/\/sandzakpress.net\/arhiva\/wp-content\/uploads\/2011\/02\/javni-poziv-inforamcije-o-genocidima-300x183.jpg\" alt=\"\" width=\"300\" height=\"183\" \/><\/a>Sand\u017eak &#8211; Bo\u0161nja\u010dka kulturna zajednica poziva sve one koji imaju bila kakva saznanja, dokumentaciju ili su \u017ertve i svejdoci bilo kog od genocida i zlo\u010dina koji su se desili nad Bo\u0161njacima Sand\u017eaka da se jave u prostorije Centrale BKZ-a (ulica Gradska 1, 36 300 Novi Pazar) ili u nekoj od podru\u017enica BKZ-a u ostalim sand\u017ea\u010dkim gradovima.<\/strong><\/p>\n<p>Bo\u0161nja\u010dka kulturna zajednica \u0107e u narednom periodu prikupljati dokumentaciju, bilje\u017eiti svjedo\u010denja i pripremati infrastrukturu Institutu za istra\u017eivanja genocida nad Bo\u0161njacima Sand\u017eaka \u010dija \u0107e zada\u0107a biti da rasvijetli sve skrivene i namjerno zata\u0161kivane genocidne i zlo\u010dine u cilju sazanja istine i objelodanjivanja svih \u010dinjenica koje su dovele do ubistava, strijeljanja, klanja, silovanja, mu\u010denja, prebijanja i svakog drugog vida torture civilnog stanovni\u0161tva kako u daljoj tako i u bli\u017eoj pro\u0161losti.<\/p>\n<p>Bo\u0161nja\u010dka kulturna zajednica \u0107e u saradnji sa svim ostalim bo\u0161nja\u010dkim institucijama pokrenuti rehabilitacione i druge postupke kojima \u0107e se vratiti dostojanstvo Bo\u0161njacima i bar djelimi\u010dno nadomjestiti materijalna i nematerijalna \u0161teta \u017ertvama i njihovim porodicama.<\/p>\n<p>Izvor:\u00a0<strong>BKZ.rs<\/strong><\/p>\n","protected":false},"excerpt":{"rendered":"<p>Sand\u017eak &#8211; Bo\u0161nja\u010dka kulturna zajednica poziva sve one koji imaju bila kakva saznanja, dokumentaciju ili su \u017ertve i svejdoci bilo kog od genocida i zlo\u010dina koji su se desili nad Bo\u0161njacima Sand\u017eaka da se jave u prostorije Centrale BKZ-a (ulica Gradska 1, 36 300 Novi Pazar) ili u nekoj od podru\u017enica BKZ-a u ostalim sand\u017ea\u010dkim [&hellip;]<\/p>\n","protected":false},"author":83,"featured_media":13013,"comment_status":"open","ping_status":"open","sticky":false,"template":"","format":"standard","meta":{"footnotes":""},"categories":[398,800,72,2860,3012,397,2690,52,327,392,396,393,395,2691,394,399,2692,2693],"tags":[],"class_list":{"0":"post-13012","1":"post","2":"type-post","3":"status-publish","4":"format-standard","5":"has-post-thumbnail","7":"category-rozaje","8":"category-nacija","9":"category-novi-pazar","10":"category-bosna-i-hercegovina-gradovi","11":"category-amerika-gradovi","12":"category-berane","13":"category-kosovo-gradovi","14":"category-sjenica","15":"category-tutin","16":"category-prijepolje_","17":"category-bijelo_polje","18":"category-priboj","19":"category-pljevlja_","20":"category-makedonija","21":"category-nova-varos","22":"category-plav_","23":"category-turska-gradovi","24":"category-dijaspora-gradovi"},"yoast_head":"<!-- This site is optimized with the Yoast SEO Premium plugin v23.1 (Yoast SEO v24.9) - https:\/\/yoast.com\/wordpress\/plugins\/seo\/ -->\n<title>BKZ prikuplja informacije o genocidima i zlo\u010dinima<\/title>\n<meta name=\"robots\" content=\"index, follow, max-snippet:-1, max-image-preview:large, max-video-preview:-1\" \/>\n<link rel=\"canonical\" href=\"https:\/\/sandzakpress.net\/arhiva\/bkz-prikuplja-informacije-o-genocidima-i-zlocinima\/\" \/>\n<meta property=\"og:locale\" content=\"bs_BA\" \/>\n<meta property=\"og:type\" content=\"article\" \/>\n<meta property=\"og:title\" content=\"BKZ prikuplja informacije o genocidima i zlo\u010dinima\" \/>\n<meta property=\"og:description\" content=\"Sand\u017eak &#8211; Bo\u0161nja\u010dka kulturna zajednica poziva sve one koji imaju bila kakva saznanja, dokumentaciju ili su \u017ertve i svejdoci bilo kog od genocida i zlo\u010dina koji su se desili nad Bo\u0161njacima Sand\u017eaka da se jave u prostorije Centrale BKZ-a (ulica Gradska 1, 36 300 Novi Pazar) ili u nekoj od podru\u017enica BKZ-a u ostalim sand\u017ea\u010dkim [&hellip;]\" \/>\n<meta property=\"og:url\" content=\"https:\/\/sandzakpress.net\/arhiva\/bkz-prikuplja-informacije-o-genocidima-i-zlocinima\/\" \/>\n<meta property=\"og:site_name\" content=\"Sand\u017eak PRESS\" \/>\n<meta property=\"article:published_time\" content=\"2011-02-20T16:04:11+00:00\" \/>\n<meta property=\"og:image\" content=\"https:\/\/sandzakpress.net\/arhiva\/wp-content\/uploads\/2011\/02\/javni-poziv-inforamcije-o-genocidima.jpg\" \/>\n\t<meta property=\"og:image:width\" content=\"616\" \/>\n\t<meta property=\"og:image:height\" content=\"377\" \/>\n\t<meta property=\"og:image:type\" content=\"image\/jpeg\" \/>\n<meta name=\"author\" content=\"bosniak\" \/>\n<meta name=\"twitter:card\" content=\"summary_large_image\" \/>\n<meta name=\"twitter:label1\" content=\"Written by\" \/>\n\t<meta name=\"twitter:data1\" content=\"bosniak\" \/>\n\t<meta name=\"twitter:label2\" content=\"Est. reading time\" \/>\n\t<meta name=\"twitter:data2\" content=\"1 minuta\" \/>\n<script type=\"application\/ld+json\" class=\"yoast-schema-graph\">{\"@context\":\"https:\/\/schema.org\",\"@graph\":[{\"@type\":\"Article\",\"@id\":\"https:\/\/sandzakpress.net\/arhiva\/bkz-prikuplja-informacije-o-genocidima-i-zlocinima\/#article\",\"isPartOf\":{\"@id\":\"https:\/\/sandzakpress.net\/arhiva\/bkz-prikuplja-informacije-o-genocidima-i-zlocinima\/\"},\"author\":{\"name\":\"bosniak\",\"@id\":\"https:\/\/sandzakpress.net\/arhiva\/#\/schema\/person\/c8baee722073534b583ea7bdb2e36c02\"},\"headline\":\"BKZ prikuplja informacije o genocidima i zlo\u010dinima\",\"datePublished\":\"2011-02-20T16:04:11+00:00\",\"mainEntityOfPage\":{\"@id\":\"https:\/\/sandzakpress.net\/arhiva\/bkz-prikuplja-informacije-o-genocidima-i-zlocinima\/\"},\"wordCount\":195,\"commentCount\":0,\"publisher\":{\"@id\":\"https:\/\/sandzakpress.net\/arhiva\/#\/schema\/person\/6e72b67d6e51910a1117b3b483ba20bd\"},\"image\":{\"@id\":\"https:\/\/sandzakpress.net\/arhiva\/bkz-prikuplja-informacije-o-genocidima-i-zlocinima\/#primaryimage\"},\"thumbnailUrl\":\"https:\/\/sandzakpress.net\/arhiva\/wp-content\/uploads\/2011\/02\/javni-poziv-inforamcije-o-genocidima.jpg\",\"articleSection\":[\"Ro\u017eaje\",\"Nacija\",\"Novi Pazar\",\"Bosna i Hercegovina\",\"Amerika\",\"Berane\",\"Kosovo\",\"Sjenica\",\"Tutin\",\"Prijepolje\",\"Bijelo Polje\",\"Priboj\",\"Pljevlja\",\"Makedonija\",\"Nova Varo\u0161\",\"Plav\",\"Turska\",\"Evropa\"],\"inLanguage\":\"bs-BA\",\"potentialAction\":[{\"@type\":\"CommentAction\",\"name\":\"Comment\",\"target\":[\"https:\/\/sandzakpress.net\/arhiva\/bkz-prikuplja-informacije-o-genocidima-i-zlocinima\/#respond\"]}]},{\"@type\":\"WebPage\",\"@id\":\"https:\/\/sandzakpress.net\/arhiva\/bkz-prikuplja-informacije-o-genocidima-i-zlocinima\/\",\"url\":\"https:\/\/sandzakpress.net\/arhiva\/bkz-prikuplja-informacije-o-genocidima-i-zlocinima\/\",\"name\":\"BKZ prikuplja informacije o genocidima i zlo\u010dinima\",\"isPartOf\":{\"@id\":\"https:\/\/sandzakpress.net\/arhiva\/#website\"},\"primaryImageOfPage\":{\"@id\":\"https:\/\/sandzakpress.net\/arhiva\/bkz-prikuplja-informacije-o-genocidima-i-zlocinima\/#primaryimage\"},\"image\":{\"@id\":\"https:\/\/sandzakpress.net\/arhiva\/bkz-prikuplja-informacije-o-genocidima-i-zlocinima\/#primaryimage\"},\"thumbnailUrl\":\"https:\/\/sandzakpress.net\/arhiva\/wp-content\/uploads\/2011\/02\/javni-poziv-inforamcije-o-genocidima.jpg\",\"datePublished\":\"2011-02-20T16:04:11+00:00\",\"breadcrumb\":{\"@id\":\"https:\/\/sandzakpress.net\/arhiva\/bkz-prikuplja-informacije-o-genocidima-i-zlocinima\/#breadcrumb\"},\"inLanguage\":\"bs-BA\",\"potentialAction\":[{\"@type\":\"ReadAction\",\"target\":[\"https:\/\/sandzakpress.net\/arhiva\/bkz-prikuplja-informacije-o-genocidima-i-zlocinima\/\"]}]},{\"@type\":\"ImageObject\",\"inLanguage\":\"bs-BA\",\"@id\":\"https:\/\/sandzakpress.net\/arhiva\/bkz-prikuplja-informacije-o-genocidima-i-zlocinima\/#primaryimage\",\"url\":\"https:\/\/sandzakpress.net\/arhiva\/wp-content\/uploads\/2011\/02\/javni-poziv-inforamcije-o-genocidima.jpg\",\"contentUrl\":\"https:\/\/sandzakpress.net\/arhiva\/wp-content\/uploads\/2011\/02\/javni-poziv-inforamcije-o-genocidima.jpg\",\"width\":616,\"height\":377},{\"@type\":\"BreadcrumbList\",\"@id\":\"https:\/\/sandzakpress.net\/arhiva\/bkz-prikuplja-informacije-o-genocidima-i-zlocinima\/#breadcrumb\",\"itemListElement\":[{\"@type\":\"ListItem\",\"position\":1,\"name\":\"Home\",\"item\":\"https:\/\/sandzakpress.net\/arhiva\/\"},{\"@type\":\"ListItem\",\"position\":2,\"name\":\"BKZ prikuplja informacije o genocidima i zlo\u010dinima\"}]},{\"@type\":\"WebSite\",\"@id\":\"https:\/\/sandzakpress.net\/arhiva\/#website\",\"url\":\"https:\/\/sandzakpress.net\/arhiva\/\",\"name\":\"Sand\u017eak PRESS\",\"description\":\"Prve elektronske novine u Sand\u017eaku\",\"publisher\":{\"@id\":\"https:\/\/sandzakpress.net\/arhiva\/#\/schema\/person\/6e72b67d6e51910a1117b3b483ba20bd\"},\"potentialAction\":[{\"@type\":\"SearchAction\",\"target\":{\"@type\":\"EntryPoint\",\"urlTemplate\":\"https:\/\/sandzakpress.net\/arhiva\/?s={search_term_string}\"},\"query-input\":{\"@type\":\"PropertyValueSpecification\",\"valueRequired\":true,\"valueName\":\"search_term_string\"}}],\"inLanguage\":\"bs-BA\"},{\"@type\":[\"Person\",\"Organization\"],\"@id\":\"https:\/\/sandzakpress.net\/arhiva\/#\/schema\/person\/6e72b67d6e51910a1117b3b483ba20bd\",\"name\":\"Kul\",\"image\":{\"@type\":\"ImageObject\",\"inLanguage\":\"bs-BA\",\"@id\":\"https:\/\/sandzakpress.net\/arhiva\/#\/schema\/person\/image\/\",\"url\":\"https:\/\/secure.gravatar.com\/avatar\/42263f39aa27ac04c43cab85c280eb2e?s=96&d=mm&r=pg\",\"contentUrl\":\"https:\/\/secure.gravatar.com\/avatar\/42263f39aa27ac04c43cab85c280eb2e?s=96&d=mm&r=pg\",\"caption\":\"Kul\"},\"logo\":{\"@id\":\"https:\/\/sandzakpress.net\/arhiva\/#\/schema\/person\/image\/\"}},{\"@type\":\"Person\",\"@id\":\"https:\/\/sandzakpress.net\/arhiva\/#\/schema\/person\/c8baee722073534b583ea7bdb2e36c02\",\"name\":\"bosniak\",\"image\":{\"@type\":\"ImageObject\",\"inLanguage\":\"bs-BA\",\"@id\":\"https:\/\/sandzakpress.net\/arhiva\/#\/schema\/person\/image\/\",\"url\":\"https:\/\/secure.gravatar.com\/avatar\/a04fd330bfe3a36a72a0ad4a6d89fca7?s=96&d=mm&r=pg\",\"contentUrl\":\"https:\/\/secure.gravatar.com\/avatar\/a04fd330bfe3a36a72a0ad4a6d89fca7?s=96&d=mm&r=pg\",\"caption\":\"bosniak\"},\"url\":\"https:\/\/sandzakpress.net\/arhiva\/author\/bosniak\/\"}]}<\/script>\n<!-- \/ Yoast SEO Premium plugin. -->","yoast_head_json":{"title":"BKZ prikuplja informacije o genocidima i zlo\u010dinima","robots":{"index":"index","follow":"follow","max-snippet":"max-snippet:-1","max-image-preview":"max-image-preview:large","max-video-preview":"max-video-preview:-1"},"canonical":"https:\/\/sandzakpress.net\/arhiva\/bkz-prikuplja-informacije-o-genocidima-i-zlocinima\/","og_locale":"bs_BA","og_type":"article","og_title":"BKZ prikuplja informacije o genocidima i zlo\u010dinima","og_description":"Sand\u017eak &#8211; Bo\u0161nja\u010dka kulturna zajednica poziva sve one koji imaju bila kakva saznanja, dokumentaciju ili su \u017ertve i svejdoci bilo kog od genocida i zlo\u010dina koji su se desili nad Bo\u0161njacima Sand\u017eaka da se jave u prostorije Centrale BKZ-a (ulica Gradska 1, 36 300 Novi Pazar) ili u nekoj od podru\u017enica BKZ-a u ostalim sand\u017ea\u010dkim [&hellip;]","og_url":"https:\/\/sandzakpress.net\/arhiva\/bkz-prikuplja-informacije-o-genocidima-i-zlocinima\/","og_site_name":"Sand\u017eak PRESS","article_published_time":"2011-02-20T16:04:11+00:00","og_image":[{"width":616,"height":377,"url":"https:\/\/sandzakpress.net\/arhiva\/wp-content\/uploads\/2011\/02\/javni-poziv-inforamcije-o-genocidima.jpg","type":"image\/jpeg"}],"author":"bosniak","twitter_card":"summary_large_image","twitter_misc":{"Written by":"bosniak","Est. reading time":"1 minuta"},"schema":{"@context":"https:\/\/schema.org","@graph":[{"@type":"Article","@id":"https:\/\/sandzakpress.net\/arhiva\/bkz-prikuplja-informacije-o-genocidima-i-zlocinima\/#article","isPartOf":{"@id":"https:\/\/sandzakpress.net\/arhiva\/bkz-prikuplja-informacije-o-genocidima-i-zlocinima\/"},"author":{"name":"bosniak","@id":"https:\/\/sandzakpress.net\/arhiva\/#\/schema\/person\/c8baee722073534b583ea7bdb2e36c02"},"headline":"BKZ prikuplja informacije o genocidima i zlo\u010dinima","datePublished":"2011-02-20T16:04:11+00:00","mainEntityOfPage":{"@id":"https:\/\/sandzakpress.net\/arhiva\/bkz-prikuplja-informacije-o-genocidima-i-zlocinima\/"},"wordCount":195,"commentCount":0,"publisher":{"@id":"https:\/\/sandzakpress.net\/arhiva\/#\/schema\/person\/6e72b67d6e51910a1117b3b483ba20bd"},"image":{"@id":"https:\/\/sandzakpress.net\/arhiva\/bkz-prikuplja-informacije-o-genocidima-i-zlocinima\/#primaryimage"},"thumbnailUrl":"https:\/\/sandzakpress.net\/arhiva\/wp-content\/uploads\/2011\/02\/javni-poziv-inforamcije-o-genocidima.jpg","articleSection":["Ro\u017eaje","Nacija","Novi Pazar","Bosna i Hercegovina","Amerika","Berane","Kosovo","Sjenica","Tutin","Prijepolje","Bijelo Polje","Priboj","Pljevlja","Makedonija","Nova Varo\u0161","Plav","Turska","Evropa"],"inLanguage":"bs-BA","potentialAction":[{"@type":"CommentAction","name":"Comment","target":["https:\/\/sandzakpress.net\/arhiva\/bkz-prikuplja-informacije-o-genocidima-i-zlocinima\/#respond"]}]},{"@type":"WebPage","@id":"https:\/\/sandzakpress.net\/arhiva\/bkz-prikuplja-informacije-o-genocidima-i-zlocinima\/","url":"https:\/\/sandzakpress.net\/arhiva\/bkz-prikuplja-informacije-o-genocidima-i-zlocinima\/","name":"BKZ prikuplja informacije o genocidima i zlo\u010dinima","isPartOf":{"@id":"https:\/\/sandzakpress.net\/arhiva\/#website"},"primaryImageOfPage":{"@id":"https:\/\/sandzakpress.net\/arhiva\/bkz-prikuplja-informacije-o-genocidima-i-zlocinima\/#primaryimage"},"image":{"@id":"https:\/\/sandzakpress.net\/arhiva\/bkz-prikuplja-informacije-o-genocidima-i-zlocinima\/#primaryimage"},"thumbnailUrl":"https:\/\/sandzakpress.net\/arhiva\/wp-content\/uploads\/2011\/02\/javni-poziv-inforamcije-o-genocidima.jpg","datePublished":"2011-02-20T16:04:11+00:00","breadcrumb":{"@id":"https:\/\/sandzakpress.net\/arhiva\/bkz-prikuplja-informacije-o-genocidima-i-zlocinima\/#breadcrumb"},"inLanguage":"bs-BA","potentialAction":[{"@type":"ReadAction","target":["https:\/\/sandzakpress.net\/arhiva\/bkz-prikuplja-informacije-o-genocidima-i-zlocinima\/"]}]},{"@type":"ImageObject","inLanguage":"bs-BA","@id":"https:\/\/sandzakpress.net\/arhiva\/bkz-prikuplja-informacije-o-genocidima-i-zlocinima\/#primaryimage","url":"https:\/\/sandzakpress.net\/arhiva\/wp-content\/uploads\/2011\/02\/javni-poziv-inforamcije-o-genocidima.jpg","contentUrl":"https:\/\/sandzakpress.net\/arhiva\/wp-content\/uploads\/2011\/02\/javni-poziv-inforamcije-o-genocidima.jpg","width":616,"height":377},{"@type":"BreadcrumbList","@id":"https:\/\/sandzakpress.net\/arhiva\/bkz-prikuplja-informacije-o-genocidima-i-zlocinima\/#breadcrumb","itemListElement":[{"@type":"ListItem","position":1,"name":"Home","item":"https:\/\/sandzakpress.net\/arhiva\/"},{"@type":"ListItem","position":2,"name":"BKZ prikuplja informacije o genocidima i zlo\u010dinima"}]},{"@type":"WebSite","@id":"https:\/\/sandzakpress.net\/arhiva\/#website","url":"https:\/\/sandzakpress.net\/arhiva\/","name":"Sand\u017eak PRESS","description":"Prve elektronske novine u Sand\u017eaku","publisher":{"@id":"https:\/\/sandzakpress.net\/arhiva\/#\/schema\/person\/6e72b67d6e51910a1117b3b483ba20bd"},"potentialAction":[{"@type":"SearchAction","target":{"@type":"EntryPoint","urlTemplate":"https:\/\/sandzakpress.net\/arhiva\/?s={search_term_string}"},"query-input":{"@type":"PropertyValueSpecification","valueRequired":true,"valueName":"search_term_string"}}],"inLanguage":"bs-BA"},{"@type":["Person","Organization"],"@id":"https:\/\/sandzakpress.net\/arhiva\/#\/schema\/person\/6e72b67d6e51910a1117b3b483ba20bd","name":"Kul","image":{"@type":"ImageObject","inLanguage":"bs-BA","@id":"https:\/\/sandzakpress.net\/arhiva\/#\/schema\/person\/image\/","url":"https:\/\/secure.gravatar.com\/avatar\/42263f39aa27ac04c43cab85c280eb2e?s=96&d=mm&r=pg","contentUrl":"https:\/\/secure.gravatar.com\/avatar\/42263f39aa27ac04c43cab85c280eb2e?s=96&d=mm&r=pg","caption":"Kul"},"logo":{"@id":"https:\/\/sandzakpress.net\/arhiva\/#\/schema\/person\/image\/"}},{"@type":"Person","@id":"https:\/\/sandzakpress.net\/arhiva\/#\/schema\/person\/c8baee722073534b583ea7bdb2e36c02","name":"bosniak","image":{"@type":"ImageObject","inLanguage":"bs-BA","@id":"https:\/\/sandzakpress.net\/arhiva\/#\/schema\/person\/image\/","url":"https:\/\/secure.gravatar.com\/avatar\/a04fd330bfe3a36a72a0ad4a6d89fca7?s=96&d=mm&r=pg","contentUrl":"https:\/\/secure.gravatar.com\/avatar\/a04fd330bfe3a36a72a0ad4a6d89fca7?s=96&d=mm&r=pg","caption":"bosniak"},"url":"https:\/\/sandzakpress.net\/arhiva\/author\/bosniak\/"}]}},"_links":{"self":[{"href":"https:\/\/sandzakpress.net\/arhiva\/wp-json\/wp\/v2\/posts\/13012"}],"collection":[{"href":"https:\/\/sandzakpress.net\/arhiva\/wp-json\/wp\/v2\/posts"}],"about":[{"href":"https:\/\/sandzakpress.net\/arhiva\/wp-json\/wp\/v2\/types\/post"}],"author":[{"embeddable":true,"href":"https:\/\/sandzakpress.net\/arhiva\/wp-json\/wp\/v2\/users\/83"}],"replies":[{"embeddable":true,"href":"https:\/\/sandzakpress.net\/arhiva\/wp-json\/wp\/v2\/comments?post=13012"}],"version-history":[{"count":0,"href":"https:\/\/sandzakpress.net\/arhiva\/wp-json\/wp\/v2\/posts\/13012\/revisions"}],"wp:featuredmedia":[{"embeddable":true,"href":"https:\/\/sandzakpress.net\/arhiva\/wp-json\/wp\/v2\/media\/13013"}],"wp:attachment":[{"href":"https:\/\/sandzakpress.net\/arhiva\/wp-json\/wp\/v2\/media?parent=13012"}],"wp:term":[{"taxonomy":"category","embeddable":true,"href":"https:\/\/sandzakpress.net\/arhiva\/wp-json\/wp\/v2\/categories?post=13012"},{"taxonomy":"post_tag","embeddable":true,"href":"https:\/\/sandzakpress.net\/arhiva\/wp-json\/wp\/v2\/tags?post=13012"}],"curies":[{"name":"wp","href":"https:\/\/api.w.org\/{rel}","templated":true}]}}