{"id":129973,"date":"2015-06-22T11:56:32","date_gmt":"2015-06-22T09:56:32","guid":{"rendered":"https:\/\/sandzakpress.net\/arhiva\/?p=129973"},"modified":"2015-06-22T11:56:32","modified_gmt":"2015-06-22T09:56:32","slug":"gusinjanin-na-smrt-izboden-u-njujorku","status":"publish","type":"post","link":"https:\/\/sandzakpress.net\/arhiva\/gusinjanin-na-smrt-izboden-u-njujorku\/","title":{"rendered":"Gusinjanin na smrt izboden u Njujorku"},"content":{"rendered":"<div class=\"col-xs-12 izdvojen-dio\">\n<div class=\"short-text\"><img decoding=\"async\" src=\"http:\/\/www.img2.cdm.me\/sites\/cdm.bild-studio.me\/files\/styles\/301x227\/public\/multimedia\/foto\/2015\/06\/22\/newyork_2705424b.jpg\" alt=\"\" \/><\/div>\n<div class=\"short-text\">\u00a0<\/div>\n<div class=\"short-text\"><strong>Amerika &#8211; Njujor\u0161ka policija prona\u0161la je ju\u010de be\u017eivotno tijelo Envera Julevi\u0107a (54) u njegovom stanu u Astoriji, objavili su ju\u010de ameri\u010dki mediji. Portal &#8220;Fokus press&#8221; prenosi da je Julevi\u0107 porijeklom iz Gusinja.<\/strong><\/div>\n<div class=\"long-text\">\n<div class=\"body-text\">\n<p>Ameri\u010dki mediji pi\u0161u da su policajci prona\u0161li Julevi\u0107evo tijelo, na kojem su bili vidljivi ubodi od no\u017ea, u kuhinji njegovog stana koji se nalazi\u00a0na adresi 12. ulica, u blizini 31. Avenije.<\/p>\n<p>Motiv za ubistvo jo\u0161 nije poznat, a u stanu nije bilo nikakvih znakova provale ili borbe, navode izvori tamo\u0161njih medija.<\/p>\n<p>Nakon obdukcije bi\u0107e saop\u0161teno kada je Julevi\u0107 ubijen. Za sada nema uhap\u0161enih, a istraga je u toku, saop\u0161tili su ameri\u010dki nadle\u017eni organi, a prenosi Astoriapost.<\/p>\n<p>(Cdm)<\/p>\n<\/div>\n<\/div>\n<\/div>\n","protected":false},"excerpt":{"rendered":"<p>\u00a0 Amerika &#8211; Njujor\u0161ka policija prona\u0161la je ju\u010de be\u017eivotno tijelo Envera Julevi\u0107a (54) u njegovom stanu u Astoriji, objavili su ju\u010de ameri\u010dki mediji. Portal &#8220;Fokus press&#8221; prenosi da je Julevi\u0107 porijeklom iz Gusinja. Ameri\u010dki mediji pi\u0161u da su policajci prona\u0161li Julevi\u0107evo tijelo, na kojem su bili vidljivi ubodi od no\u017ea, u kuhinji njegovog stana koji [&hellip;]<\/p>\n","protected":false},"author":83,"featured_media":129974,"comment_status":"open","ping_status":"open","sticky":false,"template":"","format":"standard","meta":{"footnotes":""},"categories":[3012,9,798],"tags":[],"class_list":{"0":"post-129973","1":"post","2":"type-post","3":"status-publish","4":"format-standard","5":"has-post-thumbnail","7":"category-amerika-gradovi","8":"category-svijet","9":"category-teme"},"yoast_head":"<!-- This site is optimized with the Yoast SEO Premium plugin v23.1 (Yoast SEO v24.9) - https:\/\/yoast.com\/wordpress\/plugins\/seo\/ -->\n<title>Gusinjanin na smrt izboden u Njujorku<\/title>\n<meta name=\"robots\" content=\"index, follow, max-snippet:-1, max-image-preview:large, max-video-preview:-1\" \/>\n<link rel=\"canonical\" href=\"https:\/\/sandzakpress.net\/arhiva\/gusinjanin-na-smrt-izboden-u-njujorku\/\" \/>\n<meta property=\"og:locale\" content=\"bs_BA\" \/>\n<meta property=\"og:type\" content=\"article\" \/>\n<meta property=\"og:title\" content=\"Gusinjanin na smrt izboden u Njujorku\" \/>\n<meta property=\"og:description\" content=\"\u00a0 Amerika &#8211; Njujor\u0161ka policija prona\u0161la je ju\u010de be\u017eivotno tijelo Envera Julevi\u0107a (54) u njegovom stanu u Astoriji, objavili su ju\u010de ameri\u010dki mediji. Portal &#8220;Fokus press&#8221; prenosi da je Julevi\u0107 porijeklom iz Gusinja. Ameri\u010dki mediji pi\u0161u da su policajci prona\u0161li Julevi\u0107evo tijelo, na kojem su bili vidljivi ubodi od no\u017ea, u kuhinji njegovog stana koji [&hellip;]\" \/>\n<meta property=\"og:url\" content=\"https:\/\/sandzakpress.net\/arhiva\/gusinjanin-na-smrt-izboden-u-njujorku\/\" \/>\n<meta property=\"og:site_name\" content=\"Sand\u017eak PRESS\" \/>\n<meta property=\"article:published_time\" content=\"2015-06-22T09:56:32+00:00\" \/>\n<meta property=\"og:image\" content=\"https:\/\/sandzakpress.net\/arhiva\/wp-content\/uploads\/2015\/06\/newyork_2705424b.jpg\" \/>\n\t<meta property=\"og:image:width\" content=\"573\" \/>\n\t<meta property=\"og:image:height\" content=\"358\" \/>\n\t<meta property=\"og:image:type\" content=\"image\/jpeg\" \/>\n<meta name=\"author\" content=\"bosniak\" \/>\n<meta name=\"twitter:card\" content=\"summary_large_image\" \/>\n<meta name=\"twitter:label1\" content=\"Written by\" \/>\n\t<meta name=\"twitter:data1\" content=\"bosniak\" \/>\n\t<meta name=\"twitter:label2\" content=\"Est. reading time\" \/>\n\t<meta name=\"twitter:data2\" content=\"1 minuta\" \/>\n<script type=\"application\/ld+json\" class=\"yoast-schema-graph\">{\"@context\":\"https:\/\/schema.org\",\"@graph\":[{\"@type\":\"Article\",\"@id\":\"https:\/\/sandzakpress.net\/arhiva\/gusinjanin-na-smrt-izboden-u-njujorku\/#article\",\"isPartOf\":{\"@id\":\"https:\/\/sandzakpress.net\/arhiva\/gusinjanin-na-smrt-izboden-u-njujorku\/\"},\"author\":{\"name\":\"bosniak\",\"@id\":\"https:\/\/sandzakpress.net\/arhiva\/#\/schema\/person\/c8baee722073534b583ea7bdb2e36c02\"},\"headline\":\"Gusinjanin na smrt izboden u Njujorku\",\"datePublished\":\"2015-06-22T09:56:32+00:00\",\"mainEntityOfPage\":{\"@id\":\"https:\/\/sandzakpress.net\/arhiva\/gusinjanin-na-smrt-izboden-u-njujorku\/\"},\"wordCount\":132,\"commentCount\":0,\"publisher\":{\"@id\":\"https:\/\/sandzakpress.net\/arhiva\/#\/schema\/person\/6e72b67d6e51910a1117b3b483ba20bd\"},\"image\":{\"@id\":\"https:\/\/sandzakpress.net\/arhiva\/gusinjanin-na-smrt-izboden-u-njujorku\/#primaryimage\"},\"thumbnailUrl\":\"https:\/\/sandzakpress.net\/arhiva\/wp-content\/uploads\/2015\/06\/newyork_2705424b.jpg\",\"articleSection\":[\"Amerika\",\"Svijet\",\"NAJNOVIJE\"],\"inLanguage\":\"bs-BA\",\"potentialAction\":[{\"@type\":\"CommentAction\",\"name\":\"Comment\",\"target\":[\"https:\/\/sandzakpress.net\/arhiva\/gusinjanin-na-smrt-izboden-u-njujorku\/#respond\"]}]},{\"@type\":\"WebPage\",\"@id\":\"https:\/\/sandzakpress.net\/arhiva\/gusinjanin-na-smrt-izboden-u-njujorku\/\",\"url\":\"https:\/\/sandzakpress.net\/arhiva\/gusinjanin-na-smrt-izboden-u-njujorku\/\",\"name\":\"Gusinjanin na smrt izboden u Njujorku\",\"isPartOf\":{\"@id\":\"https:\/\/sandzakpress.net\/arhiva\/#website\"},\"primaryImageOfPage\":{\"@id\":\"https:\/\/sandzakpress.net\/arhiva\/gusinjanin-na-smrt-izboden-u-njujorku\/#primaryimage\"},\"image\":{\"@id\":\"https:\/\/sandzakpress.net\/arhiva\/gusinjanin-na-smrt-izboden-u-njujorku\/#primaryimage\"},\"thumbnailUrl\":\"https:\/\/sandzakpress.net\/arhiva\/wp-content\/uploads\/2015\/06\/newyork_2705424b.jpg\",\"datePublished\":\"2015-06-22T09:56:32+00:00\",\"breadcrumb\":{\"@id\":\"https:\/\/sandzakpress.net\/arhiva\/gusinjanin-na-smrt-izboden-u-njujorku\/#breadcrumb\"},\"inLanguage\":\"bs-BA\",\"potentialAction\":[{\"@type\":\"ReadAction\",\"target\":[\"https:\/\/sandzakpress.net\/arhiva\/gusinjanin-na-smrt-izboden-u-njujorku\/\"]}]},{\"@type\":\"ImageObject\",\"inLanguage\":\"bs-BA\",\"@id\":\"https:\/\/sandzakpress.net\/arhiva\/gusinjanin-na-smrt-izboden-u-njujorku\/#primaryimage\",\"url\":\"https:\/\/sandzakpress.net\/arhiva\/wp-content\/uploads\/2015\/06\/newyork_2705424b.jpg\",\"contentUrl\":\"https:\/\/sandzakpress.net\/arhiva\/wp-content\/uploads\/2015\/06\/newyork_2705424b.jpg\",\"width\":573,\"height\":358},{\"@type\":\"BreadcrumbList\",\"@id\":\"https:\/\/sandzakpress.net\/arhiva\/gusinjanin-na-smrt-izboden-u-njujorku\/#breadcrumb\",\"itemListElement\":[{\"@type\":\"ListItem\",\"position\":1,\"name\":\"Home\",\"item\":\"https:\/\/sandzakpress.net\/arhiva\/\"},{\"@type\":\"ListItem\",\"position\":2,\"name\":\"Gusinjanin na smrt izboden u Njujorku\"}]},{\"@type\":\"WebSite\",\"@id\":\"https:\/\/sandzakpress.net\/arhiva\/#website\",\"url\":\"https:\/\/sandzakpress.net\/arhiva\/\",\"name\":\"Sand\u017eak PRESS\",\"description\":\"Prve elektronske novine u Sand\u017eaku\",\"publisher\":{\"@id\":\"https:\/\/sandzakpress.net\/arhiva\/#\/schema\/person\/6e72b67d6e51910a1117b3b483ba20bd\"},\"potentialAction\":[{\"@type\":\"SearchAction\",\"target\":{\"@type\":\"EntryPoint\",\"urlTemplate\":\"https:\/\/sandzakpress.net\/arhiva\/?s={search_term_string}\"},\"query-input\":{\"@type\":\"PropertyValueSpecification\",\"valueRequired\":true,\"valueName\":\"search_term_string\"}}],\"inLanguage\":\"bs-BA\"},{\"@type\":[\"Person\",\"Organization\"],\"@id\":\"https:\/\/sandzakpress.net\/arhiva\/#\/schema\/person\/6e72b67d6e51910a1117b3b483ba20bd\",\"name\":\"Kul\",\"image\":{\"@type\":\"ImageObject\",\"inLanguage\":\"bs-BA\",\"@id\":\"https:\/\/sandzakpress.net\/arhiva\/#\/schema\/person\/image\/\",\"url\":\"https:\/\/secure.gravatar.com\/avatar\/42263f39aa27ac04c43cab85c280eb2e?s=96&d=mm&r=pg\",\"contentUrl\":\"https:\/\/secure.gravatar.com\/avatar\/42263f39aa27ac04c43cab85c280eb2e?s=96&d=mm&r=pg\",\"caption\":\"Kul\"},\"logo\":{\"@id\":\"https:\/\/sandzakpress.net\/arhiva\/#\/schema\/person\/image\/\"}},{\"@type\":\"Person\",\"@id\":\"https:\/\/sandzakpress.net\/arhiva\/#\/schema\/person\/c8baee722073534b583ea7bdb2e36c02\",\"name\":\"bosniak\",\"image\":{\"@type\":\"ImageObject\",\"inLanguage\":\"bs-BA\",\"@id\":\"https:\/\/sandzakpress.net\/arhiva\/#\/schema\/person\/image\/\",\"url\":\"https:\/\/secure.gravatar.com\/avatar\/a04fd330bfe3a36a72a0ad4a6d89fca7?s=96&d=mm&r=pg\",\"contentUrl\":\"https:\/\/secure.gravatar.com\/avatar\/a04fd330bfe3a36a72a0ad4a6d89fca7?s=96&d=mm&r=pg\",\"caption\":\"bosniak\"},\"url\":\"https:\/\/sandzakpress.net\/arhiva\/author\/bosniak\/\"}]}<\/script>\n<!-- \/ Yoast SEO Premium plugin. -->","yoast_head_json":{"title":"Gusinjanin na smrt izboden u Njujorku","robots":{"index":"index","follow":"follow","max-snippet":"max-snippet:-1","max-image-preview":"max-image-preview:large","max-video-preview":"max-video-preview:-1"},"canonical":"https:\/\/sandzakpress.net\/arhiva\/gusinjanin-na-smrt-izboden-u-njujorku\/","og_locale":"bs_BA","og_type":"article","og_title":"Gusinjanin na smrt izboden u Njujorku","og_description":"\u00a0 Amerika &#8211; Njujor\u0161ka policija prona\u0161la je ju\u010de be\u017eivotno tijelo Envera Julevi\u0107a (54) u njegovom stanu u Astoriji, objavili su ju\u010de ameri\u010dki mediji. Portal &#8220;Fokus press&#8221; prenosi da je Julevi\u0107 porijeklom iz Gusinja. Ameri\u010dki mediji pi\u0161u da su policajci prona\u0161li Julevi\u0107evo tijelo, na kojem su bili vidljivi ubodi od no\u017ea, u kuhinji njegovog stana koji [&hellip;]","og_url":"https:\/\/sandzakpress.net\/arhiva\/gusinjanin-na-smrt-izboden-u-njujorku\/","og_site_name":"Sand\u017eak PRESS","article_published_time":"2015-06-22T09:56:32+00:00","og_image":[{"width":573,"height":358,"url":"https:\/\/sandzakpress.net\/arhiva\/wp-content\/uploads\/2015\/06\/newyork_2705424b.jpg","type":"image\/jpeg"}],"author":"bosniak","twitter_card":"summary_large_image","twitter_misc":{"Written by":"bosniak","Est. reading time":"1 minuta"},"schema":{"@context":"https:\/\/schema.org","@graph":[{"@type":"Article","@id":"https:\/\/sandzakpress.net\/arhiva\/gusinjanin-na-smrt-izboden-u-njujorku\/#article","isPartOf":{"@id":"https:\/\/sandzakpress.net\/arhiva\/gusinjanin-na-smrt-izboden-u-njujorku\/"},"author":{"name":"bosniak","@id":"https:\/\/sandzakpress.net\/arhiva\/#\/schema\/person\/c8baee722073534b583ea7bdb2e36c02"},"headline":"Gusinjanin na smrt izboden u Njujorku","datePublished":"2015-06-22T09:56:32+00:00","mainEntityOfPage":{"@id":"https:\/\/sandzakpress.net\/arhiva\/gusinjanin-na-smrt-izboden-u-njujorku\/"},"wordCount":132,"commentCount":0,"publisher":{"@id":"https:\/\/sandzakpress.net\/arhiva\/#\/schema\/person\/6e72b67d6e51910a1117b3b483ba20bd"},"image":{"@id":"https:\/\/sandzakpress.net\/arhiva\/gusinjanin-na-smrt-izboden-u-njujorku\/#primaryimage"},"thumbnailUrl":"https:\/\/sandzakpress.net\/arhiva\/wp-content\/uploads\/2015\/06\/newyork_2705424b.jpg","articleSection":["Amerika","Svijet","NAJNOVIJE"],"inLanguage":"bs-BA","potentialAction":[{"@type":"CommentAction","name":"Comment","target":["https:\/\/sandzakpress.net\/arhiva\/gusinjanin-na-smrt-izboden-u-njujorku\/#respond"]}]},{"@type":"WebPage","@id":"https:\/\/sandzakpress.net\/arhiva\/gusinjanin-na-smrt-izboden-u-njujorku\/","url":"https:\/\/sandzakpress.net\/arhiva\/gusinjanin-na-smrt-izboden-u-njujorku\/","name":"Gusinjanin na smrt izboden u Njujorku","isPartOf":{"@id":"https:\/\/sandzakpress.net\/arhiva\/#website"},"primaryImageOfPage":{"@id":"https:\/\/sandzakpress.net\/arhiva\/gusinjanin-na-smrt-izboden-u-njujorku\/#primaryimage"},"image":{"@id":"https:\/\/sandzakpress.net\/arhiva\/gusinjanin-na-smrt-izboden-u-njujorku\/#primaryimage"},"thumbnailUrl":"https:\/\/sandzakpress.net\/arhiva\/wp-content\/uploads\/2015\/06\/newyork_2705424b.jpg","datePublished":"2015-06-22T09:56:32+00:00","breadcrumb":{"@id":"https:\/\/sandzakpress.net\/arhiva\/gusinjanin-na-smrt-izboden-u-njujorku\/#breadcrumb"},"inLanguage":"bs-BA","potentialAction":[{"@type":"ReadAction","target":["https:\/\/sandzakpress.net\/arhiva\/gusinjanin-na-smrt-izboden-u-njujorku\/"]}]},{"@type":"ImageObject","inLanguage":"bs-BA","@id":"https:\/\/sandzakpress.net\/arhiva\/gusinjanin-na-smrt-izboden-u-njujorku\/#primaryimage","url":"https:\/\/sandzakpress.net\/arhiva\/wp-content\/uploads\/2015\/06\/newyork_2705424b.jpg","contentUrl":"https:\/\/sandzakpress.net\/arhiva\/wp-content\/uploads\/2015\/06\/newyork_2705424b.jpg","width":573,"height":358},{"@type":"BreadcrumbList","@id":"https:\/\/sandzakpress.net\/arhiva\/gusinjanin-na-smrt-izboden-u-njujorku\/#breadcrumb","itemListElement":[{"@type":"ListItem","position":1,"name":"Home","item":"https:\/\/sandzakpress.net\/arhiva\/"},{"@type":"ListItem","position":2,"name":"Gusinjanin na smrt izboden u Njujorku"}]},{"@type":"WebSite","@id":"https:\/\/sandzakpress.net\/arhiva\/#website","url":"https:\/\/sandzakpress.net\/arhiva\/","name":"Sand\u017eak PRESS","description":"Prve elektronske novine u Sand\u017eaku","publisher":{"@id":"https:\/\/sandzakpress.net\/arhiva\/#\/schema\/person\/6e72b67d6e51910a1117b3b483ba20bd"},"potentialAction":[{"@type":"SearchAction","target":{"@type":"EntryPoint","urlTemplate":"https:\/\/sandzakpress.net\/arhiva\/?s={search_term_string}"},"query-input":{"@type":"PropertyValueSpecification","valueRequired":true,"valueName":"search_term_string"}}],"inLanguage":"bs-BA"},{"@type":["Person","Organization"],"@id":"https:\/\/sandzakpress.net\/arhiva\/#\/schema\/person\/6e72b67d6e51910a1117b3b483ba20bd","name":"Kul","image":{"@type":"ImageObject","inLanguage":"bs-BA","@id":"https:\/\/sandzakpress.net\/arhiva\/#\/schema\/person\/image\/","url":"https:\/\/secure.gravatar.com\/avatar\/42263f39aa27ac04c43cab85c280eb2e?s=96&d=mm&r=pg","contentUrl":"https:\/\/secure.gravatar.com\/avatar\/42263f39aa27ac04c43cab85c280eb2e?s=96&d=mm&r=pg","caption":"Kul"},"logo":{"@id":"https:\/\/sandzakpress.net\/arhiva\/#\/schema\/person\/image\/"}},{"@type":"Person","@id":"https:\/\/sandzakpress.net\/arhiva\/#\/schema\/person\/c8baee722073534b583ea7bdb2e36c02","name":"bosniak","image":{"@type":"ImageObject","inLanguage":"bs-BA","@id":"https:\/\/sandzakpress.net\/arhiva\/#\/schema\/person\/image\/","url":"https:\/\/secure.gravatar.com\/avatar\/a04fd330bfe3a36a72a0ad4a6d89fca7?s=96&d=mm&r=pg","contentUrl":"https:\/\/secure.gravatar.com\/avatar\/a04fd330bfe3a36a72a0ad4a6d89fca7?s=96&d=mm&r=pg","caption":"bosniak"},"url":"https:\/\/sandzakpress.net\/arhiva\/author\/bosniak\/"}]}},"_links":{"self":[{"href":"https:\/\/sandzakpress.net\/arhiva\/wp-json\/wp\/v2\/posts\/129973"}],"collection":[{"href":"https:\/\/sandzakpress.net\/arhiva\/wp-json\/wp\/v2\/posts"}],"about":[{"href":"https:\/\/sandzakpress.net\/arhiva\/wp-json\/wp\/v2\/types\/post"}],"author":[{"embeddable":true,"href":"https:\/\/sandzakpress.net\/arhiva\/wp-json\/wp\/v2\/users\/83"}],"replies":[{"embeddable":true,"href":"https:\/\/sandzakpress.net\/arhiva\/wp-json\/wp\/v2\/comments?post=129973"}],"version-history":[{"count":0,"href":"https:\/\/sandzakpress.net\/arhiva\/wp-json\/wp\/v2\/posts\/129973\/revisions"}],"wp:featuredmedia":[{"embeddable":true,"href":"https:\/\/sandzakpress.net\/arhiva\/wp-json\/wp\/v2\/media\/129974"}],"wp:attachment":[{"href":"https:\/\/sandzakpress.net\/arhiva\/wp-json\/wp\/v2\/media?parent=129973"}],"wp:term":[{"taxonomy":"category","embeddable":true,"href":"https:\/\/sandzakpress.net\/arhiva\/wp-json\/wp\/v2\/categories?post=129973"},{"taxonomy":"post_tag","embeddable":true,"href":"https:\/\/sandzakpress.net\/arhiva\/wp-json\/wp\/v2\/tags?post=129973"}],"curies":[{"name":"wp","href":"https:\/\/api.w.org\/{rel}","templated":true}]}}