{"id":129889,"date":"2015-06-19T17:35:32","date_gmt":"2015-06-19T15:35:32","guid":{"rendered":"https:\/\/sandzakpress.net\/arhiva\/?p=129889"},"modified":"2015-06-19T22:33:56","modified_gmt":"2015-06-19T20:33:56","slug":"sdp-rasima-ljajica-sprijecio-usvajanje-rezolucije-o-srebrenici-u-skupstini-novog-pazara","status":"publish","type":"post","link":"https:\/\/sandzakpress.net\/arhiva\/sdp-rasima-ljajica-sprijecio-usvajanje-rezolucije-o-srebrenici-u-skupstini-novog-pazara\/","title":{"rendered":"SDP Rasima Ljaji\u0107a sprije\u010dio usvajanje Rezolucije o Srebrenici u skup\u0161tini Novog Pazara"},"content":{"rendered":"<p><img decoding=\"async\" src=\"http:\/\/sanapress.info\/wp-content\/uploads\/2015\/06\/DSC_1836.jpg\" alt=\"http:\/\/sanapress.info\/wp-content\/uploads\/2015\/06\/DSC_1836.jpg\" \/><\/p>\n<p><strong>Novi Pazar &#8211; Skup\u0161tina Novog Pazara nije usvojila danas Rezoluciju o Srebrenici koju je predlo\u017eila Bo\u0161nja\u010dka demokratska zajednica (BDZ) Sand\u017eaka, a koju su u prvom navratu podr\u017eali i odbornici Sand\u017ea\u010dke demokratske partije (SDP) i Stranke demokratske akcije (SDA) Sand\u017eaka.<\/strong><\/p>\n<p>Do preokreta je do\u0161lo nakon pauze koju su zatra\u017eili odbornici sa liste \u201cPokrenimo Novi Pazar\u2013 Tomislav Nikoli\u0107\u201d, a koji su nakon skoro jednosatnih konsultacija sa strana\u010dkim organima i koalicionim partnerima odlu\u010dili da napuste zasijedanje.<\/p>\n<p>Njihovim odlaskom, ali i zbog opravdanog odsustva nekoliko odbornika, vladaju\u0107a koalicija ostala je bez ve\u0107ine, pa se u skup\u0161tinskoj sali prvi put pojavio biv\u0161i odbornik BDZ Sead \u0160a\u0107irovi\u0107, koji je svojim glasom obezbijedio ve\u0107inu.<\/p>\n<p>Poslije pauze, odbornici SDP su promijenili mi\u0161ljenje i odlu\u010dili da ne podr\u017ee izglasavanje Rezolucije o Srebrenici.<\/p>\n<p><div class=\"youtube-embed\" data-video_id=\"g674OBbKLGw\"><iframe loading=\"lazy\" title=\"Odr\u017eana V sjednica SKUP\u0160TINE grada Novog Pazara\" width=\"696\" height=\"522\" src=\"https:\/\/www.youtube.com\/embed\/g674OBbKLGw?feature=oembed&#038;enablejsapi=1\" frameborder=\"0\" allow=\"accelerometer; autoplay; encrypted-media; gyroscope; picture-in-picture\" allowfullscreen><\/iframe><\/div>\n<\/p>\n<p>\u0160ef ove odborni\u010dke grupe Muamer Ba\u010devac je ovakav potez obrazlo\u017eio re\u010dima da nije primjereno da se tako bitna odluka\u00a0 usvaja kao dopunska ta\u010dka, ali i da je prije toga neophodno obaviti konsultacije sa predstavnicima Srba u Novom Pazaru kako bi i oni glasali za Rezoluciju.<\/p>\n<p>Iako su opozicione SDA i BDZ i dalje insistirale da se ona izglasa danas, postignuto je kompromisno rje\u0161enje pa \u0107e posebna sjednica lokalnog parlamenta na kojoj \u0107e biti jedina ta\u010dka Rezolucija o Srebrenici biti odr\u017eana 6. jula.<\/p>\n<p>Ina\u010de, u prijedlogu Rezolucije BDZ stoji da se najo\u0161tije osu\u0111uje genocid i negiranje genocida u Srebrenici, kao i da se od dr\u017eave zahtijeva usvajanje zakona kojima \u0107e se sankcionisati negiranje genocida.<\/p>\n<p>Pored toga, u Rezoluciji se predla\u017ee i da se 11. jul proglasi Danom se\u0107anja na \u0161ehide (nevine \u017ertve) genocida u Srebrenici.<\/p>\n<p>(Vnevni haber)<\/p>\n<p><img decoding=\"async\" src=\"http:\/\/sanapress.info\/wp-content\/uploads\/2015\/06\/DSC_1843.jpg\" alt=\"http:\/\/sanapress.info\/wp-content\/uploads\/2015\/06\/DSC_1843.jpg\" \/><\/p>\n<p><img decoding=\"async\" src=\"http:\/\/sanapress.info\/wp-content\/uploads\/2015\/06\/DSC_1835.jpg\" alt=\"http:\/\/sanapress.info\/wp-content\/uploads\/2015\/06\/DSC_1835.jpg\" \/><\/p>\n<p><img decoding=\"async\" src=\"http:\/\/sanapress.info\/wp-content\/uploads\/2015\/06\/DSC_1838.jpg\" alt=\"http:\/\/sanapress.info\/wp-content\/uploads\/2015\/06\/DSC_1838.jpg\" \/><\/p>\n","protected":false},"excerpt":{"rendered":"<p>Novi Pazar &#8211; Skup\u0161tina Novog Pazara nije usvojila danas Rezoluciju o Srebrenici koju je predlo\u017eila Bo\u0161nja\u010dka demokratska zajednica (BDZ) Sand\u017eaka, a koju su u prvom navratu podr\u017eali i odbornici Sand\u017ea\u010dke demokratske partije (SDP) i Stranke demokratske akcije (SDA) Sand\u017eaka. Do preokreta je do\u0161lo nakon pauze koju su zatra\u017eili odbornici sa liste \u201cPokrenimo Novi Pazar\u2013 Tomislav [&hellip;]<\/p>\n","protected":false},"author":83,"featured_media":129890,"comment_status":"open","ping_status":"open","sticky":false,"template":"","format":"standard","meta":{"footnotes":""},"categories":[72,1,10507,8957],"tags":[10248,10257],"class_list":{"0":"post-129889","1":"post","2":"type-post","3":"status-publish","4":"format-standard","5":"has-post-thumbnail","7":"category-novi-pazar","8":"category-politika","9":"category-notifikacije","10":"category-vijesti-dana","11":"tag-gradska-uprava-novi-pazar","12":"tag-sdp"},"yoast_head":"<!-- This site is optimized with the Yoast SEO Premium plugin v23.1 (Yoast SEO v24.9) - https:\/\/yoast.com\/wordpress\/plugins\/seo\/ -->\n<title>SDP Rasima Ljaji\u0107a sprije\u010dio usvajanje Rezolucije o Srebrenici u skup\u0161tini Novog Pazara<\/title>\n<meta name=\"robots\" content=\"index, follow, max-snippet:-1, max-image-preview:large, max-video-preview:-1\" \/>\n<link rel=\"canonical\" href=\"https:\/\/sandzakpress.net\/arhiva\/sdp-rasima-ljajica-sprijecio-usvajanje-rezolucije-o-srebrenici-u-skupstini-novog-pazara\/\" \/>\n<meta property=\"og:locale\" content=\"bs_BA\" \/>\n<meta property=\"og:type\" content=\"article\" \/>\n<meta property=\"og:title\" content=\"SDP Rasima Ljaji\u0107a sprije\u010dio usvajanje Rezolucije o Srebrenici u skup\u0161tini Novog Pazara\" \/>\n<meta property=\"og:description\" content=\"Novi Pazar &#8211; Skup\u0161tina Novog Pazara nije usvojila danas Rezoluciju o Srebrenici koju je predlo\u017eila Bo\u0161nja\u010dka demokratska zajednica (BDZ) Sand\u017eaka, a koju su u prvom navratu podr\u017eali i odbornici Sand\u017ea\u010dke demokratske partije (SDP) i Stranke demokratske akcije (SDA) Sand\u017eaka. Do preokreta je do\u0161lo nakon pauze koju su zatra\u017eili odbornici sa liste \u201cPokrenimo Novi Pazar\u2013 Tomislav [&hellip;]\" \/>\n<meta property=\"og:url\" content=\"https:\/\/sandzakpress.net\/arhiva\/sdp-rasima-ljajica-sprijecio-usvajanje-rezolucije-o-srebrenici-u-skupstini-novog-pazara\/\" \/>\n<meta property=\"og:site_name\" content=\"Sand\u017eak PRESS\" \/>\n<meta property=\"article:published_time\" content=\"2015-06-19T15:35:32+00:00\" \/>\n<meta property=\"article:modified_time\" content=\"2015-06-19T20:33:56+00:00\" \/>\n<meta property=\"og:image\" content=\"https:\/\/sandzakpress.net\/arhiva\/wp-content\/uploads\/2015\/06\/DSC_1836.jpg\" \/>\n\t<meta property=\"og:image:width\" content=\"600\" \/>\n\t<meta property=\"og:image:height\" content=\"398\" \/>\n\t<meta property=\"og:image:type\" content=\"image\/jpeg\" \/>\n<meta name=\"author\" content=\"bosniak\" \/>\n<meta name=\"twitter:card\" content=\"summary_large_image\" \/>\n<meta name=\"twitter:label1\" content=\"Written by\" \/>\n\t<meta name=\"twitter:data1\" content=\"bosniak\" \/>\n\t<meta name=\"twitter:label2\" content=\"Est. reading time\" \/>\n\t<meta name=\"twitter:data2\" content=\"2 minute\" \/>\n<script type=\"application\/ld+json\" class=\"yoast-schema-graph\">{\"@context\":\"https:\/\/schema.org\",\"@graph\":[{\"@type\":\"Article\",\"@id\":\"https:\/\/sandzakpress.net\/arhiva\/sdp-rasima-ljajica-sprijecio-usvajanje-rezolucije-o-srebrenici-u-skupstini-novog-pazara\/#article\",\"isPartOf\":{\"@id\":\"https:\/\/sandzakpress.net\/arhiva\/sdp-rasima-ljajica-sprijecio-usvajanje-rezolucije-o-srebrenici-u-skupstini-novog-pazara\/\"},\"author\":{\"name\":\"bosniak\",\"@id\":\"https:\/\/sandzakpress.net\/arhiva\/#\/schema\/person\/c8baee722073534b583ea7bdb2e36c02\"},\"headline\":\"SDP Rasima Ljaji\u0107a sprije\u010dio usvajanje Rezolucije o Srebrenici u skup\u0161tini Novog Pazara\",\"datePublished\":\"2015-06-19T15:35:32+00:00\",\"dateModified\":\"2015-06-19T20:33:56+00:00\",\"mainEntityOfPage\":{\"@id\":\"https:\/\/sandzakpress.net\/arhiva\/sdp-rasima-ljajica-sprijecio-usvajanje-rezolucije-o-srebrenici-u-skupstini-novog-pazara\/\"},\"wordCount\":316,\"commentCount\":38,\"publisher\":{\"@id\":\"https:\/\/sandzakpress.net\/arhiva\/#\/schema\/person\/6e72b67d6e51910a1117b3b483ba20bd\"},\"image\":{\"@id\":\"https:\/\/sandzakpress.net\/arhiva\/sdp-rasima-ljajica-sprijecio-usvajanje-rezolucije-o-srebrenici-u-skupstini-novog-pazara\/#primaryimage\"},\"thumbnailUrl\":\"https:\/\/sandzakpress.net\/arhiva\/wp-content\/uploads\/2015\/06\/DSC_1836.jpg\",\"keywords\":[\"Vlast u Novom Pazaru\",\"SDPS\"],\"articleSection\":[\"Novi Pazar\",\"Politika\",\"Notifikacije\",\"VIJESTI DANA\"],\"inLanguage\":\"bs-BA\",\"potentialAction\":[{\"@type\":\"CommentAction\",\"name\":\"Comment\",\"target\":[\"https:\/\/sandzakpress.net\/arhiva\/sdp-rasima-ljajica-sprijecio-usvajanje-rezolucije-o-srebrenici-u-skupstini-novog-pazara\/#respond\"]}]},{\"@type\":\"WebPage\",\"@id\":\"https:\/\/sandzakpress.net\/arhiva\/sdp-rasima-ljajica-sprijecio-usvajanje-rezolucije-o-srebrenici-u-skupstini-novog-pazara\/\",\"url\":\"https:\/\/sandzakpress.net\/arhiva\/sdp-rasima-ljajica-sprijecio-usvajanje-rezolucije-o-srebrenici-u-skupstini-novog-pazara\/\",\"name\":\"SDP Rasima Ljaji\u0107a sprije\u010dio usvajanje Rezolucije o Srebrenici u skup\u0161tini Novog Pazara\",\"isPartOf\":{\"@id\":\"https:\/\/sandzakpress.net\/arhiva\/#website\"},\"primaryImageOfPage\":{\"@id\":\"https:\/\/sandzakpress.net\/arhiva\/sdp-rasima-ljajica-sprijecio-usvajanje-rezolucije-o-srebrenici-u-skupstini-novog-pazara\/#primaryimage\"},\"image\":{\"@id\":\"https:\/\/sandzakpress.net\/arhiva\/sdp-rasima-ljajica-sprijecio-usvajanje-rezolucije-o-srebrenici-u-skupstini-novog-pazara\/#primaryimage\"},\"thumbnailUrl\":\"https:\/\/sandzakpress.net\/arhiva\/wp-content\/uploads\/2015\/06\/DSC_1836.jpg\",\"datePublished\":\"2015-06-19T15:35:32+00:00\",\"dateModified\":\"2015-06-19T20:33:56+00:00\",\"breadcrumb\":{\"@id\":\"https:\/\/sandzakpress.net\/arhiva\/sdp-rasima-ljajica-sprijecio-usvajanje-rezolucije-o-srebrenici-u-skupstini-novog-pazara\/#breadcrumb\"},\"inLanguage\":\"bs-BA\",\"potentialAction\":[{\"@type\":\"ReadAction\",\"target\":[\"https:\/\/sandzakpress.net\/arhiva\/sdp-rasima-ljajica-sprijecio-usvajanje-rezolucije-o-srebrenici-u-skupstini-novog-pazara\/\"]}]},{\"@type\":\"ImageObject\",\"inLanguage\":\"bs-BA\",\"@id\":\"https:\/\/sandzakpress.net\/arhiva\/sdp-rasima-ljajica-sprijecio-usvajanje-rezolucije-o-srebrenici-u-skupstini-novog-pazara\/#primaryimage\",\"url\":\"https:\/\/sandzakpress.net\/arhiva\/wp-content\/uploads\/2015\/06\/DSC_1836.jpg\",\"contentUrl\":\"https:\/\/sandzakpress.net\/arhiva\/wp-content\/uploads\/2015\/06\/DSC_1836.jpg\",\"width\":600,\"height\":398},{\"@type\":\"BreadcrumbList\",\"@id\":\"https:\/\/sandzakpress.net\/arhiva\/sdp-rasima-ljajica-sprijecio-usvajanje-rezolucije-o-srebrenici-u-skupstini-novog-pazara\/#breadcrumb\",\"itemListElement\":[{\"@type\":\"ListItem\",\"position\":1,\"name\":\"Home\",\"item\":\"https:\/\/sandzakpress.net\/arhiva\/\"},{\"@type\":\"ListItem\",\"position\":2,\"name\":\"SDP Rasima Ljaji\u0107a sprije\u010dio usvajanje Rezolucije o Srebrenici u skup\u0161tini Novog Pazara\"}]},{\"@type\":\"WebSite\",\"@id\":\"https:\/\/sandzakpress.net\/arhiva\/#website\",\"url\":\"https:\/\/sandzakpress.net\/arhiva\/\",\"name\":\"Sand\u017eak PRESS\",\"description\":\"Prve elektronske novine u Sand\u017eaku\",\"publisher\":{\"@id\":\"https:\/\/sandzakpress.net\/arhiva\/#\/schema\/person\/6e72b67d6e51910a1117b3b483ba20bd\"},\"potentialAction\":[{\"@type\":\"SearchAction\",\"target\":{\"@type\":\"EntryPoint\",\"urlTemplate\":\"https:\/\/sandzakpress.net\/arhiva\/?s={search_term_string}\"},\"query-input\":{\"@type\":\"PropertyValueSpecification\",\"valueRequired\":true,\"valueName\":\"search_term_string\"}}],\"inLanguage\":\"bs-BA\"},{\"@type\":[\"Person\",\"Organization\"],\"@id\":\"https:\/\/sandzakpress.net\/arhiva\/#\/schema\/person\/6e72b67d6e51910a1117b3b483ba20bd\",\"name\":\"Kul\",\"image\":{\"@type\":\"ImageObject\",\"inLanguage\":\"bs-BA\",\"@id\":\"https:\/\/sandzakpress.net\/arhiva\/#\/schema\/person\/image\/\",\"url\":\"https:\/\/secure.gravatar.com\/avatar\/42263f39aa27ac04c43cab85c280eb2e?s=96&d=mm&r=pg\",\"contentUrl\":\"https:\/\/secure.gravatar.com\/avatar\/42263f39aa27ac04c43cab85c280eb2e?s=96&d=mm&r=pg\",\"caption\":\"Kul\"},\"logo\":{\"@id\":\"https:\/\/sandzakpress.net\/arhiva\/#\/schema\/person\/image\/\"}},{\"@type\":\"Person\",\"@id\":\"https:\/\/sandzakpress.net\/arhiva\/#\/schema\/person\/c8baee722073534b583ea7bdb2e36c02\",\"name\":\"bosniak\",\"image\":{\"@type\":\"ImageObject\",\"inLanguage\":\"bs-BA\",\"@id\":\"https:\/\/sandzakpress.net\/arhiva\/#\/schema\/person\/image\/\",\"url\":\"https:\/\/secure.gravatar.com\/avatar\/a04fd330bfe3a36a72a0ad4a6d89fca7?s=96&d=mm&r=pg\",\"contentUrl\":\"https:\/\/secure.gravatar.com\/avatar\/a04fd330bfe3a36a72a0ad4a6d89fca7?s=96&d=mm&r=pg\",\"caption\":\"bosniak\"},\"url\":\"https:\/\/sandzakpress.net\/arhiva\/author\/bosniak\/\"}]}<\/script>\n<!-- \/ Yoast SEO Premium plugin. -->","yoast_head_json":{"title":"SDP Rasima Ljaji\u0107a sprije\u010dio usvajanje Rezolucije o Srebrenici u skup\u0161tini Novog Pazara","robots":{"index":"index","follow":"follow","max-snippet":"max-snippet:-1","max-image-preview":"max-image-preview:large","max-video-preview":"max-video-preview:-1"},"canonical":"https:\/\/sandzakpress.net\/arhiva\/sdp-rasima-ljajica-sprijecio-usvajanje-rezolucije-o-srebrenici-u-skupstini-novog-pazara\/","og_locale":"bs_BA","og_type":"article","og_title":"SDP Rasima Ljaji\u0107a sprije\u010dio usvajanje Rezolucije o Srebrenici u skup\u0161tini Novog Pazara","og_description":"Novi Pazar &#8211; Skup\u0161tina Novog Pazara nije usvojila danas Rezoluciju o Srebrenici koju je predlo\u017eila Bo\u0161nja\u010dka demokratska zajednica (BDZ) Sand\u017eaka, a koju su u prvom navratu podr\u017eali i odbornici Sand\u017ea\u010dke demokratske partije (SDP) i Stranke demokratske akcije (SDA) Sand\u017eaka. Do preokreta je do\u0161lo nakon pauze koju su zatra\u017eili odbornici sa liste \u201cPokrenimo Novi Pazar\u2013 Tomislav [&hellip;]","og_url":"https:\/\/sandzakpress.net\/arhiva\/sdp-rasima-ljajica-sprijecio-usvajanje-rezolucije-o-srebrenici-u-skupstini-novog-pazara\/","og_site_name":"Sand\u017eak PRESS","article_published_time":"2015-06-19T15:35:32+00:00","article_modified_time":"2015-06-19T20:33:56+00:00","og_image":[{"width":600,"height":398,"url":"https:\/\/sandzakpress.net\/arhiva\/wp-content\/uploads\/2015\/06\/DSC_1836.jpg","type":"image\/jpeg"}],"author":"bosniak","twitter_card":"summary_large_image","twitter_misc":{"Written by":"bosniak","Est. reading time":"2 minute"},"schema":{"@context":"https:\/\/schema.org","@graph":[{"@type":"Article","@id":"https:\/\/sandzakpress.net\/arhiva\/sdp-rasima-ljajica-sprijecio-usvajanje-rezolucije-o-srebrenici-u-skupstini-novog-pazara\/#article","isPartOf":{"@id":"https:\/\/sandzakpress.net\/arhiva\/sdp-rasima-ljajica-sprijecio-usvajanje-rezolucije-o-srebrenici-u-skupstini-novog-pazara\/"},"author":{"name":"bosniak","@id":"https:\/\/sandzakpress.net\/arhiva\/#\/schema\/person\/c8baee722073534b583ea7bdb2e36c02"},"headline":"SDP Rasima Ljaji\u0107a sprije\u010dio usvajanje Rezolucije o Srebrenici u skup\u0161tini Novog Pazara","datePublished":"2015-06-19T15:35:32+00:00","dateModified":"2015-06-19T20:33:56+00:00","mainEntityOfPage":{"@id":"https:\/\/sandzakpress.net\/arhiva\/sdp-rasima-ljajica-sprijecio-usvajanje-rezolucije-o-srebrenici-u-skupstini-novog-pazara\/"},"wordCount":316,"commentCount":38,"publisher":{"@id":"https:\/\/sandzakpress.net\/arhiva\/#\/schema\/person\/6e72b67d6e51910a1117b3b483ba20bd"},"image":{"@id":"https:\/\/sandzakpress.net\/arhiva\/sdp-rasima-ljajica-sprijecio-usvajanje-rezolucije-o-srebrenici-u-skupstini-novog-pazara\/#primaryimage"},"thumbnailUrl":"https:\/\/sandzakpress.net\/arhiva\/wp-content\/uploads\/2015\/06\/DSC_1836.jpg","keywords":["Vlast u Novom Pazaru","SDPS"],"articleSection":["Novi Pazar","Politika","Notifikacije","VIJESTI DANA"],"inLanguage":"bs-BA","potentialAction":[{"@type":"CommentAction","name":"Comment","target":["https:\/\/sandzakpress.net\/arhiva\/sdp-rasima-ljajica-sprijecio-usvajanje-rezolucije-o-srebrenici-u-skupstini-novog-pazara\/#respond"]}]},{"@type":"WebPage","@id":"https:\/\/sandzakpress.net\/arhiva\/sdp-rasima-ljajica-sprijecio-usvajanje-rezolucije-o-srebrenici-u-skupstini-novog-pazara\/","url":"https:\/\/sandzakpress.net\/arhiva\/sdp-rasima-ljajica-sprijecio-usvajanje-rezolucije-o-srebrenici-u-skupstini-novog-pazara\/","name":"SDP Rasima Ljaji\u0107a sprije\u010dio usvajanje Rezolucije o Srebrenici u skup\u0161tini Novog Pazara","isPartOf":{"@id":"https:\/\/sandzakpress.net\/arhiva\/#website"},"primaryImageOfPage":{"@id":"https:\/\/sandzakpress.net\/arhiva\/sdp-rasima-ljajica-sprijecio-usvajanje-rezolucije-o-srebrenici-u-skupstini-novog-pazara\/#primaryimage"},"image":{"@id":"https:\/\/sandzakpress.net\/arhiva\/sdp-rasima-ljajica-sprijecio-usvajanje-rezolucije-o-srebrenici-u-skupstini-novog-pazara\/#primaryimage"},"thumbnailUrl":"https:\/\/sandzakpress.net\/arhiva\/wp-content\/uploads\/2015\/06\/DSC_1836.jpg","datePublished":"2015-06-19T15:35:32+00:00","dateModified":"2015-06-19T20:33:56+00:00","breadcrumb":{"@id":"https:\/\/sandzakpress.net\/arhiva\/sdp-rasima-ljajica-sprijecio-usvajanje-rezolucije-o-srebrenici-u-skupstini-novog-pazara\/#breadcrumb"},"inLanguage":"bs-BA","potentialAction":[{"@type":"ReadAction","target":["https:\/\/sandzakpress.net\/arhiva\/sdp-rasima-ljajica-sprijecio-usvajanje-rezolucije-o-srebrenici-u-skupstini-novog-pazara\/"]}]},{"@type":"ImageObject","inLanguage":"bs-BA","@id":"https:\/\/sandzakpress.net\/arhiva\/sdp-rasima-ljajica-sprijecio-usvajanje-rezolucije-o-srebrenici-u-skupstini-novog-pazara\/#primaryimage","url":"https:\/\/sandzakpress.net\/arhiva\/wp-content\/uploads\/2015\/06\/DSC_1836.jpg","contentUrl":"https:\/\/sandzakpress.net\/arhiva\/wp-content\/uploads\/2015\/06\/DSC_1836.jpg","width":600,"height":398},{"@type":"BreadcrumbList","@id":"https:\/\/sandzakpress.net\/arhiva\/sdp-rasima-ljajica-sprijecio-usvajanje-rezolucije-o-srebrenici-u-skupstini-novog-pazara\/#breadcrumb","itemListElement":[{"@type":"ListItem","position":1,"name":"Home","item":"https:\/\/sandzakpress.net\/arhiva\/"},{"@type":"ListItem","position":2,"name":"SDP Rasima Ljaji\u0107a sprije\u010dio usvajanje Rezolucije o Srebrenici u skup\u0161tini Novog Pazara"}]},{"@type":"WebSite","@id":"https:\/\/sandzakpress.net\/arhiva\/#website","url":"https:\/\/sandzakpress.net\/arhiva\/","name":"Sand\u017eak PRESS","description":"Prve elektronske novine u Sand\u017eaku","publisher":{"@id":"https:\/\/sandzakpress.net\/arhiva\/#\/schema\/person\/6e72b67d6e51910a1117b3b483ba20bd"},"potentialAction":[{"@type":"SearchAction","target":{"@type":"EntryPoint","urlTemplate":"https:\/\/sandzakpress.net\/arhiva\/?s={search_term_string}"},"query-input":{"@type":"PropertyValueSpecification","valueRequired":true,"valueName":"search_term_string"}}],"inLanguage":"bs-BA"},{"@type":["Person","Organization"],"@id":"https:\/\/sandzakpress.net\/arhiva\/#\/schema\/person\/6e72b67d6e51910a1117b3b483ba20bd","name":"Kul","image":{"@type":"ImageObject","inLanguage":"bs-BA","@id":"https:\/\/sandzakpress.net\/arhiva\/#\/schema\/person\/image\/","url":"https:\/\/secure.gravatar.com\/avatar\/42263f39aa27ac04c43cab85c280eb2e?s=96&d=mm&r=pg","contentUrl":"https:\/\/secure.gravatar.com\/avatar\/42263f39aa27ac04c43cab85c280eb2e?s=96&d=mm&r=pg","caption":"Kul"},"logo":{"@id":"https:\/\/sandzakpress.net\/arhiva\/#\/schema\/person\/image\/"}},{"@type":"Person","@id":"https:\/\/sandzakpress.net\/arhiva\/#\/schema\/person\/c8baee722073534b583ea7bdb2e36c02","name":"bosniak","image":{"@type":"ImageObject","inLanguage":"bs-BA","@id":"https:\/\/sandzakpress.net\/arhiva\/#\/schema\/person\/image\/","url":"https:\/\/secure.gravatar.com\/avatar\/a04fd330bfe3a36a72a0ad4a6d89fca7?s=96&d=mm&r=pg","contentUrl":"https:\/\/secure.gravatar.com\/avatar\/a04fd330bfe3a36a72a0ad4a6d89fca7?s=96&d=mm&r=pg","caption":"bosniak"},"url":"https:\/\/sandzakpress.net\/arhiva\/author\/bosniak\/"}]}},"_links":{"self":[{"href":"https:\/\/sandzakpress.net\/arhiva\/wp-json\/wp\/v2\/posts\/129889"}],"collection":[{"href":"https:\/\/sandzakpress.net\/arhiva\/wp-json\/wp\/v2\/posts"}],"about":[{"href":"https:\/\/sandzakpress.net\/arhiva\/wp-json\/wp\/v2\/types\/post"}],"author":[{"embeddable":true,"href":"https:\/\/sandzakpress.net\/arhiva\/wp-json\/wp\/v2\/users\/83"}],"replies":[{"embeddable":true,"href":"https:\/\/sandzakpress.net\/arhiva\/wp-json\/wp\/v2\/comments?post=129889"}],"version-history":[{"count":0,"href":"https:\/\/sandzakpress.net\/arhiva\/wp-json\/wp\/v2\/posts\/129889\/revisions"}],"wp:featuredmedia":[{"embeddable":true,"href":"https:\/\/sandzakpress.net\/arhiva\/wp-json\/wp\/v2\/media\/129890"}],"wp:attachment":[{"href":"https:\/\/sandzakpress.net\/arhiva\/wp-json\/wp\/v2\/media?parent=129889"}],"wp:term":[{"taxonomy":"category","embeddable":true,"href":"https:\/\/sandzakpress.net\/arhiva\/wp-json\/wp\/v2\/categories?post=129889"},{"taxonomy":"post_tag","embeddable":true,"href":"https:\/\/sandzakpress.net\/arhiva\/wp-json\/wp\/v2\/tags?post=129889"}],"curies":[{"name":"wp","href":"https:\/\/api.w.org\/{rel}","templated":true}]}}