{"id":129698,"date":"2015-06-16T11:59:56","date_gmt":"2015-06-16T09:59:56","guid":{"rendered":"https:\/\/sandzakpress.net\/arhiva\/?p=129698"},"modified":"2015-06-16T12:45:18","modified_gmt":"2015-06-16T10:45:18","slug":"u-novom-pazaru-i-tutinu-odrzani-islamski-edukativni-seminari","status":"publish","type":"post","link":"https:\/\/sandzakpress.net\/arhiva\/u-novom-pazaru-i-tutinu-odrzani-islamski-edukativni-seminari\/","title":{"rendered":"U Novom Pazaru i Tutinu odr\u017eani islamski edukativni seminari"},"content":{"rendered":"<p><img loading=\"lazy\" decoding=\"async\" class=\"aligncenter  wp-image-129714\" src=\"https:\/\/sandzakpress.net\/arhiva\/wp-content\/uploads\/2015\/06\/10506654_959111370811845_6926251414673173594_o.jpg\" alt=\"10506654_959111370811845_6926251414673173594_o\" width=\"791\" height=\"593\" srcset=\"https:\/\/sandzakpress.net\/arhiva\/wp-content\/uploads\/2015\/06\/10506654_959111370811845_6926251414673173594_o.jpg 2048w, https:\/\/sandzakpress.net\/arhiva\/wp-content\/uploads\/2015\/06\/10506654_959111370811845_6926251414673173594_o-616x462.jpg 616w, https:\/\/sandzakpress.net\/arhiva\/wp-content\/uploads\/2015\/06\/10506654_959111370811845_6926251414673173594_o-1400x1050.jpg 1400w\" sizes=\"(max-width: 791px) 100vw, 791px\" \/><\/p>\n<p><strong>Sand\u017eak &#8211; Muftijstvo sand\u017ea\u010dko u saradnji sa Udru\u017eenjem studenata Bo\u0161njaka Islamskog univerziteta u Medini organizovalo seminare u Tutinu i Novom Pazaru. Tema seminara u Tutinu bila je \u201cKur'an je na\u0161 vodi\u010d\u201d<\/strong><\/p>\n<p><div class=\"youtube-embed\" data-video_id=\"iwxbMfSl0Po\"><iframe loading=\"lazy\" title=\"U Tutinu seminar na temu: &quot;Kur&#039;an je na\u0161 vodi\u010d&quot;\" width=\"696\" height=\"522\" src=\"https:\/\/www.youtube.com\/embed\/iwxbMfSl0Po?feature=oembed&#038;enablejsapi=1\" frameborder=\"0\" allow=\"accelerometer; autoplay; encrypted-media; gyroscope; picture-in-picture\" allowfullscreen><\/iframe><\/div>\n<\/p>\n<p>Seminar su predvodili eminenti stur\u010dnjaci iz Sand\u017eaka hfz Abdurrahman ef. Kujevi\u0107, hfz Hilmija Red\u017ei\u0107, hfz. Almir \u0160anti\u0107 kao I predstavnik (USBiUM), Udru\u017eenjem studenata Bo\u0161njaka Islamskog univerziteta u Medini Suad Bihorac.<\/p>\n<p>Ovo udru\u017eenje okuplja sve student Bo\u0161njake koji studiraju u Medini.<\/p>\n<p>U toku Ramazana u Sjenici\u00a0 \u0107e se odr\u017eati jo\u0161 jedan seminar na otvorenom, najavljuju organizatori<\/p>\n<p>U skopu seminara bile su organizirane I sporteke aktivnosti svih u\u010desnika<\/p>\n<p>Cilj ovakvih seminara je dru\u017eenje I vjerska pouka<\/p>\n<p><strong>\u00a0Seminar odr\u017ean i u Novom Pazaru<\/strong><\/p>\n<p>Pred Ramazan savjetovanje islamskoj omladini u vremenu smutnji. Zajedno Muftijstvo sand\u017ea\u010dko, odsijek za da'vu, i Udru\u017eenje studenata Bo\u0161njaka Islamskog univerziteta u Medini. Izazova je mnogo, a mladima trebaju smijernice.<\/p>\n<p><div class=\"youtube-embed\" data-video_id=\"d2CDufYR_ts\"><iframe loading=\"lazy\" title=\"Seminar u Me\u0161ihatu\" width=\"696\" height=\"522\" src=\"https:\/\/www.youtube.com\/embed\/d2CDufYR_ts?feature=oembed&#038;enablejsapi=1\" frameborder=\"0\" allow=\"accelerometer; autoplay; encrypted-media; gyroscope; picture-in-picture\" allowfullscreen><\/iframe><\/div>\n<\/p>\n<p>Za omladinu mnogo izazova da se, ka\u017ee hafiz Kujevi\u0107, ne mogu ni nabrojati.<\/p>\n<p>A mladi me\u0111u kojima su i studenti sa ovih prostora ali koji su znanje potra\u017eili u Medini, zainteresirani da \u010duju, ali i pitaju.<\/p>\n<p>Danas, na\u017ealost, postoje ekstremne grupacije koje, ka\u017ee hafiz Kujevi\u0107, ili imaju znanje, ali ne rade prema njemu ili ga nemaju pa naprave katastrofalne gre\u0161ke koje ko\u0161taju \u010ditave zajednice. I ovaj seminar je prilika za u\u010denje kako takve pojave prepoznati i kako ba\u0161 znanjem odgovoriti.<\/p>\n<p>SANA &#8211; A.\u0160aboti\u0107\/A.Sofi\u0107<\/p>\n","protected":false},"excerpt":{"rendered":"<p>Sand\u017eak &#8211; Muftijstvo sand\u017ea\u010dko u saradnji sa Udru\u017eenjem studenata Bo\u0161njaka Islamskog univerziteta u Medini organizovalo seminare u Tutinu i Novom Pazaru. Tema seminara u Tutinu bila je \u201cKur'an je na\u0161 vodi\u010d\u201d Seminar su predvodili eminenti stur\u010dnjaci iz Sand\u017eaka hfz Abdurrahman ef. Kujevi\u0107, hfz Hilmija Red\u017ei\u0107, hfz. Almir \u0160anti\u0107 kao I predstavnik (USBiUM), Udru\u017eenjem studenata Bo\u0161njaka [&hellip;]<\/p>\n","protected":false},"author":83,"featured_media":129714,"comment_status":"open","ping_status":"open","sticky":false,"template":"","format":"standard","meta":{"footnotes":""},"categories":[72,327,802,8957,798,10429],"tags":[],"class_list":{"0":"post-129698","1":"post","2":"type-post","3":"status-publish","4":"format-standard","5":"has-post-thumbnail","7":"category-novi-pazar","8":"category-tutin","9":"category-islamska_zajednica","10":"category-vijesti-dana","11":"category-teme","12":"category-vazno"},"yoast_head":"<!-- This site is optimized with the Yoast SEO Premium plugin v23.1 (Yoast SEO v24.9) - https:\/\/yoast.com\/wordpress\/plugins\/seo\/ -->\n<title>U Novom Pazaru i Tutinu odr\u017eani islamski edukativni seminari<\/title>\n<meta name=\"robots\" content=\"index, follow, max-snippet:-1, max-image-preview:large, max-video-preview:-1\" \/>\n<link rel=\"canonical\" href=\"https:\/\/sandzakpress.net\/arhiva\/u-novom-pazaru-i-tutinu-odrzani-islamski-edukativni-seminari\/\" \/>\n<meta property=\"og:locale\" content=\"bs_BA\" \/>\n<meta property=\"og:type\" content=\"article\" \/>\n<meta property=\"og:title\" content=\"U Novom Pazaru i Tutinu odr\u017eani islamski edukativni seminari\" \/>\n<meta property=\"og:description\" content=\"Sand\u017eak &#8211; Muftijstvo sand\u017ea\u010dko u saradnji sa Udru\u017eenjem studenata Bo\u0161njaka Islamskog univerziteta u Medini organizovalo seminare u Tutinu i Novom Pazaru. Tema seminara u Tutinu bila je \u201cKur&#039;an je na\u0161 vodi\u010d\u201d Seminar su predvodili eminenti stur\u010dnjaci iz Sand\u017eaka hfz Abdurrahman ef. Kujevi\u0107, hfz Hilmija Red\u017ei\u0107, hfz. Almir \u0160anti\u0107 kao I predstavnik (USBiUM), Udru\u017eenjem studenata Bo\u0161njaka [&hellip;]\" \/>\n<meta property=\"og:url\" content=\"https:\/\/sandzakpress.net\/arhiva\/u-novom-pazaru-i-tutinu-odrzani-islamski-edukativni-seminari\/\" \/>\n<meta property=\"og:site_name\" content=\"Sand\u017eak PRESS\" \/>\n<meta property=\"article:published_time\" content=\"2015-06-16T09:59:56+00:00\" \/>\n<meta property=\"article:modified_time\" content=\"2015-06-16T10:45:18+00:00\" \/>\n<meta property=\"og:image\" content=\"https:\/\/sandzakpress.net\/arhiva\/wp-content\/uploads\/2015\/06\/10506654_959111370811845_6926251414673173594_o.jpg\" \/>\n\t<meta property=\"og:image:width\" content=\"2048\" \/>\n\t<meta property=\"og:image:height\" content=\"1536\" \/>\n\t<meta property=\"og:image:type\" content=\"image\/jpeg\" \/>\n<meta name=\"author\" content=\"bosniak\" \/>\n<meta name=\"twitter:card\" content=\"summary_large_image\" \/>\n<meta name=\"twitter:label1\" content=\"Written by\" \/>\n\t<meta name=\"twitter:data1\" content=\"bosniak\" \/>\n\t<meta name=\"twitter:label2\" content=\"Est. reading time\" \/>\n\t<meta name=\"twitter:data2\" content=\"1 minuta\" \/>\n<script type=\"application\/ld+json\" class=\"yoast-schema-graph\">{\"@context\":\"https:\/\/schema.org\",\"@graph\":[{\"@type\":\"Article\",\"@id\":\"https:\/\/sandzakpress.net\/arhiva\/u-novom-pazaru-i-tutinu-odrzani-islamski-edukativni-seminari\/#article\",\"isPartOf\":{\"@id\":\"https:\/\/sandzakpress.net\/arhiva\/u-novom-pazaru-i-tutinu-odrzani-islamski-edukativni-seminari\/\"},\"author\":{\"name\":\"bosniak\",\"@id\":\"https:\/\/sandzakpress.net\/arhiva\/#\/schema\/person\/c8baee722073534b583ea7bdb2e36c02\"},\"headline\":\"U Novom Pazaru i Tutinu odr\u017eani islamski edukativni seminari\",\"datePublished\":\"2015-06-16T09:59:56+00:00\",\"dateModified\":\"2015-06-16T10:45:18+00:00\",\"mainEntityOfPage\":{\"@id\":\"https:\/\/sandzakpress.net\/arhiva\/u-novom-pazaru-i-tutinu-odrzani-islamski-edukativni-seminari\/\"},\"wordCount\":283,\"commentCount\":1,\"publisher\":{\"@id\":\"https:\/\/sandzakpress.net\/arhiva\/#\/schema\/person\/6e72b67d6e51910a1117b3b483ba20bd\"},\"image\":{\"@id\":\"https:\/\/sandzakpress.net\/arhiva\/u-novom-pazaru-i-tutinu-odrzani-islamski-edukativni-seminari\/#primaryimage\"},\"thumbnailUrl\":\"https:\/\/sandzakpress.net\/arhiva\/wp-content\/uploads\/2015\/06\/10506654_959111370811845_6926251414673173594_o.jpg\",\"articleSection\":[\"Novi Pazar\",\"Tutin\",\"Islamska zajednica\",\"VIJESTI DANA\",\"NAJNOVIJE\",\"VA\u017dNO!\"],\"inLanguage\":\"bs-BA\",\"potentialAction\":[{\"@type\":\"CommentAction\",\"name\":\"Comment\",\"target\":[\"https:\/\/sandzakpress.net\/arhiva\/u-novom-pazaru-i-tutinu-odrzani-islamski-edukativni-seminari\/#respond\"]}]},{\"@type\":\"WebPage\",\"@id\":\"https:\/\/sandzakpress.net\/arhiva\/u-novom-pazaru-i-tutinu-odrzani-islamski-edukativni-seminari\/\",\"url\":\"https:\/\/sandzakpress.net\/arhiva\/u-novom-pazaru-i-tutinu-odrzani-islamski-edukativni-seminari\/\",\"name\":\"U Novom Pazaru i Tutinu odr\u017eani islamski edukativni seminari\",\"isPartOf\":{\"@id\":\"https:\/\/sandzakpress.net\/arhiva\/#website\"},\"primaryImageOfPage\":{\"@id\":\"https:\/\/sandzakpress.net\/arhiva\/u-novom-pazaru-i-tutinu-odrzani-islamski-edukativni-seminari\/#primaryimage\"},\"image\":{\"@id\":\"https:\/\/sandzakpress.net\/arhiva\/u-novom-pazaru-i-tutinu-odrzani-islamski-edukativni-seminari\/#primaryimage\"},\"thumbnailUrl\":\"https:\/\/sandzakpress.net\/arhiva\/wp-content\/uploads\/2015\/06\/10506654_959111370811845_6926251414673173594_o.jpg\",\"datePublished\":\"2015-06-16T09:59:56+00:00\",\"dateModified\":\"2015-06-16T10:45:18+00:00\",\"breadcrumb\":{\"@id\":\"https:\/\/sandzakpress.net\/arhiva\/u-novom-pazaru-i-tutinu-odrzani-islamski-edukativni-seminari\/#breadcrumb\"},\"inLanguage\":\"bs-BA\",\"potentialAction\":[{\"@type\":\"ReadAction\",\"target\":[\"https:\/\/sandzakpress.net\/arhiva\/u-novom-pazaru-i-tutinu-odrzani-islamski-edukativni-seminari\/\"]}]},{\"@type\":\"ImageObject\",\"inLanguage\":\"bs-BA\",\"@id\":\"https:\/\/sandzakpress.net\/arhiva\/u-novom-pazaru-i-tutinu-odrzani-islamski-edukativni-seminari\/#primaryimage\",\"url\":\"https:\/\/sandzakpress.net\/arhiva\/wp-content\/uploads\/2015\/06\/10506654_959111370811845_6926251414673173594_o.jpg\",\"contentUrl\":\"https:\/\/sandzakpress.net\/arhiva\/wp-content\/uploads\/2015\/06\/10506654_959111370811845_6926251414673173594_o.jpg\",\"width\":2048,\"height\":1536},{\"@type\":\"BreadcrumbList\",\"@id\":\"https:\/\/sandzakpress.net\/arhiva\/u-novom-pazaru-i-tutinu-odrzani-islamski-edukativni-seminari\/#breadcrumb\",\"itemListElement\":[{\"@type\":\"ListItem\",\"position\":1,\"name\":\"Home\",\"item\":\"https:\/\/sandzakpress.net\/arhiva\/\"},{\"@type\":\"ListItem\",\"position\":2,\"name\":\"U Novom Pazaru i Tutinu odr\u017eani islamski edukativni seminari\"}]},{\"@type\":\"WebSite\",\"@id\":\"https:\/\/sandzakpress.net\/arhiva\/#website\",\"url\":\"https:\/\/sandzakpress.net\/arhiva\/\",\"name\":\"Sand\u017eak PRESS\",\"description\":\"Prve elektronske novine u Sand\u017eaku\",\"publisher\":{\"@id\":\"https:\/\/sandzakpress.net\/arhiva\/#\/schema\/person\/6e72b67d6e51910a1117b3b483ba20bd\"},\"potentialAction\":[{\"@type\":\"SearchAction\",\"target\":{\"@type\":\"EntryPoint\",\"urlTemplate\":\"https:\/\/sandzakpress.net\/arhiva\/?s={search_term_string}\"},\"query-input\":{\"@type\":\"PropertyValueSpecification\",\"valueRequired\":true,\"valueName\":\"search_term_string\"}}],\"inLanguage\":\"bs-BA\"},{\"@type\":[\"Person\",\"Organization\"],\"@id\":\"https:\/\/sandzakpress.net\/arhiva\/#\/schema\/person\/6e72b67d6e51910a1117b3b483ba20bd\",\"name\":\"Kul\",\"image\":{\"@type\":\"ImageObject\",\"inLanguage\":\"bs-BA\",\"@id\":\"https:\/\/sandzakpress.net\/arhiva\/#\/schema\/person\/image\/\",\"url\":\"https:\/\/secure.gravatar.com\/avatar\/42263f39aa27ac04c43cab85c280eb2e?s=96&d=mm&r=pg\",\"contentUrl\":\"https:\/\/secure.gravatar.com\/avatar\/42263f39aa27ac04c43cab85c280eb2e?s=96&d=mm&r=pg\",\"caption\":\"Kul\"},\"logo\":{\"@id\":\"https:\/\/sandzakpress.net\/arhiva\/#\/schema\/person\/image\/\"}},{\"@type\":\"Person\",\"@id\":\"https:\/\/sandzakpress.net\/arhiva\/#\/schema\/person\/c8baee722073534b583ea7bdb2e36c02\",\"name\":\"bosniak\",\"image\":{\"@type\":\"ImageObject\",\"inLanguage\":\"bs-BA\",\"@id\":\"https:\/\/sandzakpress.net\/arhiva\/#\/schema\/person\/image\/\",\"url\":\"https:\/\/secure.gravatar.com\/avatar\/a04fd330bfe3a36a72a0ad4a6d89fca7?s=96&d=mm&r=pg\",\"contentUrl\":\"https:\/\/secure.gravatar.com\/avatar\/a04fd330bfe3a36a72a0ad4a6d89fca7?s=96&d=mm&r=pg\",\"caption\":\"bosniak\"},\"url\":\"https:\/\/sandzakpress.net\/arhiva\/author\/bosniak\/\"}]}<\/script>\n<!-- \/ Yoast SEO Premium plugin. -->","yoast_head_json":{"title":"U Novom Pazaru i Tutinu odr\u017eani islamski edukativni seminari","robots":{"index":"index","follow":"follow","max-snippet":"max-snippet:-1","max-image-preview":"max-image-preview:large","max-video-preview":"max-video-preview:-1"},"canonical":"https:\/\/sandzakpress.net\/arhiva\/u-novom-pazaru-i-tutinu-odrzani-islamski-edukativni-seminari\/","og_locale":"bs_BA","og_type":"article","og_title":"U Novom Pazaru i Tutinu odr\u017eani islamski edukativni seminari","og_description":"Sand\u017eak &#8211; Muftijstvo sand\u017ea\u010dko u saradnji sa Udru\u017eenjem studenata Bo\u0161njaka Islamskog univerziteta u Medini organizovalo seminare u Tutinu i Novom Pazaru. Tema seminara u Tutinu bila je \u201cKur'an je na\u0161 vodi\u010d\u201d Seminar su predvodili eminenti stur\u010dnjaci iz Sand\u017eaka hfz Abdurrahman ef. Kujevi\u0107, hfz Hilmija Red\u017ei\u0107, hfz. Almir \u0160anti\u0107 kao I predstavnik (USBiUM), Udru\u017eenjem studenata Bo\u0161njaka [&hellip;]","og_url":"https:\/\/sandzakpress.net\/arhiva\/u-novom-pazaru-i-tutinu-odrzani-islamski-edukativni-seminari\/","og_site_name":"Sand\u017eak PRESS","article_published_time":"2015-06-16T09:59:56+00:00","article_modified_time":"2015-06-16T10:45:18+00:00","og_image":[{"width":2048,"height":1536,"url":"https:\/\/sandzakpress.net\/arhiva\/wp-content\/uploads\/2015\/06\/10506654_959111370811845_6926251414673173594_o.jpg","type":"image\/jpeg"}],"author":"bosniak","twitter_card":"summary_large_image","twitter_misc":{"Written by":"bosniak","Est. reading time":"1 minuta"},"schema":{"@context":"https:\/\/schema.org","@graph":[{"@type":"Article","@id":"https:\/\/sandzakpress.net\/arhiva\/u-novom-pazaru-i-tutinu-odrzani-islamski-edukativni-seminari\/#article","isPartOf":{"@id":"https:\/\/sandzakpress.net\/arhiva\/u-novom-pazaru-i-tutinu-odrzani-islamski-edukativni-seminari\/"},"author":{"name":"bosniak","@id":"https:\/\/sandzakpress.net\/arhiva\/#\/schema\/person\/c8baee722073534b583ea7bdb2e36c02"},"headline":"U Novom Pazaru i Tutinu odr\u017eani islamski edukativni seminari","datePublished":"2015-06-16T09:59:56+00:00","dateModified":"2015-06-16T10:45:18+00:00","mainEntityOfPage":{"@id":"https:\/\/sandzakpress.net\/arhiva\/u-novom-pazaru-i-tutinu-odrzani-islamski-edukativni-seminari\/"},"wordCount":283,"commentCount":1,"publisher":{"@id":"https:\/\/sandzakpress.net\/arhiva\/#\/schema\/person\/6e72b67d6e51910a1117b3b483ba20bd"},"image":{"@id":"https:\/\/sandzakpress.net\/arhiva\/u-novom-pazaru-i-tutinu-odrzani-islamski-edukativni-seminari\/#primaryimage"},"thumbnailUrl":"https:\/\/sandzakpress.net\/arhiva\/wp-content\/uploads\/2015\/06\/10506654_959111370811845_6926251414673173594_o.jpg","articleSection":["Novi Pazar","Tutin","Islamska zajednica","VIJESTI DANA","NAJNOVIJE","VA\u017dNO!"],"inLanguage":"bs-BA","potentialAction":[{"@type":"CommentAction","name":"Comment","target":["https:\/\/sandzakpress.net\/arhiva\/u-novom-pazaru-i-tutinu-odrzani-islamski-edukativni-seminari\/#respond"]}]},{"@type":"WebPage","@id":"https:\/\/sandzakpress.net\/arhiva\/u-novom-pazaru-i-tutinu-odrzani-islamski-edukativni-seminari\/","url":"https:\/\/sandzakpress.net\/arhiva\/u-novom-pazaru-i-tutinu-odrzani-islamski-edukativni-seminari\/","name":"U Novom Pazaru i Tutinu odr\u017eani islamski edukativni seminari","isPartOf":{"@id":"https:\/\/sandzakpress.net\/arhiva\/#website"},"primaryImageOfPage":{"@id":"https:\/\/sandzakpress.net\/arhiva\/u-novom-pazaru-i-tutinu-odrzani-islamski-edukativni-seminari\/#primaryimage"},"image":{"@id":"https:\/\/sandzakpress.net\/arhiva\/u-novom-pazaru-i-tutinu-odrzani-islamski-edukativni-seminari\/#primaryimage"},"thumbnailUrl":"https:\/\/sandzakpress.net\/arhiva\/wp-content\/uploads\/2015\/06\/10506654_959111370811845_6926251414673173594_o.jpg","datePublished":"2015-06-16T09:59:56+00:00","dateModified":"2015-06-16T10:45:18+00:00","breadcrumb":{"@id":"https:\/\/sandzakpress.net\/arhiva\/u-novom-pazaru-i-tutinu-odrzani-islamski-edukativni-seminari\/#breadcrumb"},"inLanguage":"bs-BA","potentialAction":[{"@type":"ReadAction","target":["https:\/\/sandzakpress.net\/arhiva\/u-novom-pazaru-i-tutinu-odrzani-islamski-edukativni-seminari\/"]}]},{"@type":"ImageObject","inLanguage":"bs-BA","@id":"https:\/\/sandzakpress.net\/arhiva\/u-novom-pazaru-i-tutinu-odrzani-islamski-edukativni-seminari\/#primaryimage","url":"https:\/\/sandzakpress.net\/arhiva\/wp-content\/uploads\/2015\/06\/10506654_959111370811845_6926251414673173594_o.jpg","contentUrl":"https:\/\/sandzakpress.net\/arhiva\/wp-content\/uploads\/2015\/06\/10506654_959111370811845_6926251414673173594_o.jpg","width":2048,"height":1536},{"@type":"BreadcrumbList","@id":"https:\/\/sandzakpress.net\/arhiva\/u-novom-pazaru-i-tutinu-odrzani-islamski-edukativni-seminari\/#breadcrumb","itemListElement":[{"@type":"ListItem","position":1,"name":"Home","item":"https:\/\/sandzakpress.net\/arhiva\/"},{"@type":"ListItem","position":2,"name":"U Novom Pazaru i Tutinu odr\u017eani islamski edukativni seminari"}]},{"@type":"WebSite","@id":"https:\/\/sandzakpress.net\/arhiva\/#website","url":"https:\/\/sandzakpress.net\/arhiva\/","name":"Sand\u017eak PRESS","description":"Prve elektronske novine u Sand\u017eaku","publisher":{"@id":"https:\/\/sandzakpress.net\/arhiva\/#\/schema\/person\/6e72b67d6e51910a1117b3b483ba20bd"},"potentialAction":[{"@type":"SearchAction","target":{"@type":"EntryPoint","urlTemplate":"https:\/\/sandzakpress.net\/arhiva\/?s={search_term_string}"},"query-input":{"@type":"PropertyValueSpecification","valueRequired":true,"valueName":"search_term_string"}}],"inLanguage":"bs-BA"},{"@type":["Person","Organization"],"@id":"https:\/\/sandzakpress.net\/arhiva\/#\/schema\/person\/6e72b67d6e51910a1117b3b483ba20bd","name":"Kul","image":{"@type":"ImageObject","inLanguage":"bs-BA","@id":"https:\/\/sandzakpress.net\/arhiva\/#\/schema\/person\/image\/","url":"https:\/\/secure.gravatar.com\/avatar\/42263f39aa27ac04c43cab85c280eb2e?s=96&d=mm&r=pg","contentUrl":"https:\/\/secure.gravatar.com\/avatar\/42263f39aa27ac04c43cab85c280eb2e?s=96&d=mm&r=pg","caption":"Kul"},"logo":{"@id":"https:\/\/sandzakpress.net\/arhiva\/#\/schema\/person\/image\/"}},{"@type":"Person","@id":"https:\/\/sandzakpress.net\/arhiva\/#\/schema\/person\/c8baee722073534b583ea7bdb2e36c02","name":"bosniak","image":{"@type":"ImageObject","inLanguage":"bs-BA","@id":"https:\/\/sandzakpress.net\/arhiva\/#\/schema\/person\/image\/","url":"https:\/\/secure.gravatar.com\/avatar\/a04fd330bfe3a36a72a0ad4a6d89fca7?s=96&d=mm&r=pg","contentUrl":"https:\/\/secure.gravatar.com\/avatar\/a04fd330bfe3a36a72a0ad4a6d89fca7?s=96&d=mm&r=pg","caption":"bosniak"},"url":"https:\/\/sandzakpress.net\/arhiva\/author\/bosniak\/"}]}},"_links":{"self":[{"href":"https:\/\/sandzakpress.net\/arhiva\/wp-json\/wp\/v2\/posts\/129698"}],"collection":[{"href":"https:\/\/sandzakpress.net\/arhiva\/wp-json\/wp\/v2\/posts"}],"about":[{"href":"https:\/\/sandzakpress.net\/arhiva\/wp-json\/wp\/v2\/types\/post"}],"author":[{"embeddable":true,"href":"https:\/\/sandzakpress.net\/arhiva\/wp-json\/wp\/v2\/users\/83"}],"replies":[{"embeddable":true,"href":"https:\/\/sandzakpress.net\/arhiva\/wp-json\/wp\/v2\/comments?post=129698"}],"version-history":[{"count":0,"href":"https:\/\/sandzakpress.net\/arhiva\/wp-json\/wp\/v2\/posts\/129698\/revisions"}],"wp:featuredmedia":[{"embeddable":true,"href":"https:\/\/sandzakpress.net\/arhiva\/wp-json\/wp\/v2\/media\/129714"}],"wp:attachment":[{"href":"https:\/\/sandzakpress.net\/arhiva\/wp-json\/wp\/v2\/media?parent=129698"}],"wp:term":[{"taxonomy":"category","embeddable":true,"href":"https:\/\/sandzakpress.net\/arhiva\/wp-json\/wp\/v2\/categories?post=129698"},{"taxonomy":"post_tag","embeddable":true,"href":"https:\/\/sandzakpress.net\/arhiva\/wp-json\/wp\/v2\/tags?post=129698"}],"curies":[{"name":"wp","href":"https:\/\/api.w.org\/{rel}","templated":true}]}}