{"id":129634,"date":"2015-06-13T13:42:14","date_gmt":"2015-06-13T11:42:14","guid":{"rendered":"https:\/\/sandzakpress.net\/arhiva\/?p=129634"},"modified":"2015-06-13T13:42:14","modified_gmt":"2015-06-13T11:42:14","slug":"azilanti-ce-biti-vraceni-u-crnu-goru-iz-njemacke","status":"publish","type":"post","link":"https:\/\/sandzakpress.net\/arhiva\/azilanti-ce-biti-vraceni-u-crnu-goru-iz-njemacke\/","title":{"rendered":"Azilanti \u0107e biti vra\u0107eni u Crnu Goru iz Njema\u010dke"},"content":{"rendered":"<p><img decoding=\"async\" src=\"http:\/\/www.kolektiv.me\/cacheImagesDir\/vijesti\/48294\/615x410\/ALd3oZSbwZ.jpg\" alt=\"\" \/><\/p>\n<p><strong>Sand\u017eak &#8211; Crnogorski gra\u0111ani ne mogu ostvariti azil u Njema\u010dkoj, saop\u0161tila je delegacija Op\u0161tine Bijelo Polje, nakon sastanka sa predstavnicima prihvatili\u0161ta u njema\u010dkom Braun\u0161vajgu.<\/strong><\/p>\n<p>Iz delegacije, koja je posjetila ekonomske azilante sa sjevera Crne Gore, su saop\u0161tili da je je njema\u010dki odgovor na pitanje o perspektivi, ostanku ili radnom anga\u017emanu azilanata bio jasan.<\/p>\n<p>\u201cNa osnovu izjava o razlozima dolaska va\u0161ih sugra\u0111ana u na\u0161u sredinu i grad nema razloga, niti uslova, za ostvarivanje prava na azil, pa prema tome ni prava na ostanak i rad kao \u0161to to mogu ostvariti, na primjer, ljudi iz zemalja obuhva\u0107enih ratom, kao \u0161to su Irak, Sirija i neke afri\u010dke zemlje\u201d, navodi se u saop\u0161tenju, prenosi RTCG.<\/p>\n<p>Predstavnici prihvatili\u0161ta su kazali da imaju problem jer svojim gra\u0111anima ne mogu da objasne opravdanost boravka i tro\u0161enja sredstava njihovih socijalnih fondova na takve ili sli\u010dne slu\u010dajeve, bez ubjedljivih i opravdanih razloga.<\/p>\n<p>Oni su, kako se navodi, saop\u0161tili da su tokom zime imali problem sa kosovskim gra\u0111anima koji su masovno stizali u Njema\u010dku.<\/p>\n<p>Kosovski gra\u0111ani su se, nakon sprovedene procedure poslije tri do \u0161est mjeseci, vratili na Kosovo, \u0161to \u201cvjerovatno o\u010dekuje i gra\u0111ane Crne Gore, ukoliko se neke bitne okolnosti ne promijene u me\u0111uvremenu\u201d.<\/p>\n<p>\u201cDakle, status gra\u0111ana Crne Gore ne mo\u017ee biti druga\u010diji od statusa drugih gra\u0111ana iz regiona, \u0161to je njema\u010dkim Zakonom ta\u010dno precizirano, koji se mora izvr\u0161avati, a to zna\u010di nakon sprovedene procedure moraju ih vratiti odakle su do\u0161li\u201d, navodi se u saop\u0161tenju.<\/p>\n<p>Predstavnici prihvatnog centra koji je smje\u0161ten u biv\u0161oj vojnoj kasarni, obavijestili su delegaciju Bijelog Polja da je od po\u010detka godine kroz taj Centar pro\u0161lo vi\u0161e hiljada ljudi, a da ih je trenutno oko 1400, od \u010dega 600 iz Crne Gore.<\/p>\n<p>Njih 20 je, kako se navodi, samoinicijativno odlu\u010dilo da se vrati svojim ku\u0107ama u Crnoj Gori.<\/p>\n<p>(kolektiv.me)<\/p>\n","protected":false},"excerpt":{"rendered":"<p>Sand\u017eak &#8211; Crnogorski gra\u0111ani ne mogu ostvariti azil u Njema\u010dkoj, saop\u0161tila je delegacija Op\u0161tine Bijelo Polje, nakon sastanka sa predstavnicima prihvatili\u0161ta u njema\u010dkom Braun\u0161vajgu. Iz delegacije, koja je posjetila ekonomske azilante sa sjevera Crne Gore, su saop\u0161tili da je je njema\u010dki odgovor na pitanje o perspektivi, ostanku ili radnom anga\u017emanu azilanata bio jasan. \u201cNa osnovu [&hellip;]<\/p>\n","protected":false},"author":83,"featured_media":129635,"comment_status":"open","ping_status":"open","sticky":false,"template":"","format":"standard","meta":{"footnotes":""},"categories":[398,800,397,10174,396,395,399,10173],"tags":[],"class_list":{"0":"post-129634","1":"post","2":"type-post","3":"status-publish","4":"format-standard","5":"has-post-thumbnail","7":"category-rozaje","8":"category-nacija","9":"category-berane","10":"category-petnjica-vase-vijesti","11":"category-bijelo_polje","12":"category-pljevlja_","13":"category-plav_","14":"category-gusinje-vase-vijesti"},"yoast_head":"<!-- This site is optimized with the Yoast SEO Premium plugin v23.1 (Yoast SEO v24.9) - https:\/\/yoast.com\/wordpress\/plugins\/seo\/ -->\n<title>Azilanti \u0107e biti vra\u0107eni u Crnu Goru iz Njema\u010dke<\/title>\n<meta name=\"robots\" content=\"index, follow, max-snippet:-1, max-image-preview:large, max-video-preview:-1\" \/>\n<link rel=\"canonical\" href=\"https:\/\/sandzakpress.net\/arhiva\/azilanti-ce-biti-vraceni-u-crnu-goru-iz-njemacke\/\" \/>\n<meta property=\"og:locale\" content=\"bs_BA\" \/>\n<meta property=\"og:type\" content=\"article\" \/>\n<meta property=\"og:title\" content=\"Azilanti \u0107e biti vra\u0107eni u Crnu Goru iz Njema\u010dke\" \/>\n<meta property=\"og:description\" content=\"Sand\u017eak &#8211; Crnogorski gra\u0111ani ne mogu ostvariti azil u Njema\u010dkoj, saop\u0161tila je delegacija Op\u0161tine Bijelo Polje, nakon sastanka sa predstavnicima prihvatili\u0161ta u njema\u010dkom Braun\u0161vajgu. Iz delegacije, koja je posjetila ekonomske azilante sa sjevera Crne Gore, su saop\u0161tili da je je njema\u010dki odgovor na pitanje o perspektivi, ostanku ili radnom anga\u017emanu azilanata bio jasan. \u201cNa osnovu [&hellip;]\" \/>\n<meta property=\"og:url\" content=\"https:\/\/sandzakpress.net\/arhiva\/azilanti-ce-biti-vraceni-u-crnu-goru-iz-njemacke\/\" \/>\n<meta property=\"og:site_name\" content=\"Sand\u017eak PRESS\" \/>\n<meta property=\"article:published_time\" content=\"2015-06-13T11:42:14+00:00\" \/>\n<meta property=\"og:image\" content=\"https:\/\/sandzakpress.net\/arhiva\/wp-content\/uploads\/2015\/06\/ALd3oZSbwZ.jpg\" \/>\n\t<meta property=\"og:image:width\" content=\"615\" \/>\n\t<meta property=\"og:image:height\" content=\"410\" \/>\n\t<meta property=\"og:image:type\" content=\"image\/jpeg\" \/>\n<meta name=\"author\" content=\"bosniak\" \/>\n<meta name=\"twitter:card\" content=\"summary_large_image\" \/>\n<meta name=\"twitter:label1\" content=\"Written by\" \/>\n\t<meta name=\"twitter:data1\" content=\"bosniak\" \/>\n\t<meta name=\"twitter:label2\" content=\"Est. reading time\" \/>\n\t<meta name=\"twitter:data2\" content=\"2 minute\" \/>\n<script type=\"application\/ld+json\" class=\"yoast-schema-graph\">{\"@context\":\"https:\/\/schema.org\",\"@graph\":[{\"@type\":\"Article\",\"@id\":\"https:\/\/sandzakpress.net\/arhiva\/azilanti-ce-biti-vraceni-u-crnu-goru-iz-njemacke\/#article\",\"isPartOf\":{\"@id\":\"https:\/\/sandzakpress.net\/arhiva\/azilanti-ce-biti-vraceni-u-crnu-goru-iz-njemacke\/\"},\"author\":{\"name\":\"bosniak\",\"@id\":\"https:\/\/sandzakpress.net\/arhiva\/#\/schema\/person\/c8baee722073534b583ea7bdb2e36c02\"},\"headline\":\"Azilanti \u0107e biti vra\u0107eni u Crnu Goru iz Njema\u010dke\",\"datePublished\":\"2015-06-13T11:42:14+00:00\",\"mainEntityOfPage\":{\"@id\":\"https:\/\/sandzakpress.net\/arhiva\/azilanti-ce-biti-vraceni-u-crnu-goru-iz-njemacke\/\"},\"wordCount\":348,\"commentCount\":20,\"publisher\":{\"@id\":\"https:\/\/sandzakpress.net\/arhiva\/#\/schema\/person\/6e72b67d6e51910a1117b3b483ba20bd\"},\"image\":{\"@id\":\"https:\/\/sandzakpress.net\/arhiva\/azilanti-ce-biti-vraceni-u-crnu-goru-iz-njemacke\/#primaryimage\"},\"thumbnailUrl\":\"https:\/\/sandzakpress.net\/arhiva\/wp-content\/uploads\/2015\/06\/ALd3oZSbwZ.jpg\",\"articleSection\":[\"Ro\u017eaje\",\"Nacija\",\"Berane\",\"Petnjica\",\"Bijelo Polje\",\"Pljevlja\",\"Plav\",\"Gusinje\"],\"inLanguage\":\"bs-BA\",\"potentialAction\":[{\"@type\":\"CommentAction\",\"name\":\"Comment\",\"target\":[\"https:\/\/sandzakpress.net\/arhiva\/azilanti-ce-biti-vraceni-u-crnu-goru-iz-njemacke\/#respond\"]}]},{\"@type\":\"WebPage\",\"@id\":\"https:\/\/sandzakpress.net\/arhiva\/azilanti-ce-biti-vraceni-u-crnu-goru-iz-njemacke\/\",\"url\":\"https:\/\/sandzakpress.net\/arhiva\/azilanti-ce-biti-vraceni-u-crnu-goru-iz-njemacke\/\",\"name\":\"Azilanti \u0107e biti vra\u0107eni u Crnu Goru iz Njema\u010dke\",\"isPartOf\":{\"@id\":\"https:\/\/sandzakpress.net\/arhiva\/#website\"},\"primaryImageOfPage\":{\"@id\":\"https:\/\/sandzakpress.net\/arhiva\/azilanti-ce-biti-vraceni-u-crnu-goru-iz-njemacke\/#primaryimage\"},\"image\":{\"@id\":\"https:\/\/sandzakpress.net\/arhiva\/azilanti-ce-biti-vraceni-u-crnu-goru-iz-njemacke\/#primaryimage\"},\"thumbnailUrl\":\"https:\/\/sandzakpress.net\/arhiva\/wp-content\/uploads\/2015\/06\/ALd3oZSbwZ.jpg\",\"datePublished\":\"2015-06-13T11:42:14+00:00\",\"breadcrumb\":{\"@id\":\"https:\/\/sandzakpress.net\/arhiva\/azilanti-ce-biti-vraceni-u-crnu-goru-iz-njemacke\/#breadcrumb\"},\"inLanguage\":\"bs-BA\",\"potentialAction\":[{\"@type\":\"ReadAction\",\"target\":[\"https:\/\/sandzakpress.net\/arhiva\/azilanti-ce-biti-vraceni-u-crnu-goru-iz-njemacke\/\"]}]},{\"@type\":\"ImageObject\",\"inLanguage\":\"bs-BA\",\"@id\":\"https:\/\/sandzakpress.net\/arhiva\/azilanti-ce-biti-vraceni-u-crnu-goru-iz-njemacke\/#primaryimage\",\"url\":\"https:\/\/sandzakpress.net\/arhiva\/wp-content\/uploads\/2015\/06\/ALd3oZSbwZ.jpg\",\"contentUrl\":\"https:\/\/sandzakpress.net\/arhiva\/wp-content\/uploads\/2015\/06\/ALd3oZSbwZ.jpg\",\"width\":615,\"height\":410},{\"@type\":\"BreadcrumbList\",\"@id\":\"https:\/\/sandzakpress.net\/arhiva\/azilanti-ce-biti-vraceni-u-crnu-goru-iz-njemacke\/#breadcrumb\",\"itemListElement\":[{\"@type\":\"ListItem\",\"position\":1,\"name\":\"Home\",\"item\":\"https:\/\/sandzakpress.net\/arhiva\/\"},{\"@type\":\"ListItem\",\"position\":2,\"name\":\"Azilanti \u0107e biti vra\u0107eni u Crnu Goru iz Njema\u010dke\"}]},{\"@type\":\"WebSite\",\"@id\":\"https:\/\/sandzakpress.net\/arhiva\/#website\",\"url\":\"https:\/\/sandzakpress.net\/arhiva\/\",\"name\":\"Sand\u017eak PRESS\",\"description\":\"Prve elektronske novine u Sand\u017eaku\",\"publisher\":{\"@id\":\"https:\/\/sandzakpress.net\/arhiva\/#\/schema\/person\/6e72b67d6e51910a1117b3b483ba20bd\"},\"potentialAction\":[{\"@type\":\"SearchAction\",\"target\":{\"@type\":\"EntryPoint\",\"urlTemplate\":\"https:\/\/sandzakpress.net\/arhiva\/?s={search_term_string}\"},\"query-input\":{\"@type\":\"PropertyValueSpecification\",\"valueRequired\":true,\"valueName\":\"search_term_string\"}}],\"inLanguage\":\"bs-BA\"},{\"@type\":[\"Person\",\"Organization\"],\"@id\":\"https:\/\/sandzakpress.net\/arhiva\/#\/schema\/person\/6e72b67d6e51910a1117b3b483ba20bd\",\"name\":\"Kul\",\"image\":{\"@type\":\"ImageObject\",\"inLanguage\":\"bs-BA\",\"@id\":\"https:\/\/sandzakpress.net\/arhiva\/#\/schema\/person\/image\/\",\"url\":\"https:\/\/secure.gravatar.com\/avatar\/42263f39aa27ac04c43cab85c280eb2e?s=96&d=mm&r=pg\",\"contentUrl\":\"https:\/\/secure.gravatar.com\/avatar\/42263f39aa27ac04c43cab85c280eb2e?s=96&d=mm&r=pg\",\"caption\":\"Kul\"},\"logo\":{\"@id\":\"https:\/\/sandzakpress.net\/arhiva\/#\/schema\/person\/image\/\"}},{\"@type\":\"Person\",\"@id\":\"https:\/\/sandzakpress.net\/arhiva\/#\/schema\/person\/c8baee722073534b583ea7bdb2e36c02\",\"name\":\"bosniak\",\"image\":{\"@type\":\"ImageObject\",\"inLanguage\":\"bs-BA\",\"@id\":\"https:\/\/sandzakpress.net\/arhiva\/#\/schema\/person\/image\/\",\"url\":\"https:\/\/secure.gravatar.com\/avatar\/a04fd330bfe3a36a72a0ad4a6d89fca7?s=96&d=mm&r=pg\",\"contentUrl\":\"https:\/\/secure.gravatar.com\/avatar\/a04fd330bfe3a36a72a0ad4a6d89fca7?s=96&d=mm&r=pg\",\"caption\":\"bosniak\"},\"url\":\"https:\/\/sandzakpress.net\/arhiva\/author\/bosniak\/\"}]}<\/script>\n<!-- \/ Yoast SEO Premium plugin. -->","yoast_head_json":{"title":"Azilanti \u0107e biti vra\u0107eni u Crnu Goru iz Njema\u010dke","robots":{"index":"index","follow":"follow","max-snippet":"max-snippet:-1","max-image-preview":"max-image-preview:large","max-video-preview":"max-video-preview:-1"},"canonical":"https:\/\/sandzakpress.net\/arhiva\/azilanti-ce-biti-vraceni-u-crnu-goru-iz-njemacke\/","og_locale":"bs_BA","og_type":"article","og_title":"Azilanti \u0107e biti vra\u0107eni u Crnu Goru iz Njema\u010dke","og_description":"Sand\u017eak &#8211; Crnogorski gra\u0111ani ne mogu ostvariti azil u Njema\u010dkoj, saop\u0161tila je delegacija Op\u0161tine Bijelo Polje, nakon sastanka sa predstavnicima prihvatili\u0161ta u njema\u010dkom Braun\u0161vajgu. Iz delegacije, koja je posjetila ekonomske azilante sa sjevera Crne Gore, su saop\u0161tili da je je njema\u010dki odgovor na pitanje o perspektivi, ostanku ili radnom anga\u017emanu azilanata bio jasan. \u201cNa osnovu [&hellip;]","og_url":"https:\/\/sandzakpress.net\/arhiva\/azilanti-ce-biti-vraceni-u-crnu-goru-iz-njemacke\/","og_site_name":"Sand\u017eak PRESS","article_published_time":"2015-06-13T11:42:14+00:00","og_image":[{"width":615,"height":410,"url":"https:\/\/sandzakpress.net\/arhiva\/wp-content\/uploads\/2015\/06\/ALd3oZSbwZ.jpg","type":"image\/jpeg"}],"author":"bosniak","twitter_card":"summary_large_image","twitter_misc":{"Written by":"bosniak","Est. reading time":"2 minute"},"schema":{"@context":"https:\/\/schema.org","@graph":[{"@type":"Article","@id":"https:\/\/sandzakpress.net\/arhiva\/azilanti-ce-biti-vraceni-u-crnu-goru-iz-njemacke\/#article","isPartOf":{"@id":"https:\/\/sandzakpress.net\/arhiva\/azilanti-ce-biti-vraceni-u-crnu-goru-iz-njemacke\/"},"author":{"name":"bosniak","@id":"https:\/\/sandzakpress.net\/arhiva\/#\/schema\/person\/c8baee722073534b583ea7bdb2e36c02"},"headline":"Azilanti \u0107e biti vra\u0107eni u Crnu Goru iz Njema\u010dke","datePublished":"2015-06-13T11:42:14+00:00","mainEntityOfPage":{"@id":"https:\/\/sandzakpress.net\/arhiva\/azilanti-ce-biti-vraceni-u-crnu-goru-iz-njemacke\/"},"wordCount":348,"commentCount":20,"publisher":{"@id":"https:\/\/sandzakpress.net\/arhiva\/#\/schema\/person\/6e72b67d6e51910a1117b3b483ba20bd"},"image":{"@id":"https:\/\/sandzakpress.net\/arhiva\/azilanti-ce-biti-vraceni-u-crnu-goru-iz-njemacke\/#primaryimage"},"thumbnailUrl":"https:\/\/sandzakpress.net\/arhiva\/wp-content\/uploads\/2015\/06\/ALd3oZSbwZ.jpg","articleSection":["Ro\u017eaje","Nacija","Berane","Petnjica","Bijelo Polje","Pljevlja","Plav","Gusinje"],"inLanguage":"bs-BA","potentialAction":[{"@type":"CommentAction","name":"Comment","target":["https:\/\/sandzakpress.net\/arhiva\/azilanti-ce-biti-vraceni-u-crnu-goru-iz-njemacke\/#respond"]}]},{"@type":"WebPage","@id":"https:\/\/sandzakpress.net\/arhiva\/azilanti-ce-biti-vraceni-u-crnu-goru-iz-njemacke\/","url":"https:\/\/sandzakpress.net\/arhiva\/azilanti-ce-biti-vraceni-u-crnu-goru-iz-njemacke\/","name":"Azilanti \u0107e biti vra\u0107eni u Crnu Goru iz Njema\u010dke","isPartOf":{"@id":"https:\/\/sandzakpress.net\/arhiva\/#website"},"primaryImageOfPage":{"@id":"https:\/\/sandzakpress.net\/arhiva\/azilanti-ce-biti-vraceni-u-crnu-goru-iz-njemacke\/#primaryimage"},"image":{"@id":"https:\/\/sandzakpress.net\/arhiva\/azilanti-ce-biti-vraceni-u-crnu-goru-iz-njemacke\/#primaryimage"},"thumbnailUrl":"https:\/\/sandzakpress.net\/arhiva\/wp-content\/uploads\/2015\/06\/ALd3oZSbwZ.jpg","datePublished":"2015-06-13T11:42:14+00:00","breadcrumb":{"@id":"https:\/\/sandzakpress.net\/arhiva\/azilanti-ce-biti-vraceni-u-crnu-goru-iz-njemacke\/#breadcrumb"},"inLanguage":"bs-BA","potentialAction":[{"@type":"ReadAction","target":["https:\/\/sandzakpress.net\/arhiva\/azilanti-ce-biti-vraceni-u-crnu-goru-iz-njemacke\/"]}]},{"@type":"ImageObject","inLanguage":"bs-BA","@id":"https:\/\/sandzakpress.net\/arhiva\/azilanti-ce-biti-vraceni-u-crnu-goru-iz-njemacke\/#primaryimage","url":"https:\/\/sandzakpress.net\/arhiva\/wp-content\/uploads\/2015\/06\/ALd3oZSbwZ.jpg","contentUrl":"https:\/\/sandzakpress.net\/arhiva\/wp-content\/uploads\/2015\/06\/ALd3oZSbwZ.jpg","width":615,"height":410},{"@type":"BreadcrumbList","@id":"https:\/\/sandzakpress.net\/arhiva\/azilanti-ce-biti-vraceni-u-crnu-goru-iz-njemacke\/#breadcrumb","itemListElement":[{"@type":"ListItem","position":1,"name":"Home","item":"https:\/\/sandzakpress.net\/arhiva\/"},{"@type":"ListItem","position":2,"name":"Azilanti \u0107e biti vra\u0107eni u Crnu Goru iz Njema\u010dke"}]},{"@type":"WebSite","@id":"https:\/\/sandzakpress.net\/arhiva\/#website","url":"https:\/\/sandzakpress.net\/arhiva\/","name":"Sand\u017eak PRESS","description":"Prve elektronske novine u Sand\u017eaku","publisher":{"@id":"https:\/\/sandzakpress.net\/arhiva\/#\/schema\/person\/6e72b67d6e51910a1117b3b483ba20bd"},"potentialAction":[{"@type":"SearchAction","target":{"@type":"EntryPoint","urlTemplate":"https:\/\/sandzakpress.net\/arhiva\/?s={search_term_string}"},"query-input":{"@type":"PropertyValueSpecification","valueRequired":true,"valueName":"search_term_string"}}],"inLanguage":"bs-BA"},{"@type":["Person","Organization"],"@id":"https:\/\/sandzakpress.net\/arhiva\/#\/schema\/person\/6e72b67d6e51910a1117b3b483ba20bd","name":"Kul","image":{"@type":"ImageObject","inLanguage":"bs-BA","@id":"https:\/\/sandzakpress.net\/arhiva\/#\/schema\/person\/image\/","url":"https:\/\/secure.gravatar.com\/avatar\/42263f39aa27ac04c43cab85c280eb2e?s=96&d=mm&r=pg","contentUrl":"https:\/\/secure.gravatar.com\/avatar\/42263f39aa27ac04c43cab85c280eb2e?s=96&d=mm&r=pg","caption":"Kul"},"logo":{"@id":"https:\/\/sandzakpress.net\/arhiva\/#\/schema\/person\/image\/"}},{"@type":"Person","@id":"https:\/\/sandzakpress.net\/arhiva\/#\/schema\/person\/c8baee722073534b583ea7bdb2e36c02","name":"bosniak","image":{"@type":"ImageObject","inLanguage":"bs-BA","@id":"https:\/\/sandzakpress.net\/arhiva\/#\/schema\/person\/image\/","url":"https:\/\/secure.gravatar.com\/avatar\/a04fd330bfe3a36a72a0ad4a6d89fca7?s=96&d=mm&r=pg","contentUrl":"https:\/\/secure.gravatar.com\/avatar\/a04fd330bfe3a36a72a0ad4a6d89fca7?s=96&d=mm&r=pg","caption":"bosniak"},"url":"https:\/\/sandzakpress.net\/arhiva\/author\/bosniak\/"}]}},"_links":{"self":[{"href":"https:\/\/sandzakpress.net\/arhiva\/wp-json\/wp\/v2\/posts\/129634"}],"collection":[{"href":"https:\/\/sandzakpress.net\/arhiva\/wp-json\/wp\/v2\/posts"}],"about":[{"href":"https:\/\/sandzakpress.net\/arhiva\/wp-json\/wp\/v2\/types\/post"}],"author":[{"embeddable":true,"href":"https:\/\/sandzakpress.net\/arhiva\/wp-json\/wp\/v2\/users\/83"}],"replies":[{"embeddable":true,"href":"https:\/\/sandzakpress.net\/arhiva\/wp-json\/wp\/v2\/comments?post=129634"}],"version-history":[{"count":0,"href":"https:\/\/sandzakpress.net\/arhiva\/wp-json\/wp\/v2\/posts\/129634\/revisions"}],"wp:featuredmedia":[{"embeddable":true,"href":"https:\/\/sandzakpress.net\/arhiva\/wp-json\/wp\/v2\/media\/129635"}],"wp:attachment":[{"href":"https:\/\/sandzakpress.net\/arhiva\/wp-json\/wp\/v2\/media?parent=129634"}],"wp:term":[{"taxonomy":"category","embeddable":true,"href":"https:\/\/sandzakpress.net\/arhiva\/wp-json\/wp\/v2\/categories?post=129634"},{"taxonomy":"post_tag","embeddable":true,"href":"https:\/\/sandzakpress.net\/arhiva\/wp-json\/wp\/v2\/tags?post=129634"}],"curies":[{"name":"wp","href":"https:\/\/api.w.org\/{rel}","templated":true}]}}