{"id":129582,"date":"2015-06-12T15:24:56","date_gmt":"2015-06-12T13:24:56","guid":{"rendered":"https:\/\/sandzakpress.net\/arhiva\/?p=129582"},"modified":"2015-06-12T15:24:56","modified_gmt":"2015-06-12T13:24:56","slug":"bnf-organizira-javnu-raspravu-aktuelni-trenutak-bh-granica","status":"publish","type":"post","link":"https:\/\/sandzakpress.net\/arhiva\/bnf-organizira-javnu-raspravu-aktuelni-trenutak-bh-granica\/","title":{"rendered":"BNF organizira javnu raspravu: \u201cAktuelni trenutak bh. granica\u201d"},"content":{"rendered":"<p><img decoding=\"async\" src=\"http:\/\/bosniapress.net\/wp-content\/uploads\/2015\/06\/BNF-JAVNA-RASPRAVA-616x440.jpg\" alt=\"BNF-JAVNA RASPRAVA\" \/><\/p>\n<p><strong>Sarajevo\u00a0 \u0336 \u00a0Bo\u0161nja\u010dka nacionalna fondacija \u0107e u subotu, 13. juna 2015. godine, odr\u017eati javnu raspravu na temu \u201eAKTUELNI TRENUTAK BH. GRANICA\u201c<\/strong><span id=\"more-136935\"><\/span><\/p>\n<p>Rasprava \u0107e se odr\u017eati u ul. \u0160trosmajerova 1, u Sarajevu sa po\u010detkom u 11 sati.<\/p>\n<p>Moderator i uvodni\u010dar prof. dr. Suad Kurt\u0107ehaji\u0107 sa uvodni\u010darom prof. dr. Antonom Jekauc.<\/p>\n<p><strong>Teze za javnu raspravu:<\/strong><\/p>\n<ul>\n<li>Preko \u0161est stotina godina traje pravo Bosne nad Sutorinom.<\/li>\n<li>Granice Bosne i Hercegovine sa dva izlaza na more utvr\u0111ene su Berlinskim kongresom 1878. godine.<\/li>\n<li>Sa dva izlaza na more Bosna i Hercegovina ulazi u Kraljevinu SHS 01.12.1918.<\/li>\n<li>Dva izlaza na more Bosna i Hercegovina potvr\u0111uje i Predsjedni\u0161tvo AVNOJ-a 24.02.1944. godine.<\/li>\n<li>Crnogorska Narodna skup\u0161tina protivno AVNOJ-u 02.09.1945. godine uklju\u010duje Sutorinu u svoj sistem.<\/li>\n<li>Od \u0110ure Pucara je tra\u017eeno da ne postavlja pitanje Sutorine.<\/li>\n<li>Od bo\u0161nja\u010dkog \u010dlana Predsjedni\u0161tvaBakira Izetbegovi\u0107a i predstavnika bosanskohercegova\u010dke vlasti se isto to tra\u017ei.<\/li>\n<li>\u0110uri Pucaru je nad glavom bio \u0110ilas i drugi crnogorski komunisti.<\/li>\n<li>Bo\u0161nja\u010dki \u010dlan Predsjedni\u0161tva Bakir Izetbegovi\u0107 i na\u0161i predstavnici vlasti se pona\u0161aju kao da im je Milo nad glavom.<\/li>\n<li>Svi historijski argumenti su na strani Bosne i Hercegovine.<\/li>\n<li>Crna Gora za ovih pola godine nije ponudila nijedan dokaz o vlasni\u0161tvu nad Sutorinom.<\/li>\n<li>Nezavisno\u0161\u0107u Bosne i Hercegovine i Crne Gore pitanje Sutorine poprima mnogo ve\u0107i zna\u010daj.<\/li>\n<li>Badinter je bio savjetodavno a ne obavezuju\u0107e tijelo Evropske zajednice.<\/li>\n<li>Bosna i Hercegovina je priznata u AVNOJ-evskim granicama jer se Badinter do priznanja nije bavio pitanjem granica.<\/li>\n<li>Predstavni\u010dki dom i Ustavopravna Komisija tog doma su ignorirali mi\u0161ljenja stru\u010dnjaka na javnoj raspravi jer im nisu odgovarala. Stru\u010dna rasprava nakon toga bila je farsa da bi se stekao utisak da je struka rekla da pitanje Sutorine ne treba otvarati. Pritom su pozvani uglavnom nepravnici koji su tuma\u010dili pravne kategorije a uskra\u0107eno je prisustvo stru\u010dnjacima Inicijative.<\/li>\n<li>Dr\u017eavna komisija Bosne i Hercegovine za granice je u vi\u0161e navrata utvr\u0111ivala prijedlog dr\u017eavne granice bez kvoruma.<\/li>\n<li>Prilikom odlu\u010divanja o Denisovoj rezoluciji o Sutorini samo su tri poslanika dala obrazlo\u017eenje za\u0161to su protiv iako ih je sedamnaest je glasalo protiv.<\/li>\n<li>Argumentaciju za Rezoluciju dalo je svih sedam zagovornika prihvatanja Rezolucije.<\/li>\n<li>Dr\u017eavna teritorija kao objekat prava u svim zemljamaje najja\u010de za\u0161ti\u0107ena I suverenost nad njom pripada narodu.<\/li>\n<li>Ne mo\u017ee niko od stranih politi\u010dara izvr\u0161iti ozbiljan pritisak da odustanemo od prava na povrat Sutorine jer smo mi izrazili \u017eelju da se tocivilizacijski rije\u0161i pred Internacionalnim sudom pravde u Hagu. Taj sud su i stvorile najmo\u0107nije zemlje svijeta da bi se rje\u0161avli sporovi mirnim putem.<\/li>\n<li>Vra\u0107anjem Sutorine Bosna i Hercegovina bi do\u0161la u potpuno druga\u010diji geopoliti\u010dki polo\u017eaj.<\/li>\n<li>Odricanje od tog prava na\u0161ih predstavnika vlasti ukazuje da mi nemamo dr\u017eavnike ni vizionare ve\u0107 fotelja\u0161e i dnevne politi\u010dare.<\/li>\n<li>Zaklju\u010dak je da se raspi\u0161e referendum o pitanju Sutorine na cijelom prostoru Bosne i Hercegovine ili da se zamrzne ratifikacija dok ne budemo imali i Prijedlog ugovora o dr\u017eavnoj granici sa Hrvatskom kako nam se ne bi desilo da napravimo nepopravljivu \u0161tetu za Bosne i Hercegovine.<\/li>\n<\/ul>\n<p>Novi problem koji nam se pojavljuju jeste pitanje Neuma, aerodroma Biha\u0107 (\u017deljava) Kostajnica i sli\u010dno. Na\u0161i predstavnici vlasti nemaju kapacitet \u0161to je zabrinjavaju\u0107e da nijedno od ovih pitanja rije\u0161e na zadovoljstvo gra\u0111ana i u korist Bosne i Hercegovine.<\/p>\n<p>(BNF)<\/p>\n","protected":false},"excerpt":{"rendered":"<p>Sarajevo\u00a0 \u0336 \u00a0Bo\u0161nja\u010dka nacionalna fondacija \u0107e u subotu, 13. juna 2015. godine, odr\u017eati javnu raspravu na temu \u201eAKTUELNI TRENUTAK BH. GRANICA\u201c Rasprava \u0107e se odr\u017eati u ul. \u0160trosmajerova 1, u Sarajevu sa po\u010detkom u 11 sati. Moderator i uvodni\u010dar prof. dr. Suad Kurt\u0107ehaji\u0107 sa uvodni\u010darom prof. dr. Antonom Jekauc. Teze za javnu raspravu: Preko \u0161est [&hellip;]<\/p>\n","protected":false},"author":83,"featured_media":129583,"comment_status":"open","ping_status":"open","sticky":false,"template":"","format":"standard","meta":{"footnotes":""},"categories":[800,2860,798],"tags":[],"class_list":{"0":"post-129582","1":"post","2":"type-post","3":"status-publish","4":"format-standard","5":"has-post-thumbnail","7":"category-nacija","8":"category-bosna-i-hercegovina-gradovi","9":"category-teme"},"yoast_head":"<!-- This site is optimized with the Yoast SEO Premium plugin v23.1 (Yoast SEO v24.9) - https:\/\/yoast.com\/wordpress\/plugins\/seo\/ -->\n<title>BNF organizira javnu raspravu: \u201cAktuelni trenutak bh. granica\u201d<\/title>\n<meta name=\"robots\" content=\"index, follow, max-snippet:-1, max-image-preview:large, max-video-preview:-1\" \/>\n<link rel=\"canonical\" href=\"https:\/\/sandzakpress.net\/arhiva\/bnf-organizira-javnu-raspravu-aktuelni-trenutak-bh-granica\/\" \/>\n<meta property=\"og:locale\" content=\"bs_BA\" \/>\n<meta property=\"og:type\" content=\"article\" \/>\n<meta property=\"og:title\" content=\"BNF organizira javnu raspravu: \u201cAktuelni trenutak bh. granica\u201d\" \/>\n<meta property=\"og:description\" content=\"Sarajevo\u00a0 \u0336 \u00a0Bo\u0161nja\u010dka nacionalna fondacija \u0107e u subotu, 13. juna 2015. godine, odr\u017eati javnu raspravu na temu \u201eAKTUELNI TRENUTAK BH. GRANICA\u201c Rasprava \u0107e se odr\u017eati u ul. \u0160trosmajerova 1, u Sarajevu sa po\u010detkom u 11 sati. Moderator i uvodni\u010dar prof. dr. Suad Kurt\u0107ehaji\u0107 sa uvodni\u010darom prof. dr. Antonom Jekauc. Teze za javnu raspravu: Preko \u0161est [&hellip;]\" \/>\n<meta property=\"og:url\" content=\"https:\/\/sandzakpress.net\/arhiva\/bnf-organizira-javnu-raspravu-aktuelni-trenutak-bh-granica\/\" \/>\n<meta property=\"og:site_name\" content=\"Sand\u017eak PRESS\" \/>\n<meta property=\"article:published_time\" content=\"2015-06-12T13:24:56+00:00\" \/>\n<meta property=\"og:image\" content=\"https:\/\/sandzakpress.net\/arhiva\/wp-content\/uploads\/2015\/06\/BNF-JAVNA-RASPRAVA-616x440.jpg\" \/>\n\t<meta property=\"og:image:width\" content=\"616\" \/>\n\t<meta property=\"og:image:height\" content=\"440\" \/>\n\t<meta property=\"og:image:type\" content=\"image\/jpeg\" \/>\n<meta name=\"author\" content=\"bosniak\" \/>\n<meta name=\"twitter:card\" content=\"summary_large_image\" \/>\n<meta name=\"twitter:label1\" content=\"Written by\" \/>\n\t<meta name=\"twitter:data1\" content=\"bosniak\" \/>\n\t<meta name=\"twitter:label2\" content=\"Est. reading time\" \/>\n\t<meta name=\"twitter:data2\" content=\"3 minute\" \/>\n<script type=\"application\/ld+json\" class=\"yoast-schema-graph\">{\"@context\":\"https:\/\/schema.org\",\"@graph\":[{\"@type\":\"Article\",\"@id\":\"https:\/\/sandzakpress.net\/arhiva\/bnf-organizira-javnu-raspravu-aktuelni-trenutak-bh-granica\/#article\",\"isPartOf\":{\"@id\":\"https:\/\/sandzakpress.net\/arhiva\/bnf-organizira-javnu-raspravu-aktuelni-trenutak-bh-granica\/\"},\"author\":{\"name\":\"bosniak\",\"@id\":\"https:\/\/sandzakpress.net\/arhiva\/#\/schema\/person\/c8baee722073534b583ea7bdb2e36c02\"},\"headline\":\"BNF organizira javnu raspravu: \u201cAktuelni trenutak bh. granica\u201d\",\"datePublished\":\"2015-06-12T13:24:56+00:00\",\"mainEntityOfPage\":{\"@id\":\"https:\/\/sandzakpress.net\/arhiva\/bnf-organizira-javnu-raspravu-aktuelni-trenutak-bh-granica\/\"},\"wordCount\":584,\"commentCount\":0,\"publisher\":{\"@id\":\"https:\/\/sandzakpress.net\/arhiva\/#\/schema\/person\/6e72b67d6e51910a1117b3b483ba20bd\"},\"image\":{\"@id\":\"https:\/\/sandzakpress.net\/arhiva\/bnf-organizira-javnu-raspravu-aktuelni-trenutak-bh-granica\/#primaryimage\"},\"thumbnailUrl\":\"https:\/\/sandzakpress.net\/arhiva\/wp-content\/uploads\/2015\/06\/BNF-JAVNA-RASPRAVA-616x440.jpg\",\"articleSection\":[\"Nacija\",\"Bosna i Hercegovina\",\"NAJNOVIJE\"],\"inLanguage\":\"bs-BA\",\"potentialAction\":[{\"@type\":\"CommentAction\",\"name\":\"Comment\",\"target\":[\"https:\/\/sandzakpress.net\/arhiva\/bnf-organizira-javnu-raspravu-aktuelni-trenutak-bh-granica\/#respond\"]}]},{\"@type\":\"WebPage\",\"@id\":\"https:\/\/sandzakpress.net\/arhiva\/bnf-organizira-javnu-raspravu-aktuelni-trenutak-bh-granica\/\",\"url\":\"https:\/\/sandzakpress.net\/arhiva\/bnf-organizira-javnu-raspravu-aktuelni-trenutak-bh-granica\/\",\"name\":\"BNF organizira javnu raspravu: \u201cAktuelni trenutak bh. granica\u201d\",\"isPartOf\":{\"@id\":\"https:\/\/sandzakpress.net\/arhiva\/#website\"},\"primaryImageOfPage\":{\"@id\":\"https:\/\/sandzakpress.net\/arhiva\/bnf-organizira-javnu-raspravu-aktuelni-trenutak-bh-granica\/#primaryimage\"},\"image\":{\"@id\":\"https:\/\/sandzakpress.net\/arhiva\/bnf-organizira-javnu-raspravu-aktuelni-trenutak-bh-granica\/#primaryimage\"},\"thumbnailUrl\":\"https:\/\/sandzakpress.net\/arhiva\/wp-content\/uploads\/2015\/06\/BNF-JAVNA-RASPRAVA-616x440.jpg\",\"datePublished\":\"2015-06-12T13:24:56+00:00\",\"breadcrumb\":{\"@id\":\"https:\/\/sandzakpress.net\/arhiva\/bnf-organizira-javnu-raspravu-aktuelni-trenutak-bh-granica\/#breadcrumb\"},\"inLanguage\":\"bs-BA\",\"potentialAction\":[{\"@type\":\"ReadAction\",\"target\":[\"https:\/\/sandzakpress.net\/arhiva\/bnf-organizira-javnu-raspravu-aktuelni-trenutak-bh-granica\/\"]}]},{\"@type\":\"ImageObject\",\"inLanguage\":\"bs-BA\",\"@id\":\"https:\/\/sandzakpress.net\/arhiva\/bnf-organizira-javnu-raspravu-aktuelni-trenutak-bh-granica\/#primaryimage\",\"url\":\"https:\/\/sandzakpress.net\/arhiva\/wp-content\/uploads\/2015\/06\/BNF-JAVNA-RASPRAVA-616x440.jpg\",\"contentUrl\":\"https:\/\/sandzakpress.net\/arhiva\/wp-content\/uploads\/2015\/06\/BNF-JAVNA-RASPRAVA-616x440.jpg\",\"width\":616,\"height\":440},{\"@type\":\"BreadcrumbList\",\"@id\":\"https:\/\/sandzakpress.net\/arhiva\/bnf-organizira-javnu-raspravu-aktuelni-trenutak-bh-granica\/#breadcrumb\",\"itemListElement\":[{\"@type\":\"ListItem\",\"position\":1,\"name\":\"Home\",\"item\":\"https:\/\/sandzakpress.net\/arhiva\/\"},{\"@type\":\"ListItem\",\"position\":2,\"name\":\"BNF organizira javnu raspravu: \u201cAktuelni trenutak bh. granica\u201d\"}]},{\"@type\":\"WebSite\",\"@id\":\"https:\/\/sandzakpress.net\/arhiva\/#website\",\"url\":\"https:\/\/sandzakpress.net\/arhiva\/\",\"name\":\"Sand\u017eak PRESS\",\"description\":\"Prve elektronske novine u Sand\u017eaku\",\"publisher\":{\"@id\":\"https:\/\/sandzakpress.net\/arhiva\/#\/schema\/person\/6e72b67d6e51910a1117b3b483ba20bd\"},\"potentialAction\":[{\"@type\":\"SearchAction\",\"target\":{\"@type\":\"EntryPoint\",\"urlTemplate\":\"https:\/\/sandzakpress.net\/arhiva\/?s={search_term_string}\"},\"query-input\":{\"@type\":\"PropertyValueSpecification\",\"valueRequired\":true,\"valueName\":\"search_term_string\"}}],\"inLanguage\":\"bs-BA\"},{\"@type\":[\"Person\",\"Organization\"],\"@id\":\"https:\/\/sandzakpress.net\/arhiva\/#\/schema\/person\/6e72b67d6e51910a1117b3b483ba20bd\",\"name\":\"Kul\",\"image\":{\"@type\":\"ImageObject\",\"inLanguage\":\"bs-BA\",\"@id\":\"https:\/\/sandzakpress.net\/arhiva\/#\/schema\/person\/image\/\",\"url\":\"https:\/\/secure.gravatar.com\/avatar\/42263f39aa27ac04c43cab85c280eb2e?s=96&d=mm&r=pg\",\"contentUrl\":\"https:\/\/secure.gravatar.com\/avatar\/42263f39aa27ac04c43cab85c280eb2e?s=96&d=mm&r=pg\",\"caption\":\"Kul\"},\"logo\":{\"@id\":\"https:\/\/sandzakpress.net\/arhiva\/#\/schema\/person\/image\/\"}},{\"@type\":\"Person\",\"@id\":\"https:\/\/sandzakpress.net\/arhiva\/#\/schema\/person\/c8baee722073534b583ea7bdb2e36c02\",\"name\":\"bosniak\",\"image\":{\"@type\":\"ImageObject\",\"inLanguage\":\"bs-BA\",\"@id\":\"https:\/\/sandzakpress.net\/arhiva\/#\/schema\/person\/image\/\",\"url\":\"https:\/\/secure.gravatar.com\/avatar\/a04fd330bfe3a36a72a0ad4a6d89fca7?s=96&d=mm&r=pg\",\"contentUrl\":\"https:\/\/secure.gravatar.com\/avatar\/a04fd330bfe3a36a72a0ad4a6d89fca7?s=96&d=mm&r=pg\",\"caption\":\"bosniak\"},\"url\":\"https:\/\/sandzakpress.net\/arhiva\/author\/bosniak\/\"}]}<\/script>\n<!-- \/ Yoast SEO Premium plugin. -->","yoast_head_json":{"title":"BNF organizira javnu raspravu: \u201cAktuelni trenutak bh. granica\u201d","robots":{"index":"index","follow":"follow","max-snippet":"max-snippet:-1","max-image-preview":"max-image-preview:large","max-video-preview":"max-video-preview:-1"},"canonical":"https:\/\/sandzakpress.net\/arhiva\/bnf-organizira-javnu-raspravu-aktuelni-trenutak-bh-granica\/","og_locale":"bs_BA","og_type":"article","og_title":"BNF organizira javnu raspravu: \u201cAktuelni trenutak bh. granica\u201d","og_description":"Sarajevo\u00a0 \u0336 \u00a0Bo\u0161nja\u010dka nacionalna fondacija \u0107e u subotu, 13. juna 2015. godine, odr\u017eati javnu raspravu na temu \u201eAKTUELNI TRENUTAK BH. GRANICA\u201c Rasprava \u0107e se odr\u017eati u ul. \u0160trosmajerova 1, u Sarajevu sa po\u010detkom u 11 sati. Moderator i uvodni\u010dar prof. dr. Suad Kurt\u0107ehaji\u0107 sa uvodni\u010darom prof. dr. Antonom Jekauc. Teze za javnu raspravu: Preko \u0161est [&hellip;]","og_url":"https:\/\/sandzakpress.net\/arhiva\/bnf-organizira-javnu-raspravu-aktuelni-trenutak-bh-granica\/","og_site_name":"Sand\u017eak PRESS","article_published_time":"2015-06-12T13:24:56+00:00","og_image":[{"width":616,"height":440,"url":"https:\/\/sandzakpress.net\/arhiva\/wp-content\/uploads\/2015\/06\/BNF-JAVNA-RASPRAVA-616x440.jpg","type":"image\/jpeg"}],"author":"bosniak","twitter_card":"summary_large_image","twitter_misc":{"Written by":"bosniak","Est. reading time":"3 minute"},"schema":{"@context":"https:\/\/schema.org","@graph":[{"@type":"Article","@id":"https:\/\/sandzakpress.net\/arhiva\/bnf-organizira-javnu-raspravu-aktuelni-trenutak-bh-granica\/#article","isPartOf":{"@id":"https:\/\/sandzakpress.net\/arhiva\/bnf-organizira-javnu-raspravu-aktuelni-trenutak-bh-granica\/"},"author":{"name":"bosniak","@id":"https:\/\/sandzakpress.net\/arhiva\/#\/schema\/person\/c8baee722073534b583ea7bdb2e36c02"},"headline":"BNF organizira javnu raspravu: \u201cAktuelni trenutak bh. granica\u201d","datePublished":"2015-06-12T13:24:56+00:00","mainEntityOfPage":{"@id":"https:\/\/sandzakpress.net\/arhiva\/bnf-organizira-javnu-raspravu-aktuelni-trenutak-bh-granica\/"},"wordCount":584,"commentCount":0,"publisher":{"@id":"https:\/\/sandzakpress.net\/arhiva\/#\/schema\/person\/6e72b67d6e51910a1117b3b483ba20bd"},"image":{"@id":"https:\/\/sandzakpress.net\/arhiva\/bnf-organizira-javnu-raspravu-aktuelni-trenutak-bh-granica\/#primaryimage"},"thumbnailUrl":"https:\/\/sandzakpress.net\/arhiva\/wp-content\/uploads\/2015\/06\/BNF-JAVNA-RASPRAVA-616x440.jpg","articleSection":["Nacija","Bosna i Hercegovina","NAJNOVIJE"],"inLanguage":"bs-BA","potentialAction":[{"@type":"CommentAction","name":"Comment","target":["https:\/\/sandzakpress.net\/arhiva\/bnf-organizira-javnu-raspravu-aktuelni-trenutak-bh-granica\/#respond"]}]},{"@type":"WebPage","@id":"https:\/\/sandzakpress.net\/arhiva\/bnf-organizira-javnu-raspravu-aktuelni-trenutak-bh-granica\/","url":"https:\/\/sandzakpress.net\/arhiva\/bnf-organizira-javnu-raspravu-aktuelni-trenutak-bh-granica\/","name":"BNF organizira javnu raspravu: \u201cAktuelni trenutak bh. granica\u201d","isPartOf":{"@id":"https:\/\/sandzakpress.net\/arhiva\/#website"},"primaryImageOfPage":{"@id":"https:\/\/sandzakpress.net\/arhiva\/bnf-organizira-javnu-raspravu-aktuelni-trenutak-bh-granica\/#primaryimage"},"image":{"@id":"https:\/\/sandzakpress.net\/arhiva\/bnf-organizira-javnu-raspravu-aktuelni-trenutak-bh-granica\/#primaryimage"},"thumbnailUrl":"https:\/\/sandzakpress.net\/arhiva\/wp-content\/uploads\/2015\/06\/BNF-JAVNA-RASPRAVA-616x440.jpg","datePublished":"2015-06-12T13:24:56+00:00","breadcrumb":{"@id":"https:\/\/sandzakpress.net\/arhiva\/bnf-organizira-javnu-raspravu-aktuelni-trenutak-bh-granica\/#breadcrumb"},"inLanguage":"bs-BA","potentialAction":[{"@type":"ReadAction","target":["https:\/\/sandzakpress.net\/arhiva\/bnf-organizira-javnu-raspravu-aktuelni-trenutak-bh-granica\/"]}]},{"@type":"ImageObject","inLanguage":"bs-BA","@id":"https:\/\/sandzakpress.net\/arhiva\/bnf-organizira-javnu-raspravu-aktuelni-trenutak-bh-granica\/#primaryimage","url":"https:\/\/sandzakpress.net\/arhiva\/wp-content\/uploads\/2015\/06\/BNF-JAVNA-RASPRAVA-616x440.jpg","contentUrl":"https:\/\/sandzakpress.net\/arhiva\/wp-content\/uploads\/2015\/06\/BNF-JAVNA-RASPRAVA-616x440.jpg","width":616,"height":440},{"@type":"BreadcrumbList","@id":"https:\/\/sandzakpress.net\/arhiva\/bnf-organizira-javnu-raspravu-aktuelni-trenutak-bh-granica\/#breadcrumb","itemListElement":[{"@type":"ListItem","position":1,"name":"Home","item":"https:\/\/sandzakpress.net\/arhiva\/"},{"@type":"ListItem","position":2,"name":"BNF organizira javnu raspravu: \u201cAktuelni trenutak bh. granica\u201d"}]},{"@type":"WebSite","@id":"https:\/\/sandzakpress.net\/arhiva\/#website","url":"https:\/\/sandzakpress.net\/arhiva\/","name":"Sand\u017eak PRESS","description":"Prve elektronske novine u Sand\u017eaku","publisher":{"@id":"https:\/\/sandzakpress.net\/arhiva\/#\/schema\/person\/6e72b67d6e51910a1117b3b483ba20bd"},"potentialAction":[{"@type":"SearchAction","target":{"@type":"EntryPoint","urlTemplate":"https:\/\/sandzakpress.net\/arhiva\/?s={search_term_string}"},"query-input":{"@type":"PropertyValueSpecification","valueRequired":true,"valueName":"search_term_string"}}],"inLanguage":"bs-BA"},{"@type":["Person","Organization"],"@id":"https:\/\/sandzakpress.net\/arhiva\/#\/schema\/person\/6e72b67d6e51910a1117b3b483ba20bd","name":"Kul","image":{"@type":"ImageObject","inLanguage":"bs-BA","@id":"https:\/\/sandzakpress.net\/arhiva\/#\/schema\/person\/image\/","url":"https:\/\/secure.gravatar.com\/avatar\/42263f39aa27ac04c43cab85c280eb2e?s=96&d=mm&r=pg","contentUrl":"https:\/\/secure.gravatar.com\/avatar\/42263f39aa27ac04c43cab85c280eb2e?s=96&d=mm&r=pg","caption":"Kul"},"logo":{"@id":"https:\/\/sandzakpress.net\/arhiva\/#\/schema\/person\/image\/"}},{"@type":"Person","@id":"https:\/\/sandzakpress.net\/arhiva\/#\/schema\/person\/c8baee722073534b583ea7bdb2e36c02","name":"bosniak","image":{"@type":"ImageObject","inLanguage":"bs-BA","@id":"https:\/\/sandzakpress.net\/arhiva\/#\/schema\/person\/image\/","url":"https:\/\/secure.gravatar.com\/avatar\/a04fd330bfe3a36a72a0ad4a6d89fca7?s=96&d=mm&r=pg","contentUrl":"https:\/\/secure.gravatar.com\/avatar\/a04fd330bfe3a36a72a0ad4a6d89fca7?s=96&d=mm&r=pg","caption":"bosniak"},"url":"https:\/\/sandzakpress.net\/arhiva\/author\/bosniak\/"}]}},"_links":{"self":[{"href":"https:\/\/sandzakpress.net\/arhiva\/wp-json\/wp\/v2\/posts\/129582"}],"collection":[{"href":"https:\/\/sandzakpress.net\/arhiva\/wp-json\/wp\/v2\/posts"}],"about":[{"href":"https:\/\/sandzakpress.net\/arhiva\/wp-json\/wp\/v2\/types\/post"}],"author":[{"embeddable":true,"href":"https:\/\/sandzakpress.net\/arhiva\/wp-json\/wp\/v2\/users\/83"}],"replies":[{"embeddable":true,"href":"https:\/\/sandzakpress.net\/arhiva\/wp-json\/wp\/v2\/comments?post=129582"}],"version-history":[{"count":0,"href":"https:\/\/sandzakpress.net\/arhiva\/wp-json\/wp\/v2\/posts\/129582\/revisions"}],"wp:featuredmedia":[{"embeddable":true,"href":"https:\/\/sandzakpress.net\/arhiva\/wp-json\/wp\/v2\/media\/129583"}],"wp:attachment":[{"href":"https:\/\/sandzakpress.net\/arhiva\/wp-json\/wp\/v2\/media?parent=129582"}],"wp:term":[{"taxonomy":"category","embeddable":true,"href":"https:\/\/sandzakpress.net\/arhiva\/wp-json\/wp\/v2\/categories?post=129582"},{"taxonomy":"post_tag","embeddable":true,"href":"https:\/\/sandzakpress.net\/arhiva\/wp-json\/wp\/v2\/tags?post=129582"}],"curies":[{"name":"wp","href":"https:\/\/api.w.org\/{rel}","templated":true}]}}