{"id":129521,"date":"2015-06-11T12:12:04","date_gmt":"2015-06-11T10:12:04","guid":{"rendered":"https:\/\/sandzakpress.net\/arhiva\/?p=129521"},"modified":"2015-06-12T12:03:57","modified_gmt":"2015-06-12T10:03:57","slug":"vuk-draskovic-srbija-duguje-majkama-iz-srebrenice-krik-i-poklonjenje","status":"publish","type":"post","link":"https:\/\/sandzakpress.net\/arhiva\/vuk-draskovic-srbija-duguje-majkama-iz-srebrenice-krik-i-poklonjenje\/","title":{"rendered":"Vuk Dra\u0161kovi\u0107: Srbija duguje majkama iz Srebrenice krik i poklonjenje"},"content":{"rendered":"<p><img loading=\"lazy\" decoding=\"async\" class=\"\" src=\"http:\/\/www.blic.rs\/data\/images\/2012-03-08\/222717_0205-draskovic-foto-vesna-lalic_f.jpg?ver=1426839396\" alt=\"\" width=\"559\" height=\"321\" \/><\/p>\n<p id=\"article_lead\"><strong>Srbija &#8211; Lider SPO-a Vuk Dra\u0161kovi\u0107 izjavio je da &#8220;je vrijeme da Srbija iza\u0111e iz amnezije i okon\u010da zaborav, te da mora ispri\u010dati istinu o svemu \u0161to je bilo, imati snage da govori o na\u0161im zlo\u010dinima nad drugima&#8221;.<\/strong><\/p>\n<p>&nbsp;<\/p>\n<p>Dra\u0161kovi\u0107 je u intervjuu sarajevskom nedeljniku Slobodna Bosna istakao da &#8220;Srbija duguje majkama iz Srebrenice krik i poklonjenje&#8221;.<\/p>\n<p>&nbsp;<\/p>\n<p>&#8220;Mi to mo\u017eemo, mi to moramo i mi smo obavezni da to u\u010dinimo ako mislimo da budemo ono \u0161to smo nekad bili&#8221;, kazao je Dra\u0161kovi\u0107 i dodao da se &#8220;ti doga\u0111aji zatrpavaju zaboravom i falsifikuju&#8221;.<\/p>\n<p>Prema njegovim rije\u010dima, &#8220;nikad nijedno zlo ne mo\u017ee biti u ime nacije, ve\u0107 samo na njenu \u0161tetu&#8221;.<\/p>\n<p>On je u intervjuu povodom izlaska svog novog romana &#8220;Isusovi memoari&#8221;, rekao da roman govori o zlo\u010dinima Srba nad Bo\u0161njacima tokom rata u BiH.<\/p>\n<p>Dra\u0161kovi\u0107 je rekao da glavna li\u010dnost romana kamerom i perom bele\u017ei veliki zlo\u010din &#8211; ubijanje Jugoslavije i u\u017easne zlo\u010dine koje su pratile ubistvo te dr\u017eave. On u prvi plan stavlja grehe naroda kojemu pripada. Oni koji su knjigu \u010ditali ka\u017eu da je uverljiva i potresna.<\/p>\n<p>Mislim da smo mi kao nacija i kao srpski pisci obavezni da sna\u017eno progovorimo o zlo\u010dinima na\u0161im nad drugima, a ne samo o zlo\u010dinima drugih nad nama, izjavio je Dra\u0161kovi\u0107.<\/p>\n<p>Naglasio je da se &#8220;srpska knji\u017eevnost ne mo\u017ee se pohvaliti \u010dinjenicom da ve\u0107 dvadeset godina, koliko je pro\u0161lo od besmislenog i stra\u0161nog rata u kojemu je razbijena Jugoslavija, mi nemamo ni svog Ivana Gorana Kova\u010di\u0107a, niti imamo Skendera Kulenovi\u0107a, niti Vladimira Nazora&#8221;.<\/p>\n<p>Upitan, \u0161ta se u njemu preokrenulo pa je po\u010deo da koristi sasvim druga\u010diju retoriku u odnosu na ratne zlo\u010dine, Dra\u0161kovi\u0107 je kazao da &#8220;nema \u010dovjeka koji nije pravio gre\u0161ke&#8221;.<\/p>\n<p>Dra\u0161kovi\u0107 je izrazio nadu da \u0107e knjiga &#8220;Isusovi memoari&#8221; doprinijeti pomirenju Srba i Bo\u0161njaka.<\/p>\n<p>&#8220;Najve\u0107i zlo\u010din po\u010dinjen pred nama je zlo\u010din ubistva Jugoslavije. I ja sam svojevremeno izgovarao neke neodmerene rije\u010di. Nema bezgrije\u0161nih. Meni je \u017eao \u0161to smo razbili jednu veliku i divnu dr\u017eavu. Razbili smo svoju ku\u0107u. Nama je potrebno da pre\u0111emo hiljade i hiljade koraka da bismo dostigli onaj nivo me\u0111usobnog povjerenja, prijateljstava, kumstava, dobrih kom\u0161ijskih odnosa kakvi su bili, recimo, u Bosni i Hercegovini 1991. godine kada je po\u010dinjao rat u<br \/>Hrvatskoj&#8221;, rekao je Dra\u0161kovi\u0107.<\/p>\n<p>Odgovaraju\u0107i na pitanje- da li je mogu\u0107e o\u010dekivati od aktuelne vlasti u Srbiji, na \u010delu sa Aleksandrom Vu\u010di\u0107em i Tomislavom Nikoli\u0107em, da \u0107e otvoriti pri\u010de o srpskim zlol\u010dinima nad Bo\u0161njacima, Dra\u0161kovi\u0107 je rekao da se to mora uraditi &#8220;da bismo poraz i sramotu preokrenuli u neki boljitak&#8221;<\/p>\n<p>&#8220;Za neku novu Srbiju moramo da u\u010dinimo najmanje nekoliko stvari. Prva je da na\u0161a dr\u017eava i na\u0161a intelektualna elita prizna apsolutni nacionalni poraz i slom koji je uzrokovala ona politika od 1990. do 2000 godine, politika Slobodana Milo\u0161evi\u0107a. Drugo da priznamo da su u na\u0161e ime po\u010dinjeni veliki zlo\u010dini. Da te zlo\u010dine ne umanjujemo, ne krijemo ili da ih ne pravdamo zlo\u010dinima drugih nad Srbima&#8221;, rekao je Dra\u0161kovi\u0107.<\/p>\n<p>Izazio je nadu da \u0107e sva ratna neprijateljstva biti preokrenuta u prijateljstva, onako kako su &#8220;Nemci uradili nakon Drugog svjetskog rata&#8221;.<\/p>\n<p>&#8220;To mora i Srbija da uradi. Srbija mora neprijateljstva sa Albancima, Bo\u0161njacima i Hrvatima da preokrene u prijateljstva, da neprijateljstva sa Zapadom tako\u0111e okrene na drugu stranu, jer ovdje se nacija truje nekom stra\u0161nom mr\u017enjom zbog NATO bombardovanja Srbije 1999. godine. Naravno da je to bio zlo\u010din, ali ne mogu nam na\u0161e \u017ertve za vreme NATO bombardovanja biti pokri\u0107e i ki\u0161obran da\u00a0zaboravimo sopstvene zlo\u010dine&#8221;, zaklju\u010dio je Dra\u0161kovi\u0107.<\/p>\n<p>(Blic)<\/p>\n","protected":false},"excerpt":{"rendered":"<p>Srbija &#8211; Lider SPO-a Vuk Dra\u0161kovi\u0107 izjavio je da &#8220;je vrijeme da Srbija iza\u0111e iz amnezije i okon\u010da zaborav, te da mora ispri\u010dati istinu o svemu \u0161to je bilo, imati snage da govori o na\u0161im zlo\u010dinima nad drugima&#8221;. &nbsp; Dra\u0161kovi\u0107 je u intervjuu sarajevskom nedeljniku Slobodna Bosna istakao da &#8220;Srbija duguje majkama iz Srebrenice krik [&hellip;]<\/p>\n","protected":false},"author":83,"featured_media":129522,"comment_status":"open","ping_status":"open","sticky":false,"template":"","format":"standard","meta":{"footnotes":""},"categories":[2860,1,10307,8957,798,10429],"tags":[],"class_list":{"0":"post-129521","1":"post","2":"type-post","3":"status-publish","4":"format-standard","5":"has-post-thumbnail","7":"category-bosna-i-hercegovina-gradovi","8":"category-politika","9":"category-srbija","10":"category-vijesti-dana","11":"category-teme","12":"category-vazno"},"yoast_head":"<!-- This site is optimized with the Yoast SEO Premium plugin v23.1 (Yoast SEO v24.9) - https:\/\/yoast.com\/wordpress\/plugins\/seo\/ -->\n<title>Vuk Dra\u0161kovi\u0107: Srbija duguje majkama iz Srebrenice krik i poklonjenje<\/title>\n<meta name=\"robots\" content=\"index, follow, max-snippet:-1, max-image-preview:large, max-video-preview:-1\" \/>\n<link rel=\"canonical\" href=\"https:\/\/sandzakpress.net\/arhiva\/vuk-draskovic-srbija-duguje-majkama-iz-srebrenice-krik-i-poklonjenje\/\" \/>\n<meta property=\"og:locale\" content=\"bs_BA\" \/>\n<meta property=\"og:type\" content=\"article\" \/>\n<meta property=\"og:title\" content=\"Vuk Dra\u0161kovi\u0107: Srbija duguje majkama iz Srebrenice krik i poklonjenje\" \/>\n<meta property=\"og:description\" content=\"Srbija &#8211; Lider SPO-a Vuk Dra\u0161kovi\u0107 izjavio je da &#8220;je vrijeme da Srbija iza\u0111e iz amnezije i okon\u010da zaborav, te da mora ispri\u010dati istinu o svemu \u0161to je bilo, imati snage da govori o na\u0161im zlo\u010dinima nad drugima&#8221;. &nbsp; Dra\u0161kovi\u0107 je u intervjuu sarajevskom nedeljniku Slobodna Bosna istakao da &#8220;Srbija duguje majkama iz Srebrenice krik [&hellip;]\" \/>\n<meta property=\"og:url\" content=\"https:\/\/sandzakpress.net\/arhiva\/vuk-draskovic-srbija-duguje-majkama-iz-srebrenice-krik-i-poklonjenje\/\" \/>\n<meta property=\"og:site_name\" content=\"Sand\u017eak PRESS\" \/>\n<meta property=\"article:published_time\" content=\"2015-06-11T10:12:04+00:00\" \/>\n<meta property=\"article:modified_time\" content=\"2015-06-12T10:03:57+00:00\" \/>\n<meta property=\"og:image\" content=\"https:\/\/sandzakpress.net\/arhiva\/wp-content\/uploads\/2015\/06\/222717_0205-draskovic-foto-vesna-lalic_f.jpg\" \/>\n\t<meta property=\"og:image:width\" content=\"470\" \/>\n\t<meta property=\"og:image:height\" content=\"270\" \/>\n\t<meta property=\"og:image:type\" content=\"image\/jpeg\" \/>\n<meta name=\"author\" content=\"bosniak\" \/>\n<meta name=\"twitter:card\" content=\"summary_large_image\" \/>\n<meta name=\"twitter:label1\" content=\"Written by\" \/>\n\t<meta name=\"twitter:data1\" content=\"bosniak\" \/>\n\t<meta name=\"twitter:label2\" content=\"Est. reading time\" \/>\n\t<meta name=\"twitter:data2\" content=\"3 minute\" \/>\n<script type=\"application\/ld+json\" class=\"yoast-schema-graph\">{\"@context\":\"https:\/\/schema.org\",\"@graph\":[{\"@type\":\"Article\",\"@id\":\"https:\/\/sandzakpress.net\/arhiva\/vuk-draskovic-srbija-duguje-majkama-iz-srebrenice-krik-i-poklonjenje\/#article\",\"isPartOf\":{\"@id\":\"https:\/\/sandzakpress.net\/arhiva\/vuk-draskovic-srbija-duguje-majkama-iz-srebrenice-krik-i-poklonjenje\/\"},\"author\":{\"name\":\"bosniak\",\"@id\":\"https:\/\/sandzakpress.net\/arhiva\/#\/schema\/person\/c8baee722073534b583ea7bdb2e36c02\"},\"headline\":\"Vuk Dra\u0161kovi\u0107: Srbija duguje majkama iz Srebrenice krik i poklonjenje\",\"datePublished\":\"2015-06-11T10:12:04+00:00\",\"dateModified\":\"2015-06-12T10:03:57+00:00\",\"mainEntityOfPage\":{\"@id\":\"https:\/\/sandzakpress.net\/arhiva\/vuk-draskovic-srbija-duguje-majkama-iz-srebrenice-krik-i-poklonjenje\/\"},\"wordCount\":667,\"commentCount\":20,\"publisher\":{\"@id\":\"https:\/\/sandzakpress.net\/arhiva\/#\/schema\/person\/6e72b67d6e51910a1117b3b483ba20bd\"},\"image\":{\"@id\":\"https:\/\/sandzakpress.net\/arhiva\/vuk-draskovic-srbija-duguje-majkama-iz-srebrenice-krik-i-poklonjenje\/#primaryimage\"},\"thumbnailUrl\":\"https:\/\/sandzakpress.net\/arhiva\/wp-content\/uploads\/2015\/06\/222717_0205-draskovic-foto-vesna-lalic_f.jpg\",\"articleSection\":[\"Bosna i Hercegovina\",\"Politika\",\"Srbija\",\"VIJESTI DANA\",\"NAJNOVIJE\",\"VA\u017dNO!\"],\"inLanguage\":\"bs-BA\",\"potentialAction\":[{\"@type\":\"CommentAction\",\"name\":\"Comment\",\"target\":[\"https:\/\/sandzakpress.net\/arhiva\/vuk-draskovic-srbija-duguje-majkama-iz-srebrenice-krik-i-poklonjenje\/#respond\"]}]},{\"@type\":\"WebPage\",\"@id\":\"https:\/\/sandzakpress.net\/arhiva\/vuk-draskovic-srbija-duguje-majkama-iz-srebrenice-krik-i-poklonjenje\/\",\"url\":\"https:\/\/sandzakpress.net\/arhiva\/vuk-draskovic-srbija-duguje-majkama-iz-srebrenice-krik-i-poklonjenje\/\",\"name\":\"Vuk Dra\u0161kovi\u0107: Srbija duguje majkama iz Srebrenice krik i poklonjenje\",\"isPartOf\":{\"@id\":\"https:\/\/sandzakpress.net\/arhiva\/#website\"},\"primaryImageOfPage\":{\"@id\":\"https:\/\/sandzakpress.net\/arhiva\/vuk-draskovic-srbija-duguje-majkama-iz-srebrenice-krik-i-poklonjenje\/#primaryimage\"},\"image\":{\"@id\":\"https:\/\/sandzakpress.net\/arhiva\/vuk-draskovic-srbija-duguje-majkama-iz-srebrenice-krik-i-poklonjenje\/#primaryimage\"},\"thumbnailUrl\":\"https:\/\/sandzakpress.net\/arhiva\/wp-content\/uploads\/2015\/06\/222717_0205-draskovic-foto-vesna-lalic_f.jpg\",\"datePublished\":\"2015-06-11T10:12:04+00:00\",\"dateModified\":\"2015-06-12T10:03:57+00:00\",\"breadcrumb\":{\"@id\":\"https:\/\/sandzakpress.net\/arhiva\/vuk-draskovic-srbija-duguje-majkama-iz-srebrenice-krik-i-poklonjenje\/#breadcrumb\"},\"inLanguage\":\"bs-BA\",\"potentialAction\":[{\"@type\":\"ReadAction\",\"target\":[\"https:\/\/sandzakpress.net\/arhiva\/vuk-draskovic-srbija-duguje-majkama-iz-srebrenice-krik-i-poklonjenje\/\"]}]},{\"@type\":\"ImageObject\",\"inLanguage\":\"bs-BA\",\"@id\":\"https:\/\/sandzakpress.net\/arhiva\/vuk-draskovic-srbija-duguje-majkama-iz-srebrenice-krik-i-poklonjenje\/#primaryimage\",\"url\":\"https:\/\/sandzakpress.net\/arhiva\/wp-content\/uploads\/2015\/06\/222717_0205-draskovic-foto-vesna-lalic_f.jpg\",\"contentUrl\":\"https:\/\/sandzakpress.net\/arhiva\/wp-content\/uploads\/2015\/06\/222717_0205-draskovic-foto-vesna-lalic_f.jpg\",\"width\":470,\"height\":270},{\"@type\":\"BreadcrumbList\",\"@id\":\"https:\/\/sandzakpress.net\/arhiva\/vuk-draskovic-srbija-duguje-majkama-iz-srebrenice-krik-i-poklonjenje\/#breadcrumb\",\"itemListElement\":[{\"@type\":\"ListItem\",\"position\":1,\"name\":\"Home\",\"item\":\"https:\/\/sandzakpress.net\/arhiva\/\"},{\"@type\":\"ListItem\",\"position\":2,\"name\":\"Vuk Dra\u0161kovi\u0107: Srbija duguje majkama iz Srebrenice krik i poklonjenje\"}]},{\"@type\":\"WebSite\",\"@id\":\"https:\/\/sandzakpress.net\/arhiva\/#website\",\"url\":\"https:\/\/sandzakpress.net\/arhiva\/\",\"name\":\"Sand\u017eak PRESS\",\"description\":\"Prve elektronske novine u Sand\u017eaku\",\"publisher\":{\"@id\":\"https:\/\/sandzakpress.net\/arhiva\/#\/schema\/person\/6e72b67d6e51910a1117b3b483ba20bd\"},\"potentialAction\":[{\"@type\":\"SearchAction\",\"target\":{\"@type\":\"EntryPoint\",\"urlTemplate\":\"https:\/\/sandzakpress.net\/arhiva\/?s={search_term_string}\"},\"query-input\":{\"@type\":\"PropertyValueSpecification\",\"valueRequired\":true,\"valueName\":\"search_term_string\"}}],\"inLanguage\":\"bs-BA\"},{\"@type\":[\"Person\",\"Organization\"],\"@id\":\"https:\/\/sandzakpress.net\/arhiva\/#\/schema\/person\/6e72b67d6e51910a1117b3b483ba20bd\",\"name\":\"Kul\",\"image\":{\"@type\":\"ImageObject\",\"inLanguage\":\"bs-BA\",\"@id\":\"https:\/\/sandzakpress.net\/arhiva\/#\/schema\/person\/image\/\",\"url\":\"https:\/\/secure.gravatar.com\/avatar\/42263f39aa27ac04c43cab85c280eb2e?s=96&d=mm&r=pg\",\"contentUrl\":\"https:\/\/secure.gravatar.com\/avatar\/42263f39aa27ac04c43cab85c280eb2e?s=96&d=mm&r=pg\",\"caption\":\"Kul\"},\"logo\":{\"@id\":\"https:\/\/sandzakpress.net\/arhiva\/#\/schema\/person\/image\/\"}},{\"@type\":\"Person\",\"@id\":\"https:\/\/sandzakpress.net\/arhiva\/#\/schema\/person\/c8baee722073534b583ea7bdb2e36c02\",\"name\":\"bosniak\",\"image\":{\"@type\":\"ImageObject\",\"inLanguage\":\"bs-BA\",\"@id\":\"https:\/\/sandzakpress.net\/arhiva\/#\/schema\/person\/image\/\",\"url\":\"https:\/\/secure.gravatar.com\/avatar\/a04fd330bfe3a36a72a0ad4a6d89fca7?s=96&d=mm&r=pg\",\"contentUrl\":\"https:\/\/secure.gravatar.com\/avatar\/a04fd330bfe3a36a72a0ad4a6d89fca7?s=96&d=mm&r=pg\",\"caption\":\"bosniak\"},\"url\":\"https:\/\/sandzakpress.net\/arhiva\/author\/bosniak\/\"}]}<\/script>\n<!-- \/ Yoast SEO Premium plugin. -->","yoast_head_json":{"title":"Vuk Dra\u0161kovi\u0107: Srbija duguje majkama iz Srebrenice krik i poklonjenje","robots":{"index":"index","follow":"follow","max-snippet":"max-snippet:-1","max-image-preview":"max-image-preview:large","max-video-preview":"max-video-preview:-1"},"canonical":"https:\/\/sandzakpress.net\/arhiva\/vuk-draskovic-srbija-duguje-majkama-iz-srebrenice-krik-i-poklonjenje\/","og_locale":"bs_BA","og_type":"article","og_title":"Vuk Dra\u0161kovi\u0107: Srbija duguje majkama iz Srebrenice krik i poklonjenje","og_description":"Srbija &#8211; Lider SPO-a Vuk Dra\u0161kovi\u0107 izjavio je da &#8220;je vrijeme da Srbija iza\u0111e iz amnezije i okon\u010da zaborav, te da mora ispri\u010dati istinu o svemu \u0161to je bilo, imati snage da govori o na\u0161im zlo\u010dinima nad drugima&#8221;. &nbsp; Dra\u0161kovi\u0107 je u intervjuu sarajevskom nedeljniku Slobodna Bosna istakao da &#8220;Srbija duguje majkama iz Srebrenice krik [&hellip;]","og_url":"https:\/\/sandzakpress.net\/arhiva\/vuk-draskovic-srbija-duguje-majkama-iz-srebrenice-krik-i-poklonjenje\/","og_site_name":"Sand\u017eak PRESS","article_published_time":"2015-06-11T10:12:04+00:00","article_modified_time":"2015-06-12T10:03:57+00:00","og_image":[{"width":470,"height":270,"url":"https:\/\/sandzakpress.net\/arhiva\/wp-content\/uploads\/2015\/06\/222717_0205-draskovic-foto-vesna-lalic_f.jpg","type":"image\/jpeg"}],"author":"bosniak","twitter_card":"summary_large_image","twitter_misc":{"Written by":"bosniak","Est. reading time":"3 minute"},"schema":{"@context":"https:\/\/schema.org","@graph":[{"@type":"Article","@id":"https:\/\/sandzakpress.net\/arhiva\/vuk-draskovic-srbija-duguje-majkama-iz-srebrenice-krik-i-poklonjenje\/#article","isPartOf":{"@id":"https:\/\/sandzakpress.net\/arhiva\/vuk-draskovic-srbija-duguje-majkama-iz-srebrenice-krik-i-poklonjenje\/"},"author":{"name":"bosniak","@id":"https:\/\/sandzakpress.net\/arhiva\/#\/schema\/person\/c8baee722073534b583ea7bdb2e36c02"},"headline":"Vuk Dra\u0161kovi\u0107: Srbija duguje majkama iz Srebrenice krik i poklonjenje","datePublished":"2015-06-11T10:12:04+00:00","dateModified":"2015-06-12T10:03:57+00:00","mainEntityOfPage":{"@id":"https:\/\/sandzakpress.net\/arhiva\/vuk-draskovic-srbija-duguje-majkama-iz-srebrenice-krik-i-poklonjenje\/"},"wordCount":667,"commentCount":20,"publisher":{"@id":"https:\/\/sandzakpress.net\/arhiva\/#\/schema\/person\/6e72b67d6e51910a1117b3b483ba20bd"},"image":{"@id":"https:\/\/sandzakpress.net\/arhiva\/vuk-draskovic-srbija-duguje-majkama-iz-srebrenice-krik-i-poklonjenje\/#primaryimage"},"thumbnailUrl":"https:\/\/sandzakpress.net\/arhiva\/wp-content\/uploads\/2015\/06\/222717_0205-draskovic-foto-vesna-lalic_f.jpg","articleSection":["Bosna i Hercegovina","Politika","Srbija","VIJESTI DANA","NAJNOVIJE","VA\u017dNO!"],"inLanguage":"bs-BA","potentialAction":[{"@type":"CommentAction","name":"Comment","target":["https:\/\/sandzakpress.net\/arhiva\/vuk-draskovic-srbija-duguje-majkama-iz-srebrenice-krik-i-poklonjenje\/#respond"]}]},{"@type":"WebPage","@id":"https:\/\/sandzakpress.net\/arhiva\/vuk-draskovic-srbija-duguje-majkama-iz-srebrenice-krik-i-poklonjenje\/","url":"https:\/\/sandzakpress.net\/arhiva\/vuk-draskovic-srbija-duguje-majkama-iz-srebrenice-krik-i-poklonjenje\/","name":"Vuk Dra\u0161kovi\u0107: Srbija duguje majkama iz Srebrenice krik i poklonjenje","isPartOf":{"@id":"https:\/\/sandzakpress.net\/arhiva\/#website"},"primaryImageOfPage":{"@id":"https:\/\/sandzakpress.net\/arhiva\/vuk-draskovic-srbija-duguje-majkama-iz-srebrenice-krik-i-poklonjenje\/#primaryimage"},"image":{"@id":"https:\/\/sandzakpress.net\/arhiva\/vuk-draskovic-srbija-duguje-majkama-iz-srebrenice-krik-i-poklonjenje\/#primaryimage"},"thumbnailUrl":"https:\/\/sandzakpress.net\/arhiva\/wp-content\/uploads\/2015\/06\/222717_0205-draskovic-foto-vesna-lalic_f.jpg","datePublished":"2015-06-11T10:12:04+00:00","dateModified":"2015-06-12T10:03:57+00:00","breadcrumb":{"@id":"https:\/\/sandzakpress.net\/arhiva\/vuk-draskovic-srbija-duguje-majkama-iz-srebrenice-krik-i-poklonjenje\/#breadcrumb"},"inLanguage":"bs-BA","potentialAction":[{"@type":"ReadAction","target":["https:\/\/sandzakpress.net\/arhiva\/vuk-draskovic-srbija-duguje-majkama-iz-srebrenice-krik-i-poklonjenje\/"]}]},{"@type":"ImageObject","inLanguage":"bs-BA","@id":"https:\/\/sandzakpress.net\/arhiva\/vuk-draskovic-srbija-duguje-majkama-iz-srebrenice-krik-i-poklonjenje\/#primaryimage","url":"https:\/\/sandzakpress.net\/arhiva\/wp-content\/uploads\/2015\/06\/222717_0205-draskovic-foto-vesna-lalic_f.jpg","contentUrl":"https:\/\/sandzakpress.net\/arhiva\/wp-content\/uploads\/2015\/06\/222717_0205-draskovic-foto-vesna-lalic_f.jpg","width":470,"height":270},{"@type":"BreadcrumbList","@id":"https:\/\/sandzakpress.net\/arhiva\/vuk-draskovic-srbija-duguje-majkama-iz-srebrenice-krik-i-poklonjenje\/#breadcrumb","itemListElement":[{"@type":"ListItem","position":1,"name":"Home","item":"https:\/\/sandzakpress.net\/arhiva\/"},{"@type":"ListItem","position":2,"name":"Vuk Dra\u0161kovi\u0107: Srbija duguje majkama iz Srebrenice krik i poklonjenje"}]},{"@type":"WebSite","@id":"https:\/\/sandzakpress.net\/arhiva\/#website","url":"https:\/\/sandzakpress.net\/arhiva\/","name":"Sand\u017eak PRESS","description":"Prve elektronske novine u Sand\u017eaku","publisher":{"@id":"https:\/\/sandzakpress.net\/arhiva\/#\/schema\/person\/6e72b67d6e51910a1117b3b483ba20bd"},"potentialAction":[{"@type":"SearchAction","target":{"@type":"EntryPoint","urlTemplate":"https:\/\/sandzakpress.net\/arhiva\/?s={search_term_string}"},"query-input":{"@type":"PropertyValueSpecification","valueRequired":true,"valueName":"search_term_string"}}],"inLanguage":"bs-BA"},{"@type":["Person","Organization"],"@id":"https:\/\/sandzakpress.net\/arhiva\/#\/schema\/person\/6e72b67d6e51910a1117b3b483ba20bd","name":"Kul","image":{"@type":"ImageObject","inLanguage":"bs-BA","@id":"https:\/\/sandzakpress.net\/arhiva\/#\/schema\/person\/image\/","url":"https:\/\/secure.gravatar.com\/avatar\/42263f39aa27ac04c43cab85c280eb2e?s=96&d=mm&r=pg","contentUrl":"https:\/\/secure.gravatar.com\/avatar\/42263f39aa27ac04c43cab85c280eb2e?s=96&d=mm&r=pg","caption":"Kul"},"logo":{"@id":"https:\/\/sandzakpress.net\/arhiva\/#\/schema\/person\/image\/"}},{"@type":"Person","@id":"https:\/\/sandzakpress.net\/arhiva\/#\/schema\/person\/c8baee722073534b583ea7bdb2e36c02","name":"bosniak","image":{"@type":"ImageObject","inLanguage":"bs-BA","@id":"https:\/\/sandzakpress.net\/arhiva\/#\/schema\/person\/image\/","url":"https:\/\/secure.gravatar.com\/avatar\/a04fd330bfe3a36a72a0ad4a6d89fca7?s=96&d=mm&r=pg","contentUrl":"https:\/\/secure.gravatar.com\/avatar\/a04fd330bfe3a36a72a0ad4a6d89fca7?s=96&d=mm&r=pg","caption":"bosniak"},"url":"https:\/\/sandzakpress.net\/arhiva\/author\/bosniak\/"}]}},"_links":{"self":[{"href":"https:\/\/sandzakpress.net\/arhiva\/wp-json\/wp\/v2\/posts\/129521"}],"collection":[{"href":"https:\/\/sandzakpress.net\/arhiva\/wp-json\/wp\/v2\/posts"}],"about":[{"href":"https:\/\/sandzakpress.net\/arhiva\/wp-json\/wp\/v2\/types\/post"}],"author":[{"embeddable":true,"href":"https:\/\/sandzakpress.net\/arhiva\/wp-json\/wp\/v2\/users\/83"}],"replies":[{"embeddable":true,"href":"https:\/\/sandzakpress.net\/arhiva\/wp-json\/wp\/v2\/comments?post=129521"}],"version-history":[{"count":0,"href":"https:\/\/sandzakpress.net\/arhiva\/wp-json\/wp\/v2\/posts\/129521\/revisions"}],"wp:featuredmedia":[{"embeddable":true,"href":"https:\/\/sandzakpress.net\/arhiva\/wp-json\/wp\/v2\/media\/129522"}],"wp:attachment":[{"href":"https:\/\/sandzakpress.net\/arhiva\/wp-json\/wp\/v2\/media?parent=129521"}],"wp:term":[{"taxonomy":"category","embeddable":true,"href":"https:\/\/sandzakpress.net\/arhiva\/wp-json\/wp\/v2\/categories?post=129521"},{"taxonomy":"post_tag","embeddable":true,"href":"https:\/\/sandzakpress.net\/arhiva\/wp-json\/wp\/v2\/tags?post=129521"}],"curies":[{"name":"wp","href":"https:\/\/api.w.org\/{rel}","templated":true}]}}