{"id":129491,"date":"2015-06-10T15:19:20","date_gmt":"2015-06-10T13:19:20","guid":{"rendered":"https:\/\/sandzakpress.net\/arhiva\/?p=129491"},"modified":"2015-06-10T15:19:20","modified_gmt":"2015-06-10T13:19:20","slug":"petina-rozajskih-porodica-na-socijali","status":"publish","type":"post","link":"https:\/\/sandzakpress.net\/arhiva\/petina-rozajskih-porodica-na-socijali\/","title":{"rendered":"Petina ro\u017eajskih porodica na socijali"},"content":{"rendered":"<p><img decoding=\"async\" src=\"http:\/\/www.vijesti.me\/media\/cache\/02\/20\/02208022473c20716c160ae3fa2a7275.jpg\" alt=\"Petina ro\u017eajskih porodica na socijali\" \/><\/p>\n<p><strong>Ro\u017eaje &#8211; Socio-ekonomska situacija u Ro\u017eajama je veoma te\u0161ka. Karakteri\u0161u je velika nezaposlenost, zbog koje se ogroman broj porodica nalazi u stanju socijalne potrebe, i sve izra\u017eenije iseljavanje stanovni\u0161tva, ocijenio je sekretar za ekonomski razvoj i preduzetni\u0161tvo\u00a0Nezir Daci\u0107.<\/strong><\/p>\n<p>Socijalnu pomo\u0107 sada\u00a0\u00a0prima\u00a0\u00a0\u010dak 1.305 porodica sa 4.846 \u010dlanova, \u0161to je 20 odsto ukupnog stanovni\u0161tva.<\/p>\n<p>Posljedicu takvog stanja on, uglavnom, vidi u uticaju globalne ekonomske krize i tranzicionog perioda tokom kojeg su uga\u0161eni skoro svi privredni subjekti u gradu.<\/p>\n<p>\u201eTo je dovelo do ekonomskog kraha i gubljenja radnih mjesta, uz nemogu\u0107nost da se u pro\u0161lom vremenu stvori i izna\u0111e drugi model investiranja ili obnavljanja postoje\u0107ih fabrika. Klju\u010dni problem Ro\u017eaja, koje je ina\u010de slovilo za razvijen privredni grad, i dalje je nezaposlenost velikog broja mladih svih stepena \u0161kolske spreme\u201d, rekao je Daci\u0107.<\/p>\n<p>Surova ro\u017eajska zbilja, nema\u0161tina, nezaposlenost i nepostojanje osnovnih uslova za dostojanstven \u017eivot, smatra on, doveli su da mladi napu\u0161taju rodno mjesto i materijalnu sigurnost zatra\u017ee u drugim zemljama.<\/p>\n<p>Za pobolj\u0161anje socio- ekonomske situacije, prema Daci\u0107evom mi\u0161ljenju, neophodno je i hitno promijeniti negativan imid\u017e sjevernog regiona.<\/p>\n<p>\u201cEkonomija i politika moraju zajedni\u010dkim naporima pove\u0107ati nivo stranih investicija, fiskalna politika se mora promijeniti u pravcu stimulativnog djelovanja na privredni razvoj ovog regiona sa kori\u0161\u0107enjem IPA sredstava i iz ostalih fondova\u201d, rekao je Daci\u0107.<\/p>\n<p>On preporu\u010duje i preduzimanje strategijskih mjera u razvoju poljoprivrede i sto\u010darstva.<\/p>\n<p>\u201eOzbiljno bavljenje ovim djelatnostima treba stimulisati i garantovati otkup proizvoda, kao i redovnu isplatu poljoprivrednih premija. Neophodno je izna\u0107i na\u010din povoljnih kreditnih sredstava za koja kamatna stopa ne smije biti ve\u0107a od tri odsto, a vjerujem da bi dobro rje\u0161enje bilo da se formira garantni fond za sjever kojim bi Vlada garantovala za zadu\u017eivanje kod banaka\u201d, rekao je Daci\u0107.<\/p>\n<p>Vlada i Op\u0161tina, kako je istakao, rade na unapre\u0111enju uslova za normalan \u017eivot. Lokalna uprava je usvojila podsticajne mjere i subvencije za otvaranje novih radnih mjesta.<\/p>\n<p>Glavna orijentacija za razvoj preduzetni\u0161tva i privrednog razvoja, prema Daci\u0107evom mi\u0161ljenju, su mala i srednja preduze\u0107a.<\/p>\n<p>\u201eOno na \u010demu sektor malih i srednjih preduze\u0107a u narednom periodu mora zna\u010dajno da radi, treba da se bazira na finalizaciji svojih proizvoda, unapre\u0111enju znanja i vje\u0161tina marketinga i menad\u017ementa radi podizanja nivoa kvaliteta proizvoda\u201c, rekao je Daci\u0107.<\/p>\n<p>Uz pomo\u0107 Vlade i drugih finansijskih subjekata, smatra on, mora se raditi i na otvaranju novih proizvodnih pogona u postoje\u0107im, neiskori\u0161tenim industrijskim kapacitetima.<\/p>\n<p>\u201eSO Ro\u017eaje je donijela odluku o osloba\u0111anju naknade za komunalije za gradnju poslovnih i privrednih zgrada na rok od tri godine, od momenta pu\u0161tanja objekta u upotrebu\u201c, rekao je Daci\u0107.<\/p>\n<p>Temelji razvoja tog grada se, prema njegovom mi\u0161ljenju, oslanjaju se na drvopreradu, preradu \u0161umskih plodova i gljiva, poljoprivredu, turizam i ugostiteljstvo, energetski hidropotencijal&#8230;<\/p>\n<p>\u201eRo\u017eajsko stanovni\u0161tvo prepoznatljivo je po dobrim trgovcima i majstorima. Dana\u0161nja mlada generacija ima vrlo dobre poslovne ideje za pokretanje sopstvenog biznisa, ali glavna prepreka je nedostatak finansijskih sredstava i slaba kupovna mo\u0107\u201d, ocijenio je Daci\u0107.<\/p>\n<p><strong>Zapo\u0161ljavanje\u00a0\u00a0raste, ali u Op\u0161tini<\/strong><\/p>\n<div class=\"ck_image_in_article ck_image_in_article--full100\">\n<figure style=\"width: 480px\" class=\"wp-caption alignnone\"><img loading=\"lazy\" decoding=\"async\" src=\"http:\/\/www.vijesti.me\/media\/cache\/d5\/46\/d5466ccac0bc195ab4f346ac6612e7d8.jpg?id=819799&amp;width=480\" alt=\"Ro\u017eaje\" width=\"480\" height=\"1048\" \/><figcaption class=\"wp-caption-text\">FOTO: Grafika<\/figcaption><\/figure>\n<\/div>\n<p>Najugro\u017eeniju kategoriju u gradu na Ibru \u010dine penzioneri kojih je 2.466, \u0161to je vi\u0161e od 10 odsto stanovni\u0161tva.<\/p>\n<p>Prosje\u010dna penzija, prema podacima Fonda PIO, iznosi 198 eura, \u0161to je za 80 eura ili oko 27 odsto ni\u017ee od crnogorskog prosjeka.<\/p>\n<p>Zaposlenih je 2.591, a nezaposlenih 1. 222. Prosje\u010dna plata je 440 eura, 40 eura ni\u017ea od prosjeka.<\/p>\n<p>Prema podacima iz decembra, stopa nezaposlenosti je iznosila 17, 7 odsto.<\/p>\n<p>Zapo\u0161ljavanje\u00a0\u00a0se u posljednjih osam mjeseci vr\u0161ilo samo u lokalnoj upravi i javnim preduze\u0107ima i ustanovama, gdje je uhljebljeno oko 150 novih radnika.<\/p>\n<p><strong>Nada\u00a0u rad tri pogona Gornjeg Ibra<\/strong><\/p>\n<p>Daci\u0107 o\u010dekuje da \u0107e uskoro biti otvorena tri pogona u nekada\u0161njem drvoprera\u0111iva\u010dkom gigantu Gornjem Ibru.<\/p>\n<p>\u201cMe\u0111unarodni tender je raspisan 20. maja i traja\u0107e do 19. juna. U pripremi je razvojni projekat iz oblasti prehrane, proizvodnje konditorskih proizvoda. O\u010dekujemo investicije u oblasti hidroenergije, izgradnje malih hidrocentrala na rijeci Ibar i njenim pritokama\u201c, rekao je Daci\u0107, i dodao da lokalna uprava kontinuirano radi na privla\u010denju investitora, kao i izradi projekata koje kandiduju kod dr\u017eavnih i me\u0111unarodnih organizacija i fondova.<\/p>\n<p>(Vijesti.me)<\/p>\n","protected":false},"excerpt":{"rendered":"<p>Ro\u017eaje &#8211; Socio-ekonomska situacija u Ro\u017eajama je veoma te\u0161ka. Karakteri\u0161u je velika nezaposlenost, zbog koje se ogroman broj porodica nalazi u stanju socijalne potrebe, i sve izra\u017eenije iseljavanje stanovni\u0161tva, ocijenio je sekretar za ekonomski razvoj i preduzetni\u0161tvo\u00a0Nezir Daci\u0107. Socijalnu pomo\u0107 sada\u00a0\u00a0prima\u00a0\u00a0\u010dak 1.305 porodica sa 4.846 \u010dlanova, \u0161to je 20 odsto ukupnog stanovni\u0161tva. Posljedicu takvog stanja [&hellip;]<\/p>\n","protected":false},"author":83,"featured_media":129492,"comment_status":"open","ping_status":"open","sticky":false,"template":"","format":"standard","meta":{"footnotes":""},"categories":[398,5],"tags":[],"class_list":{"0":"post-129491","1":"post","2":"type-post","3":"status-publish","4":"format-standard","5":"has-post-thumbnail","7":"category-rozaje","8":"category-drustvo"},"yoast_head":"<!-- This site is optimized with the Yoast SEO Premium plugin v23.1 (Yoast SEO v24.9) - https:\/\/yoast.com\/wordpress\/plugins\/seo\/ -->\n<title>Petina ro\u017eajskih porodica na socijali<\/title>\n<meta name=\"robots\" content=\"index, follow, max-snippet:-1, max-image-preview:large, max-video-preview:-1\" \/>\n<link rel=\"canonical\" href=\"https:\/\/sandzakpress.net\/arhiva\/petina-rozajskih-porodica-na-socijali\/\" \/>\n<meta property=\"og:locale\" content=\"bs_BA\" \/>\n<meta property=\"og:type\" content=\"article\" \/>\n<meta property=\"og:title\" content=\"Petina ro\u017eajskih porodica na socijali\" \/>\n<meta property=\"og:description\" content=\"Ro\u017eaje &#8211; Socio-ekonomska situacija u Ro\u017eajama je veoma te\u0161ka. Karakteri\u0161u je velika nezaposlenost, zbog koje se ogroman broj porodica nalazi u stanju socijalne potrebe, i sve izra\u017eenije iseljavanje stanovni\u0161tva, ocijenio je sekretar za ekonomski razvoj i preduzetni\u0161tvo\u00a0Nezir Daci\u0107. Socijalnu pomo\u0107 sada\u00a0\u00a0prima\u00a0\u00a0\u010dak 1.305 porodica sa 4.846 \u010dlanova, \u0161to je 20 odsto ukupnog stanovni\u0161tva. Posljedicu takvog stanja [&hellip;]\" \/>\n<meta property=\"og:url\" content=\"https:\/\/sandzakpress.net\/arhiva\/petina-rozajskih-porodica-na-socijali\/\" \/>\n<meta property=\"og:site_name\" content=\"Sand\u017eak PRESS\" \/>\n<meta property=\"article:published_time\" content=\"2015-06-10T13:19:20+00:00\" \/>\n<meta property=\"og:image\" content=\"https:\/\/sandzakpress.net\/arhiva\/wp-content\/uploads\/2015\/06\/02208022473c20716c160ae3fa2a7275.jpg\" \/>\n\t<meta property=\"og:image:width\" content=\"560\" \/>\n\t<meta property=\"og:image:height\" content=\"352\" \/>\n\t<meta property=\"og:image:type\" content=\"image\/jpeg\" \/>\n<meta name=\"author\" content=\"bosniak\" \/>\n<meta name=\"twitter:card\" content=\"summary_large_image\" \/>\n<meta name=\"twitter:label1\" content=\"Written by\" \/>\n\t<meta name=\"twitter:data1\" content=\"bosniak\" \/>\n\t<meta name=\"twitter:label2\" content=\"Est. reading time\" \/>\n\t<meta name=\"twitter:data2\" content=\"4 minute\" \/>\n<script type=\"application\/ld+json\" class=\"yoast-schema-graph\">{\"@context\":\"https:\/\/schema.org\",\"@graph\":[{\"@type\":\"Article\",\"@id\":\"https:\/\/sandzakpress.net\/arhiva\/petina-rozajskih-porodica-na-socijali\/#article\",\"isPartOf\":{\"@id\":\"https:\/\/sandzakpress.net\/arhiva\/petina-rozajskih-porodica-na-socijali\/\"},\"author\":{\"name\":\"bosniak\",\"@id\":\"https:\/\/sandzakpress.net\/arhiva\/#\/schema\/person\/c8baee722073534b583ea7bdb2e36c02\"},\"headline\":\"Petina ro\u017eajskih porodica na socijali\",\"datePublished\":\"2015-06-10T13:19:20+00:00\",\"mainEntityOfPage\":{\"@id\":\"https:\/\/sandzakpress.net\/arhiva\/petina-rozajskih-porodica-na-socijali\/\"},\"wordCount\":725,\"commentCount\":2,\"publisher\":{\"@id\":\"https:\/\/sandzakpress.net\/arhiva\/#\/schema\/person\/6e72b67d6e51910a1117b3b483ba20bd\"},\"image\":{\"@id\":\"https:\/\/sandzakpress.net\/arhiva\/petina-rozajskih-porodica-na-socijali\/#primaryimage\"},\"thumbnailUrl\":\"https:\/\/sandzakpress.net\/arhiva\/wp-content\/uploads\/2015\/06\/02208022473c20716c160ae3fa2a7275.jpg\",\"articleSection\":[\"Ro\u017eaje\",\"Dru\u0161tvo\"],\"inLanguage\":\"bs-BA\",\"potentialAction\":[{\"@type\":\"CommentAction\",\"name\":\"Comment\",\"target\":[\"https:\/\/sandzakpress.net\/arhiva\/petina-rozajskih-porodica-na-socijali\/#respond\"]}]},{\"@type\":\"WebPage\",\"@id\":\"https:\/\/sandzakpress.net\/arhiva\/petina-rozajskih-porodica-na-socijali\/\",\"url\":\"https:\/\/sandzakpress.net\/arhiva\/petina-rozajskih-porodica-na-socijali\/\",\"name\":\"Petina ro\u017eajskih porodica na socijali\",\"isPartOf\":{\"@id\":\"https:\/\/sandzakpress.net\/arhiva\/#website\"},\"primaryImageOfPage\":{\"@id\":\"https:\/\/sandzakpress.net\/arhiva\/petina-rozajskih-porodica-na-socijali\/#primaryimage\"},\"image\":{\"@id\":\"https:\/\/sandzakpress.net\/arhiva\/petina-rozajskih-porodica-na-socijali\/#primaryimage\"},\"thumbnailUrl\":\"https:\/\/sandzakpress.net\/arhiva\/wp-content\/uploads\/2015\/06\/02208022473c20716c160ae3fa2a7275.jpg\",\"datePublished\":\"2015-06-10T13:19:20+00:00\",\"breadcrumb\":{\"@id\":\"https:\/\/sandzakpress.net\/arhiva\/petina-rozajskih-porodica-na-socijali\/#breadcrumb\"},\"inLanguage\":\"bs-BA\",\"potentialAction\":[{\"@type\":\"ReadAction\",\"target\":[\"https:\/\/sandzakpress.net\/arhiva\/petina-rozajskih-porodica-na-socijali\/\"]}]},{\"@type\":\"ImageObject\",\"inLanguage\":\"bs-BA\",\"@id\":\"https:\/\/sandzakpress.net\/arhiva\/petina-rozajskih-porodica-na-socijali\/#primaryimage\",\"url\":\"https:\/\/sandzakpress.net\/arhiva\/wp-content\/uploads\/2015\/06\/02208022473c20716c160ae3fa2a7275.jpg\",\"contentUrl\":\"https:\/\/sandzakpress.net\/arhiva\/wp-content\/uploads\/2015\/06\/02208022473c20716c160ae3fa2a7275.jpg\",\"width\":560,\"height\":352},{\"@type\":\"BreadcrumbList\",\"@id\":\"https:\/\/sandzakpress.net\/arhiva\/petina-rozajskih-porodica-na-socijali\/#breadcrumb\",\"itemListElement\":[{\"@type\":\"ListItem\",\"position\":1,\"name\":\"Home\",\"item\":\"https:\/\/sandzakpress.net\/arhiva\/\"},{\"@type\":\"ListItem\",\"position\":2,\"name\":\"Petina ro\u017eajskih porodica na socijali\"}]},{\"@type\":\"WebSite\",\"@id\":\"https:\/\/sandzakpress.net\/arhiva\/#website\",\"url\":\"https:\/\/sandzakpress.net\/arhiva\/\",\"name\":\"Sand\u017eak PRESS\",\"description\":\"Prve elektronske novine u Sand\u017eaku\",\"publisher\":{\"@id\":\"https:\/\/sandzakpress.net\/arhiva\/#\/schema\/person\/6e72b67d6e51910a1117b3b483ba20bd\"},\"potentialAction\":[{\"@type\":\"SearchAction\",\"target\":{\"@type\":\"EntryPoint\",\"urlTemplate\":\"https:\/\/sandzakpress.net\/arhiva\/?s={search_term_string}\"},\"query-input\":{\"@type\":\"PropertyValueSpecification\",\"valueRequired\":true,\"valueName\":\"search_term_string\"}}],\"inLanguage\":\"bs-BA\"},{\"@type\":[\"Person\",\"Organization\"],\"@id\":\"https:\/\/sandzakpress.net\/arhiva\/#\/schema\/person\/6e72b67d6e51910a1117b3b483ba20bd\",\"name\":\"Kul\",\"image\":{\"@type\":\"ImageObject\",\"inLanguage\":\"bs-BA\",\"@id\":\"https:\/\/sandzakpress.net\/arhiva\/#\/schema\/person\/image\/\",\"url\":\"https:\/\/secure.gravatar.com\/avatar\/42263f39aa27ac04c43cab85c280eb2e?s=96&d=mm&r=pg\",\"contentUrl\":\"https:\/\/secure.gravatar.com\/avatar\/42263f39aa27ac04c43cab85c280eb2e?s=96&d=mm&r=pg\",\"caption\":\"Kul\"},\"logo\":{\"@id\":\"https:\/\/sandzakpress.net\/arhiva\/#\/schema\/person\/image\/\"}},{\"@type\":\"Person\",\"@id\":\"https:\/\/sandzakpress.net\/arhiva\/#\/schema\/person\/c8baee722073534b583ea7bdb2e36c02\",\"name\":\"bosniak\",\"image\":{\"@type\":\"ImageObject\",\"inLanguage\":\"bs-BA\",\"@id\":\"https:\/\/sandzakpress.net\/arhiva\/#\/schema\/person\/image\/\",\"url\":\"https:\/\/secure.gravatar.com\/avatar\/a04fd330bfe3a36a72a0ad4a6d89fca7?s=96&d=mm&r=pg\",\"contentUrl\":\"https:\/\/secure.gravatar.com\/avatar\/a04fd330bfe3a36a72a0ad4a6d89fca7?s=96&d=mm&r=pg\",\"caption\":\"bosniak\"},\"url\":\"https:\/\/sandzakpress.net\/arhiva\/author\/bosniak\/\"}]}<\/script>\n<!-- \/ Yoast SEO Premium plugin. -->","yoast_head_json":{"title":"Petina ro\u017eajskih porodica na socijali","robots":{"index":"index","follow":"follow","max-snippet":"max-snippet:-1","max-image-preview":"max-image-preview:large","max-video-preview":"max-video-preview:-1"},"canonical":"https:\/\/sandzakpress.net\/arhiva\/petina-rozajskih-porodica-na-socijali\/","og_locale":"bs_BA","og_type":"article","og_title":"Petina ro\u017eajskih porodica na socijali","og_description":"Ro\u017eaje &#8211; Socio-ekonomska situacija u Ro\u017eajama je veoma te\u0161ka. Karakteri\u0161u je velika nezaposlenost, zbog koje se ogroman broj porodica nalazi u stanju socijalne potrebe, i sve izra\u017eenije iseljavanje stanovni\u0161tva, ocijenio je sekretar za ekonomski razvoj i preduzetni\u0161tvo\u00a0Nezir Daci\u0107. Socijalnu pomo\u0107 sada\u00a0\u00a0prima\u00a0\u00a0\u010dak 1.305 porodica sa 4.846 \u010dlanova, \u0161to je 20 odsto ukupnog stanovni\u0161tva. Posljedicu takvog stanja [&hellip;]","og_url":"https:\/\/sandzakpress.net\/arhiva\/petina-rozajskih-porodica-na-socijali\/","og_site_name":"Sand\u017eak PRESS","article_published_time":"2015-06-10T13:19:20+00:00","og_image":[{"width":560,"height":352,"url":"https:\/\/sandzakpress.net\/arhiva\/wp-content\/uploads\/2015\/06\/02208022473c20716c160ae3fa2a7275.jpg","type":"image\/jpeg"}],"author":"bosniak","twitter_card":"summary_large_image","twitter_misc":{"Written by":"bosniak","Est. reading time":"4 minute"},"schema":{"@context":"https:\/\/schema.org","@graph":[{"@type":"Article","@id":"https:\/\/sandzakpress.net\/arhiva\/petina-rozajskih-porodica-na-socijali\/#article","isPartOf":{"@id":"https:\/\/sandzakpress.net\/arhiva\/petina-rozajskih-porodica-na-socijali\/"},"author":{"name":"bosniak","@id":"https:\/\/sandzakpress.net\/arhiva\/#\/schema\/person\/c8baee722073534b583ea7bdb2e36c02"},"headline":"Petina ro\u017eajskih porodica na socijali","datePublished":"2015-06-10T13:19:20+00:00","mainEntityOfPage":{"@id":"https:\/\/sandzakpress.net\/arhiva\/petina-rozajskih-porodica-na-socijali\/"},"wordCount":725,"commentCount":2,"publisher":{"@id":"https:\/\/sandzakpress.net\/arhiva\/#\/schema\/person\/6e72b67d6e51910a1117b3b483ba20bd"},"image":{"@id":"https:\/\/sandzakpress.net\/arhiva\/petina-rozajskih-porodica-na-socijali\/#primaryimage"},"thumbnailUrl":"https:\/\/sandzakpress.net\/arhiva\/wp-content\/uploads\/2015\/06\/02208022473c20716c160ae3fa2a7275.jpg","articleSection":["Ro\u017eaje","Dru\u0161tvo"],"inLanguage":"bs-BA","potentialAction":[{"@type":"CommentAction","name":"Comment","target":["https:\/\/sandzakpress.net\/arhiva\/petina-rozajskih-porodica-na-socijali\/#respond"]}]},{"@type":"WebPage","@id":"https:\/\/sandzakpress.net\/arhiva\/petina-rozajskih-porodica-na-socijali\/","url":"https:\/\/sandzakpress.net\/arhiva\/petina-rozajskih-porodica-na-socijali\/","name":"Petina ro\u017eajskih porodica na socijali","isPartOf":{"@id":"https:\/\/sandzakpress.net\/arhiva\/#website"},"primaryImageOfPage":{"@id":"https:\/\/sandzakpress.net\/arhiva\/petina-rozajskih-porodica-na-socijali\/#primaryimage"},"image":{"@id":"https:\/\/sandzakpress.net\/arhiva\/petina-rozajskih-porodica-na-socijali\/#primaryimage"},"thumbnailUrl":"https:\/\/sandzakpress.net\/arhiva\/wp-content\/uploads\/2015\/06\/02208022473c20716c160ae3fa2a7275.jpg","datePublished":"2015-06-10T13:19:20+00:00","breadcrumb":{"@id":"https:\/\/sandzakpress.net\/arhiva\/petina-rozajskih-porodica-na-socijali\/#breadcrumb"},"inLanguage":"bs-BA","potentialAction":[{"@type":"ReadAction","target":["https:\/\/sandzakpress.net\/arhiva\/petina-rozajskih-porodica-na-socijali\/"]}]},{"@type":"ImageObject","inLanguage":"bs-BA","@id":"https:\/\/sandzakpress.net\/arhiva\/petina-rozajskih-porodica-na-socijali\/#primaryimage","url":"https:\/\/sandzakpress.net\/arhiva\/wp-content\/uploads\/2015\/06\/02208022473c20716c160ae3fa2a7275.jpg","contentUrl":"https:\/\/sandzakpress.net\/arhiva\/wp-content\/uploads\/2015\/06\/02208022473c20716c160ae3fa2a7275.jpg","width":560,"height":352},{"@type":"BreadcrumbList","@id":"https:\/\/sandzakpress.net\/arhiva\/petina-rozajskih-porodica-na-socijali\/#breadcrumb","itemListElement":[{"@type":"ListItem","position":1,"name":"Home","item":"https:\/\/sandzakpress.net\/arhiva\/"},{"@type":"ListItem","position":2,"name":"Petina ro\u017eajskih porodica na socijali"}]},{"@type":"WebSite","@id":"https:\/\/sandzakpress.net\/arhiva\/#website","url":"https:\/\/sandzakpress.net\/arhiva\/","name":"Sand\u017eak PRESS","description":"Prve elektronske novine u Sand\u017eaku","publisher":{"@id":"https:\/\/sandzakpress.net\/arhiva\/#\/schema\/person\/6e72b67d6e51910a1117b3b483ba20bd"},"potentialAction":[{"@type":"SearchAction","target":{"@type":"EntryPoint","urlTemplate":"https:\/\/sandzakpress.net\/arhiva\/?s={search_term_string}"},"query-input":{"@type":"PropertyValueSpecification","valueRequired":true,"valueName":"search_term_string"}}],"inLanguage":"bs-BA"},{"@type":["Person","Organization"],"@id":"https:\/\/sandzakpress.net\/arhiva\/#\/schema\/person\/6e72b67d6e51910a1117b3b483ba20bd","name":"Kul","image":{"@type":"ImageObject","inLanguage":"bs-BA","@id":"https:\/\/sandzakpress.net\/arhiva\/#\/schema\/person\/image\/","url":"https:\/\/secure.gravatar.com\/avatar\/42263f39aa27ac04c43cab85c280eb2e?s=96&d=mm&r=pg","contentUrl":"https:\/\/secure.gravatar.com\/avatar\/42263f39aa27ac04c43cab85c280eb2e?s=96&d=mm&r=pg","caption":"Kul"},"logo":{"@id":"https:\/\/sandzakpress.net\/arhiva\/#\/schema\/person\/image\/"}},{"@type":"Person","@id":"https:\/\/sandzakpress.net\/arhiva\/#\/schema\/person\/c8baee722073534b583ea7bdb2e36c02","name":"bosniak","image":{"@type":"ImageObject","inLanguage":"bs-BA","@id":"https:\/\/sandzakpress.net\/arhiva\/#\/schema\/person\/image\/","url":"https:\/\/secure.gravatar.com\/avatar\/a04fd330bfe3a36a72a0ad4a6d89fca7?s=96&d=mm&r=pg","contentUrl":"https:\/\/secure.gravatar.com\/avatar\/a04fd330bfe3a36a72a0ad4a6d89fca7?s=96&d=mm&r=pg","caption":"bosniak"},"url":"https:\/\/sandzakpress.net\/arhiva\/author\/bosniak\/"}]}},"_links":{"self":[{"href":"https:\/\/sandzakpress.net\/arhiva\/wp-json\/wp\/v2\/posts\/129491"}],"collection":[{"href":"https:\/\/sandzakpress.net\/arhiva\/wp-json\/wp\/v2\/posts"}],"about":[{"href":"https:\/\/sandzakpress.net\/arhiva\/wp-json\/wp\/v2\/types\/post"}],"author":[{"embeddable":true,"href":"https:\/\/sandzakpress.net\/arhiva\/wp-json\/wp\/v2\/users\/83"}],"replies":[{"embeddable":true,"href":"https:\/\/sandzakpress.net\/arhiva\/wp-json\/wp\/v2\/comments?post=129491"}],"version-history":[{"count":0,"href":"https:\/\/sandzakpress.net\/arhiva\/wp-json\/wp\/v2\/posts\/129491\/revisions"}],"wp:featuredmedia":[{"embeddable":true,"href":"https:\/\/sandzakpress.net\/arhiva\/wp-json\/wp\/v2\/media\/129492"}],"wp:attachment":[{"href":"https:\/\/sandzakpress.net\/arhiva\/wp-json\/wp\/v2\/media?parent=129491"}],"wp:term":[{"taxonomy":"category","embeddable":true,"href":"https:\/\/sandzakpress.net\/arhiva\/wp-json\/wp\/v2\/categories?post=129491"},{"taxonomy":"post_tag","embeddable":true,"href":"https:\/\/sandzakpress.net\/arhiva\/wp-json\/wp\/v2\/tags?post=129491"}],"curies":[{"name":"wp","href":"https:\/\/api.w.org\/{rel}","templated":true}]}}