{"id":12946,"date":"2011-02-19T13:38:38","date_gmt":"2011-02-19T12:38:38","guid":{"rendered":"https:\/\/sandzakpress.net\/arhiva\/?p=12946"},"modified":"2011-02-19T13:38:38","modified_gmt":"2011-02-19T12:38:38","slug":"promocija-sandzaka-i-nacionalnog-kalendara-u-ribaricima","status":"publish","type":"post","link":"https:\/\/sandzakpress.net\/arhiva\/promocija-sandzaka-i-nacionalnog-kalendara-u-ribaricima\/","title":{"rendered":"Promocija Sand\u017eaka i Nacionalnog kalendara u Ribari\u0107ima"},"content":{"rendered":"<p><strong><a href=\"https:\/\/sandzakpress.net\/arhiva\/wp-content\/uploads\/2011\/02\/RIBARICE-16.02.2011-21.jpg\"><img loading=\"lazy\" decoding=\"async\" class=\"alignleft size-medium wp-image-12957\" title=\"RIBARICE 16.02.2011 (2)\" src=\"https:\/\/sandzakpress.net\/arhiva\/wp-content\/uploads\/2011\/02\/RIBARICE-16.02.2011-21-300x183.jpg\" alt=\"\" width=\"217\" height=\"132\" \/><\/a>Tutin &#8211; Bo\u0161nja\u010dka kulturna zajednica \u2013 BKZ \u2013 je organizirala promociju revije Sand\u017eak i Bo\u0161nja\u010dkog nacionalnog kalendara u Ribari\u0107ima. Delegaciju su \u010dinili predsjednik prof. Jahja Fehratovi\u0107, sekretar Salahudin Feti\u0107 i bajraktar BKZ-a Muljazim Rami\u010devi\u0107.<\/strong><\/p>\n<p>Okupljenim Bo\u0161njacima obratio se predsjednik BKZ. On je istakao va\u017enost postojanja nacionalne novine i va\u017enost bu\u0111enja nacionalne svijesti jednog naroda. Doma\u0107ini su se zahvalili posjeti te zatra\u017eili od BKZ da intenziviraju posjete Ribari\u0107ima.<\/p>\n<p><a href=\"https:\/\/sandzakpress.net\/arhiva\/wp-content\/uploads\/2011\/02\/RIBARICE-16.02.2011-5.jpg\"><img loading=\"lazy\" decoding=\"async\" class=\"aligncenter size-full wp-image-12950\" title=\"RIBARICE 16.02.2011 (5)\" src=\"https:\/\/sandzakpress.net\/arhiva\/wp-content\/uploads\/2011\/02\/RIBARICE-16.02.2011-5.jpg\" alt=\"\" width=\"616\" height=\"319\" \/><\/a><\/p>\n<p>Podr\u0161ku koju rukovodstvo BKZ-a dobija u svim mjestima veliki je poticaj ekipi koja realiziranje projektata BKZ-a. Ovo je samo po\u010detak. Projekti od nacionalnog zna\u010daja \u0107e biti sve vi\u0161e u narednom periodu, \u010dime \u0107e BKZ opravdati podr\u0161ku koju je dobila na izborima za Bo\u0161nja\u010dko nacionalno vije\u0107e.<\/p>\n<p><a href=\"https:\/\/sandzakpress.net\/arhiva\/wp-content\/uploads\/2011\/02\/RIBARICE-16.02.2011-1.jpg\"><img loading=\"lazy\" decoding=\"async\" class=\"aligncenter size-full wp-image-12952\" title=\"RIBARICE 16.02.2011 (1)\" src=\"https:\/\/sandzakpress.net\/arhiva\/wp-content\/uploads\/2011\/02\/RIBARICE-16.02.2011-1.jpg\" alt=\"\" width=\"616\" height=\"336\" \/><\/a><\/p>\n<p>Na svakom mjestu gdje je BKZ organizirala promociju policijske patrole su se stacionirale u blizini da bi zastra\u0161ivale narod i ometale promociju i BKZ-ov projekat nacionalnog osvje\u0161\u0107ivanja Bo\u0161njaka.<\/p>\n<p>Izvor: <strong>SandzakPRESS.net<\/strong><\/p>\n","protected":false},"excerpt":{"rendered":"<p>Tutin &#8211; Bo\u0161nja\u010dka kulturna zajednica \u2013 BKZ \u2013 je organizirala promociju revije Sand\u017eak i Bo\u0161nja\u010dkog nacionalnog kalendara u Ribari\u0107ima. Delegaciju su \u010dinili predsjednik prof. Jahja Fehratovi\u0107, sekretar Salahudin Feti\u0107 i bajraktar BKZ-a Muljazim Rami\u010devi\u0107. Okupljenim Bo\u0161njacima obratio se predsjednik BKZ. On je istakao va\u017enost postojanja nacionalne novine i va\u017enost bu\u0111enja nacionalne svijesti jednog naroda. Doma\u0107ini [&hellip;]<\/p>\n","protected":false},"author":83,"featured_media":12957,"comment_status":"open","ping_status":"open","sticky":false,"template":"","format":"standard","meta":{"footnotes":""},"categories":[800,327],"tags":[],"class_list":{"0":"post-12946","1":"post","2":"type-post","3":"status-publish","4":"format-standard","5":"has-post-thumbnail","7":"category-nacija","8":"category-tutin"},"yoast_head":"<!-- This site is optimized with the Yoast SEO Premium plugin v23.1 (Yoast SEO v24.9) - https:\/\/yoast.com\/wordpress\/plugins\/seo\/ -->\n<title>Promocija Sand\u017eaka i Nacionalnog kalendara u Ribari\u0107ima<\/title>\n<meta name=\"robots\" content=\"index, follow, max-snippet:-1, max-image-preview:large, max-video-preview:-1\" \/>\n<link rel=\"canonical\" href=\"https:\/\/sandzakpress.net\/arhiva\/promocija-sandzaka-i-nacionalnog-kalendara-u-ribaricima\/\" \/>\n<meta property=\"og:locale\" content=\"bs_BA\" \/>\n<meta property=\"og:type\" content=\"article\" \/>\n<meta property=\"og:title\" content=\"Promocija Sand\u017eaka i Nacionalnog kalendara u Ribari\u0107ima\" \/>\n<meta property=\"og:description\" content=\"Tutin &#8211; Bo\u0161nja\u010dka kulturna zajednica \u2013 BKZ \u2013 je organizirala promociju revije Sand\u017eak i Bo\u0161nja\u010dkog nacionalnog kalendara u Ribari\u0107ima. Delegaciju su \u010dinili predsjednik prof. Jahja Fehratovi\u0107, sekretar Salahudin Feti\u0107 i bajraktar BKZ-a Muljazim Rami\u010devi\u0107. Okupljenim Bo\u0161njacima obratio se predsjednik BKZ. On je istakao va\u017enost postojanja nacionalne novine i va\u017enost bu\u0111enja nacionalne svijesti jednog naroda. Doma\u0107ini [&hellip;]\" \/>\n<meta property=\"og:url\" content=\"https:\/\/sandzakpress.net\/arhiva\/promocija-sandzaka-i-nacionalnog-kalendara-u-ribaricima\/\" \/>\n<meta property=\"og:site_name\" content=\"Sand\u017eak PRESS\" \/>\n<meta property=\"article:published_time\" content=\"2011-02-19T12:38:38+00:00\" \/>\n<meta property=\"og:image\" content=\"https:\/\/sandzakpress.net\/arhiva\/wp-content\/uploads\/2011\/02\/RIBARICE-16.02.2011-21.jpg\" \/>\n\t<meta property=\"og:image:width\" content=\"469\" \/>\n\t<meta property=\"og:image:height\" content=\"287\" \/>\n\t<meta property=\"og:image:type\" content=\"image\/jpeg\" \/>\n<meta name=\"author\" content=\"bosniak\" \/>\n<meta name=\"twitter:card\" content=\"summary_large_image\" \/>\n<meta name=\"twitter:label1\" content=\"Written by\" \/>\n\t<meta name=\"twitter:data1\" content=\"bosniak\" \/>\n\t<meta name=\"twitter:label2\" content=\"Est. reading time\" \/>\n\t<meta name=\"twitter:data2\" content=\"1 minuta\" \/>\n<script type=\"application\/ld+json\" class=\"yoast-schema-graph\">{\"@context\":\"https:\/\/schema.org\",\"@graph\":[{\"@type\":\"Article\",\"@id\":\"https:\/\/sandzakpress.net\/arhiva\/promocija-sandzaka-i-nacionalnog-kalendara-u-ribaricima\/#article\",\"isPartOf\":{\"@id\":\"https:\/\/sandzakpress.net\/arhiva\/promocija-sandzaka-i-nacionalnog-kalendara-u-ribaricima\/\"},\"author\":{\"name\":\"bosniak\",\"@id\":\"https:\/\/sandzakpress.net\/arhiva\/#\/schema\/person\/c8baee722073534b583ea7bdb2e36c02\"},\"headline\":\"Promocija Sand\u017eaka i Nacionalnog kalendara u Ribari\u0107ima\",\"datePublished\":\"2011-02-19T12:38:38+00:00\",\"mainEntityOfPage\":{\"@id\":\"https:\/\/sandzakpress.net\/arhiva\/promocija-sandzaka-i-nacionalnog-kalendara-u-ribaricima\/\"},\"wordCount\":175,\"commentCount\":0,\"publisher\":{\"@id\":\"https:\/\/sandzakpress.net\/arhiva\/#\/schema\/person\/6e72b67d6e51910a1117b3b483ba20bd\"},\"image\":{\"@id\":\"https:\/\/sandzakpress.net\/arhiva\/promocija-sandzaka-i-nacionalnog-kalendara-u-ribaricima\/#primaryimage\"},\"thumbnailUrl\":\"https:\/\/sandzakpress.net\/arhiva\/wp-content\/uploads\/2011\/02\/RIBARICE-16.02.2011-21.jpg\",\"articleSection\":[\"Nacija\",\"Tutin\"],\"inLanguage\":\"bs-BA\",\"potentialAction\":[{\"@type\":\"CommentAction\",\"name\":\"Comment\",\"target\":[\"https:\/\/sandzakpress.net\/arhiva\/promocija-sandzaka-i-nacionalnog-kalendara-u-ribaricima\/#respond\"]}]},{\"@type\":\"WebPage\",\"@id\":\"https:\/\/sandzakpress.net\/arhiva\/promocija-sandzaka-i-nacionalnog-kalendara-u-ribaricima\/\",\"url\":\"https:\/\/sandzakpress.net\/arhiva\/promocija-sandzaka-i-nacionalnog-kalendara-u-ribaricima\/\",\"name\":\"Promocija Sand\u017eaka i Nacionalnog kalendara u Ribari\u0107ima\",\"isPartOf\":{\"@id\":\"https:\/\/sandzakpress.net\/arhiva\/#website\"},\"primaryImageOfPage\":{\"@id\":\"https:\/\/sandzakpress.net\/arhiva\/promocija-sandzaka-i-nacionalnog-kalendara-u-ribaricima\/#primaryimage\"},\"image\":{\"@id\":\"https:\/\/sandzakpress.net\/arhiva\/promocija-sandzaka-i-nacionalnog-kalendara-u-ribaricima\/#primaryimage\"},\"thumbnailUrl\":\"https:\/\/sandzakpress.net\/arhiva\/wp-content\/uploads\/2011\/02\/RIBARICE-16.02.2011-21.jpg\",\"datePublished\":\"2011-02-19T12:38:38+00:00\",\"breadcrumb\":{\"@id\":\"https:\/\/sandzakpress.net\/arhiva\/promocija-sandzaka-i-nacionalnog-kalendara-u-ribaricima\/#breadcrumb\"},\"inLanguage\":\"bs-BA\",\"potentialAction\":[{\"@type\":\"ReadAction\",\"target\":[\"https:\/\/sandzakpress.net\/arhiva\/promocija-sandzaka-i-nacionalnog-kalendara-u-ribaricima\/\"]}]},{\"@type\":\"ImageObject\",\"inLanguage\":\"bs-BA\",\"@id\":\"https:\/\/sandzakpress.net\/arhiva\/promocija-sandzaka-i-nacionalnog-kalendara-u-ribaricima\/#primaryimage\",\"url\":\"https:\/\/sandzakpress.net\/arhiva\/wp-content\/uploads\/2011\/02\/RIBARICE-16.02.2011-21.jpg\",\"contentUrl\":\"https:\/\/sandzakpress.net\/arhiva\/wp-content\/uploads\/2011\/02\/RIBARICE-16.02.2011-21.jpg\",\"width\":469,\"height\":287},{\"@type\":\"BreadcrumbList\",\"@id\":\"https:\/\/sandzakpress.net\/arhiva\/promocija-sandzaka-i-nacionalnog-kalendara-u-ribaricima\/#breadcrumb\",\"itemListElement\":[{\"@type\":\"ListItem\",\"position\":1,\"name\":\"Home\",\"item\":\"https:\/\/sandzakpress.net\/arhiva\/\"},{\"@type\":\"ListItem\",\"position\":2,\"name\":\"Promocija Sand\u017eaka i Nacionalnog kalendara u Ribari\u0107ima\"}]},{\"@type\":\"WebSite\",\"@id\":\"https:\/\/sandzakpress.net\/arhiva\/#website\",\"url\":\"https:\/\/sandzakpress.net\/arhiva\/\",\"name\":\"Sand\u017eak PRESS\",\"description\":\"Prve elektronske novine u Sand\u017eaku\",\"publisher\":{\"@id\":\"https:\/\/sandzakpress.net\/arhiva\/#\/schema\/person\/6e72b67d6e51910a1117b3b483ba20bd\"},\"potentialAction\":[{\"@type\":\"SearchAction\",\"target\":{\"@type\":\"EntryPoint\",\"urlTemplate\":\"https:\/\/sandzakpress.net\/arhiva\/?s={search_term_string}\"},\"query-input\":{\"@type\":\"PropertyValueSpecification\",\"valueRequired\":true,\"valueName\":\"search_term_string\"}}],\"inLanguage\":\"bs-BA\"},{\"@type\":[\"Person\",\"Organization\"],\"@id\":\"https:\/\/sandzakpress.net\/arhiva\/#\/schema\/person\/6e72b67d6e51910a1117b3b483ba20bd\",\"name\":\"Kul\",\"image\":{\"@type\":\"ImageObject\",\"inLanguage\":\"bs-BA\",\"@id\":\"https:\/\/sandzakpress.net\/arhiva\/#\/schema\/person\/image\/\",\"url\":\"https:\/\/secure.gravatar.com\/avatar\/42263f39aa27ac04c43cab85c280eb2e?s=96&d=mm&r=pg\",\"contentUrl\":\"https:\/\/secure.gravatar.com\/avatar\/42263f39aa27ac04c43cab85c280eb2e?s=96&d=mm&r=pg\",\"caption\":\"Kul\"},\"logo\":{\"@id\":\"https:\/\/sandzakpress.net\/arhiva\/#\/schema\/person\/image\/\"}},{\"@type\":\"Person\",\"@id\":\"https:\/\/sandzakpress.net\/arhiva\/#\/schema\/person\/c8baee722073534b583ea7bdb2e36c02\",\"name\":\"bosniak\",\"image\":{\"@type\":\"ImageObject\",\"inLanguage\":\"bs-BA\",\"@id\":\"https:\/\/sandzakpress.net\/arhiva\/#\/schema\/person\/image\/\",\"url\":\"https:\/\/secure.gravatar.com\/avatar\/a04fd330bfe3a36a72a0ad4a6d89fca7?s=96&d=mm&r=pg\",\"contentUrl\":\"https:\/\/secure.gravatar.com\/avatar\/a04fd330bfe3a36a72a0ad4a6d89fca7?s=96&d=mm&r=pg\",\"caption\":\"bosniak\"},\"url\":\"https:\/\/sandzakpress.net\/arhiva\/author\/bosniak\/\"}]}<\/script>\n<!-- \/ Yoast SEO Premium plugin. -->","yoast_head_json":{"title":"Promocija Sand\u017eaka i Nacionalnog kalendara u Ribari\u0107ima","robots":{"index":"index","follow":"follow","max-snippet":"max-snippet:-1","max-image-preview":"max-image-preview:large","max-video-preview":"max-video-preview:-1"},"canonical":"https:\/\/sandzakpress.net\/arhiva\/promocija-sandzaka-i-nacionalnog-kalendara-u-ribaricima\/","og_locale":"bs_BA","og_type":"article","og_title":"Promocija Sand\u017eaka i Nacionalnog kalendara u Ribari\u0107ima","og_description":"Tutin &#8211; Bo\u0161nja\u010dka kulturna zajednica \u2013 BKZ \u2013 je organizirala promociju revije Sand\u017eak i Bo\u0161nja\u010dkog nacionalnog kalendara u Ribari\u0107ima. Delegaciju su \u010dinili predsjednik prof. Jahja Fehratovi\u0107, sekretar Salahudin Feti\u0107 i bajraktar BKZ-a Muljazim Rami\u010devi\u0107. Okupljenim Bo\u0161njacima obratio se predsjednik BKZ. On je istakao va\u017enost postojanja nacionalne novine i va\u017enost bu\u0111enja nacionalne svijesti jednog naroda. Doma\u0107ini [&hellip;]","og_url":"https:\/\/sandzakpress.net\/arhiva\/promocija-sandzaka-i-nacionalnog-kalendara-u-ribaricima\/","og_site_name":"Sand\u017eak PRESS","article_published_time":"2011-02-19T12:38:38+00:00","og_image":[{"width":469,"height":287,"url":"https:\/\/sandzakpress.net\/arhiva\/wp-content\/uploads\/2011\/02\/RIBARICE-16.02.2011-21.jpg","type":"image\/jpeg"}],"author":"bosniak","twitter_card":"summary_large_image","twitter_misc":{"Written by":"bosniak","Est. reading time":"1 minuta"},"schema":{"@context":"https:\/\/schema.org","@graph":[{"@type":"Article","@id":"https:\/\/sandzakpress.net\/arhiva\/promocija-sandzaka-i-nacionalnog-kalendara-u-ribaricima\/#article","isPartOf":{"@id":"https:\/\/sandzakpress.net\/arhiva\/promocija-sandzaka-i-nacionalnog-kalendara-u-ribaricima\/"},"author":{"name":"bosniak","@id":"https:\/\/sandzakpress.net\/arhiva\/#\/schema\/person\/c8baee722073534b583ea7bdb2e36c02"},"headline":"Promocija Sand\u017eaka i Nacionalnog kalendara u Ribari\u0107ima","datePublished":"2011-02-19T12:38:38+00:00","mainEntityOfPage":{"@id":"https:\/\/sandzakpress.net\/arhiva\/promocija-sandzaka-i-nacionalnog-kalendara-u-ribaricima\/"},"wordCount":175,"commentCount":0,"publisher":{"@id":"https:\/\/sandzakpress.net\/arhiva\/#\/schema\/person\/6e72b67d6e51910a1117b3b483ba20bd"},"image":{"@id":"https:\/\/sandzakpress.net\/arhiva\/promocija-sandzaka-i-nacionalnog-kalendara-u-ribaricima\/#primaryimage"},"thumbnailUrl":"https:\/\/sandzakpress.net\/arhiva\/wp-content\/uploads\/2011\/02\/RIBARICE-16.02.2011-21.jpg","articleSection":["Nacija","Tutin"],"inLanguage":"bs-BA","potentialAction":[{"@type":"CommentAction","name":"Comment","target":["https:\/\/sandzakpress.net\/arhiva\/promocija-sandzaka-i-nacionalnog-kalendara-u-ribaricima\/#respond"]}]},{"@type":"WebPage","@id":"https:\/\/sandzakpress.net\/arhiva\/promocija-sandzaka-i-nacionalnog-kalendara-u-ribaricima\/","url":"https:\/\/sandzakpress.net\/arhiva\/promocija-sandzaka-i-nacionalnog-kalendara-u-ribaricima\/","name":"Promocija Sand\u017eaka i Nacionalnog kalendara u Ribari\u0107ima","isPartOf":{"@id":"https:\/\/sandzakpress.net\/arhiva\/#website"},"primaryImageOfPage":{"@id":"https:\/\/sandzakpress.net\/arhiva\/promocija-sandzaka-i-nacionalnog-kalendara-u-ribaricima\/#primaryimage"},"image":{"@id":"https:\/\/sandzakpress.net\/arhiva\/promocija-sandzaka-i-nacionalnog-kalendara-u-ribaricima\/#primaryimage"},"thumbnailUrl":"https:\/\/sandzakpress.net\/arhiva\/wp-content\/uploads\/2011\/02\/RIBARICE-16.02.2011-21.jpg","datePublished":"2011-02-19T12:38:38+00:00","breadcrumb":{"@id":"https:\/\/sandzakpress.net\/arhiva\/promocija-sandzaka-i-nacionalnog-kalendara-u-ribaricima\/#breadcrumb"},"inLanguage":"bs-BA","potentialAction":[{"@type":"ReadAction","target":["https:\/\/sandzakpress.net\/arhiva\/promocija-sandzaka-i-nacionalnog-kalendara-u-ribaricima\/"]}]},{"@type":"ImageObject","inLanguage":"bs-BA","@id":"https:\/\/sandzakpress.net\/arhiva\/promocija-sandzaka-i-nacionalnog-kalendara-u-ribaricima\/#primaryimage","url":"https:\/\/sandzakpress.net\/arhiva\/wp-content\/uploads\/2011\/02\/RIBARICE-16.02.2011-21.jpg","contentUrl":"https:\/\/sandzakpress.net\/arhiva\/wp-content\/uploads\/2011\/02\/RIBARICE-16.02.2011-21.jpg","width":469,"height":287},{"@type":"BreadcrumbList","@id":"https:\/\/sandzakpress.net\/arhiva\/promocija-sandzaka-i-nacionalnog-kalendara-u-ribaricima\/#breadcrumb","itemListElement":[{"@type":"ListItem","position":1,"name":"Home","item":"https:\/\/sandzakpress.net\/arhiva\/"},{"@type":"ListItem","position":2,"name":"Promocija Sand\u017eaka i Nacionalnog kalendara u Ribari\u0107ima"}]},{"@type":"WebSite","@id":"https:\/\/sandzakpress.net\/arhiva\/#website","url":"https:\/\/sandzakpress.net\/arhiva\/","name":"Sand\u017eak PRESS","description":"Prve elektronske novine u Sand\u017eaku","publisher":{"@id":"https:\/\/sandzakpress.net\/arhiva\/#\/schema\/person\/6e72b67d6e51910a1117b3b483ba20bd"},"potentialAction":[{"@type":"SearchAction","target":{"@type":"EntryPoint","urlTemplate":"https:\/\/sandzakpress.net\/arhiva\/?s={search_term_string}"},"query-input":{"@type":"PropertyValueSpecification","valueRequired":true,"valueName":"search_term_string"}}],"inLanguage":"bs-BA"},{"@type":["Person","Organization"],"@id":"https:\/\/sandzakpress.net\/arhiva\/#\/schema\/person\/6e72b67d6e51910a1117b3b483ba20bd","name":"Kul","image":{"@type":"ImageObject","inLanguage":"bs-BA","@id":"https:\/\/sandzakpress.net\/arhiva\/#\/schema\/person\/image\/","url":"https:\/\/secure.gravatar.com\/avatar\/42263f39aa27ac04c43cab85c280eb2e?s=96&d=mm&r=pg","contentUrl":"https:\/\/secure.gravatar.com\/avatar\/42263f39aa27ac04c43cab85c280eb2e?s=96&d=mm&r=pg","caption":"Kul"},"logo":{"@id":"https:\/\/sandzakpress.net\/arhiva\/#\/schema\/person\/image\/"}},{"@type":"Person","@id":"https:\/\/sandzakpress.net\/arhiva\/#\/schema\/person\/c8baee722073534b583ea7bdb2e36c02","name":"bosniak","image":{"@type":"ImageObject","inLanguage":"bs-BA","@id":"https:\/\/sandzakpress.net\/arhiva\/#\/schema\/person\/image\/","url":"https:\/\/secure.gravatar.com\/avatar\/a04fd330bfe3a36a72a0ad4a6d89fca7?s=96&d=mm&r=pg","contentUrl":"https:\/\/secure.gravatar.com\/avatar\/a04fd330bfe3a36a72a0ad4a6d89fca7?s=96&d=mm&r=pg","caption":"bosniak"},"url":"https:\/\/sandzakpress.net\/arhiva\/author\/bosniak\/"}]}},"_links":{"self":[{"href":"https:\/\/sandzakpress.net\/arhiva\/wp-json\/wp\/v2\/posts\/12946"}],"collection":[{"href":"https:\/\/sandzakpress.net\/arhiva\/wp-json\/wp\/v2\/posts"}],"about":[{"href":"https:\/\/sandzakpress.net\/arhiva\/wp-json\/wp\/v2\/types\/post"}],"author":[{"embeddable":true,"href":"https:\/\/sandzakpress.net\/arhiva\/wp-json\/wp\/v2\/users\/83"}],"replies":[{"embeddable":true,"href":"https:\/\/sandzakpress.net\/arhiva\/wp-json\/wp\/v2\/comments?post=12946"}],"version-history":[{"count":0,"href":"https:\/\/sandzakpress.net\/arhiva\/wp-json\/wp\/v2\/posts\/12946\/revisions"}],"wp:featuredmedia":[{"embeddable":true,"href":"https:\/\/sandzakpress.net\/arhiva\/wp-json\/wp\/v2\/media\/12957"}],"wp:attachment":[{"href":"https:\/\/sandzakpress.net\/arhiva\/wp-json\/wp\/v2\/media?parent=12946"}],"wp:term":[{"taxonomy":"category","embeddable":true,"href":"https:\/\/sandzakpress.net\/arhiva\/wp-json\/wp\/v2\/categories?post=12946"},{"taxonomy":"post_tag","embeddable":true,"href":"https:\/\/sandzakpress.net\/arhiva\/wp-json\/wp\/v2\/tags?post=12946"}],"curies":[{"name":"wp","href":"https:\/\/api.w.org\/{rel}","templated":true}]}}