{"id":129418,"date":"2015-06-09T12:01:20","date_gmt":"2015-06-09T10:01:20","guid":{"rendered":"https:\/\/sandzakpress.net\/arhiva\/?p=129418"},"modified":"2015-06-09T12:01:20","modified_gmt":"2015-06-09T10:01:20","slug":"vrhovni-sud-sad-a-rodeni-u-jerusalemu-ne-u-izraelu","status":"publish","type":"post","link":"https:\/\/sandzakpress.net\/arhiva\/vrhovni-sud-sad-a-rodeni-u-jerusalemu-ne-u-izraelu\/","title":{"rendered":"Vrhovni sud SAD-a: Ro\u0111eni u Jerusalemu, ne u Izraelu"},"content":{"rendered":"<p><img decoding=\"async\" src=\"http:\/\/balkans.aljazeera.net\/sites\/staff.balkans.aljazeera.com\/files\/styles\/aljazeera_article_main_image\/public\/zivotofsky-ap.jpg?itok=020YEZUG\" alt=\"Ari Zivotofsky, Menachem Zivotofsky\" \/><\/p>\n<p><strong>Amerika &#8211; Podijeljeno sudsko vije\u0107e Vrhovnog suda Sjedinjenih Ameri\u010dkih Dr\u017eava odbacilo je zakon koji dozvoljava Amerikancima ro\u0111enim u Jerusalemu da u paso\u0161ima upi\u0161u Izrael kao mjesto ro\u0111enja.<\/strong><\/p>\n<p>U odluci 6:3, sudsko vije\u0107e je odlu\u010dilo da bi takva odluka nezakonito povrijedila ovlast predsjednika da odre\u0111uje vanjsku politiku.<\/p>\n<p>Obrazla\u017eu\u0107i odluku Suda, sudija Anthony Kennedy je zaklju\u010dio da ameri\u010dki Kongres, koji je usvojio zakon 2002, ima ulogu u vanjskoj politici, ali ne mo\u017ee donositi odluke o priznavanju vlada stranih dr\u017eava.<\/p>\n<p><strong>Dugogodi\u0161nja pravna bitka<\/strong><\/p>\n<p>To je &#8221;ekskluzivna ovlast&#8221; predsjednika, napisao je Kennedy, konzervativac \u010diji je glas \u010desto presudan u slu\u010dajevima kada je sudsko vije\u0107e podijeljenog mi\u0161ljenja.<\/p>\n<p>Odluka Suda, koja se tuma\u010di kao pobjeda za predsjednika Baracka Obamu, dolazi u vrijeme zategnutih odnosa izme\u0111u Izraela i SAD-a, najva\u017enijeg saveznika te dr\u017eave.<\/p>\n<p>Obamina administracija je saop\u0161tila da ukoliko se taj zakon bude provodio, to bi potkopalo tvrdnje Vlade SAD-a da je neutralni mirotvorac na Bliskom istoku.<\/p>\n<p>Amerikanci Ari i Naomi Zivotofsky, roditelji 12-godi\u0161njeg Menachema, vodili su dugogodi\u0161nju sudsku bitku da u dje\u010dakovom paso\u0161u Izrael bude upisan kao mjesto ro\u0111enja.<\/p>\n<p><strong>Status Jerusalema<\/strong><\/p>\n<p>Slu\u010daj je ukazao na &#8221;delikatno pitanje&#8221; statusa Jerusalema, napisao je sudija Kennedy.<\/p>\n<p>Grad koji muslimani, Jevreji i hri\u0161\u0107ani smatraju svetim, Izraelci i Palestinci smatraju glavnim gradom i decenijama se vodi spor o njegovom statusu.<\/p>\n<p>Sudije nisu razmatrale status Jerusalema u svojoj odluci.<\/p>\n<p>Najmanje 50.000 dr\u017eavljana SAD-a je ro\u0111eno u Jerusalemu. Da je zakon provo\u0111en, mogli su zatra\u017eiti da u njihovim paso\u0161ima Izrael bude upisan kao mjesto njihovog ro\u0111enja.<\/p>\n<p>\u010cetvero liberalnih sudija pridru\u017eilo se sudiji Kennedyju u dono\u0161enju ve\u0107inske odluke.<\/p>\n<p>Jedan od konzervativnih sudija, Clarence Thomas, slo\u017eio se s ishodom, ali ne i s pravnim razlozima za odluku.<\/p>\n<p>Vrhovni sudija John Roberts te sudije Antonin Scalia i Samuel Alito, nisu se slo\u017eili, rekav\u0161i da zakon ne podrazumijeva priznavanje strane vlade.<\/p>\n<p>Sporni zakon je usvojen za vrijeme mandata biv\u0161eg predsjednika Georgea W. Busha, ali ni njegova, niti Obamina administracija nisu ga provodili.<\/p>\n<p>Izvor: Agencije<\/p>\n","protected":false},"excerpt":{"rendered":"<p>Amerika &#8211; Podijeljeno sudsko vije\u0107e Vrhovnog suda Sjedinjenih Ameri\u010dkih Dr\u017eava odbacilo je zakon koji dozvoljava Amerikancima ro\u0111enim u Jerusalemu da u paso\u0161ima upi\u0161u Izrael kao mjesto ro\u0111enja. U odluci 6:3, sudsko vije\u0107e je odlu\u010dilo da bi takva odluka nezakonito povrijedila ovlast predsjednika da odre\u0111uje vanjsku politiku. Obrazla\u017eu\u0107i odluku Suda, sudija Anthony Kennedy je zaklju\u010dio da [&hellip;]<\/p>\n","protected":false},"author":83,"featured_media":129419,"comment_status":"open","ping_status":"open","sticky":false,"template":"","format":"standard","meta":{"footnotes":""},"categories":[3012,9],"tags":[],"class_list":{"0":"post-129418","1":"post","2":"type-post","3":"status-publish","4":"format-standard","5":"has-post-thumbnail","7":"category-amerika-gradovi","8":"category-svijet"},"yoast_head":"<!-- This site is optimized with the Yoast SEO Premium plugin v23.1 (Yoast SEO v24.9) - https:\/\/yoast.com\/wordpress\/plugins\/seo\/ -->\n<title>Vrhovni sud SAD-a: Ro\u0111eni u Jerusalemu, ne u Izraelu<\/title>\n<meta name=\"robots\" content=\"index, follow, max-snippet:-1, max-image-preview:large, max-video-preview:-1\" \/>\n<link rel=\"canonical\" href=\"https:\/\/sandzakpress.net\/arhiva\/vrhovni-sud-sad-a-rodeni-u-jerusalemu-ne-u-izraelu\/\" \/>\n<meta property=\"og:locale\" content=\"bs_BA\" \/>\n<meta property=\"og:type\" content=\"article\" \/>\n<meta property=\"og:title\" content=\"Vrhovni sud SAD-a: Ro\u0111eni u Jerusalemu, ne u Izraelu\" \/>\n<meta property=\"og:description\" content=\"Amerika &#8211; Podijeljeno sudsko vije\u0107e Vrhovnog suda Sjedinjenih Ameri\u010dkih Dr\u017eava odbacilo je zakon koji dozvoljava Amerikancima ro\u0111enim u Jerusalemu da u paso\u0161ima upi\u0161u Izrael kao mjesto ro\u0111enja. U odluci 6:3, sudsko vije\u0107e je odlu\u010dilo da bi takva odluka nezakonito povrijedila ovlast predsjednika da odre\u0111uje vanjsku politiku. Obrazla\u017eu\u0107i odluku Suda, sudija Anthony Kennedy je zaklju\u010dio da [&hellip;]\" \/>\n<meta property=\"og:url\" content=\"https:\/\/sandzakpress.net\/arhiva\/vrhovni-sud-sad-a-rodeni-u-jerusalemu-ne-u-izraelu\/\" \/>\n<meta property=\"og:site_name\" content=\"Sand\u017eak PRESS\" \/>\n<meta property=\"article:published_time\" content=\"2015-06-09T10:01:20+00:00\" \/>\n<meta property=\"og:image\" content=\"https:\/\/sandzakpress.net\/arhiva\/wp-content\/uploads\/2015\/06\/zivotofsky-ap.jpg\" \/>\n\t<meta property=\"og:image:width\" content=\"900\" \/>\n\t<meta property=\"og:image:height\" content=\"600\" \/>\n\t<meta property=\"og:image:type\" content=\"image\/jpeg\" \/>\n<meta name=\"author\" content=\"bosniak\" \/>\n<meta name=\"twitter:card\" content=\"summary_large_image\" \/>\n<meta name=\"twitter:label1\" content=\"Written by\" \/>\n\t<meta name=\"twitter:data1\" content=\"bosniak\" \/>\n\t<meta name=\"twitter:label2\" content=\"Est. reading time\" \/>\n\t<meta name=\"twitter:data2\" content=\"2 minute\" \/>\n<script type=\"application\/ld+json\" class=\"yoast-schema-graph\">{\"@context\":\"https:\/\/schema.org\",\"@graph\":[{\"@type\":\"Article\",\"@id\":\"https:\/\/sandzakpress.net\/arhiva\/vrhovni-sud-sad-a-rodeni-u-jerusalemu-ne-u-izraelu\/#article\",\"isPartOf\":{\"@id\":\"https:\/\/sandzakpress.net\/arhiva\/vrhovni-sud-sad-a-rodeni-u-jerusalemu-ne-u-izraelu\/\"},\"author\":{\"name\":\"bosniak\",\"@id\":\"https:\/\/sandzakpress.net\/arhiva\/#\/schema\/person\/c8baee722073534b583ea7bdb2e36c02\"},\"headline\":\"Vrhovni sud SAD-a: Ro\u0111eni u Jerusalemu, ne u Izraelu\",\"datePublished\":\"2015-06-09T10:01:20+00:00\",\"mainEntityOfPage\":{\"@id\":\"https:\/\/sandzakpress.net\/arhiva\/vrhovni-sud-sad-a-rodeni-u-jerusalemu-ne-u-izraelu\/\"},\"wordCount\":369,\"commentCount\":0,\"publisher\":{\"@id\":\"https:\/\/sandzakpress.net\/arhiva\/#\/schema\/person\/6e72b67d6e51910a1117b3b483ba20bd\"},\"image\":{\"@id\":\"https:\/\/sandzakpress.net\/arhiva\/vrhovni-sud-sad-a-rodeni-u-jerusalemu-ne-u-izraelu\/#primaryimage\"},\"thumbnailUrl\":\"https:\/\/sandzakpress.net\/arhiva\/wp-content\/uploads\/2015\/06\/zivotofsky-ap.jpg\",\"articleSection\":[\"Amerika\",\"Svijet\"],\"inLanguage\":\"bs-BA\",\"potentialAction\":[{\"@type\":\"CommentAction\",\"name\":\"Comment\",\"target\":[\"https:\/\/sandzakpress.net\/arhiva\/vrhovni-sud-sad-a-rodeni-u-jerusalemu-ne-u-izraelu\/#respond\"]}]},{\"@type\":\"WebPage\",\"@id\":\"https:\/\/sandzakpress.net\/arhiva\/vrhovni-sud-sad-a-rodeni-u-jerusalemu-ne-u-izraelu\/\",\"url\":\"https:\/\/sandzakpress.net\/arhiva\/vrhovni-sud-sad-a-rodeni-u-jerusalemu-ne-u-izraelu\/\",\"name\":\"Vrhovni sud SAD-a: Ro\u0111eni u Jerusalemu, ne u Izraelu\",\"isPartOf\":{\"@id\":\"https:\/\/sandzakpress.net\/arhiva\/#website\"},\"primaryImageOfPage\":{\"@id\":\"https:\/\/sandzakpress.net\/arhiva\/vrhovni-sud-sad-a-rodeni-u-jerusalemu-ne-u-izraelu\/#primaryimage\"},\"image\":{\"@id\":\"https:\/\/sandzakpress.net\/arhiva\/vrhovni-sud-sad-a-rodeni-u-jerusalemu-ne-u-izraelu\/#primaryimage\"},\"thumbnailUrl\":\"https:\/\/sandzakpress.net\/arhiva\/wp-content\/uploads\/2015\/06\/zivotofsky-ap.jpg\",\"datePublished\":\"2015-06-09T10:01:20+00:00\",\"breadcrumb\":{\"@id\":\"https:\/\/sandzakpress.net\/arhiva\/vrhovni-sud-sad-a-rodeni-u-jerusalemu-ne-u-izraelu\/#breadcrumb\"},\"inLanguage\":\"bs-BA\",\"potentialAction\":[{\"@type\":\"ReadAction\",\"target\":[\"https:\/\/sandzakpress.net\/arhiva\/vrhovni-sud-sad-a-rodeni-u-jerusalemu-ne-u-izraelu\/\"]}]},{\"@type\":\"ImageObject\",\"inLanguage\":\"bs-BA\",\"@id\":\"https:\/\/sandzakpress.net\/arhiva\/vrhovni-sud-sad-a-rodeni-u-jerusalemu-ne-u-izraelu\/#primaryimage\",\"url\":\"https:\/\/sandzakpress.net\/arhiva\/wp-content\/uploads\/2015\/06\/zivotofsky-ap.jpg\",\"contentUrl\":\"https:\/\/sandzakpress.net\/arhiva\/wp-content\/uploads\/2015\/06\/zivotofsky-ap.jpg\",\"width\":900,\"height\":600},{\"@type\":\"BreadcrumbList\",\"@id\":\"https:\/\/sandzakpress.net\/arhiva\/vrhovni-sud-sad-a-rodeni-u-jerusalemu-ne-u-izraelu\/#breadcrumb\",\"itemListElement\":[{\"@type\":\"ListItem\",\"position\":1,\"name\":\"Home\",\"item\":\"https:\/\/sandzakpress.net\/arhiva\/\"},{\"@type\":\"ListItem\",\"position\":2,\"name\":\"Vrhovni sud SAD-a: Ro\u0111eni u Jerusalemu, ne u Izraelu\"}]},{\"@type\":\"WebSite\",\"@id\":\"https:\/\/sandzakpress.net\/arhiva\/#website\",\"url\":\"https:\/\/sandzakpress.net\/arhiva\/\",\"name\":\"Sand\u017eak PRESS\",\"description\":\"Prve elektronske novine u Sand\u017eaku\",\"publisher\":{\"@id\":\"https:\/\/sandzakpress.net\/arhiva\/#\/schema\/person\/6e72b67d6e51910a1117b3b483ba20bd\"},\"potentialAction\":[{\"@type\":\"SearchAction\",\"target\":{\"@type\":\"EntryPoint\",\"urlTemplate\":\"https:\/\/sandzakpress.net\/arhiva\/?s={search_term_string}\"},\"query-input\":{\"@type\":\"PropertyValueSpecification\",\"valueRequired\":true,\"valueName\":\"search_term_string\"}}],\"inLanguage\":\"bs-BA\"},{\"@type\":[\"Person\",\"Organization\"],\"@id\":\"https:\/\/sandzakpress.net\/arhiva\/#\/schema\/person\/6e72b67d6e51910a1117b3b483ba20bd\",\"name\":\"Kul\",\"image\":{\"@type\":\"ImageObject\",\"inLanguage\":\"bs-BA\",\"@id\":\"https:\/\/sandzakpress.net\/arhiva\/#\/schema\/person\/image\/\",\"url\":\"https:\/\/secure.gravatar.com\/avatar\/42263f39aa27ac04c43cab85c280eb2e?s=96&d=mm&r=pg\",\"contentUrl\":\"https:\/\/secure.gravatar.com\/avatar\/42263f39aa27ac04c43cab85c280eb2e?s=96&d=mm&r=pg\",\"caption\":\"Kul\"},\"logo\":{\"@id\":\"https:\/\/sandzakpress.net\/arhiva\/#\/schema\/person\/image\/\"}},{\"@type\":\"Person\",\"@id\":\"https:\/\/sandzakpress.net\/arhiva\/#\/schema\/person\/c8baee722073534b583ea7bdb2e36c02\",\"name\":\"bosniak\",\"image\":{\"@type\":\"ImageObject\",\"inLanguage\":\"bs-BA\",\"@id\":\"https:\/\/sandzakpress.net\/arhiva\/#\/schema\/person\/image\/\",\"url\":\"https:\/\/secure.gravatar.com\/avatar\/a04fd330bfe3a36a72a0ad4a6d89fca7?s=96&d=mm&r=pg\",\"contentUrl\":\"https:\/\/secure.gravatar.com\/avatar\/a04fd330bfe3a36a72a0ad4a6d89fca7?s=96&d=mm&r=pg\",\"caption\":\"bosniak\"},\"url\":\"https:\/\/sandzakpress.net\/arhiva\/author\/bosniak\/\"}]}<\/script>\n<!-- \/ Yoast SEO Premium plugin. -->","yoast_head_json":{"title":"Vrhovni sud SAD-a: Ro\u0111eni u Jerusalemu, ne u Izraelu","robots":{"index":"index","follow":"follow","max-snippet":"max-snippet:-1","max-image-preview":"max-image-preview:large","max-video-preview":"max-video-preview:-1"},"canonical":"https:\/\/sandzakpress.net\/arhiva\/vrhovni-sud-sad-a-rodeni-u-jerusalemu-ne-u-izraelu\/","og_locale":"bs_BA","og_type":"article","og_title":"Vrhovni sud SAD-a: Ro\u0111eni u Jerusalemu, ne u Izraelu","og_description":"Amerika &#8211; Podijeljeno sudsko vije\u0107e Vrhovnog suda Sjedinjenih Ameri\u010dkih Dr\u017eava odbacilo je zakon koji dozvoljava Amerikancima ro\u0111enim u Jerusalemu da u paso\u0161ima upi\u0161u Izrael kao mjesto ro\u0111enja. U odluci 6:3, sudsko vije\u0107e je odlu\u010dilo da bi takva odluka nezakonito povrijedila ovlast predsjednika da odre\u0111uje vanjsku politiku. Obrazla\u017eu\u0107i odluku Suda, sudija Anthony Kennedy je zaklju\u010dio da [&hellip;]","og_url":"https:\/\/sandzakpress.net\/arhiva\/vrhovni-sud-sad-a-rodeni-u-jerusalemu-ne-u-izraelu\/","og_site_name":"Sand\u017eak PRESS","article_published_time":"2015-06-09T10:01:20+00:00","og_image":[{"width":900,"height":600,"url":"https:\/\/sandzakpress.net\/arhiva\/wp-content\/uploads\/2015\/06\/zivotofsky-ap.jpg","type":"image\/jpeg"}],"author":"bosniak","twitter_card":"summary_large_image","twitter_misc":{"Written by":"bosniak","Est. reading time":"2 minute"},"schema":{"@context":"https:\/\/schema.org","@graph":[{"@type":"Article","@id":"https:\/\/sandzakpress.net\/arhiva\/vrhovni-sud-sad-a-rodeni-u-jerusalemu-ne-u-izraelu\/#article","isPartOf":{"@id":"https:\/\/sandzakpress.net\/arhiva\/vrhovni-sud-sad-a-rodeni-u-jerusalemu-ne-u-izraelu\/"},"author":{"name":"bosniak","@id":"https:\/\/sandzakpress.net\/arhiva\/#\/schema\/person\/c8baee722073534b583ea7bdb2e36c02"},"headline":"Vrhovni sud SAD-a: Ro\u0111eni u Jerusalemu, ne u Izraelu","datePublished":"2015-06-09T10:01:20+00:00","mainEntityOfPage":{"@id":"https:\/\/sandzakpress.net\/arhiva\/vrhovni-sud-sad-a-rodeni-u-jerusalemu-ne-u-izraelu\/"},"wordCount":369,"commentCount":0,"publisher":{"@id":"https:\/\/sandzakpress.net\/arhiva\/#\/schema\/person\/6e72b67d6e51910a1117b3b483ba20bd"},"image":{"@id":"https:\/\/sandzakpress.net\/arhiva\/vrhovni-sud-sad-a-rodeni-u-jerusalemu-ne-u-izraelu\/#primaryimage"},"thumbnailUrl":"https:\/\/sandzakpress.net\/arhiva\/wp-content\/uploads\/2015\/06\/zivotofsky-ap.jpg","articleSection":["Amerika","Svijet"],"inLanguage":"bs-BA","potentialAction":[{"@type":"CommentAction","name":"Comment","target":["https:\/\/sandzakpress.net\/arhiva\/vrhovni-sud-sad-a-rodeni-u-jerusalemu-ne-u-izraelu\/#respond"]}]},{"@type":"WebPage","@id":"https:\/\/sandzakpress.net\/arhiva\/vrhovni-sud-sad-a-rodeni-u-jerusalemu-ne-u-izraelu\/","url":"https:\/\/sandzakpress.net\/arhiva\/vrhovni-sud-sad-a-rodeni-u-jerusalemu-ne-u-izraelu\/","name":"Vrhovni sud SAD-a: Ro\u0111eni u Jerusalemu, ne u Izraelu","isPartOf":{"@id":"https:\/\/sandzakpress.net\/arhiva\/#website"},"primaryImageOfPage":{"@id":"https:\/\/sandzakpress.net\/arhiva\/vrhovni-sud-sad-a-rodeni-u-jerusalemu-ne-u-izraelu\/#primaryimage"},"image":{"@id":"https:\/\/sandzakpress.net\/arhiva\/vrhovni-sud-sad-a-rodeni-u-jerusalemu-ne-u-izraelu\/#primaryimage"},"thumbnailUrl":"https:\/\/sandzakpress.net\/arhiva\/wp-content\/uploads\/2015\/06\/zivotofsky-ap.jpg","datePublished":"2015-06-09T10:01:20+00:00","breadcrumb":{"@id":"https:\/\/sandzakpress.net\/arhiva\/vrhovni-sud-sad-a-rodeni-u-jerusalemu-ne-u-izraelu\/#breadcrumb"},"inLanguage":"bs-BA","potentialAction":[{"@type":"ReadAction","target":["https:\/\/sandzakpress.net\/arhiva\/vrhovni-sud-sad-a-rodeni-u-jerusalemu-ne-u-izraelu\/"]}]},{"@type":"ImageObject","inLanguage":"bs-BA","@id":"https:\/\/sandzakpress.net\/arhiva\/vrhovni-sud-sad-a-rodeni-u-jerusalemu-ne-u-izraelu\/#primaryimage","url":"https:\/\/sandzakpress.net\/arhiva\/wp-content\/uploads\/2015\/06\/zivotofsky-ap.jpg","contentUrl":"https:\/\/sandzakpress.net\/arhiva\/wp-content\/uploads\/2015\/06\/zivotofsky-ap.jpg","width":900,"height":600},{"@type":"BreadcrumbList","@id":"https:\/\/sandzakpress.net\/arhiva\/vrhovni-sud-sad-a-rodeni-u-jerusalemu-ne-u-izraelu\/#breadcrumb","itemListElement":[{"@type":"ListItem","position":1,"name":"Home","item":"https:\/\/sandzakpress.net\/arhiva\/"},{"@type":"ListItem","position":2,"name":"Vrhovni sud SAD-a: Ro\u0111eni u Jerusalemu, ne u Izraelu"}]},{"@type":"WebSite","@id":"https:\/\/sandzakpress.net\/arhiva\/#website","url":"https:\/\/sandzakpress.net\/arhiva\/","name":"Sand\u017eak PRESS","description":"Prve elektronske novine u Sand\u017eaku","publisher":{"@id":"https:\/\/sandzakpress.net\/arhiva\/#\/schema\/person\/6e72b67d6e51910a1117b3b483ba20bd"},"potentialAction":[{"@type":"SearchAction","target":{"@type":"EntryPoint","urlTemplate":"https:\/\/sandzakpress.net\/arhiva\/?s={search_term_string}"},"query-input":{"@type":"PropertyValueSpecification","valueRequired":true,"valueName":"search_term_string"}}],"inLanguage":"bs-BA"},{"@type":["Person","Organization"],"@id":"https:\/\/sandzakpress.net\/arhiva\/#\/schema\/person\/6e72b67d6e51910a1117b3b483ba20bd","name":"Kul","image":{"@type":"ImageObject","inLanguage":"bs-BA","@id":"https:\/\/sandzakpress.net\/arhiva\/#\/schema\/person\/image\/","url":"https:\/\/secure.gravatar.com\/avatar\/42263f39aa27ac04c43cab85c280eb2e?s=96&d=mm&r=pg","contentUrl":"https:\/\/secure.gravatar.com\/avatar\/42263f39aa27ac04c43cab85c280eb2e?s=96&d=mm&r=pg","caption":"Kul"},"logo":{"@id":"https:\/\/sandzakpress.net\/arhiva\/#\/schema\/person\/image\/"}},{"@type":"Person","@id":"https:\/\/sandzakpress.net\/arhiva\/#\/schema\/person\/c8baee722073534b583ea7bdb2e36c02","name":"bosniak","image":{"@type":"ImageObject","inLanguage":"bs-BA","@id":"https:\/\/sandzakpress.net\/arhiva\/#\/schema\/person\/image\/","url":"https:\/\/secure.gravatar.com\/avatar\/a04fd330bfe3a36a72a0ad4a6d89fca7?s=96&d=mm&r=pg","contentUrl":"https:\/\/secure.gravatar.com\/avatar\/a04fd330bfe3a36a72a0ad4a6d89fca7?s=96&d=mm&r=pg","caption":"bosniak"},"url":"https:\/\/sandzakpress.net\/arhiva\/author\/bosniak\/"}]}},"_links":{"self":[{"href":"https:\/\/sandzakpress.net\/arhiva\/wp-json\/wp\/v2\/posts\/129418"}],"collection":[{"href":"https:\/\/sandzakpress.net\/arhiva\/wp-json\/wp\/v2\/posts"}],"about":[{"href":"https:\/\/sandzakpress.net\/arhiva\/wp-json\/wp\/v2\/types\/post"}],"author":[{"embeddable":true,"href":"https:\/\/sandzakpress.net\/arhiva\/wp-json\/wp\/v2\/users\/83"}],"replies":[{"embeddable":true,"href":"https:\/\/sandzakpress.net\/arhiva\/wp-json\/wp\/v2\/comments?post=129418"}],"version-history":[{"count":0,"href":"https:\/\/sandzakpress.net\/arhiva\/wp-json\/wp\/v2\/posts\/129418\/revisions"}],"wp:featuredmedia":[{"embeddable":true,"href":"https:\/\/sandzakpress.net\/arhiva\/wp-json\/wp\/v2\/media\/129419"}],"wp:attachment":[{"href":"https:\/\/sandzakpress.net\/arhiva\/wp-json\/wp\/v2\/media?parent=129418"}],"wp:term":[{"taxonomy":"category","embeddable":true,"href":"https:\/\/sandzakpress.net\/arhiva\/wp-json\/wp\/v2\/categories?post=129418"},{"taxonomy":"post_tag","embeddable":true,"href":"https:\/\/sandzakpress.net\/arhiva\/wp-json\/wp\/v2\/tags?post=129418"}],"curies":[{"name":"wp","href":"https:\/\/api.w.org\/{rel}","templated":true}]}}