{"id":129401,"date":"2015-06-09T17:28:18","date_gmt":"2015-06-09T15:28:18","guid":{"rendered":"https:\/\/sandzakpress.net\/arhiva\/?p=129401"},"modified":"2015-06-09T18:15:24","modified_gmt":"2015-06-09T16:15:24","slug":"sjednica-bnv-u-juznom-sandzaku-bkz-pokrenula-inicijativu-za-nastavu-na-bosanskom-jeziku","status":"publish","type":"post","link":"https:\/\/sandzakpress.net\/arhiva\/sjednica-bnv-u-juznom-sandzaku-bkz-pokrenula-inicijativu-za-nastavu-na-bosanskom-jeziku\/","title":{"rendered":"Sjednica BNV u ju\u017enom Sand\u017eaku &#8211; BKZ pokrenula inicijativu za nastavu na bosanskom jeziku"},"content":{"rendered":"<p><img loading=\"lazy\" decoding=\"async\" class=\"alignnone  wp-image-23575\" src=\"http:\/\/sanapress.info\/wp-content\/uploads\/2015\/06\/22.jpg\" alt=\"2\" width=\"676\" height=\"380\" \/><\/p>\n<p><strong>Sand\u017eak, Crna Gora \u00a0\u2013\u00a0\u00a0U nedelju je odr\u017eana peta sjednica Bo\u0161njackog Nacionalnog Vije\u0107a u ju\u017enom Sand\u017eaku. Na sjednici je usvojen zavr\u0161ni ra\u010dun bud\u017eeta za 2014. godinu i prijedlog bud\u017eeta za 2015. godinu.<\/strong><\/p>\n<p>Na sjednici je usvojena i ostavka predsjednika Izvrsnog odbora Mirsada D\u017eud\u017eevi\u0107a a na istu funkciju jednoglasno je imenovana Alisa D\u017eogovic Muri\u0107. Vije\u0107nici ispred Bo\u0161nja\u010dke kulturne zajednice su dali prijedlog da se organizuje posebna sjednica po pitanju evidentnog problema egzodusa Bo\u0161njaka iz Ju\u017enog Sand\u017eaka \u0161to je jednoglasno usvojeno.<\/p>\n<p>Hfz Abdurrahman ef. Kujevi\u0107 je tra\u017eio da Vij\u0107e preduzme sve neophodne radnje za organizovanje nastave na bosanskom jeziku kao i izradu ud\u017ebenika za djecu u sredinama gdje su Bo\u0161njaci ve\u0107ina sto je nai\u0161lo na odobravanje i saglasnost ostalih vije\u0107nika.<\/p>\n<p>Na sjednici je bilo razgovora i o drugim bitnim temama kao \u0161to je izmjena i dopuna zakona o manjinskim pravima i slobodama. Formirana je komisija za dodjelu stipendija od BNV koju \u010dine Hfz Abdurahman ef. Kujevi\u0107, Murafid Grbovi\u0107 i Kenana Struji\u0107.<\/p>\n<p>SANA \u2013 F.Kujevi\u0107<\/p>\n","protected":false},"excerpt":{"rendered":"<p>Sand\u017eak, Crna Gora \u00a0\u2013\u00a0\u00a0U nedelju je odr\u017eana peta sjednica Bo\u0161njackog Nacionalnog Vije\u0107a u ju\u017enom Sand\u017eaku. Na sjednici je usvojen zavr\u0161ni ra\u010dun bud\u017eeta za 2014. godinu i prijedlog bud\u017eeta za 2015. godinu. Na sjednici je usvojena i ostavka predsjednika Izvrsnog odbora Mirsada D\u017eud\u017eevi\u0107a a na istu funkciju jednoglasno je imenovana Alisa D\u017eogovic Muri\u0107. Vije\u0107nici ispred Bo\u0161nja\u010dke [&hellip;]<\/p>\n","protected":false},"author":83,"featured_media":129449,"comment_status":"open","ping_status":"open","sticky":false,"template":"","format":"standard","meta":{"footnotes":""},"categories":[398,800,397,10174,396,395,399,10173,8957],"tags":[10240,10243],"class_list":{"0":"post-129401","1":"post","2":"type-post","3":"status-publish","4":"format-standard","5":"has-post-thumbnail","7":"category-rozaje","8":"category-nacija","9":"category-berane","10":"category-petnjica-vase-vijesti","11":"category-bijelo_polje","12":"category-pljevlja_","13":"category-plav_","14":"category-gusinje-vase-vijesti","15":"category-vijesti-dana","16":"tag-bkz","17":"tag-bnv"},"yoast_head":"<!-- This site is optimized with the Yoast SEO Premium plugin v23.1 (Yoast SEO v24.9) - https:\/\/yoast.com\/wordpress\/plugins\/seo\/ -->\n<title>Sjednica BNV u ju\u017enom Sand\u017eaku - BKZ pokrenula inicijativu za nastavu na bosanskom jeziku<\/title>\n<meta name=\"robots\" content=\"index, follow, max-snippet:-1, max-image-preview:large, max-video-preview:-1\" \/>\n<link rel=\"canonical\" href=\"https:\/\/sandzakpress.net\/arhiva\/sjednica-bnv-u-juznom-sandzaku-bkz-pokrenula-inicijativu-za-nastavu-na-bosanskom-jeziku\/\" \/>\n<meta property=\"og:locale\" content=\"bs_BA\" \/>\n<meta property=\"og:type\" content=\"article\" \/>\n<meta property=\"og:title\" content=\"Sjednica BNV u ju\u017enom Sand\u017eaku - BKZ pokrenula inicijativu za nastavu na bosanskom jeziku\" \/>\n<meta property=\"og:description\" content=\"Sand\u017eak, Crna Gora \u00a0\u2013\u00a0\u00a0U nedelju je odr\u017eana peta sjednica Bo\u0161njackog Nacionalnog Vije\u0107a u ju\u017enom Sand\u017eaku. Na sjednici je usvojen zavr\u0161ni ra\u010dun bud\u017eeta za 2014. godinu i prijedlog bud\u017eeta za 2015. godinu. Na sjednici je usvojena i ostavka predsjednika Izvrsnog odbora Mirsada D\u017eud\u017eevi\u0107a a na istu funkciju jednoglasno je imenovana Alisa D\u017eogovic Muri\u0107. Vije\u0107nici ispred Bo\u0161nja\u010dke [&hellip;]\" \/>\n<meta property=\"og:url\" content=\"https:\/\/sandzakpress.net\/arhiva\/sjednica-bnv-u-juznom-sandzaku-bkz-pokrenula-inicijativu-za-nastavu-na-bosanskom-jeziku\/\" \/>\n<meta property=\"og:site_name\" content=\"Sand\u017eak PRESS\" \/>\n<meta property=\"article:published_time\" content=\"2015-06-09T15:28:18+00:00\" \/>\n<meta property=\"article:modified_time\" content=\"2015-06-09T16:15:24+00:00\" \/>\n<meta property=\"og:image\" content=\"https:\/\/sandzakpress.net\/arhiva\/wp-content\/uploads\/2015\/06\/221.jpg\" \/>\n\t<meta property=\"og:image:width\" content=\"1280\" \/>\n\t<meta property=\"og:image:height\" content=\"720\" \/>\n\t<meta property=\"og:image:type\" content=\"image\/jpeg\" \/>\n<meta name=\"author\" content=\"bosniak\" \/>\n<meta name=\"twitter:card\" content=\"summary_large_image\" \/>\n<meta name=\"twitter:label1\" content=\"Written by\" \/>\n\t<meta name=\"twitter:data1\" content=\"bosniak\" \/>\n\t<meta name=\"twitter:label2\" content=\"Est. reading time\" \/>\n\t<meta name=\"twitter:data2\" content=\"1 minuta\" \/>\n<script type=\"application\/ld+json\" class=\"yoast-schema-graph\">{\"@context\":\"https:\/\/schema.org\",\"@graph\":[{\"@type\":\"Article\",\"@id\":\"https:\/\/sandzakpress.net\/arhiva\/sjednica-bnv-u-juznom-sandzaku-bkz-pokrenula-inicijativu-za-nastavu-na-bosanskom-jeziku\/#article\",\"isPartOf\":{\"@id\":\"https:\/\/sandzakpress.net\/arhiva\/sjednica-bnv-u-juznom-sandzaku-bkz-pokrenula-inicijativu-za-nastavu-na-bosanskom-jeziku\/\"},\"author\":{\"name\":\"bosniak\",\"@id\":\"https:\/\/sandzakpress.net\/arhiva\/#\/schema\/person\/c8baee722073534b583ea7bdb2e36c02\"},\"headline\":\"Sjednica BNV u ju\u017enom Sand\u017eaku &#8211; BKZ pokrenula inicijativu za nastavu na bosanskom jeziku\",\"datePublished\":\"2015-06-09T15:28:18+00:00\",\"dateModified\":\"2015-06-09T16:15:24+00:00\",\"mainEntityOfPage\":{\"@id\":\"https:\/\/sandzakpress.net\/arhiva\/sjednica-bnv-u-juznom-sandzaku-bkz-pokrenula-inicijativu-za-nastavu-na-bosanskom-jeziku\/\"},\"wordCount\":202,\"commentCount\":6,\"publisher\":{\"@id\":\"https:\/\/sandzakpress.net\/arhiva\/#\/schema\/person\/6e72b67d6e51910a1117b3b483ba20bd\"},\"image\":{\"@id\":\"https:\/\/sandzakpress.net\/arhiva\/sjednica-bnv-u-juznom-sandzaku-bkz-pokrenula-inicijativu-za-nastavu-na-bosanskom-jeziku\/#primaryimage\"},\"thumbnailUrl\":\"https:\/\/sandzakpress.net\/arhiva\/wp-content\/uploads\/2015\/06\/221.jpg\",\"keywords\":[\"BKZ\",\"BNV\"],\"articleSection\":[\"Ro\u017eaje\",\"Nacija\",\"Berane\",\"Petnjica\",\"Bijelo Polje\",\"Pljevlja\",\"Plav\",\"Gusinje\",\"VIJESTI DANA\"],\"inLanguage\":\"bs-BA\",\"potentialAction\":[{\"@type\":\"CommentAction\",\"name\":\"Comment\",\"target\":[\"https:\/\/sandzakpress.net\/arhiva\/sjednica-bnv-u-juznom-sandzaku-bkz-pokrenula-inicijativu-za-nastavu-na-bosanskom-jeziku\/#respond\"]}]},{\"@type\":\"WebPage\",\"@id\":\"https:\/\/sandzakpress.net\/arhiva\/sjednica-bnv-u-juznom-sandzaku-bkz-pokrenula-inicijativu-za-nastavu-na-bosanskom-jeziku\/\",\"url\":\"https:\/\/sandzakpress.net\/arhiva\/sjednica-bnv-u-juznom-sandzaku-bkz-pokrenula-inicijativu-za-nastavu-na-bosanskom-jeziku\/\",\"name\":\"Sjednica BNV u ju\u017enom Sand\u017eaku - BKZ pokrenula inicijativu za nastavu na bosanskom jeziku\",\"isPartOf\":{\"@id\":\"https:\/\/sandzakpress.net\/arhiva\/#website\"},\"primaryImageOfPage\":{\"@id\":\"https:\/\/sandzakpress.net\/arhiva\/sjednica-bnv-u-juznom-sandzaku-bkz-pokrenula-inicijativu-za-nastavu-na-bosanskom-jeziku\/#primaryimage\"},\"image\":{\"@id\":\"https:\/\/sandzakpress.net\/arhiva\/sjednica-bnv-u-juznom-sandzaku-bkz-pokrenula-inicijativu-za-nastavu-na-bosanskom-jeziku\/#primaryimage\"},\"thumbnailUrl\":\"https:\/\/sandzakpress.net\/arhiva\/wp-content\/uploads\/2015\/06\/221.jpg\",\"datePublished\":\"2015-06-09T15:28:18+00:00\",\"dateModified\":\"2015-06-09T16:15:24+00:00\",\"breadcrumb\":{\"@id\":\"https:\/\/sandzakpress.net\/arhiva\/sjednica-bnv-u-juznom-sandzaku-bkz-pokrenula-inicijativu-za-nastavu-na-bosanskom-jeziku\/#breadcrumb\"},\"inLanguage\":\"bs-BA\",\"potentialAction\":[{\"@type\":\"ReadAction\",\"target\":[\"https:\/\/sandzakpress.net\/arhiva\/sjednica-bnv-u-juznom-sandzaku-bkz-pokrenula-inicijativu-za-nastavu-na-bosanskom-jeziku\/\"]}]},{\"@type\":\"ImageObject\",\"inLanguage\":\"bs-BA\",\"@id\":\"https:\/\/sandzakpress.net\/arhiva\/sjednica-bnv-u-juznom-sandzaku-bkz-pokrenula-inicijativu-za-nastavu-na-bosanskom-jeziku\/#primaryimage\",\"url\":\"https:\/\/sandzakpress.net\/arhiva\/wp-content\/uploads\/2015\/06\/221.jpg\",\"contentUrl\":\"https:\/\/sandzakpress.net\/arhiva\/wp-content\/uploads\/2015\/06\/221.jpg\",\"width\":1280,\"height\":720},{\"@type\":\"BreadcrumbList\",\"@id\":\"https:\/\/sandzakpress.net\/arhiva\/sjednica-bnv-u-juznom-sandzaku-bkz-pokrenula-inicijativu-za-nastavu-na-bosanskom-jeziku\/#breadcrumb\",\"itemListElement\":[{\"@type\":\"ListItem\",\"position\":1,\"name\":\"Home\",\"item\":\"https:\/\/sandzakpress.net\/arhiva\/\"},{\"@type\":\"ListItem\",\"position\":2,\"name\":\"Sjednica BNV u ju\u017enom Sand\u017eaku &#8211; BKZ pokrenula inicijativu za nastavu na bosanskom jeziku\"}]},{\"@type\":\"WebSite\",\"@id\":\"https:\/\/sandzakpress.net\/arhiva\/#website\",\"url\":\"https:\/\/sandzakpress.net\/arhiva\/\",\"name\":\"Sand\u017eak PRESS\",\"description\":\"Prve elektronske novine u Sand\u017eaku\",\"publisher\":{\"@id\":\"https:\/\/sandzakpress.net\/arhiva\/#\/schema\/person\/6e72b67d6e51910a1117b3b483ba20bd\"},\"potentialAction\":[{\"@type\":\"SearchAction\",\"target\":{\"@type\":\"EntryPoint\",\"urlTemplate\":\"https:\/\/sandzakpress.net\/arhiva\/?s={search_term_string}\"},\"query-input\":{\"@type\":\"PropertyValueSpecification\",\"valueRequired\":true,\"valueName\":\"search_term_string\"}}],\"inLanguage\":\"bs-BA\"},{\"@type\":[\"Person\",\"Organization\"],\"@id\":\"https:\/\/sandzakpress.net\/arhiva\/#\/schema\/person\/6e72b67d6e51910a1117b3b483ba20bd\",\"name\":\"Kul\",\"image\":{\"@type\":\"ImageObject\",\"inLanguage\":\"bs-BA\",\"@id\":\"https:\/\/sandzakpress.net\/arhiva\/#\/schema\/person\/image\/\",\"url\":\"https:\/\/secure.gravatar.com\/avatar\/42263f39aa27ac04c43cab85c280eb2e?s=96&d=mm&r=pg\",\"contentUrl\":\"https:\/\/secure.gravatar.com\/avatar\/42263f39aa27ac04c43cab85c280eb2e?s=96&d=mm&r=pg\",\"caption\":\"Kul\"},\"logo\":{\"@id\":\"https:\/\/sandzakpress.net\/arhiva\/#\/schema\/person\/image\/\"}},{\"@type\":\"Person\",\"@id\":\"https:\/\/sandzakpress.net\/arhiva\/#\/schema\/person\/c8baee722073534b583ea7bdb2e36c02\",\"name\":\"bosniak\",\"image\":{\"@type\":\"ImageObject\",\"inLanguage\":\"bs-BA\",\"@id\":\"https:\/\/sandzakpress.net\/arhiva\/#\/schema\/person\/image\/\",\"url\":\"https:\/\/secure.gravatar.com\/avatar\/a04fd330bfe3a36a72a0ad4a6d89fca7?s=96&d=mm&r=pg\",\"contentUrl\":\"https:\/\/secure.gravatar.com\/avatar\/a04fd330bfe3a36a72a0ad4a6d89fca7?s=96&d=mm&r=pg\",\"caption\":\"bosniak\"},\"url\":\"https:\/\/sandzakpress.net\/arhiva\/author\/bosniak\/\"}]}<\/script>\n<!-- \/ Yoast SEO Premium plugin. -->","yoast_head_json":{"title":"Sjednica BNV u ju\u017enom Sand\u017eaku - BKZ pokrenula inicijativu za nastavu na bosanskom jeziku","robots":{"index":"index","follow":"follow","max-snippet":"max-snippet:-1","max-image-preview":"max-image-preview:large","max-video-preview":"max-video-preview:-1"},"canonical":"https:\/\/sandzakpress.net\/arhiva\/sjednica-bnv-u-juznom-sandzaku-bkz-pokrenula-inicijativu-za-nastavu-na-bosanskom-jeziku\/","og_locale":"bs_BA","og_type":"article","og_title":"Sjednica BNV u ju\u017enom Sand\u017eaku - BKZ pokrenula inicijativu za nastavu na bosanskom jeziku","og_description":"Sand\u017eak, Crna Gora \u00a0\u2013\u00a0\u00a0U nedelju je odr\u017eana peta sjednica Bo\u0161njackog Nacionalnog Vije\u0107a u ju\u017enom Sand\u017eaku. Na sjednici je usvojen zavr\u0161ni ra\u010dun bud\u017eeta za 2014. godinu i prijedlog bud\u017eeta za 2015. godinu. Na sjednici je usvojena i ostavka predsjednika Izvrsnog odbora Mirsada D\u017eud\u017eevi\u0107a a na istu funkciju jednoglasno je imenovana Alisa D\u017eogovic Muri\u0107. Vije\u0107nici ispred Bo\u0161nja\u010dke [&hellip;]","og_url":"https:\/\/sandzakpress.net\/arhiva\/sjednica-bnv-u-juznom-sandzaku-bkz-pokrenula-inicijativu-za-nastavu-na-bosanskom-jeziku\/","og_site_name":"Sand\u017eak PRESS","article_published_time":"2015-06-09T15:28:18+00:00","article_modified_time":"2015-06-09T16:15:24+00:00","og_image":[{"width":1280,"height":720,"url":"https:\/\/sandzakpress.net\/arhiva\/wp-content\/uploads\/2015\/06\/221.jpg","type":"image\/jpeg"}],"author":"bosniak","twitter_card":"summary_large_image","twitter_misc":{"Written by":"bosniak","Est. reading time":"1 minuta"},"schema":{"@context":"https:\/\/schema.org","@graph":[{"@type":"Article","@id":"https:\/\/sandzakpress.net\/arhiva\/sjednica-bnv-u-juznom-sandzaku-bkz-pokrenula-inicijativu-za-nastavu-na-bosanskom-jeziku\/#article","isPartOf":{"@id":"https:\/\/sandzakpress.net\/arhiva\/sjednica-bnv-u-juznom-sandzaku-bkz-pokrenula-inicijativu-za-nastavu-na-bosanskom-jeziku\/"},"author":{"name":"bosniak","@id":"https:\/\/sandzakpress.net\/arhiva\/#\/schema\/person\/c8baee722073534b583ea7bdb2e36c02"},"headline":"Sjednica BNV u ju\u017enom Sand\u017eaku &#8211; BKZ pokrenula inicijativu za nastavu na bosanskom jeziku","datePublished":"2015-06-09T15:28:18+00:00","dateModified":"2015-06-09T16:15:24+00:00","mainEntityOfPage":{"@id":"https:\/\/sandzakpress.net\/arhiva\/sjednica-bnv-u-juznom-sandzaku-bkz-pokrenula-inicijativu-za-nastavu-na-bosanskom-jeziku\/"},"wordCount":202,"commentCount":6,"publisher":{"@id":"https:\/\/sandzakpress.net\/arhiva\/#\/schema\/person\/6e72b67d6e51910a1117b3b483ba20bd"},"image":{"@id":"https:\/\/sandzakpress.net\/arhiva\/sjednica-bnv-u-juznom-sandzaku-bkz-pokrenula-inicijativu-za-nastavu-na-bosanskom-jeziku\/#primaryimage"},"thumbnailUrl":"https:\/\/sandzakpress.net\/arhiva\/wp-content\/uploads\/2015\/06\/221.jpg","keywords":["BKZ","BNV"],"articleSection":["Ro\u017eaje","Nacija","Berane","Petnjica","Bijelo Polje","Pljevlja","Plav","Gusinje","VIJESTI DANA"],"inLanguage":"bs-BA","potentialAction":[{"@type":"CommentAction","name":"Comment","target":["https:\/\/sandzakpress.net\/arhiva\/sjednica-bnv-u-juznom-sandzaku-bkz-pokrenula-inicijativu-za-nastavu-na-bosanskom-jeziku\/#respond"]}]},{"@type":"WebPage","@id":"https:\/\/sandzakpress.net\/arhiva\/sjednica-bnv-u-juznom-sandzaku-bkz-pokrenula-inicijativu-za-nastavu-na-bosanskom-jeziku\/","url":"https:\/\/sandzakpress.net\/arhiva\/sjednica-bnv-u-juznom-sandzaku-bkz-pokrenula-inicijativu-za-nastavu-na-bosanskom-jeziku\/","name":"Sjednica BNV u ju\u017enom Sand\u017eaku - BKZ pokrenula inicijativu za nastavu na bosanskom jeziku","isPartOf":{"@id":"https:\/\/sandzakpress.net\/arhiva\/#website"},"primaryImageOfPage":{"@id":"https:\/\/sandzakpress.net\/arhiva\/sjednica-bnv-u-juznom-sandzaku-bkz-pokrenula-inicijativu-za-nastavu-na-bosanskom-jeziku\/#primaryimage"},"image":{"@id":"https:\/\/sandzakpress.net\/arhiva\/sjednica-bnv-u-juznom-sandzaku-bkz-pokrenula-inicijativu-za-nastavu-na-bosanskom-jeziku\/#primaryimage"},"thumbnailUrl":"https:\/\/sandzakpress.net\/arhiva\/wp-content\/uploads\/2015\/06\/221.jpg","datePublished":"2015-06-09T15:28:18+00:00","dateModified":"2015-06-09T16:15:24+00:00","breadcrumb":{"@id":"https:\/\/sandzakpress.net\/arhiva\/sjednica-bnv-u-juznom-sandzaku-bkz-pokrenula-inicijativu-za-nastavu-na-bosanskom-jeziku\/#breadcrumb"},"inLanguage":"bs-BA","potentialAction":[{"@type":"ReadAction","target":["https:\/\/sandzakpress.net\/arhiva\/sjednica-bnv-u-juznom-sandzaku-bkz-pokrenula-inicijativu-za-nastavu-na-bosanskom-jeziku\/"]}]},{"@type":"ImageObject","inLanguage":"bs-BA","@id":"https:\/\/sandzakpress.net\/arhiva\/sjednica-bnv-u-juznom-sandzaku-bkz-pokrenula-inicijativu-za-nastavu-na-bosanskom-jeziku\/#primaryimage","url":"https:\/\/sandzakpress.net\/arhiva\/wp-content\/uploads\/2015\/06\/221.jpg","contentUrl":"https:\/\/sandzakpress.net\/arhiva\/wp-content\/uploads\/2015\/06\/221.jpg","width":1280,"height":720},{"@type":"BreadcrumbList","@id":"https:\/\/sandzakpress.net\/arhiva\/sjednica-bnv-u-juznom-sandzaku-bkz-pokrenula-inicijativu-za-nastavu-na-bosanskom-jeziku\/#breadcrumb","itemListElement":[{"@type":"ListItem","position":1,"name":"Home","item":"https:\/\/sandzakpress.net\/arhiva\/"},{"@type":"ListItem","position":2,"name":"Sjednica BNV u ju\u017enom Sand\u017eaku &#8211; BKZ pokrenula inicijativu za nastavu na bosanskom jeziku"}]},{"@type":"WebSite","@id":"https:\/\/sandzakpress.net\/arhiva\/#website","url":"https:\/\/sandzakpress.net\/arhiva\/","name":"Sand\u017eak PRESS","description":"Prve elektronske novine u Sand\u017eaku","publisher":{"@id":"https:\/\/sandzakpress.net\/arhiva\/#\/schema\/person\/6e72b67d6e51910a1117b3b483ba20bd"},"potentialAction":[{"@type":"SearchAction","target":{"@type":"EntryPoint","urlTemplate":"https:\/\/sandzakpress.net\/arhiva\/?s={search_term_string}"},"query-input":{"@type":"PropertyValueSpecification","valueRequired":true,"valueName":"search_term_string"}}],"inLanguage":"bs-BA"},{"@type":["Person","Organization"],"@id":"https:\/\/sandzakpress.net\/arhiva\/#\/schema\/person\/6e72b67d6e51910a1117b3b483ba20bd","name":"Kul","image":{"@type":"ImageObject","inLanguage":"bs-BA","@id":"https:\/\/sandzakpress.net\/arhiva\/#\/schema\/person\/image\/","url":"https:\/\/secure.gravatar.com\/avatar\/42263f39aa27ac04c43cab85c280eb2e?s=96&d=mm&r=pg","contentUrl":"https:\/\/secure.gravatar.com\/avatar\/42263f39aa27ac04c43cab85c280eb2e?s=96&d=mm&r=pg","caption":"Kul"},"logo":{"@id":"https:\/\/sandzakpress.net\/arhiva\/#\/schema\/person\/image\/"}},{"@type":"Person","@id":"https:\/\/sandzakpress.net\/arhiva\/#\/schema\/person\/c8baee722073534b583ea7bdb2e36c02","name":"bosniak","image":{"@type":"ImageObject","inLanguage":"bs-BA","@id":"https:\/\/sandzakpress.net\/arhiva\/#\/schema\/person\/image\/","url":"https:\/\/secure.gravatar.com\/avatar\/a04fd330bfe3a36a72a0ad4a6d89fca7?s=96&d=mm&r=pg","contentUrl":"https:\/\/secure.gravatar.com\/avatar\/a04fd330bfe3a36a72a0ad4a6d89fca7?s=96&d=mm&r=pg","caption":"bosniak"},"url":"https:\/\/sandzakpress.net\/arhiva\/author\/bosniak\/"}]}},"_links":{"self":[{"href":"https:\/\/sandzakpress.net\/arhiva\/wp-json\/wp\/v2\/posts\/129401"}],"collection":[{"href":"https:\/\/sandzakpress.net\/arhiva\/wp-json\/wp\/v2\/posts"}],"about":[{"href":"https:\/\/sandzakpress.net\/arhiva\/wp-json\/wp\/v2\/types\/post"}],"author":[{"embeddable":true,"href":"https:\/\/sandzakpress.net\/arhiva\/wp-json\/wp\/v2\/users\/83"}],"replies":[{"embeddable":true,"href":"https:\/\/sandzakpress.net\/arhiva\/wp-json\/wp\/v2\/comments?post=129401"}],"version-history":[{"count":0,"href":"https:\/\/sandzakpress.net\/arhiva\/wp-json\/wp\/v2\/posts\/129401\/revisions"}],"wp:featuredmedia":[{"embeddable":true,"href":"https:\/\/sandzakpress.net\/arhiva\/wp-json\/wp\/v2\/media\/129449"}],"wp:attachment":[{"href":"https:\/\/sandzakpress.net\/arhiva\/wp-json\/wp\/v2\/media?parent=129401"}],"wp:term":[{"taxonomy":"category","embeddable":true,"href":"https:\/\/sandzakpress.net\/arhiva\/wp-json\/wp\/v2\/categories?post=129401"},{"taxonomy":"post_tag","embeddable":true,"href":"https:\/\/sandzakpress.net\/arhiva\/wp-json\/wp\/v2\/tags?post=129401"}],"curies":[{"name":"wp","href":"https:\/\/api.w.org\/{rel}","templated":true}]}}