{"id":129389,"date":"2015-06-09T11:30:48","date_gmt":"2015-06-09T09:30:48","guid":{"rendered":"https:\/\/sandzakpress.net\/arhiva\/?p=129389"},"modified":"2015-06-09T15:21:13","modified_gmt":"2015-06-09T13:21:13","slug":"muftija-sandzacki-u-emisiji-teska-rijec-o-problemima-na-bliskom-istoku-i-sandzaku","status":"publish","type":"post","link":"https:\/\/sandzakpress.net\/arhiva\/muftija-sandzacki-u-emisiji-teska-rijec-o-problemima-na-bliskom-istoku-i-sandzaku\/","title":{"rendered":"Muftija sand\u017ea\u010dki u emisiji &#8220;TE\u0160KA RIJE\u010c&#8221; o problemima na Bliskom istoku i Sand\u017eaku"},"content":{"rendered":"<p><strong>Sand\u017eak &#8211; U sino\u0107njem izdanju emisije \u201eTe\u0161ka rije\u010d\u201c na Pink televiziji gosti su bili muftija sand\u017ea\u010dki Muamer ef. Zukorli\u0107, prof. Fakulteta bezbjednosti Zoran Dragi\u0161i\u0107 i politi\u010dki komentator Miroslav Lazanjski.<\/strong><\/p>\n<div class=\"youtube-embed\" data-video_id=\"IIJRAYVBaXo\"><iframe loading=\"lazy\" title=\"Muftija SAND\u017dA\u010cKI Muamer ef. ZUKORLI\u0106 u emisiji &quot;TE\u0160KA RIJE\u010c&quot; na TV Pink\" width=\"696\" height=\"522\" src=\"https:\/\/www.youtube.com\/embed\/IIJRAYVBaXo?feature=oembed&#038;enablejsapi=1\" frameborder=\"0\" allow=\"accelerometer; autoplay; encrypted-media; gyroscope; picture-in-picture\" allowfullscreen><\/iframe><\/div>\n<p>Gosti su govorili na temu sve u\u010destalijeg odlaska na ratovanje u Siriji i Iraku, te prijetnji koje dolaze od strane onih koji su oti\u0161li na rati\u0161ta.<\/p>\n<p>Muftija je na samom po\u010detku emisije objasnio sam proces ubje\u0111ivanja od strane tzv. mentora da je to \u0161to rade ispravna stvar. &#8220;Uvijek postoje dvije strane, sa jedne strane oni koji ubje\u0111uju, educiraju i regrutiraju i sa druge strane postoji tlo koje je plodno ili nije, jer se ubje\u0111uje vi\u0161e osoba, ali ne prihvate svi&#8221; isti\u010de muftija Zukorli\u0107. <\/p>\n<p>Muftija dodaje da su nepravde koje se \u010dine idealan materijal za regrutaciju, jer je prije 8 godina podijeljena Islamska Zajednica i na tim pukotinama je nastao razni korov koji se ne kontrolira.<\/p>\n<p>&#8220;Ja sam rekao da \u0107e cijepanje Islamske Zajednice ko\u0161tati dr\u017eavu, ne mo\u017eete vi ru\u0161iti jedinu vertikalu duhovnosti muslimana zato \u0161to je taj Muftija malo narastao pa sad hajmo ga demontirat za svaki slu\u010daj. Sada na tim\u00a0pukotinama raste\u00a0razni korov koji se ne kontrolira&#8221;<\/p>\n<p>Muftija isti\u010de da skoro ne postoji ekstremizam, a pogotovu fanatizam kod mladih ljudi koji izrastaju u izrazito islamskim porodicama. Ekstremisti i fanatici uglavnom postaju djeca koja imaju neki vid frustracija, navodi Muftija.<\/p>\n<p>Muftija sand\u017ea\u010dki Muamer ef. Zukorli\u0107 je kao ukazao na\u00a0opasnost osnivanja privatnih vjerskih organizacija koje slu\u017ee politi\u010darima.\u00a0<\/p>\n<p>&#8220;Loklnali politi\u010dari iz obe politi\u010dke struje koketiraju sa navodnim NVO vjerskim organizacijama kada treba da se obra\u010dunaju sa Muftijom, \u010dak je\u00a0podstrekivn rad tavkih organizacija\u00a0kroz\u00a0davanje \u00a0medijskog prostora i na mnoge druge na\u010dine&#8221; navodi muftija Zukorli\u0107.<\/p>\n<p>Problem u Islamskoj Zajednici u Srbiji, odnosno Sand\u017eaku je jedan presedan, isti\u010de Muftija, jer je nastao kr\u0161enjem Ustava dr\u017eave.<\/p>\n<p>&#8220;Dr\u017eava nije sa\u010duvala poredak Islamske zajednice iako je Ustavom bila \u00a0obavezana da to uradi. Ali zbog strana\u010dkih interesa do\u0161lo je do kr\u0161enja zakona i\u00a0destrukcije Islamske Zajednice. Razlog za to jeste \u0161to sam se borio da Islamska Zajednica bude autonomna i nezavisna&#8221;.<\/p>\n<p>Muftija je za sami kraj emisije poslao jasnu i nedvosmislenu poruku, da se ne smatra odgovornim za bilo koju zloupotrebu vjere, sve dok mu dr\u017eava ne omogu\u0107i da bude ravnopravan u \u0161ansi sa SPC i drugim crkvama i vjerskim zajednicama.<\/p>\n<p>\u201eDaj da svi obavimo svoj zadatak, dr\u017eava prema nama, a mi \u0107emo svoj prema njoj. To je moja ponuda\u201c, zavr\u0161ava Muftija.<\/p>\n<p>SANA &#8211; H.\u0160krijelj<\/p>\n","protected":false},"excerpt":{"rendered":"<p>Sand\u017eak &#8211; U sino\u0107njem izdanju emisije \u201eTe\u0161ka rije\u010d\u201c na Pink televiziji gosti su bili muftija sand\u017ea\u010dki Muamer ef. Zukorli\u0107, prof. Fakulteta bezbjednosti Zoran Dragi\u0161i\u0107 i politi\u010dki komentator Miroslav Lazanjski. Gosti su govorili na temu sve u\u010destalijeg odlaska na ratovanje u Siriji i Iraku, te prijetnji koje dolaze od strane onih koji su oti\u0161li na rati\u0161ta. [&hellip;]<\/p>\n","protected":false},"author":83,"featured_media":129390,"comment_status":"open","ping_status":"open","sticky":false,"template":"","format":"standard","meta":{"footnotes":""},"categories":[72,800,52,327,10507,392,393,394,8957],"tags":[],"class_list":{"0":"post-129389","1":"post","2":"type-post","3":"status-publish","4":"format-standard","5":"has-post-thumbnail","7":"category-novi-pazar","8":"category-nacija","9":"category-sjenica","10":"category-tutin","11":"category-notifikacije","12":"category-prijepolje_","13":"category-priboj","14":"category-nova-varos","15":"category-vijesti-dana"},"yoast_head":"<!-- This site is optimized with the Yoast SEO Premium plugin v23.1 (Yoast SEO v24.9) - https:\/\/yoast.com\/wordpress\/plugins\/seo\/ -->\n<title>Muftija sand\u017ea\u010dki u emisiji &quot;TE\u0160KA RIJE\u010c&quot; o problemima na Bliskom istoku i Sand\u017eaku<\/title>\n<meta name=\"robots\" content=\"index, follow, max-snippet:-1, max-image-preview:large, max-video-preview:-1\" \/>\n<link rel=\"canonical\" href=\"https:\/\/sandzakpress.net\/arhiva\/muftija-sandzacki-u-emisiji-teska-rijec-o-problemima-na-bliskom-istoku-i-sandzaku\/\" \/>\n<meta property=\"og:locale\" content=\"bs_BA\" \/>\n<meta property=\"og:type\" content=\"article\" \/>\n<meta property=\"og:title\" content=\"Muftija sand\u017ea\u010dki u emisiji &quot;TE\u0160KA RIJE\u010c&quot; o problemima na Bliskom istoku i Sand\u017eaku\" \/>\n<meta property=\"og:description\" content=\"Sand\u017eak &#8211; U sino\u0107njem izdanju emisije \u201eTe\u0161ka rije\u010d\u201c na Pink televiziji gosti su bili muftija sand\u017ea\u010dki Muamer ef. Zukorli\u0107, prof. Fakulteta bezbjednosti Zoran Dragi\u0161i\u0107 i politi\u010dki komentator Miroslav Lazanjski. Gosti su govorili na temu sve u\u010destalijeg odlaska na ratovanje u Siriji i Iraku, te prijetnji koje dolaze od strane onih koji su oti\u0161li na rati\u0161ta. [&hellip;]\" \/>\n<meta property=\"og:url\" content=\"https:\/\/sandzakpress.net\/arhiva\/muftija-sandzacki-u-emisiji-teska-rijec-o-problemima-na-bliskom-istoku-i-sandzaku\/\" \/>\n<meta property=\"og:site_name\" content=\"Sand\u017eak PRESS\" \/>\n<meta property=\"article:published_time\" content=\"2015-06-09T09:30:48+00:00\" \/>\n<meta property=\"article:modified_time\" content=\"2015-06-09T13:21:13+00:00\" \/>\n<meta property=\"og:image\" content=\"https:\/\/sandzakpress.net\/arhiva\/wp-content\/uploads\/2015\/06\/018.jpg\" \/>\n\t<meta property=\"og:image:width\" content=\"480\" \/>\n\t<meta property=\"og:image:height\" content=\"360\" \/>\n\t<meta property=\"og:image:type\" content=\"image\/jpeg\" \/>\n<meta name=\"author\" content=\"bosniak\" \/>\n<meta name=\"twitter:card\" content=\"summary_large_image\" \/>\n<meta name=\"twitter:label1\" content=\"Written by\" \/>\n\t<meta name=\"twitter:data1\" content=\"bosniak\" \/>\n\t<meta name=\"twitter:label2\" content=\"Est. reading time\" \/>\n\t<meta name=\"twitter:data2\" content=\"2 minute\" \/>\n<script type=\"application\/ld+json\" class=\"yoast-schema-graph\">{\"@context\":\"https:\/\/schema.org\",\"@graph\":[{\"@type\":\"Article\",\"@id\":\"https:\/\/sandzakpress.net\/arhiva\/muftija-sandzacki-u-emisiji-teska-rijec-o-problemima-na-bliskom-istoku-i-sandzaku\/#article\",\"isPartOf\":{\"@id\":\"https:\/\/sandzakpress.net\/arhiva\/muftija-sandzacki-u-emisiji-teska-rijec-o-problemima-na-bliskom-istoku-i-sandzaku\/\"},\"author\":{\"name\":\"bosniak\",\"@id\":\"https:\/\/sandzakpress.net\/arhiva\/#\/schema\/person\/c8baee722073534b583ea7bdb2e36c02\"},\"headline\":\"Muftija sand\u017ea\u010dki u emisiji &#8220;TE\u0160KA RIJE\u010c&#8221; o problemima na Bliskom istoku i Sand\u017eaku\",\"datePublished\":\"2015-06-09T09:30:48+00:00\",\"dateModified\":\"2015-06-09T13:21:13+00:00\",\"mainEntityOfPage\":{\"@id\":\"https:\/\/sandzakpress.net\/arhiva\/muftija-sandzacki-u-emisiji-teska-rijec-o-problemima-na-bliskom-istoku-i-sandzaku\/\"},\"wordCount\":466,\"commentCount\":26,\"publisher\":{\"@id\":\"https:\/\/sandzakpress.net\/arhiva\/#\/schema\/person\/6e72b67d6e51910a1117b3b483ba20bd\"},\"image\":{\"@id\":\"https:\/\/sandzakpress.net\/arhiva\/muftija-sandzacki-u-emisiji-teska-rijec-o-problemima-na-bliskom-istoku-i-sandzaku\/#primaryimage\"},\"thumbnailUrl\":\"https:\/\/sandzakpress.net\/arhiva\/wp-content\/uploads\/2015\/06\/018.jpg\",\"articleSection\":[\"Novi Pazar\",\"Nacija\",\"Sjenica\",\"Tutin\",\"Notifikacije\",\"Prijepolje\",\"Priboj\",\"Nova Varo\u0161\",\"VIJESTI DANA\"],\"inLanguage\":\"bs-BA\",\"potentialAction\":[{\"@type\":\"CommentAction\",\"name\":\"Comment\",\"target\":[\"https:\/\/sandzakpress.net\/arhiva\/muftija-sandzacki-u-emisiji-teska-rijec-o-problemima-na-bliskom-istoku-i-sandzaku\/#respond\"]}]},{\"@type\":\"WebPage\",\"@id\":\"https:\/\/sandzakpress.net\/arhiva\/muftija-sandzacki-u-emisiji-teska-rijec-o-problemima-na-bliskom-istoku-i-sandzaku\/\",\"url\":\"https:\/\/sandzakpress.net\/arhiva\/muftija-sandzacki-u-emisiji-teska-rijec-o-problemima-na-bliskom-istoku-i-sandzaku\/\",\"name\":\"Muftija sand\u017ea\u010dki u emisiji \\\"TE\u0160KA RIJE\u010c\\\" o problemima na Bliskom istoku i Sand\u017eaku\",\"isPartOf\":{\"@id\":\"https:\/\/sandzakpress.net\/arhiva\/#website\"},\"primaryImageOfPage\":{\"@id\":\"https:\/\/sandzakpress.net\/arhiva\/muftija-sandzacki-u-emisiji-teska-rijec-o-problemima-na-bliskom-istoku-i-sandzaku\/#primaryimage\"},\"image\":{\"@id\":\"https:\/\/sandzakpress.net\/arhiva\/muftija-sandzacki-u-emisiji-teska-rijec-o-problemima-na-bliskom-istoku-i-sandzaku\/#primaryimage\"},\"thumbnailUrl\":\"https:\/\/sandzakpress.net\/arhiva\/wp-content\/uploads\/2015\/06\/018.jpg\",\"datePublished\":\"2015-06-09T09:30:48+00:00\",\"dateModified\":\"2015-06-09T13:21:13+00:00\",\"breadcrumb\":{\"@id\":\"https:\/\/sandzakpress.net\/arhiva\/muftija-sandzacki-u-emisiji-teska-rijec-o-problemima-na-bliskom-istoku-i-sandzaku\/#breadcrumb\"},\"inLanguage\":\"bs-BA\",\"potentialAction\":[{\"@type\":\"ReadAction\",\"target\":[\"https:\/\/sandzakpress.net\/arhiva\/muftija-sandzacki-u-emisiji-teska-rijec-o-problemima-na-bliskom-istoku-i-sandzaku\/\"]}]},{\"@type\":\"ImageObject\",\"inLanguage\":\"bs-BA\",\"@id\":\"https:\/\/sandzakpress.net\/arhiva\/muftija-sandzacki-u-emisiji-teska-rijec-o-problemima-na-bliskom-istoku-i-sandzaku\/#primaryimage\",\"url\":\"https:\/\/sandzakpress.net\/arhiva\/wp-content\/uploads\/2015\/06\/018.jpg\",\"contentUrl\":\"https:\/\/sandzakpress.net\/arhiva\/wp-content\/uploads\/2015\/06\/018.jpg\",\"width\":480,\"height\":360},{\"@type\":\"BreadcrumbList\",\"@id\":\"https:\/\/sandzakpress.net\/arhiva\/muftija-sandzacki-u-emisiji-teska-rijec-o-problemima-na-bliskom-istoku-i-sandzaku\/#breadcrumb\",\"itemListElement\":[{\"@type\":\"ListItem\",\"position\":1,\"name\":\"Home\",\"item\":\"https:\/\/sandzakpress.net\/arhiva\/\"},{\"@type\":\"ListItem\",\"position\":2,\"name\":\"Muftija sand\u017ea\u010dki u emisiji &#8220;TE\u0160KA RIJE\u010c&#8221; o problemima na Bliskom istoku i Sand\u017eaku\"}]},{\"@type\":\"WebSite\",\"@id\":\"https:\/\/sandzakpress.net\/arhiva\/#website\",\"url\":\"https:\/\/sandzakpress.net\/arhiva\/\",\"name\":\"Sand\u017eak PRESS\",\"description\":\"Prve elektronske novine u Sand\u017eaku\",\"publisher\":{\"@id\":\"https:\/\/sandzakpress.net\/arhiva\/#\/schema\/person\/6e72b67d6e51910a1117b3b483ba20bd\"},\"potentialAction\":[{\"@type\":\"SearchAction\",\"target\":{\"@type\":\"EntryPoint\",\"urlTemplate\":\"https:\/\/sandzakpress.net\/arhiva\/?s={search_term_string}\"},\"query-input\":{\"@type\":\"PropertyValueSpecification\",\"valueRequired\":true,\"valueName\":\"search_term_string\"}}],\"inLanguage\":\"bs-BA\"},{\"@type\":[\"Person\",\"Organization\"],\"@id\":\"https:\/\/sandzakpress.net\/arhiva\/#\/schema\/person\/6e72b67d6e51910a1117b3b483ba20bd\",\"name\":\"Kul\",\"image\":{\"@type\":\"ImageObject\",\"inLanguage\":\"bs-BA\",\"@id\":\"https:\/\/sandzakpress.net\/arhiva\/#\/schema\/person\/image\/\",\"url\":\"https:\/\/secure.gravatar.com\/avatar\/42263f39aa27ac04c43cab85c280eb2e?s=96&d=mm&r=pg\",\"contentUrl\":\"https:\/\/secure.gravatar.com\/avatar\/42263f39aa27ac04c43cab85c280eb2e?s=96&d=mm&r=pg\",\"caption\":\"Kul\"},\"logo\":{\"@id\":\"https:\/\/sandzakpress.net\/arhiva\/#\/schema\/person\/image\/\"}},{\"@type\":\"Person\",\"@id\":\"https:\/\/sandzakpress.net\/arhiva\/#\/schema\/person\/c8baee722073534b583ea7bdb2e36c02\",\"name\":\"bosniak\",\"image\":{\"@type\":\"ImageObject\",\"inLanguage\":\"bs-BA\",\"@id\":\"https:\/\/sandzakpress.net\/arhiva\/#\/schema\/person\/image\/\",\"url\":\"https:\/\/secure.gravatar.com\/avatar\/a04fd330bfe3a36a72a0ad4a6d89fca7?s=96&d=mm&r=pg\",\"contentUrl\":\"https:\/\/secure.gravatar.com\/avatar\/a04fd330bfe3a36a72a0ad4a6d89fca7?s=96&d=mm&r=pg\",\"caption\":\"bosniak\"},\"url\":\"https:\/\/sandzakpress.net\/arhiva\/author\/bosniak\/\"}]}<\/script>\n<!-- \/ Yoast SEO Premium plugin. -->","yoast_head_json":{"title":"Muftija sand\u017ea\u010dki u emisiji \"TE\u0160KA RIJE\u010c\" o problemima na Bliskom istoku i Sand\u017eaku","robots":{"index":"index","follow":"follow","max-snippet":"max-snippet:-1","max-image-preview":"max-image-preview:large","max-video-preview":"max-video-preview:-1"},"canonical":"https:\/\/sandzakpress.net\/arhiva\/muftija-sandzacki-u-emisiji-teska-rijec-o-problemima-na-bliskom-istoku-i-sandzaku\/","og_locale":"bs_BA","og_type":"article","og_title":"Muftija sand\u017ea\u010dki u emisiji \"TE\u0160KA RIJE\u010c\" o problemima na Bliskom istoku i Sand\u017eaku","og_description":"Sand\u017eak &#8211; U sino\u0107njem izdanju emisije \u201eTe\u0161ka rije\u010d\u201c na Pink televiziji gosti su bili muftija sand\u017ea\u010dki Muamer ef. Zukorli\u0107, prof. Fakulteta bezbjednosti Zoran Dragi\u0161i\u0107 i politi\u010dki komentator Miroslav Lazanjski. Gosti su govorili na temu sve u\u010destalijeg odlaska na ratovanje u Siriji i Iraku, te prijetnji koje dolaze od strane onih koji su oti\u0161li na rati\u0161ta. [&hellip;]","og_url":"https:\/\/sandzakpress.net\/arhiva\/muftija-sandzacki-u-emisiji-teska-rijec-o-problemima-na-bliskom-istoku-i-sandzaku\/","og_site_name":"Sand\u017eak PRESS","article_published_time":"2015-06-09T09:30:48+00:00","article_modified_time":"2015-06-09T13:21:13+00:00","og_image":[{"width":480,"height":360,"url":"https:\/\/sandzakpress.net\/arhiva\/wp-content\/uploads\/2015\/06\/018.jpg","type":"image\/jpeg"}],"author":"bosniak","twitter_card":"summary_large_image","twitter_misc":{"Written by":"bosniak","Est. reading time":"2 minute"},"schema":{"@context":"https:\/\/schema.org","@graph":[{"@type":"Article","@id":"https:\/\/sandzakpress.net\/arhiva\/muftija-sandzacki-u-emisiji-teska-rijec-o-problemima-na-bliskom-istoku-i-sandzaku\/#article","isPartOf":{"@id":"https:\/\/sandzakpress.net\/arhiva\/muftija-sandzacki-u-emisiji-teska-rijec-o-problemima-na-bliskom-istoku-i-sandzaku\/"},"author":{"name":"bosniak","@id":"https:\/\/sandzakpress.net\/arhiva\/#\/schema\/person\/c8baee722073534b583ea7bdb2e36c02"},"headline":"Muftija sand\u017ea\u010dki u emisiji &#8220;TE\u0160KA RIJE\u010c&#8221; o problemima na Bliskom istoku i Sand\u017eaku","datePublished":"2015-06-09T09:30:48+00:00","dateModified":"2015-06-09T13:21:13+00:00","mainEntityOfPage":{"@id":"https:\/\/sandzakpress.net\/arhiva\/muftija-sandzacki-u-emisiji-teska-rijec-o-problemima-na-bliskom-istoku-i-sandzaku\/"},"wordCount":466,"commentCount":26,"publisher":{"@id":"https:\/\/sandzakpress.net\/arhiva\/#\/schema\/person\/6e72b67d6e51910a1117b3b483ba20bd"},"image":{"@id":"https:\/\/sandzakpress.net\/arhiva\/muftija-sandzacki-u-emisiji-teska-rijec-o-problemima-na-bliskom-istoku-i-sandzaku\/#primaryimage"},"thumbnailUrl":"https:\/\/sandzakpress.net\/arhiva\/wp-content\/uploads\/2015\/06\/018.jpg","articleSection":["Novi Pazar","Nacija","Sjenica","Tutin","Notifikacije","Prijepolje","Priboj","Nova Varo\u0161","VIJESTI DANA"],"inLanguage":"bs-BA","potentialAction":[{"@type":"CommentAction","name":"Comment","target":["https:\/\/sandzakpress.net\/arhiva\/muftija-sandzacki-u-emisiji-teska-rijec-o-problemima-na-bliskom-istoku-i-sandzaku\/#respond"]}]},{"@type":"WebPage","@id":"https:\/\/sandzakpress.net\/arhiva\/muftija-sandzacki-u-emisiji-teska-rijec-o-problemima-na-bliskom-istoku-i-sandzaku\/","url":"https:\/\/sandzakpress.net\/arhiva\/muftija-sandzacki-u-emisiji-teska-rijec-o-problemima-na-bliskom-istoku-i-sandzaku\/","name":"Muftija sand\u017ea\u010dki u emisiji \"TE\u0160KA RIJE\u010c\" o problemima na Bliskom istoku i Sand\u017eaku","isPartOf":{"@id":"https:\/\/sandzakpress.net\/arhiva\/#website"},"primaryImageOfPage":{"@id":"https:\/\/sandzakpress.net\/arhiva\/muftija-sandzacki-u-emisiji-teska-rijec-o-problemima-na-bliskom-istoku-i-sandzaku\/#primaryimage"},"image":{"@id":"https:\/\/sandzakpress.net\/arhiva\/muftija-sandzacki-u-emisiji-teska-rijec-o-problemima-na-bliskom-istoku-i-sandzaku\/#primaryimage"},"thumbnailUrl":"https:\/\/sandzakpress.net\/arhiva\/wp-content\/uploads\/2015\/06\/018.jpg","datePublished":"2015-06-09T09:30:48+00:00","dateModified":"2015-06-09T13:21:13+00:00","breadcrumb":{"@id":"https:\/\/sandzakpress.net\/arhiva\/muftija-sandzacki-u-emisiji-teska-rijec-o-problemima-na-bliskom-istoku-i-sandzaku\/#breadcrumb"},"inLanguage":"bs-BA","potentialAction":[{"@type":"ReadAction","target":["https:\/\/sandzakpress.net\/arhiva\/muftija-sandzacki-u-emisiji-teska-rijec-o-problemima-na-bliskom-istoku-i-sandzaku\/"]}]},{"@type":"ImageObject","inLanguage":"bs-BA","@id":"https:\/\/sandzakpress.net\/arhiva\/muftija-sandzacki-u-emisiji-teska-rijec-o-problemima-na-bliskom-istoku-i-sandzaku\/#primaryimage","url":"https:\/\/sandzakpress.net\/arhiva\/wp-content\/uploads\/2015\/06\/018.jpg","contentUrl":"https:\/\/sandzakpress.net\/arhiva\/wp-content\/uploads\/2015\/06\/018.jpg","width":480,"height":360},{"@type":"BreadcrumbList","@id":"https:\/\/sandzakpress.net\/arhiva\/muftija-sandzacki-u-emisiji-teska-rijec-o-problemima-na-bliskom-istoku-i-sandzaku\/#breadcrumb","itemListElement":[{"@type":"ListItem","position":1,"name":"Home","item":"https:\/\/sandzakpress.net\/arhiva\/"},{"@type":"ListItem","position":2,"name":"Muftija sand\u017ea\u010dki u emisiji &#8220;TE\u0160KA RIJE\u010c&#8221; o problemima na Bliskom istoku i Sand\u017eaku"}]},{"@type":"WebSite","@id":"https:\/\/sandzakpress.net\/arhiva\/#website","url":"https:\/\/sandzakpress.net\/arhiva\/","name":"Sand\u017eak PRESS","description":"Prve elektronske novine u Sand\u017eaku","publisher":{"@id":"https:\/\/sandzakpress.net\/arhiva\/#\/schema\/person\/6e72b67d6e51910a1117b3b483ba20bd"},"potentialAction":[{"@type":"SearchAction","target":{"@type":"EntryPoint","urlTemplate":"https:\/\/sandzakpress.net\/arhiva\/?s={search_term_string}"},"query-input":{"@type":"PropertyValueSpecification","valueRequired":true,"valueName":"search_term_string"}}],"inLanguage":"bs-BA"},{"@type":["Person","Organization"],"@id":"https:\/\/sandzakpress.net\/arhiva\/#\/schema\/person\/6e72b67d6e51910a1117b3b483ba20bd","name":"Kul","image":{"@type":"ImageObject","inLanguage":"bs-BA","@id":"https:\/\/sandzakpress.net\/arhiva\/#\/schema\/person\/image\/","url":"https:\/\/secure.gravatar.com\/avatar\/42263f39aa27ac04c43cab85c280eb2e?s=96&d=mm&r=pg","contentUrl":"https:\/\/secure.gravatar.com\/avatar\/42263f39aa27ac04c43cab85c280eb2e?s=96&d=mm&r=pg","caption":"Kul"},"logo":{"@id":"https:\/\/sandzakpress.net\/arhiva\/#\/schema\/person\/image\/"}},{"@type":"Person","@id":"https:\/\/sandzakpress.net\/arhiva\/#\/schema\/person\/c8baee722073534b583ea7bdb2e36c02","name":"bosniak","image":{"@type":"ImageObject","inLanguage":"bs-BA","@id":"https:\/\/sandzakpress.net\/arhiva\/#\/schema\/person\/image\/","url":"https:\/\/secure.gravatar.com\/avatar\/a04fd330bfe3a36a72a0ad4a6d89fca7?s=96&d=mm&r=pg","contentUrl":"https:\/\/secure.gravatar.com\/avatar\/a04fd330bfe3a36a72a0ad4a6d89fca7?s=96&d=mm&r=pg","caption":"bosniak"},"url":"https:\/\/sandzakpress.net\/arhiva\/author\/bosniak\/"}]}},"_links":{"self":[{"href":"https:\/\/sandzakpress.net\/arhiva\/wp-json\/wp\/v2\/posts\/129389"}],"collection":[{"href":"https:\/\/sandzakpress.net\/arhiva\/wp-json\/wp\/v2\/posts"}],"about":[{"href":"https:\/\/sandzakpress.net\/arhiva\/wp-json\/wp\/v2\/types\/post"}],"author":[{"embeddable":true,"href":"https:\/\/sandzakpress.net\/arhiva\/wp-json\/wp\/v2\/users\/83"}],"replies":[{"embeddable":true,"href":"https:\/\/sandzakpress.net\/arhiva\/wp-json\/wp\/v2\/comments?post=129389"}],"version-history":[{"count":0,"href":"https:\/\/sandzakpress.net\/arhiva\/wp-json\/wp\/v2\/posts\/129389\/revisions"}],"wp:featuredmedia":[{"embeddable":true,"href":"https:\/\/sandzakpress.net\/arhiva\/wp-json\/wp\/v2\/media\/129390"}],"wp:attachment":[{"href":"https:\/\/sandzakpress.net\/arhiva\/wp-json\/wp\/v2\/media?parent=129389"}],"wp:term":[{"taxonomy":"category","embeddable":true,"href":"https:\/\/sandzakpress.net\/arhiva\/wp-json\/wp\/v2\/categories?post=129389"},{"taxonomy":"post_tag","embeddable":true,"href":"https:\/\/sandzakpress.net\/arhiva\/wp-json\/wp\/v2\/tags?post=129389"}],"curies":[{"name":"wp","href":"https:\/\/api.w.org\/{rel}","templated":true}]}}