{"id":12930,"date":"2011-02-18T23:54:33","date_gmt":"2011-02-18T22:54:33","guid":{"rendered":"https:\/\/sandzakpress.net\/arhiva\/?p=12930"},"modified":"2011-02-18T23:54:33","modified_gmt":"2011-02-18T22:54:33","slug":"koprivica-fidel-kastro-je-srbin","status":"publish","type":"post","link":"https:\/\/sandzakpress.net\/arhiva\/koprivica-fidel-kastro-je-srbin\/","title":{"rendered":"Koprivica: Fidel Kastro je Srbin"},"content":{"rendered":"<p><a href=\"https:\/\/sandzakpress.net\/arhiva\/wp-content\/uploads\/2011\/02\/22691.jpg\"><img loading=\"lazy\" decoding=\"async\" class=\"alignleft size-full wp-image-12931\" title=\"2269\" src=\"https:\/\/sandzakpress.net\/arhiva\/wp-content\/uploads\/2011\/02\/22691.jpg\" alt=\"\" width=\"283\" height=\"219\" \/><\/a>Srbi su narod koji ima svoj civilizacijski identitet. Srbi su prva Evropa\u201c, rekla je beogradskim medijima Dragoslava Koprivica, autor romana \u201cBesmrtni Kastro i srbski rod\u201c, u kojem obja\u0161njava da je preko svojih keltskih korena \u010duveni kubanski lider u stvari srpske gore list.<\/p>\n<p>Potraga za pradavnim korijenima srpskog naroda odvela je Koprivicu geografski od Atlantskog do Tihog okeana, a genealo\u0161ki i do umirovljenog Kastra.<\/p>\n<p>\u201eFidel Kastro je poseban Don Kihot na\u0161eg vremena, nosilac programa nade, lucidni intelektualac koji me istinski inspiri\u0161e i plus na\u0161 dalji ro\u0111ak. To sam saznala prou\u010davaju\u0107i sve velike knjige i intervjue stranih autora sa Kastrom. Kastrov otac je Kelt iz \u0161panske Galicije, malog mesta Lugo. Svi profesionalno ozbiljni i neucenjeni istori\u010dari znaju da su Kelti Srbi. Kastrov otac je Angel Kastro. Nisam na\u0161la nijedan dokaz da Angel Kastro ne bi mogao biti An\u0111elko Kastratovi\u0107\u201d, obja\u0161njava Koprivica i razvija po\u010detnu ideju i na neke druge velike svjetske umove, i smatra da je \u201csrpski istorijski koren dubok, a sase\u010den\u201c.<\/p>\n<p>\u201cNema budu\u0107nosti onaj narod koji se odrekne svoje pro\u0161losti, i to nije otrcana fraza nego najistinitija istina. U sunovratu u kom \u017eivimo, da bismo opstali, moramo saznati ko smo. Moramo se osloboditi terora falsifikovane istorije i raznih be\u010dko-berlinskih nordijskih istorijskih \u0161kola\u201d, upozorava Koprivica, koja je u beogradskoj op\u0161tini Vo\u017edovac predstavila svoju knjigu.<\/p>\n<p>Prikupljaju\u0107i gra\u0111u za ovaj svojevrsni rodoslov kubanskog lidera, Koprivica se konsultovala sa dr Jovanom Dereti\u0107em, koji je napisao i predgovor za knjigu.<\/p>\n<p>\u201cMislim da je Dereti\u0107 vi\u0161e uradio za srpstvo nego dve tre\u0107ine ostarele pameti koja sedi u SANU. On je na \u010delu parne lokomotive istinske srpske istorije i ta lokomotiva, ma kako da klacka, nezaustavljivo ide kroz vreme i proctor\u201d, najavljuje preporod Koprivica, koja je ve\u0107i deo svog \u017eivota provela u Francuskoj.<\/p>\n<p>Imaju\u0107i u vidu da Fidelovo ime vu\u010de koren iz re\u010di \u201cfidelidad\u201c, \u0161to zna\u010di vjernost, njegovo srpsko ime moglo bi da bude Verko ili Veroljub.<\/p>\n<p><strong>Primjerak i za Kastra<\/strong><\/p>\n<p>Svoje penzionerske dane, daleko od o\u010diju javnosti, Kastro bi mogao da prekra\u0107uje \u010ditaju\u0107i i svoje novo genealo\u0161ko stablo, jer je jedan primjerak Koprivi\u010dine knjige poslat i njemu.<\/p>\n<p>\u201cKubu dobro poznajem, ali Kastra nikad li\u010dno nisam srela. Knjigu sam posredstvom kubanske ambasadorke u Beogradu poslala Kastru, pripremam izdanje knjige na \u0161panskom jeziku i nadam se da \u0107u imati priliku da je predstavim na Kubi\u201d, otkriva ona.<\/p>\n<p><strong>Od izrugivanja do luda\u010dke ko\u0161ulje<\/strong><\/p>\n<p>Teza o Kastru keltskog, odnosno srpskog porijekla, svakako je smjela, \u010dak i za ove prostore.<\/p>\n<p>\u201cDanas vas svako traganje za originalom \u010dini sme\u0161nim. Kada se zna da su srpsku istoriju pisali \u201e\u0107oravi \u0106orovi\u0107 i slepi Slep\u010devi\u0107\u201c, kako je to jedanput rekao pokojni patrijarh Pavle, takvo reagovanje je o\u010dekivano. Ide \u010dak do guranja u luda\u010dku ko\u0161ulju. Ima izrugivanja uzetog iz jedne komedije koja ka\u017ee: \u201eNajpre su bili Srbi, pa Hrvati, pa amebe\u201c.<\/p>\n<p>Izvor: <strong>Nezavisne.com<\/strong><\/p>\n","protected":false},"excerpt":{"rendered":"<p>Srbi su narod koji ima svoj civilizacijski identitet. Srbi su prva Evropa\u201c, rekla je beogradskim medijima Dragoslava Koprivica, autor romana \u201cBesmrtni Kastro i srbski rod\u201c, u kojem obja\u0161njava da je preko svojih keltskih korena \u010duveni kubanski lider u stvari srpske gore list. Potraga za pradavnim korijenima srpskog naroda odvela je Koprivicu geografski od Atlantskog do [&hellip;]<\/p>\n","protected":false},"author":5,"featured_media":12931,"comment_status":"open","ping_status":"open","sticky":false,"template":"","format":"standard","meta":{"footnotes":""},"categories":[2695],"tags":[],"class_list":{"0":"post-12930","1":"post","2":"type-post","3":"status-publish","4":"format-standard","5":"has-post-thumbnail","7":"category-zanimljivo"},"yoast_head":"<!-- This site is optimized with the Yoast SEO Premium plugin v23.1 (Yoast SEO v24.9) - https:\/\/yoast.com\/wordpress\/plugins\/seo\/ -->\n<title>Koprivica: Fidel Kastro je Srbin<\/title>\n<meta name=\"robots\" content=\"index, follow, max-snippet:-1, max-image-preview:large, max-video-preview:-1\" \/>\n<link rel=\"canonical\" href=\"https:\/\/sandzakpress.net\/arhiva\/koprivica-fidel-kastro-je-srbin\/\" \/>\n<meta property=\"og:locale\" content=\"bs_BA\" \/>\n<meta property=\"og:type\" content=\"article\" \/>\n<meta property=\"og:title\" content=\"Koprivica: Fidel Kastro je Srbin\" \/>\n<meta property=\"og:description\" content=\"Srbi su narod koji ima svoj civilizacijski identitet. Srbi su prva Evropa\u201c, rekla je beogradskim medijima Dragoslava Koprivica, autor romana \u201cBesmrtni Kastro i srbski rod\u201c, u kojem obja\u0161njava da je preko svojih keltskih korena \u010duveni kubanski lider u stvari srpske gore list. Potraga za pradavnim korijenima srpskog naroda odvela je Koprivicu geografski od Atlantskog do [&hellip;]\" \/>\n<meta property=\"og:url\" content=\"https:\/\/sandzakpress.net\/arhiva\/koprivica-fidel-kastro-je-srbin\/\" \/>\n<meta property=\"og:site_name\" content=\"Sand\u017eak PRESS\" \/>\n<meta property=\"article:published_time\" content=\"2011-02-18T22:54:33+00:00\" \/>\n<meta property=\"og:image\" content=\"https:\/\/sandzakpress.net\/arhiva\/wp-content\/uploads\/2011\/02\/22691.jpg\" \/>\n\t<meta property=\"og:image:width\" content=\"283\" \/>\n\t<meta property=\"og:image:height\" content=\"219\" \/>\n\t<meta property=\"og:image:type\" content=\"image\/jpeg\" \/>\n<meta name=\"twitter:card\" content=\"summary_large_image\" \/>\n<meta name=\"twitter:label1\" content=\"Written by\" \/>\n\t<meta name=\"twitter:data1\" content=\"\" \/>\n\t<meta name=\"twitter:label2\" content=\"Est. reading time\" \/>\n\t<meta name=\"twitter:data2\" content=\"2 minute\" \/>\n<script type=\"application\/ld+json\" class=\"yoast-schema-graph\">{\"@context\":\"https:\/\/schema.org\",\"@graph\":[{\"@type\":\"Article\",\"@id\":\"https:\/\/sandzakpress.net\/arhiva\/koprivica-fidel-kastro-je-srbin\/#article\",\"isPartOf\":{\"@id\":\"https:\/\/sandzakpress.net\/arhiva\/koprivica-fidel-kastro-je-srbin\/\"},\"author\":{\"name\":\"\",\"@id\":\"\"},\"headline\":\"Koprivica: Fidel Kastro je Srbin\",\"datePublished\":\"2011-02-18T22:54:33+00:00\",\"mainEntityOfPage\":{\"@id\":\"https:\/\/sandzakpress.net\/arhiva\/koprivica-fidel-kastro-je-srbin\/\"},\"wordCount\":504,\"commentCount\":74,\"publisher\":{\"@id\":\"https:\/\/sandzakpress.net\/arhiva\/#\/schema\/person\/6e72b67d6e51910a1117b3b483ba20bd\"},\"image\":{\"@id\":\"https:\/\/sandzakpress.net\/arhiva\/koprivica-fidel-kastro-je-srbin\/#primaryimage\"},\"thumbnailUrl\":\"https:\/\/sandzakpress.net\/arhiva\/wp-content\/uploads\/2011\/02\/22691.jpg\",\"articleSection\":[\"Zanimljivo\"],\"inLanguage\":\"bs-BA\",\"potentialAction\":[{\"@type\":\"CommentAction\",\"name\":\"Comment\",\"target\":[\"https:\/\/sandzakpress.net\/arhiva\/koprivica-fidel-kastro-je-srbin\/#respond\"]}]},{\"@type\":\"WebPage\",\"@id\":\"https:\/\/sandzakpress.net\/arhiva\/koprivica-fidel-kastro-je-srbin\/\",\"url\":\"https:\/\/sandzakpress.net\/arhiva\/koprivica-fidel-kastro-je-srbin\/\",\"name\":\"Koprivica: Fidel Kastro je Srbin\",\"isPartOf\":{\"@id\":\"https:\/\/sandzakpress.net\/arhiva\/#website\"},\"primaryImageOfPage\":{\"@id\":\"https:\/\/sandzakpress.net\/arhiva\/koprivica-fidel-kastro-je-srbin\/#primaryimage\"},\"image\":{\"@id\":\"https:\/\/sandzakpress.net\/arhiva\/koprivica-fidel-kastro-je-srbin\/#primaryimage\"},\"thumbnailUrl\":\"https:\/\/sandzakpress.net\/arhiva\/wp-content\/uploads\/2011\/02\/22691.jpg\",\"datePublished\":\"2011-02-18T22:54:33+00:00\",\"breadcrumb\":{\"@id\":\"https:\/\/sandzakpress.net\/arhiva\/koprivica-fidel-kastro-je-srbin\/#breadcrumb\"},\"inLanguage\":\"bs-BA\",\"potentialAction\":[{\"@type\":\"ReadAction\",\"target\":[\"https:\/\/sandzakpress.net\/arhiva\/koprivica-fidel-kastro-je-srbin\/\"]}]},{\"@type\":\"ImageObject\",\"inLanguage\":\"bs-BA\",\"@id\":\"https:\/\/sandzakpress.net\/arhiva\/koprivica-fidel-kastro-je-srbin\/#primaryimage\",\"url\":\"https:\/\/sandzakpress.net\/arhiva\/wp-content\/uploads\/2011\/02\/22691.jpg\",\"contentUrl\":\"https:\/\/sandzakpress.net\/arhiva\/wp-content\/uploads\/2011\/02\/22691.jpg\",\"width\":283,\"height\":219},{\"@type\":\"BreadcrumbList\",\"@id\":\"https:\/\/sandzakpress.net\/arhiva\/koprivica-fidel-kastro-je-srbin\/#breadcrumb\",\"itemListElement\":[{\"@type\":\"ListItem\",\"position\":1,\"name\":\"Home\",\"item\":\"https:\/\/sandzakpress.net\/arhiva\/\"},{\"@type\":\"ListItem\",\"position\":2,\"name\":\"Koprivica: Fidel Kastro je Srbin\"}]},{\"@type\":\"WebSite\",\"@id\":\"https:\/\/sandzakpress.net\/arhiva\/#website\",\"url\":\"https:\/\/sandzakpress.net\/arhiva\/\",\"name\":\"Sand\u017eak PRESS\",\"description\":\"Prve elektronske novine u Sand\u017eaku\",\"publisher\":{\"@id\":\"https:\/\/sandzakpress.net\/arhiva\/#\/schema\/person\/6e72b67d6e51910a1117b3b483ba20bd\"},\"potentialAction\":[{\"@type\":\"SearchAction\",\"target\":{\"@type\":\"EntryPoint\",\"urlTemplate\":\"https:\/\/sandzakpress.net\/arhiva\/?s={search_term_string}\"},\"query-input\":{\"@type\":\"PropertyValueSpecification\",\"valueRequired\":true,\"valueName\":\"search_term_string\"}}],\"inLanguage\":\"bs-BA\"},{\"@type\":[\"Person\",\"Organization\"],\"@id\":\"https:\/\/sandzakpress.net\/arhiva\/#\/schema\/person\/6e72b67d6e51910a1117b3b483ba20bd\",\"name\":\"Kul\",\"image\":{\"@type\":\"ImageObject\",\"inLanguage\":\"bs-BA\",\"@id\":\"https:\/\/sandzakpress.net\/arhiva\/#\/schema\/person\/image\/\",\"url\":\"https:\/\/secure.gravatar.com\/avatar\/42263f39aa27ac04c43cab85c280eb2e?s=96&d=mm&r=pg\",\"contentUrl\":\"https:\/\/secure.gravatar.com\/avatar\/42263f39aa27ac04c43cab85c280eb2e?s=96&d=mm&r=pg\",\"caption\":\"Kul\"},\"logo\":{\"@id\":\"https:\/\/sandzakpress.net\/arhiva\/#\/schema\/person\/image\/\"}},{\"@type\":\"Person\",\"@id\":\"\",\"url\":\"https:\/\/sandzakpress.net\/arhiva\/author\/\"}]}<\/script>\n<!-- \/ Yoast SEO Premium plugin. -->","yoast_head_json":{"title":"Koprivica: Fidel Kastro je Srbin","robots":{"index":"index","follow":"follow","max-snippet":"max-snippet:-1","max-image-preview":"max-image-preview:large","max-video-preview":"max-video-preview:-1"},"canonical":"https:\/\/sandzakpress.net\/arhiva\/koprivica-fidel-kastro-je-srbin\/","og_locale":"bs_BA","og_type":"article","og_title":"Koprivica: Fidel Kastro je Srbin","og_description":"Srbi su narod koji ima svoj civilizacijski identitet. Srbi su prva Evropa\u201c, rekla je beogradskim medijima Dragoslava Koprivica, autor romana \u201cBesmrtni Kastro i srbski rod\u201c, u kojem obja\u0161njava da je preko svojih keltskih korena \u010duveni kubanski lider u stvari srpske gore list. Potraga za pradavnim korijenima srpskog naroda odvela je Koprivicu geografski od Atlantskog do [&hellip;]","og_url":"https:\/\/sandzakpress.net\/arhiva\/koprivica-fidel-kastro-je-srbin\/","og_site_name":"Sand\u017eak PRESS","article_published_time":"2011-02-18T22:54:33+00:00","og_image":[{"width":283,"height":219,"url":"https:\/\/sandzakpress.net\/arhiva\/wp-content\/uploads\/2011\/02\/22691.jpg","type":"image\/jpeg"}],"twitter_card":"summary_large_image","twitter_misc":{"Written by":"","Est. reading time":"2 minute"},"schema":{"@context":"https:\/\/schema.org","@graph":[{"@type":"Article","@id":"https:\/\/sandzakpress.net\/arhiva\/koprivica-fidel-kastro-je-srbin\/#article","isPartOf":{"@id":"https:\/\/sandzakpress.net\/arhiva\/koprivica-fidel-kastro-je-srbin\/"},"author":{"name":"","@id":""},"headline":"Koprivica: Fidel Kastro je Srbin","datePublished":"2011-02-18T22:54:33+00:00","mainEntityOfPage":{"@id":"https:\/\/sandzakpress.net\/arhiva\/koprivica-fidel-kastro-je-srbin\/"},"wordCount":504,"commentCount":74,"publisher":{"@id":"https:\/\/sandzakpress.net\/arhiva\/#\/schema\/person\/6e72b67d6e51910a1117b3b483ba20bd"},"image":{"@id":"https:\/\/sandzakpress.net\/arhiva\/koprivica-fidel-kastro-je-srbin\/#primaryimage"},"thumbnailUrl":"https:\/\/sandzakpress.net\/arhiva\/wp-content\/uploads\/2011\/02\/22691.jpg","articleSection":["Zanimljivo"],"inLanguage":"bs-BA","potentialAction":[{"@type":"CommentAction","name":"Comment","target":["https:\/\/sandzakpress.net\/arhiva\/koprivica-fidel-kastro-je-srbin\/#respond"]}]},{"@type":"WebPage","@id":"https:\/\/sandzakpress.net\/arhiva\/koprivica-fidel-kastro-je-srbin\/","url":"https:\/\/sandzakpress.net\/arhiva\/koprivica-fidel-kastro-je-srbin\/","name":"Koprivica: Fidel Kastro je Srbin","isPartOf":{"@id":"https:\/\/sandzakpress.net\/arhiva\/#website"},"primaryImageOfPage":{"@id":"https:\/\/sandzakpress.net\/arhiva\/koprivica-fidel-kastro-je-srbin\/#primaryimage"},"image":{"@id":"https:\/\/sandzakpress.net\/arhiva\/koprivica-fidel-kastro-je-srbin\/#primaryimage"},"thumbnailUrl":"https:\/\/sandzakpress.net\/arhiva\/wp-content\/uploads\/2011\/02\/22691.jpg","datePublished":"2011-02-18T22:54:33+00:00","breadcrumb":{"@id":"https:\/\/sandzakpress.net\/arhiva\/koprivica-fidel-kastro-je-srbin\/#breadcrumb"},"inLanguage":"bs-BA","potentialAction":[{"@type":"ReadAction","target":["https:\/\/sandzakpress.net\/arhiva\/koprivica-fidel-kastro-je-srbin\/"]}]},{"@type":"ImageObject","inLanguage":"bs-BA","@id":"https:\/\/sandzakpress.net\/arhiva\/koprivica-fidel-kastro-je-srbin\/#primaryimage","url":"https:\/\/sandzakpress.net\/arhiva\/wp-content\/uploads\/2011\/02\/22691.jpg","contentUrl":"https:\/\/sandzakpress.net\/arhiva\/wp-content\/uploads\/2011\/02\/22691.jpg","width":283,"height":219},{"@type":"BreadcrumbList","@id":"https:\/\/sandzakpress.net\/arhiva\/koprivica-fidel-kastro-je-srbin\/#breadcrumb","itemListElement":[{"@type":"ListItem","position":1,"name":"Home","item":"https:\/\/sandzakpress.net\/arhiva\/"},{"@type":"ListItem","position":2,"name":"Koprivica: Fidel Kastro je Srbin"}]},{"@type":"WebSite","@id":"https:\/\/sandzakpress.net\/arhiva\/#website","url":"https:\/\/sandzakpress.net\/arhiva\/","name":"Sand\u017eak PRESS","description":"Prve elektronske novine u Sand\u017eaku","publisher":{"@id":"https:\/\/sandzakpress.net\/arhiva\/#\/schema\/person\/6e72b67d6e51910a1117b3b483ba20bd"},"potentialAction":[{"@type":"SearchAction","target":{"@type":"EntryPoint","urlTemplate":"https:\/\/sandzakpress.net\/arhiva\/?s={search_term_string}"},"query-input":{"@type":"PropertyValueSpecification","valueRequired":true,"valueName":"search_term_string"}}],"inLanguage":"bs-BA"},{"@type":["Person","Organization"],"@id":"https:\/\/sandzakpress.net\/arhiva\/#\/schema\/person\/6e72b67d6e51910a1117b3b483ba20bd","name":"Kul","image":{"@type":"ImageObject","inLanguage":"bs-BA","@id":"https:\/\/sandzakpress.net\/arhiva\/#\/schema\/person\/image\/","url":"https:\/\/secure.gravatar.com\/avatar\/42263f39aa27ac04c43cab85c280eb2e?s=96&d=mm&r=pg","contentUrl":"https:\/\/secure.gravatar.com\/avatar\/42263f39aa27ac04c43cab85c280eb2e?s=96&d=mm&r=pg","caption":"Kul"},"logo":{"@id":"https:\/\/sandzakpress.net\/arhiva\/#\/schema\/person\/image\/"}},{"@type":"Person","@id":"","url":"https:\/\/sandzakpress.net\/arhiva\/author\/"}]}},"_links":{"self":[{"href":"https:\/\/sandzakpress.net\/arhiva\/wp-json\/wp\/v2\/posts\/12930"}],"collection":[{"href":"https:\/\/sandzakpress.net\/arhiva\/wp-json\/wp\/v2\/posts"}],"about":[{"href":"https:\/\/sandzakpress.net\/arhiva\/wp-json\/wp\/v2\/types\/post"}],"author":[{"embeddable":true,"href":"https:\/\/sandzakpress.net\/arhiva\/wp-json\/wp\/v2\/users\/5"}],"replies":[{"embeddable":true,"href":"https:\/\/sandzakpress.net\/arhiva\/wp-json\/wp\/v2\/comments?post=12930"}],"version-history":[{"count":0,"href":"https:\/\/sandzakpress.net\/arhiva\/wp-json\/wp\/v2\/posts\/12930\/revisions"}],"wp:featuredmedia":[{"embeddable":true,"href":"https:\/\/sandzakpress.net\/arhiva\/wp-json\/wp\/v2\/media\/12931"}],"wp:attachment":[{"href":"https:\/\/sandzakpress.net\/arhiva\/wp-json\/wp\/v2\/media?parent=12930"}],"wp:term":[{"taxonomy":"category","embeddable":true,"href":"https:\/\/sandzakpress.net\/arhiva\/wp-json\/wp\/v2\/categories?post=12930"},{"taxonomy":"post_tag","embeddable":true,"href":"https:\/\/sandzakpress.net\/arhiva\/wp-json\/wp\/v2\/tags?post=12930"}],"curies":[{"name":"wp","href":"https:\/\/api.w.org\/{rel}","templated":true}]}}