{"id":129290,"date":"2015-06-07T12:31:00","date_gmt":"2015-06-07T10:31:00","guid":{"rendered":"https:\/\/sandzakpress.net\/arhiva\/?p=129290"},"modified":"2015-06-07T18:04:46","modified_gmt":"2015-06-07T16:04:46","slug":"un-poziva-izrael-da-ne-preseljava-beduine","status":"publish","type":"post","link":"https:\/\/sandzakpress.net\/arhiva\/un-poziva-izrael-da-ne-preseljava-beduine\/","title":{"rendered":"UN poziva Izrael da ne preseljava beduine"},"content":{"rendered":"<p><img decoding=\"async\" src=\"http:\/\/balkans.aljazeera.net\/sites\/staff.balkans.aljazeera.com\/files\/styles\/aljazeera_article_main_image\/public\/beduini_palestina_epa_main.jpg?itok=qfjoNtBT\" alt=\"Izrael, Palestina, Zapadna Obala, Beduini, UN, Preseljavanje\" \/><\/p>\n<p><strong>Svijet &#8211; Makarim Wibisono, specijalni izvjestilac Ujedinjenih naroda za ljudska prava na palestinskoj teritoriji, ponovio je poziv Izraelu da odustane od planova od prisilnog preseljavanja beduina na podru\u010dju Zapadne obale, javlja Anadolija.<\/strong><\/p>\n<p>Iz Ureda za odnose sa javno\u0161\u0107u UN-a navode da je Wibisono ponovio poziv Izraelu da odustane od planova prisilnog preseljavanja beduina na podru\u010dju Zapadne obale.<\/p>\n<p>Nagla\u0161avaju\u0107i da su dvije tre\u0107ine onih na koje \u0107e se seoba negativno odraziti djeca, Wibisono ka\u017ee da su hiljade ljudi u pripravnosti zbog plana koji je usmjeren ka prisilnoj promjeni mjesta stanovanja u skoroj budu\u0107nosti, a \u0161to je u suprotnosti sa me\u0111unarodnim ljudskih pravima.<\/p>\n<p><strong>Ru\u0161enje improviziranih skloni\u0161ta<\/strong><\/p>\n<p>Prema njegovim rije\u010dima, implementacija ovakvog plana &#8220;ra\u0111a lo\u0161e rezultate&#8221; te je s njim ugro\u017een integritet palestinskog teritorija.<\/p>\n<p>Wibisono je na funkciji od 2014. godine i od tada je stvorio blisku saradnju sa palestinskom Vladom, me\u0111utim, izraelska Vlada mu jo\u0161 nije dozvolila da posjeti okupirano palestinsko podru\u010dje.<\/p>\n<p>Izraelske vlasti redovno ru\u0161e improvizirana skloni\u0161ta u kojima \u017eive beduini na Zapadnoj obali i poku\u0161avaju ih preseliti u stanove koji su gra\u0111eni planski.<\/p>\n<p>Lokalni aktivisti navode da Izrael namjerno preseljava beduine kako bi \u0161irio jevrejska naselja na Zapadnoj obali blizu Isto\u010dnog Jerusalema.<\/p>\n<p>Izvor: Agencije<\/p>\n","protected":false},"excerpt":{"rendered":"<p>Svijet &#8211; Makarim Wibisono, specijalni izvjestilac Ujedinjenih naroda za ljudska prava na palestinskoj teritoriji, ponovio je poziv Izraelu da odustane od planova od prisilnog preseljavanja beduina na podru\u010dju Zapadne obale, javlja Anadolija. Iz Ureda za odnose sa javno\u0161\u0107u UN-a navode da je Wibisono ponovio poziv Izraelu da odustane od planova prisilnog preseljavanja beduina na podru\u010dju [&hellip;]<\/p>\n","protected":false},"author":83,"featured_media":129291,"comment_status":"open","ping_status":"open","sticky":false,"template":"","format":"standard","meta":{"footnotes":""},"categories":[10512,8957,10429],"tags":[10249],"class_list":{"0":"post-129290","1":"post","2":"type-post","3":"status-publish","4":"format-standard","5":"has-post-thumbnail","7":"category-islamski-svijet","8":"category-vijesti-dana","9":"category-vazno","10":"tag-palestina"},"yoast_head":"<!-- This site is optimized with the Yoast SEO Premium plugin v23.1 (Yoast SEO v24.9) - https:\/\/yoast.com\/wordpress\/plugins\/seo\/ -->\n<title>UN poziva Izrael da ne preseljava beduine<\/title>\n<meta name=\"robots\" content=\"index, follow, max-snippet:-1, max-image-preview:large, max-video-preview:-1\" \/>\n<link rel=\"canonical\" href=\"https:\/\/sandzakpress.net\/arhiva\/un-poziva-izrael-da-ne-preseljava-beduine\/\" \/>\n<meta property=\"og:locale\" content=\"bs_BA\" \/>\n<meta property=\"og:type\" content=\"article\" \/>\n<meta property=\"og:title\" content=\"UN poziva Izrael da ne preseljava beduine\" \/>\n<meta property=\"og:description\" content=\"Svijet &#8211; Makarim Wibisono, specijalni izvjestilac Ujedinjenih naroda za ljudska prava na palestinskoj teritoriji, ponovio je poziv Izraelu da odustane od planova od prisilnog preseljavanja beduina na podru\u010dju Zapadne obale, javlja Anadolija. Iz Ureda za odnose sa javno\u0161\u0107u UN-a navode da je Wibisono ponovio poziv Izraelu da odustane od planova prisilnog preseljavanja beduina na podru\u010dju [&hellip;]\" \/>\n<meta property=\"og:url\" content=\"https:\/\/sandzakpress.net\/arhiva\/un-poziva-izrael-da-ne-preseljava-beduine\/\" \/>\n<meta property=\"og:site_name\" content=\"Sand\u017eak PRESS\" \/>\n<meta property=\"article:published_time\" content=\"2015-06-07T10:31:00+00:00\" \/>\n<meta property=\"article:modified_time\" content=\"2015-06-07T16:04:46+00:00\" \/>\n<meta property=\"og:image\" content=\"https:\/\/sandzakpress.net\/arhiva\/wp-content\/uploads\/2015\/06\/beduini_palestina_epa_main.jpg\" \/>\n\t<meta property=\"og:image:width\" content=\"900\" \/>\n\t<meta property=\"og:image:height\" content=\"600\" \/>\n\t<meta property=\"og:image:type\" content=\"image\/jpeg\" \/>\n<meta name=\"author\" content=\"bosniak\" \/>\n<meta name=\"twitter:card\" content=\"summary_large_image\" \/>\n<meta name=\"twitter:label1\" content=\"Written by\" \/>\n\t<meta name=\"twitter:data1\" content=\"bosniak\" \/>\n\t<meta name=\"twitter:label2\" content=\"Est. reading time\" \/>\n\t<meta name=\"twitter:data2\" content=\"1 minuta\" \/>\n<script type=\"application\/ld+json\" class=\"yoast-schema-graph\">{\"@context\":\"https:\/\/schema.org\",\"@graph\":[{\"@type\":\"Article\",\"@id\":\"https:\/\/sandzakpress.net\/arhiva\/un-poziva-izrael-da-ne-preseljava-beduine\/#article\",\"isPartOf\":{\"@id\":\"https:\/\/sandzakpress.net\/arhiva\/un-poziva-izrael-da-ne-preseljava-beduine\/\"},\"author\":{\"name\":\"bosniak\",\"@id\":\"https:\/\/sandzakpress.net\/arhiva\/#\/schema\/person\/c8baee722073534b583ea7bdb2e36c02\"},\"headline\":\"UN poziva Izrael da ne preseljava beduine\",\"datePublished\":\"2015-06-07T10:31:00+00:00\",\"dateModified\":\"2015-06-07T16:04:46+00:00\",\"mainEntityOfPage\":{\"@id\":\"https:\/\/sandzakpress.net\/arhiva\/un-poziva-izrael-da-ne-preseljava-beduine\/\"},\"wordCount\":222,\"commentCount\":0,\"publisher\":{\"@id\":\"https:\/\/sandzakpress.net\/arhiva\/#\/schema\/person\/6e72b67d6e51910a1117b3b483ba20bd\"},\"image\":{\"@id\":\"https:\/\/sandzakpress.net\/arhiva\/un-poziva-izrael-da-ne-preseljava-beduine\/#primaryimage\"},\"thumbnailUrl\":\"https:\/\/sandzakpress.net\/arhiva\/wp-content\/uploads\/2015\/06\/beduini_palestina_epa_main.jpg\",\"keywords\":[\"Palestina\"],\"articleSection\":[\"Islamski svijet\",\"VIJESTI DANA\",\"VA\u017dNO!\"],\"inLanguage\":\"bs-BA\",\"potentialAction\":[{\"@type\":\"CommentAction\",\"name\":\"Comment\",\"target\":[\"https:\/\/sandzakpress.net\/arhiva\/un-poziva-izrael-da-ne-preseljava-beduine\/#respond\"]}]},{\"@type\":\"WebPage\",\"@id\":\"https:\/\/sandzakpress.net\/arhiva\/un-poziva-izrael-da-ne-preseljava-beduine\/\",\"url\":\"https:\/\/sandzakpress.net\/arhiva\/un-poziva-izrael-da-ne-preseljava-beduine\/\",\"name\":\"UN poziva Izrael da ne preseljava beduine\",\"isPartOf\":{\"@id\":\"https:\/\/sandzakpress.net\/arhiva\/#website\"},\"primaryImageOfPage\":{\"@id\":\"https:\/\/sandzakpress.net\/arhiva\/un-poziva-izrael-da-ne-preseljava-beduine\/#primaryimage\"},\"image\":{\"@id\":\"https:\/\/sandzakpress.net\/arhiva\/un-poziva-izrael-da-ne-preseljava-beduine\/#primaryimage\"},\"thumbnailUrl\":\"https:\/\/sandzakpress.net\/arhiva\/wp-content\/uploads\/2015\/06\/beduini_palestina_epa_main.jpg\",\"datePublished\":\"2015-06-07T10:31:00+00:00\",\"dateModified\":\"2015-06-07T16:04:46+00:00\",\"breadcrumb\":{\"@id\":\"https:\/\/sandzakpress.net\/arhiva\/un-poziva-izrael-da-ne-preseljava-beduine\/#breadcrumb\"},\"inLanguage\":\"bs-BA\",\"potentialAction\":[{\"@type\":\"ReadAction\",\"target\":[\"https:\/\/sandzakpress.net\/arhiva\/un-poziva-izrael-da-ne-preseljava-beduine\/\"]}]},{\"@type\":\"ImageObject\",\"inLanguage\":\"bs-BA\",\"@id\":\"https:\/\/sandzakpress.net\/arhiva\/un-poziva-izrael-da-ne-preseljava-beduine\/#primaryimage\",\"url\":\"https:\/\/sandzakpress.net\/arhiva\/wp-content\/uploads\/2015\/06\/beduini_palestina_epa_main.jpg\",\"contentUrl\":\"https:\/\/sandzakpress.net\/arhiva\/wp-content\/uploads\/2015\/06\/beduini_palestina_epa_main.jpg\",\"width\":900,\"height\":600},{\"@type\":\"BreadcrumbList\",\"@id\":\"https:\/\/sandzakpress.net\/arhiva\/un-poziva-izrael-da-ne-preseljava-beduine\/#breadcrumb\",\"itemListElement\":[{\"@type\":\"ListItem\",\"position\":1,\"name\":\"Home\",\"item\":\"https:\/\/sandzakpress.net\/arhiva\/\"},{\"@type\":\"ListItem\",\"position\":2,\"name\":\"UN poziva Izrael da ne preseljava beduine\"}]},{\"@type\":\"WebSite\",\"@id\":\"https:\/\/sandzakpress.net\/arhiva\/#website\",\"url\":\"https:\/\/sandzakpress.net\/arhiva\/\",\"name\":\"Sand\u017eak PRESS\",\"description\":\"Prve elektronske novine u Sand\u017eaku\",\"publisher\":{\"@id\":\"https:\/\/sandzakpress.net\/arhiva\/#\/schema\/person\/6e72b67d6e51910a1117b3b483ba20bd\"},\"potentialAction\":[{\"@type\":\"SearchAction\",\"target\":{\"@type\":\"EntryPoint\",\"urlTemplate\":\"https:\/\/sandzakpress.net\/arhiva\/?s={search_term_string}\"},\"query-input\":{\"@type\":\"PropertyValueSpecification\",\"valueRequired\":true,\"valueName\":\"search_term_string\"}}],\"inLanguage\":\"bs-BA\"},{\"@type\":[\"Person\",\"Organization\"],\"@id\":\"https:\/\/sandzakpress.net\/arhiva\/#\/schema\/person\/6e72b67d6e51910a1117b3b483ba20bd\",\"name\":\"Kul\",\"image\":{\"@type\":\"ImageObject\",\"inLanguage\":\"bs-BA\",\"@id\":\"https:\/\/sandzakpress.net\/arhiva\/#\/schema\/person\/image\/\",\"url\":\"https:\/\/secure.gravatar.com\/avatar\/42263f39aa27ac04c43cab85c280eb2e?s=96&d=mm&r=pg\",\"contentUrl\":\"https:\/\/secure.gravatar.com\/avatar\/42263f39aa27ac04c43cab85c280eb2e?s=96&d=mm&r=pg\",\"caption\":\"Kul\"},\"logo\":{\"@id\":\"https:\/\/sandzakpress.net\/arhiva\/#\/schema\/person\/image\/\"}},{\"@type\":\"Person\",\"@id\":\"https:\/\/sandzakpress.net\/arhiva\/#\/schema\/person\/c8baee722073534b583ea7bdb2e36c02\",\"name\":\"bosniak\",\"image\":{\"@type\":\"ImageObject\",\"inLanguage\":\"bs-BA\",\"@id\":\"https:\/\/sandzakpress.net\/arhiva\/#\/schema\/person\/image\/\",\"url\":\"https:\/\/secure.gravatar.com\/avatar\/a04fd330bfe3a36a72a0ad4a6d89fca7?s=96&d=mm&r=pg\",\"contentUrl\":\"https:\/\/secure.gravatar.com\/avatar\/a04fd330bfe3a36a72a0ad4a6d89fca7?s=96&d=mm&r=pg\",\"caption\":\"bosniak\"},\"url\":\"https:\/\/sandzakpress.net\/arhiva\/author\/bosniak\/\"}]}<\/script>\n<!-- \/ Yoast SEO Premium plugin. -->","yoast_head_json":{"title":"UN poziva Izrael da ne preseljava beduine","robots":{"index":"index","follow":"follow","max-snippet":"max-snippet:-1","max-image-preview":"max-image-preview:large","max-video-preview":"max-video-preview:-1"},"canonical":"https:\/\/sandzakpress.net\/arhiva\/un-poziva-izrael-da-ne-preseljava-beduine\/","og_locale":"bs_BA","og_type":"article","og_title":"UN poziva Izrael da ne preseljava beduine","og_description":"Svijet &#8211; Makarim Wibisono, specijalni izvjestilac Ujedinjenih naroda za ljudska prava na palestinskoj teritoriji, ponovio je poziv Izraelu da odustane od planova od prisilnog preseljavanja beduina na podru\u010dju Zapadne obale, javlja Anadolija. Iz Ureda za odnose sa javno\u0161\u0107u UN-a navode da je Wibisono ponovio poziv Izraelu da odustane od planova prisilnog preseljavanja beduina na podru\u010dju [&hellip;]","og_url":"https:\/\/sandzakpress.net\/arhiva\/un-poziva-izrael-da-ne-preseljava-beduine\/","og_site_name":"Sand\u017eak PRESS","article_published_time":"2015-06-07T10:31:00+00:00","article_modified_time":"2015-06-07T16:04:46+00:00","og_image":[{"width":900,"height":600,"url":"https:\/\/sandzakpress.net\/arhiva\/wp-content\/uploads\/2015\/06\/beduini_palestina_epa_main.jpg","type":"image\/jpeg"}],"author":"bosniak","twitter_card":"summary_large_image","twitter_misc":{"Written by":"bosniak","Est. reading time":"1 minuta"},"schema":{"@context":"https:\/\/schema.org","@graph":[{"@type":"Article","@id":"https:\/\/sandzakpress.net\/arhiva\/un-poziva-izrael-da-ne-preseljava-beduine\/#article","isPartOf":{"@id":"https:\/\/sandzakpress.net\/arhiva\/un-poziva-izrael-da-ne-preseljava-beduine\/"},"author":{"name":"bosniak","@id":"https:\/\/sandzakpress.net\/arhiva\/#\/schema\/person\/c8baee722073534b583ea7bdb2e36c02"},"headline":"UN poziva Izrael da ne preseljava beduine","datePublished":"2015-06-07T10:31:00+00:00","dateModified":"2015-06-07T16:04:46+00:00","mainEntityOfPage":{"@id":"https:\/\/sandzakpress.net\/arhiva\/un-poziva-izrael-da-ne-preseljava-beduine\/"},"wordCount":222,"commentCount":0,"publisher":{"@id":"https:\/\/sandzakpress.net\/arhiva\/#\/schema\/person\/6e72b67d6e51910a1117b3b483ba20bd"},"image":{"@id":"https:\/\/sandzakpress.net\/arhiva\/un-poziva-izrael-da-ne-preseljava-beduine\/#primaryimage"},"thumbnailUrl":"https:\/\/sandzakpress.net\/arhiva\/wp-content\/uploads\/2015\/06\/beduini_palestina_epa_main.jpg","keywords":["Palestina"],"articleSection":["Islamski svijet","VIJESTI DANA","VA\u017dNO!"],"inLanguage":"bs-BA","potentialAction":[{"@type":"CommentAction","name":"Comment","target":["https:\/\/sandzakpress.net\/arhiva\/un-poziva-izrael-da-ne-preseljava-beduine\/#respond"]}]},{"@type":"WebPage","@id":"https:\/\/sandzakpress.net\/arhiva\/un-poziva-izrael-da-ne-preseljava-beduine\/","url":"https:\/\/sandzakpress.net\/arhiva\/un-poziva-izrael-da-ne-preseljava-beduine\/","name":"UN poziva Izrael da ne preseljava beduine","isPartOf":{"@id":"https:\/\/sandzakpress.net\/arhiva\/#website"},"primaryImageOfPage":{"@id":"https:\/\/sandzakpress.net\/arhiva\/un-poziva-izrael-da-ne-preseljava-beduine\/#primaryimage"},"image":{"@id":"https:\/\/sandzakpress.net\/arhiva\/un-poziva-izrael-da-ne-preseljava-beduine\/#primaryimage"},"thumbnailUrl":"https:\/\/sandzakpress.net\/arhiva\/wp-content\/uploads\/2015\/06\/beduini_palestina_epa_main.jpg","datePublished":"2015-06-07T10:31:00+00:00","dateModified":"2015-06-07T16:04:46+00:00","breadcrumb":{"@id":"https:\/\/sandzakpress.net\/arhiva\/un-poziva-izrael-da-ne-preseljava-beduine\/#breadcrumb"},"inLanguage":"bs-BA","potentialAction":[{"@type":"ReadAction","target":["https:\/\/sandzakpress.net\/arhiva\/un-poziva-izrael-da-ne-preseljava-beduine\/"]}]},{"@type":"ImageObject","inLanguage":"bs-BA","@id":"https:\/\/sandzakpress.net\/arhiva\/un-poziva-izrael-da-ne-preseljava-beduine\/#primaryimage","url":"https:\/\/sandzakpress.net\/arhiva\/wp-content\/uploads\/2015\/06\/beduini_palestina_epa_main.jpg","contentUrl":"https:\/\/sandzakpress.net\/arhiva\/wp-content\/uploads\/2015\/06\/beduini_palestina_epa_main.jpg","width":900,"height":600},{"@type":"BreadcrumbList","@id":"https:\/\/sandzakpress.net\/arhiva\/un-poziva-izrael-da-ne-preseljava-beduine\/#breadcrumb","itemListElement":[{"@type":"ListItem","position":1,"name":"Home","item":"https:\/\/sandzakpress.net\/arhiva\/"},{"@type":"ListItem","position":2,"name":"UN poziva Izrael da ne preseljava beduine"}]},{"@type":"WebSite","@id":"https:\/\/sandzakpress.net\/arhiva\/#website","url":"https:\/\/sandzakpress.net\/arhiva\/","name":"Sand\u017eak PRESS","description":"Prve elektronske novine u Sand\u017eaku","publisher":{"@id":"https:\/\/sandzakpress.net\/arhiva\/#\/schema\/person\/6e72b67d6e51910a1117b3b483ba20bd"},"potentialAction":[{"@type":"SearchAction","target":{"@type":"EntryPoint","urlTemplate":"https:\/\/sandzakpress.net\/arhiva\/?s={search_term_string}"},"query-input":{"@type":"PropertyValueSpecification","valueRequired":true,"valueName":"search_term_string"}}],"inLanguage":"bs-BA"},{"@type":["Person","Organization"],"@id":"https:\/\/sandzakpress.net\/arhiva\/#\/schema\/person\/6e72b67d6e51910a1117b3b483ba20bd","name":"Kul","image":{"@type":"ImageObject","inLanguage":"bs-BA","@id":"https:\/\/sandzakpress.net\/arhiva\/#\/schema\/person\/image\/","url":"https:\/\/secure.gravatar.com\/avatar\/42263f39aa27ac04c43cab85c280eb2e?s=96&d=mm&r=pg","contentUrl":"https:\/\/secure.gravatar.com\/avatar\/42263f39aa27ac04c43cab85c280eb2e?s=96&d=mm&r=pg","caption":"Kul"},"logo":{"@id":"https:\/\/sandzakpress.net\/arhiva\/#\/schema\/person\/image\/"}},{"@type":"Person","@id":"https:\/\/sandzakpress.net\/arhiva\/#\/schema\/person\/c8baee722073534b583ea7bdb2e36c02","name":"bosniak","image":{"@type":"ImageObject","inLanguage":"bs-BA","@id":"https:\/\/sandzakpress.net\/arhiva\/#\/schema\/person\/image\/","url":"https:\/\/secure.gravatar.com\/avatar\/a04fd330bfe3a36a72a0ad4a6d89fca7?s=96&d=mm&r=pg","contentUrl":"https:\/\/secure.gravatar.com\/avatar\/a04fd330bfe3a36a72a0ad4a6d89fca7?s=96&d=mm&r=pg","caption":"bosniak"},"url":"https:\/\/sandzakpress.net\/arhiva\/author\/bosniak\/"}]}},"_links":{"self":[{"href":"https:\/\/sandzakpress.net\/arhiva\/wp-json\/wp\/v2\/posts\/129290"}],"collection":[{"href":"https:\/\/sandzakpress.net\/arhiva\/wp-json\/wp\/v2\/posts"}],"about":[{"href":"https:\/\/sandzakpress.net\/arhiva\/wp-json\/wp\/v2\/types\/post"}],"author":[{"embeddable":true,"href":"https:\/\/sandzakpress.net\/arhiva\/wp-json\/wp\/v2\/users\/83"}],"replies":[{"embeddable":true,"href":"https:\/\/sandzakpress.net\/arhiva\/wp-json\/wp\/v2\/comments?post=129290"}],"version-history":[{"count":0,"href":"https:\/\/sandzakpress.net\/arhiva\/wp-json\/wp\/v2\/posts\/129290\/revisions"}],"wp:featuredmedia":[{"embeddable":true,"href":"https:\/\/sandzakpress.net\/arhiva\/wp-json\/wp\/v2\/media\/129291"}],"wp:attachment":[{"href":"https:\/\/sandzakpress.net\/arhiva\/wp-json\/wp\/v2\/media?parent=129290"}],"wp:term":[{"taxonomy":"category","embeddable":true,"href":"https:\/\/sandzakpress.net\/arhiva\/wp-json\/wp\/v2\/categories?post=129290"},{"taxonomy":"post_tag","embeddable":true,"href":"https:\/\/sandzakpress.net\/arhiva\/wp-json\/wp\/v2\/tags?post=129290"}],"curies":[{"name":"wp","href":"https:\/\/api.w.org\/{rel}","templated":true}]}}