{"id":129246,"date":"2015-06-05T12:15:18","date_gmt":"2015-06-05T10:15:18","guid":{"rendered":"https:\/\/sandzakpress.net\/arhiva\/?p=129246"},"modified":"2015-06-05T12:15:18","modified_gmt":"2015-06-05T10:15:18","slug":"dosao-na-antiislamske-demonstracije-pa-se-odusevio-islamom-i-muslimanima","status":"publish","type":"post","link":"https:\/\/sandzakpress.net\/arhiva\/dosao-na-antiislamske-demonstracije-pa-se-odusevio-islamom-i-muslimanima\/","title":{"rendered":"Do\u0161ao na antiislamske demonstracije, pa se odu\u0161evio islamom i muslimanima"},"content":{"rendered":"<p><img decoding=\"async\" src=\"http:\/\/saff.ba\/wp-content\/uploads\/2015\/06\/Screenshot_22-650x339.jpg\" alt=\"Do\u0161ao na antiislamske demonstracije, pa se odu\u0161evio islamom i muslimanima\" \/><\/p>\n<p><strong>Amerika &#8211; Britanske novine \u201cDaily Mail\u201d, objavile su da je Amerikanac, Jason Leger, koji je u pro\u0161li petak u\u010destvovao u oru\u017eanim antiislamskim demonstracijama u Phoenix-u u ameri\u010dkoj dr\u017eavi Arizona, drasti\u010dno promijenio svoje mi\u0161ljenje o islamu i danas on govori o islamu kao divnoj i uzvi\u0161enoj vjeri.<\/strong><\/p>\n<p>Jason Leger je u antiislamskim demonstracijama nosio majicu na kojoj su bile ispisane uvredljive fraze na ra\u010dun islama, ali nakon \u0161to je pro\u0161log petka bio pozvan da posjeti islamski centar u tom gradu i nakon razgovora sa muslimanima i posmatranja muslimana na d\u017euma-namazu, on je u potpunosti promijenio svoje mi\u0161ljenje i od neprijatelja islama postao \u010dovjek koji se divi islamu i koji na sva usta hvali islam.<\/p>\n<p>Nakon neposrednog susreta i doticaja sa islamom i muslimanima, Jason Leger je obe\u0107a da nikada vi\u0161e ne\u0107e napadati i vrije\u0111ati islam i muslimane, posebno nakon \u0161to je od muslimana u islamskom centru dobio odgovore na pitanja kojima je u posljednje vrijeme bio zaokupljen.<\/p>\n<p>(Saff)<\/p>\n","protected":false},"excerpt":{"rendered":"<p>Amerika &#8211; Britanske novine \u201cDaily Mail\u201d, objavile su da je Amerikanac, Jason Leger, koji je u pro\u0161li petak u\u010destvovao u oru\u017eanim antiislamskim demonstracijama u Phoenix-u u ameri\u010dkoj dr\u017eavi Arizona, drasti\u010dno promijenio svoje mi\u0161ljenje o islamu i danas on govori o islamu kao divnoj i uzvi\u0161enoj vjeri. Jason Leger je u antiislamskim demonstracijama nosio majicu na [&hellip;]<\/p>\n","protected":false},"author":83,"featured_media":129247,"comment_status":"open","ping_status":"open","sticky":false,"template":"","format":"standard","meta":{"footnotes":""},"categories":[3012,9],"tags":[],"class_list":{"0":"post-129246","1":"post","2":"type-post","3":"status-publish","4":"format-standard","5":"has-post-thumbnail","7":"category-amerika-gradovi","8":"category-svijet"},"yoast_head":"<!-- This site is optimized with the Yoast SEO Premium plugin v23.1 (Yoast SEO v24.9) - https:\/\/yoast.com\/wordpress\/plugins\/seo\/ -->\n<title>Do\u0161ao na antiislamske demonstracije, pa se odu\u0161evio islamom i muslimanima<\/title>\n<meta name=\"robots\" content=\"index, follow, max-snippet:-1, max-image-preview:large, max-video-preview:-1\" \/>\n<link rel=\"canonical\" href=\"https:\/\/sandzakpress.net\/arhiva\/dosao-na-antiislamske-demonstracije-pa-se-odusevio-islamom-i-muslimanima\/\" \/>\n<meta property=\"og:locale\" content=\"bs_BA\" \/>\n<meta property=\"og:type\" content=\"article\" \/>\n<meta property=\"og:title\" content=\"Do\u0161ao na antiislamske demonstracije, pa se odu\u0161evio islamom i muslimanima\" \/>\n<meta property=\"og:description\" content=\"Amerika &#8211; Britanske novine \u201cDaily Mail\u201d, objavile su da je Amerikanac, Jason Leger, koji je u pro\u0161li petak u\u010destvovao u oru\u017eanim antiislamskim demonstracijama u Phoenix-u u ameri\u010dkoj dr\u017eavi Arizona, drasti\u010dno promijenio svoje mi\u0161ljenje o islamu i danas on govori o islamu kao divnoj i uzvi\u0161enoj vjeri. Jason Leger je u antiislamskim demonstracijama nosio majicu na [&hellip;]\" \/>\n<meta property=\"og:url\" content=\"https:\/\/sandzakpress.net\/arhiva\/dosao-na-antiislamske-demonstracije-pa-se-odusevio-islamom-i-muslimanima\/\" \/>\n<meta property=\"og:site_name\" content=\"Sand\u017eak PRESS\" \/>\n<meta property=\"article:published_time\" content=\"2015-06-05T10:15:18+00:00\" \/>\n<meta property=\"og:image\" content=\"https:\/\/sandzakpress.net\/arhiva\/wp-content\/uploads\/2015\/06\/Screenshot_22-650x339.jpg\" \/>\n\t<meta property=\"og:image:width\" content=\"650\" \/>\n\t<meta property=\"og:image:height\" content=\"339\" \/>\n\t<meta property=\"og:image:type\" content=\"image\/jpeg\" \/>\n<meta name=\"author\" content=\"bosniak\" \/>\n<meta name=\"twitter:card\" content=\"summary_large_image\" \/>\n<meta name=\"twitter:label1\" content=\"Written by\" \/>\n\t<meta name=\"twitter:data1\" content=\"bosniak\" \/>\n\t<meta name=\"twitter:label2\" content=\"Est. reading time\" \/>\n\t<meta name=\"twitter:data2\" content=\"1 minuta\" \/>\n<script type=\"application\/ld+json\" class=\"yoast-schema-graph\">{\"@context\":\"https:\/\/schema.org\",\"@graph\":[{\"@type\":\"Article\",\"@id\":\"https:\/\/sandzakpress.net\/arhiva\/dosao-na-antiislamske-demonstracije-pa-se-odusevio-islamom-i-muslimanima\/#article\",\"isPartOf\":{\"@id\":\"https:\/\/sandzakpress.net\/arhiva\/dosao-na-antiislamske-demonstracije-pa-se-odusevio-islamom-i-muslimanima\/\"},\"author\":{\"name\":\"bosniak\",\"@id\":\"https:\/\/sandzakpress.net\/arhiva\/#\/schema\/person\/c8baee722073534b583ea7bdb2e36c02\"},\"headline\":\"Do\u0161ao na antiislamske demonstracije, pa se odu\u0161evio islamom i muslimanima\",\"datePublished\":\"2015-06-05T10:15:18+00:00\",\"mainEntityOfPage\":{\"@id\":\"https:\/\/sandzakpress.net\/arhiva\/dosao-na-antiislamske-demonstracije-pa-se-odusevio-islamom-i-muslimanima\/\"},\"wordCount\":185,\"commentCount\":12,\"publisher\":{\"@id\":\"https:\/\/sandzakpress.net\/arhiva\/#\/schema\/person\/6e72b67d6e51910a1117b3b483ba20bd\"},\"image\":{\"@id\":\"https:\/\/sandzakpress.net\/arhiva\/dosao-na-antiislamske-demonstracije-pa-se-odusevio-islamom-i-muslimanima\/#primaryimage\"},\"thumbnailUrl\":\"https:\/\/sandzakpress.net\/arhiva\/wp-content\/uploads\/2015\/06\/Screenshot_22-650x339.jpg\",\"articleSection\":[\"Amerika\",\"Svijet\"],\"inLanguage\":\"bs-BA\",\"potentialAction\":[{\"@type\":\"CommentAction\",\"name\":\"Comment\",\"target\":[\"https:\/\/sandzakpress.net\/arhiva\/dosao-na-antiislamske-demonstracije-pa-se-odusevio-islamom-i-muslimanima\/#respond\"]}]},{\"@type\":\"WebPage\",\"@id\":\"https:\/\/sandzakpress.net\/arhiva\/dosao-na-antiislamske-demonstracije-pa-se-odusevio-islamom-i-muslimanima\/\",\"url\":\"https:\/\/sandzakpress.net\/arhiva\/dosao-na-antiislamske-demonstracije-pa-se-odusevio-islamom-i-muslimanima\/\",\"name\":\"Do\u0161ao na antiislamske demonstracije, pa se odu\u0161evio islamom i muslimanima\",\"isPartOf\":{\"@id\":\"https:\/\/sandzakpress.net\/arhiva\/#website\"},\"primaryImageOfPage\":{\"@id\":\"https:\/\/sandzakpress.net\/arhiva\/dosao-na-antiislamske-demonstracije-pa-se-odusevio-islamom-i-muslimanima\/#primaryimage\"},\"image\":{\"@id\":\"https:\/\/sandzakpress.net\/arhiva\/dosao-na-antiislamske-demonstracije-pa-se-odusevio-islamom-i-muslimanima\/#primaryimage\"},\"thumbnailUrl\":\"https:\/\/sandzakpress.net\/arhiva\/wp-content\/uploads\/2015\/06\/Screenshot_22-650x339.jpg\",\"datePublished\":\"2015-06-05T10:15:18+00:00\",\"breadcrumb\":{\"@id\":\"https:\/\/sandzakpress.net\/arhiva\/dosao-na-antiislamske-demonstracije-pa-se-odusevio-islamom-i-muslimanima\/#breadcrumb\"},\"inLanguage\":\"bs-BA\",\"potentialAction\":[{\"@type\":\"ReadAction\",\"target\":[\"https:\/\/sandzakpress.net\/arhiva\/dosao-na-antiislamske-demonstracije-pa-se-odusevio-islamom-i-muslimanima\/\"]}]},{\"@type\":\"ImageObject\",\"inLanguage\":\"bs-BA\",\"@id\":\"https:\/\/sandzakpress.net\/arhiva\/dosao-na-antiislamske-demonstracije-pa-se-odusevio-islamom-i-muslimanima\/#primaryimage\",\"url\":\"https:\/\/sandzakpress.net\/arhiva\/wp-content\/uploads\/2015\/06\/Screenshot_22-650x339.jpg\",\"contentUrl\":\"https:\/\/sandzakpress.net\/arhiva\/wp-content\/uploads\/2015\/06\/Screenshot_22-650x339.jpg\",\"width\":650,\"height\":339},{\"@type\":\"BreadcrumbList\",\"@id\":\"https:\/\/sandzakpress.net\/arhiva\/dosao-na-antiislamske-demonstracije-pa-se-odusevio-islamom-i-muslimanima\/#breadcrumb\",\"itemListElement\":[{\"@type\":\"ListItem\",\"position\":1,\"name\":\"Home\",\"item\":\"https:\/\/sandzakpress.net\/arhiva\/\"},{\"@type\":\"ListItem\",\"position\":2,\"name\":\"Do\u0161ao na antiislamske demonstracije, pa se odu\u0161evio islamom i muslimanima\"}]},{\"@type\":\"WebSite\",\"@id\":\"https:\/\/sandzakpress.net\/arhiva\/#website\",\"url\":\"https:\/\/sandzakpress.net\/arhiva\/\",\"name\":\"Sand\u017eak PRESS\",\"description\":\"Prve elektronske novine u Sand\u017eaku\",\"publisher\":{\"@id\":\"https:\/\/sandzakpress.net\/arhiva\/#\/schema\/person\/6e72b67d6e51910a1117b3b483ba20bd\"},\"potentialAction\":[{\"@type\":\"SearchAction\",\"target\":{\"@type\":\"EntryPoint\",\"urlTemplate\":\"https:\/\/sandzakpress.net\/arhiva\/?s={search_term_string}\"},\"query-input\":{\"@type\":\"PropertyValueSpecification\",\"valueRequired\":true,\"valueName\":\"search_term_string\"}}],\"inLanguage\":\"bs-BA\"},{\"@type\":[\"Person\",\"Organization\"],\"@id\":\"https:\/\/sandzakpress.net\/arhiva\/#\/schema\/person\/6e72b67d6e51910a1117b3b483ba20bd\",\"name\":\"Kul\",\"image\":{\"@type\":\"ImageObject\",\"inLanguage\":\"bs-BA\",\"@id\":\"https:\/\/sandzakpress.net\/arhiva\/#\/schema\/person\/image\/\",\"url\":\"https:\/\/secure.gravatar.com\/avatar\/42263f39aa27ac04c43cab85c280eb2e?s=96&d=mm&r=pg\",\"contentUrl\":\"https:\/\/secure.gravatar.com\/avatar\/42263f39aa27ac04c43cab85c280eb2e?s=96&d=mm&r=pg\",\"caption\":\"Kul\"},\"logo\":{\"@id\":\"https:\/\/sandzakpress.net\/arhiva\/#\/schema\/person\/image\/\"}},{\"@type\":\"Person\",\"@id\":\"https:\/\/sandzakpress.net\/arhiva\/#\/schema\/person\/c8baee722073534b583ea7bdb2e36c02\",\"name\":\"bosniak\",\"image\":{\"@type\":\"ImageObject\",\"inLanguage\":\"bs-BA\",\"@id\":\"https:\/\/sandzakpress.net\/arhiva\/#\/schema\/person\/image\/\",\"url\":\"https:\/\/secure.gravatar.com\/avatar\/a04fd330bfe3a36a72a0ad4a6d89fca7?s=96&d=mm&r=pg\",\"contentUrl\":\"https:\/\/secure.gravatar.com\/avatar\/a04fd330bfe3a36a72a0ad4a6d89fca7?s=96&d=mm&r=pg\",\"caption\":\"bosniak\"},\"url\":\"https:\/\/sandzakpress.net\/arhiva\/author\/bosniak\/\"}]}<\/script>\n<!-- \/ Yoast SEO Premium plugin. -->","yoast_head_json":{"title":"Do\u0161ao na antiislamske demonstracije, pa se odu\u0161evio islamom i muslimanima","robots":{"index":"index","follow":"follow","max-snippet":"max-snippet:-1","max-image-preview":"max-image-preview:large","max-video-preview":"max-video-preview:-1"},"canonical":"https:\/\/sandzakpress.net\/arhiva\/dosao-na-antiislamske-demonstracije-pa-se-odusevio-islamom-i-muslimanima\/","og_locale":"bs_BA","og_type":"article","og_title":"Do\u0161ao na antiislamske demonstracije, pa se odu\u0161evio islamom i muslimanima","og_description":"Amerika &#8211; Britanske novine \u201cDaily Mail\u201d, objavile su da je Amerikanac, Jason Leger, koji je u pro\u0161li petak u\u010destvovao u oru\u017eanim antiislamskim demonstracijama u Phoenix-u u ameri\u010dkoj dr\u017eavi Arizona, drasti\u010dno promijenio svoje mi\u0161ljenje o islamu i danas on govori o islamu kao divnoj i uzvi\u0161enoj vjeri. Jason Leger je u antiislamskim demonstracijama nosio majicu na [&hellip;]","og_url":"https:\/\/sandzakpress.net\/arhiva\/dosao-na-antiislamske-demonstracije-pa-se-odusevio-islamom-i-muslimanima\/","og_site_name":"Sand\u017eak PRESS","article_published_time":"2015-06-05T10:15:18+00:00","og_image":[{"width":650,"height":339,"url":"https:\/\/sandzakpress.net\/arhiva\/wp-content\/uploads\/2015\/06\/Screenshot_22-650x339.jpg","type":"image\/jpeg"}],"author":"bosniak","twitter_card":"summary_large_image","twitter_misc":{"Written by":"bosniak","Est. reading time":"1 minuta"},"schema":{"@context":"https:\/\/schema.org","@graph":[{"@type":"Article","@id":"https:\/\/sandzakpress.net\/arhiva\/dosao-na-antiislamske-demonstracije-pa-se-odusevio-islamom-i-muslimanima\/#article","isPartOf":{"@id":"https:\/\/sandzakpress.net\/arhiva\/dosao-na-antiislamske-demonstracije-pa-se-odusevio-islamom-i-muslimanima\/"},"author":{"name":"bosniak","@id":"https:\/\/sandzakpress.net\/arhiva\/#\/schema\/person\/c8baee722073534b583ea7bdb2e36c02"},"headline":"Do\u0161ao na antiislamske demonstracije, pa se odu\u0161evio islamom i muslimanima","datePublished":"2015-06-05T10:15:18+00:00","mainEntityOfPage":{"@id":"https:\/\/sandzakpress.net\/arhiva\/dosao-na-antiislamske-demonstracije-pa-se-odusevio-islamom-i-muslimanima\/"},"wordCount":185,"commentCount":12,"publisher":{"@id":"https:\/\/sandzakpress.net\/arhiva\/#\/schema\/person\/6e72b67d6e51910a1117b3b483ba20bd"},"image":{"@id":"https:\/\/sandzakpress.net\/arhiva\/dosao-na-antiislamske-demonstracije-pa-se-odusevio-islamom-i-muslimanima\/#primaryimage"},"thumbnailUrl":"https:\/\/sandzakpress.net\/arhiva\/wp-content\/uploads\/2015\/06\/Screenshot_22-650x339.jpg","articleSection":["Amerika","Svijet"],"inLanguage":"bs-BA","potentialAction":[{"@type":"CommentAction","name":"Comment","target":["https:\/\/sandzakpress.net\/arhiva\/dosao-na-antiislamske-demonstracije-pa-se-odusevio-islamom-i-muslimanima\/#respond"]}]},{"@type":"WebPage","@id":"https:\/\/sandzakpress.net\/arhiva\/dosao-na-antiislamske-demonstracije-pa-se-odusevio-islamom-i-muslimanima\/","url":"https:\/\/sandzakpress.net\/arhiva\/dosao-na-antiislamske-demonstracije-pa-se-odusevio-islamom-i-muslimanima\/","name":"Do\u0161ao na antiislamske demonstracije, pa se odu\u0161evio islamom i muslimanima","isPartOf":{"@id":"https:\/\/sandzakpress.net\/arhiva\/#website"},"primaryImageOfPage":{"@id":"https:\/\/sandzakpress.net\/arhiva\/dosao-na-antiislamske-demonstracije-pa-se-odusevio-islamom-i-muslimanima\/#primaryimage"},"image":{"@id":"https:\/\/sandzakpress.net\/arhiva\/dosao-na-antiislamske-demonstracije-pa-se-odusevio-islamom-i-muslimanima\/#primaryimage"},"thumbnailUrl":"https:\/\/sandzakpress.net\/arhiva\/wp-content\/uploads\/2015\/06\/Screenshot_22-650x339.jpg","datePublished":"2015-06-05T10:15:18+00:00","breadcrumb":{"@id":"https:\/\/sandzakpress.net\/arhiva\/dosao-na-antiislamske-demonstracije-pa-se-odusevio-islamom-i-muslimanima\/#breadcrumb"},"inLanguage":"bs-BA","potentialAction":[{"@type":"ReadAction","target":["https:\/\/sandzakpress.net\/arhiva\/dosao-na-antiislamske-demonstracije-pa-se-odusevio-islamom-i-muslimanima\/"]}]},{"@type":"ImageObject","inLanguage":"bs-BA","@id":"https:\/\/sandzakpress.net\/arhiva\/dosao-na-antiislamske-demonstracije-pa-se-odusevio-islamom-i-muslimanima\/#primaryimage","url":"https:\/\/sandzakpress.net\/arhiva\/wp-content\/uploads\/2015\/06\/Screenshot_22-650x339.jpg","contentUrl":"https:\/\/sandzakpress.net\/arhiva\/wp-content\/uploads\/2015\/06\/Screenshot_22-650x339.jpg","width":650,"height":339},{"@type":"BreadcrumbList","@id":"https:\/\/sandzakpress.net\/arhiva\/dosao-na-antiislamske-demonstracije-pa-se-odusevio-islamom-i-muslimanima\/#breadcrumb","itemListElement":[{"@type":"ListItem","position":1,"name":"Home","item":"https:\/\/sandzakpress.net\/arhiva\/"},{"@type":"ListItem","position":2,"name":"Do\u0161ao na antiislamske demonstracije, pa se odu\u0161evio islamom i muslimanima"}]},{"@type":"WebSite","@id":"https:\/\/sandzakpress.net\/arhiva\/#website","url":"https:\/\/sandzakpress.net\/arhiva\/","name":"Sand\u017eak PRESS","description":"Prve elektronske novine u Sand\u017eaku","publisher":{"@id":"https:\/\/sandzakpress.net\/arhiva\/#\/schema\/person\/6e72b67d6e51910a1117b3b483ba20bd"},"potentialAction":[{"@type":"SearchAction","target":{"@type":"EntryPoint","urlTemplate":"https:\/\/sandzakpress.net\/arhiva\/?s={search_term_string}"},"query-input":{"@type":"PropertyValueSpecification","valueRequired":true,"valueName":"search_term_string"}}],"inLanguage":"bs-BA"},{"@type":["Person","Organization"],"@id":"https:\/\/sandzakpress.net\/arhiva\/#\/schema\/person\/6e72b67d6e51910a1117b3b483ba20bd","name":"Kul","image":{"@type":"ImageObject","inLanguage":"bs-BA","@id":"https:\/\/sandzakpress.net\/arhiva\/#\/schema\/person\/image\/","url":"https:\/\/secure.gravatar.com\/avatar\/42263f39aa27ac04c43cab85c280eb2e?s=96&d=mm&r=pg","contentUrl":"https:\/\/secure.gravatar.com\/avatar\/42263f39aa27ac04c43cab85c280eb2e?s=96&d=mm&r=pg","caption":"Kul"},"logo":{"@id":"https:\/\/sandzakpress.net\/arhiva\/#\/schema\/person\/image\/"}},{"@type":"Person","@id":"https:\/\/sandzakpress.net\/arhiva\/#\/schema\/person\/c8baee722073534b583ea7bdb2e36c02","name":"bosniak","image":{"@type":"ImageObject","inLanguage":"bs-BA","@id":"https:\/\/sandzakpress.net\/arhiva\/#\/schema\/person\/image\/","url":"https:\/\/secure.gravatar.com\/avatar\/a04fd330bfe3a36a72a0ad4a6d89fca7?s=96&d=mm&r=pg","contentUrl":"https:\/\/secure.gravatar.com\/avatar\/a04fd330bfe3a36a72a0ad4a6d89fca7?s=96&d=mm&r=pg","caption":"bosniak"},"url":"https:\/\/sandzakpress.net\/arhiva\/author\/bosniak\/"}]}},"_links":{"self":[{"href":"https:\/\/sandzakpress.net\/arhiva\/wp-json\/wp\/v2\/posts\/129246"}],"collection":[{"href":"https:\/\/sandzakpress.net\/arhiva\/wp-json\/wp\/v2\/posts"}],"about":[{"href":"https:\/\/sandzakpress.net\/arhiva\/wp-json\/wp\/v2\/types\/post"}],"author":[{"embeddable":true,"href":"https:\/\/sandzakpress.net\/arhiva\/wp-json\/wp\/v2\/users\/83"}],"replies":[{"embeddable":true,"href":"https:\/\/sandzakpress.net\/arhiva\/wp-json\/wp\/v2\/comments?post=129246"}],"version-history":[{"count":0,"href":"https:\/\/sandzakpress.net\/arhiva\/wp-json\/wp\/v2\/posts\/129246\/revisions"}],"wp:featuredmedia":[{"embeddable":true,"href":"https:\/\/sandzakpress.net\/arhiva\/wp-json\/wp\/v2\/media\/129247"}],"wp:attachment":[{"href":"https:\/\/sandzakpress.net\/arhiva\/wp-json\/wp\/v2\/media?parent=129246"}],"wp:term":[{"taxonomy":"category","embeddable":true,"href":"https:\/\/sandzakpress.net\/arhiva\/wp-json\/wp\/v2\/categories?post=129246"},{"taxonomy":"post_tag","embeddable":true,"href":"https:\/\/sandzakpress.net\/arhiva\/wp-json\/wp\/v2\/tags?post=129246"}],"curies":[{"name":"wp","href":"https:\/\/api.w.org\/{rel}","templated":true}]}}