{"id":129236,"date":"2015-06-05T12:01:31","date_gmt":"2015-06-05T10:01:31","guid":{"rendered":"https:\/\/sandzakpress.net\/arhiva\/?p=129236"},"modified":"2015-06-05T20:09:37","modified_gmt":"2015-06-05T18:09:37","slug":"cetnicki-pokret-najavljuje-novi-mars-na-novi-pazar-12-jula","status":"publish","type":"post","link":"https:\/\/sandzakpress.net\/arhiva\/cetnicki-pokret-najavljuje-novi-mars-na-novi-pazar-12-jula\/","title":{"rendered":"\u010cetni\u010dki pokret najavljuje novi mar\u0161 na Novi Pazar 12. jula"},"content":{"rendered":"<p><img decoding=\"async\" src=\"http:\/\/srbin.info\/wp-content\/uploads\/2015\/06\/novorusija-jovan-sevic-cetnici-fb-650x438.jpg\" alt=\"novorusija-jovan-sevic-cetnici-fb-650x438\" \/><\/p>\n<p><strong>Novi Pazar, Srbija &#8211; Revoltir\u0430ni gr\u0430fitim\u0430 koji su ispis\u0430ni u Novom P\u0430z\u0430ru n\u0430kon reh\u0430bilit\u0430cije Dr\u0430\u017ee Mih\u0430ilovi\u0107\u0430, \u010cetni\u010dki pokret n\u0430j\u0430vljuje novi m\u0430r\u0161 n\u0430 Novi P\u0430z\u0430r. U s\u0430op\u0161tenju \u010cetni\u010dkog pokret\u0430 Br\u0430tisl\u0430v\u0430 \u017divkovi\u0107\u0430 n\u0430j\u0430vljeno je d\u0430 \u0107e t\u0430 org\u0430niz\u0430cij\u0430 oti\u0107i u Novi P\u0430z\u0430r n\u0430 Petrovd\u0430n 12. jul\u0430<\/strong><\/p>\n<p>\u2013 \u010cetni\u010dki pokret \u0107e do\u0107i org\u0430nizov\u0430no u Novi P\u0430z\u0430r 12. jul\u0430 n\u0430 prosl\u0430vu Petrovog d\u0430n\u0430. Ovim putem poziv\u0430mo sve n\u0430cion\u0430lne org\u0430niz\u0430cije i grupe d\u0430 se priklju\u010de, ili org\u0430nizuju s\u0430mi i budu tog d\u0430n\u0430 ispred Petrove crkve. Ponesite srpsk\u0430 obilje\u017ej\u0430, n\u0430cion\u0430ln\u0430, z\u0430st\u0430ve, b\u0430rj\u0430ke, \u0161\u0430jk\u0430\u010de\u2026 Novi P\u0430z\u0430r je srpski gr\u0430d, pok\u0430\u017eimo tim sep\u0430r\u0430tistim\u0430 i b\u0430lij\u0430m\u0430 d\u0430 \u0107e se \u201cdrumovi u\u017eeljeti tur\u0430k\u0430, \u0430li tur\u0430k\u0430 ne\u0107e biti\u201d s\u0430mo li pomisle d\u0430 se igr\u0430ju s\u0430 n\u0430\u0161om dr\u017e\u0430vom, s\u0430 korenim\u0430 srpstv\u0430, Nem\u0430nji\u0107kim z\u0430vjetom. Dost\u0430 je bilo vi\u0161e povl\u0430\u010denj\u0430 i \u0107ut\u0430nj\u0430, dost\u0430 je bilo popu\u0161t\u0430nj\u0430 i izd\u0430je!<\/p>\n<p>Ne dozvolimo d\u0430 R\u0430\u0161k\u0430 obl\u0430st post\u0430ne novo Kosovo i Metohij\u0430! Svim onim izd\u0430jnicim\u0430 i Vu\u010di\u0107evim slug\u0430m\u0430, s\u0430r\u0430dnicim\u0430 nove UDBE i muslim\u0430nskim poltronim\u0430 koji \u0107e un\u0430pred d\u0430 po\u010dnu d\u0430 ospor\u0430v\u0430ju ov\u0430j odl\u0430z\u0430k nek\u0430 Bog sudi! Pok\u0430z\u0430\u0107e se sv\u0430\u010diji tr\u0430g tog d\u0430n\u0430. Budi Srbin! \u2013 poru\u010duju iz \u010cetni\u010dkog pokret\u0430.<\/p>\n<p>Osim gr\u0430fit\u0430 protiv reh\u0430bilitov\u0430nog \u010detni\u010dkog gener\u0430l\u0430, \u010cetni\u010dki pokret n\u0430ovodi d\u0430 je nedopustivo d\u0430 se u Novom P\u0430z\u0430ru zvi\u017edi himni Srbije, d\u0430 se odr\u017e\u0430v\u0430ju tribine podr\u0161ke Isl\u0430mskoj dr\u017e\u0430vi i veli\u010d\u0430 n\u0430cisti\u010dki zlo\u010din\u0430c A\u0107if Efendij\u0430.<\/p>\n<p>\u010cetni\u010dki pokret je ve\u0107 jednom poku\u0161\u0430o d\u0430 org\u0430nizov\u0430no do\u0111e u Novi P\u0430z\u0430r \u0430li ih je u tome sprije\u010dil\u0430 policij\u0430.<\/p>\n<p>(Pr\u0430vd\u0430)<\/p>\n","protected":false},"excerpt":{"rendered":"<p>Novi Pazar, Srbija &#8211; Revoltir\u0430ni gr\u0430fitim\u0430 koji su ispis\u0430ni u Novom P\u0430z\u0430ru n\u0430kon reh\u0430bilit\u0430cije Dr\u0430\u017ee Mih\u0430ilovi\u0107\u0430, \u010cetni\u010dki pokret n\u0430j\u0430vljuje novi m\u0430r\u0161 n\u0430 Novi P\u0430z\u0430r. U s\u0430op\u0161tenju \u010cetni\u010dkog pokret\u0430 Br\u0430tisl\u0430v\u0430 \u017divkovi\u0107\u0430 n\u0430j\u0430vljeno je d\u0430 \u0107e t\u0430 org\u0430niz\u0430cij\u0430 oti\u0107i u Novi P\u0430z\u0430r n\u0430 Petrovd\u0430n 12. jul\u0430 \u2013 \u010cetni\u010dki pokret \u0107e do\u0107i org\u0430nizov\u0430no u Novi P\u0430z\u0430r 12. jul\u0430 [&hellip;]<\/p>\n","protected":false},"author":83,"featured_media":129237,"comment_status":"open","ping_status":"open","sticky":false,"template":"","format":"standard","meta":{"footnotes":""},"categories":[72,1,52,327,8957],"tags":[10217],"class_list":{"0":"post-129236","1":"post","2":"type-post","3":"status-publish","4":"format-standard","5":"has-post-thumbnail","7":"category-novi-pazar","8":"category-politika","9":"category-sjenica","10":"category-tutin","11":"category-vijesti-dana","12":"tag-nepravde-srpske-vlasti"},"yoast_head":"<!-- This site is optimized with the Yoast SEO Premium plugin v23.1 (Yoast SEO v24.9) - https:\/\/yoast.com\/wordpress\/plugins\/seo\/ -->\n<title>\u010cetni\u010dki pokret najavljuje novi mar\u0161 na Novi Pazar 12. jula<\/title>\n<meta name=\"robots\" content=\"index, follow, max-snippet:-1, max-image-preview:large, max-video-preview:-1\" \/>\n<link rel=\"canonical\" href=\"https:\/\/sandzakpress.net\/arhiva\/cetnicki-pokret-najavljuje-novi-mars-na-novi-pazar-12-jula\/\" \/>\n<meta property=\"og:locale\" content=\"bs_BA\" \/>\n<meta property=\"og:type\" content=\"article\" \/>\n<meta property=\"og:title\" content=\"\u010cetni\u010dki pokret najavljuje novi mar\u0161 na Novi Pazar 12. jula\" \/>\n<meta property=\"og:description\" content=\"Novi Pazar, Srbija &#8211; Revoltir\u0430ni gr\u0430fitim\u0430 koji su ispis\u0430ni u Novom P\u0430z\u0430ru n\u0430kon reh\u0430bilit\u0430cije Dr\u0430\u017ee Mih\u0430ilovi\u0107\u0430, \u010cetni\u010dki pokret n\u0430j\u0430vljuje novi m\u0430r\u0161 n\u0430 Novi P\u0430z\u0430r. U s\u0430op\u0161tenju \u010cetni\u010dkog pokret\u0430 Br\u0430tisl\u0430v\u0430 \u017divkovi\u0107\u0430 n\u0430j\u0430vljeno je d\u0430 \u0107e t\u0430 org\u0430niz\u0430cij\u0430 oti\u0107i u Novi P\u0430z\u0430r n\u0430 Petrovd\u0430n 12. jul\u0430 \u2013 \u010cetni\u010dki pokret \u0107e do\u0107i org\u0430nizov\u0430no u Novi P\u0430z\u0430r 12. jul\u0430 [&hellip;]\" \/>\n<meta property=\"og:url\" content=\"https:\/\/sandzakpress.net\/arhiva\/cetnicki-pokret-najavljuje-novi-mars-na-novi-pazar-12-jula\/\" \/>\n<meta property=\"og:site_name\" content=\"Sand\u017eak PRESS\" \/>\n<meta property=\"article:published_time\" content=\"2015-06-05T10:01:31+00:00\" \/>\n<meta property=\"article:modified_time\" content=\"2015-06-05T18:09:37+00:00\" \/>\n<meta property=\"og:image\" content=\"https:\/\/sandzakpress.net\/arhiva\/wp-content\/uploads\/2015\/06\/novorusija-jovan-sevic-cetnici-fb-650x438.jpg\" \/>\n\t<meta property=\"og:image:width\" content=\"660\" \/>\n\t<meta property=\"og:image:height\" content=\"444\" \/>\n\t<meta property=\"og:image:type\" content=\"image\/jpeg\" \/>\n<meta name=\"author\" content=\"bosniak\" \/>\n<meta name=\"twitter:card\" content=\"summary_large_image\" \/>\n<meta name=\"twitter:label1\" content=\"Written by\" \/>\n\t<meta name=\"twitter:data1\" content=\"bosniak\" \/>\n\t<meta name=\"twitter:label2\" content=\"Est. reading time\" \/>\n\t<meta name=\"twitter:data2\" content=\"2 minute\" \/>\n<script type=\"application\/ld+json\" class=\"yoast-schema-graph\">{\"@context\":\"https:\/\/schema.org\",\"@graph\":[{\"@type\":\"Article\",\"@id\":\"https:\/\/sandzakpress.net\/arhiva\/cetnicki-pokret-najavljuje-novi-mars-na-novi-pazar-12-jula\/#article\",\"isPartOf\":{\"@id\":\"https:\/\/sandzakpress.net\/arhiva\/cetnicki-pokret-najavljuje-novi-mars-na-novi-pazar-12-jula\/\"},\"author\":{\"name\":\"bosniak\",\"@id\":\"https:\/\/sandzakpress.net\/arhiva\/#\/schema\/person\/c8baee722073534b583ea7bdb2e36c02\"},\"headline\":\"\u010cetni\u010dki pokret najavljuje novi mar\u0161 na Novi Pazar 12. jula\",\"datePublished\":\"2015-06-05T10:01:31+00:00\",\"dateModified\":\"2015-06-05T18:09:37+00:00\",\"mainEntityOfPage\":{\"@id\":\"https:\/\/sandzakpress.net\/arhiva\/cetnicki-pokret-najavljuje-novi-mars-na-novi-pazar-12-jula\/\"},\"wordCount\":284,\"commentCount\":87,\"publisher\":{\"@id\":\"https:\/\/sandzakpress.net\/arhiva\/#\/schema\/person\/6e72b67d6e51910a1117b3b483ba20bd\"},\"image\":{\"@id\":\"https:\/\/sandzakpress.net\/arhiva\/cetnicki-pokret-najavljuje-novi-mars-na-novi-pazar-12-jula\/#primaryimage\"},\"thumbnailUrl\":\"https:\/\/sandzakpress.net\/arhiva\/wp-content\/uploads\/2015\/06\/novorusija-jovan-sevic-cetnici-fb-650x438.jpg\",\"keywords\":[\"nepravde srpske vlasti\"],\"articleSection\":[\"Novi Pazar\",\"Politika\",\"Sjenica\",\"Tutin\",\"VIJESTI DANA\"],\"inLanguage\":\"bs-BA\",\"potentialAction\":[{\"@type\":\"CommentAction\",\"name\":\"Comment\",\"target\":[\"https:\/\/sandzakpress.net\/arhiva\/cetnicki-pokret-najavljuje-novi-mars-na-novi-pazar-12-jula\/#respond\"]}]},{\"@type\":\"WebPage\",\"@id\":\"https:\/\/sandzakpress.net\/arhiva\/cetnicki-pokret-najavljuje-novi-mars-na-novi-pazar-12-jula\/\",\"url\":\"https:\/\/sandzakpress.net\/arhiva\/cetnicki-pokret-najavljuje-novi-mars-na-novi-pazar-12-jula\/\",\"name\":\"\u010cetni\u010dki pokret najavljuje novi mar\u0161 na Novi Pazar 12. jula\",\"isPartOf\":{\"@id\":\"https:\/\/sandzakpress.net\/arhiva\/#website\"},\"primaryImageOfPage\":{\"@id\":\"https:\/\/sandzakpress.net\/arhiva\/cetnicki-pokret-najavljuje-novi-mars-na-novi-pazar-12-jula\/#primaryimage\"},\"image\":{\"@id\":\"https:\/\/sandzakpress.net\/arhiva\/cetnicki-pokret-najavljuje-novi-mars-na-novi-pazar-12-jula\/#primaryimage\"},\"thumbnailUrl\":\"https:\/\/sandzakpress.net\/arhiva\/wp-content\/uploads\/2015\/06\/novorusija-jovan-sevic-cetnici-fb-650x438.jpg\",\"datePublished\":\"2015-06-05T10:01:31+00:00\",\"dateModified\":\"2015-06-05T18:09:37+00:00\",\"breadcrumb\":{\"@id\":\"https:\/\/sandzakpress.net\/arhiva\/cetnicki-pokret-najavljuje-novi-mars-na-novi-pazar-12-jula\/#breadcrumb\"},\"inLanguage\":\"bs-BA\",\"potentialAction\":[{\"@type\":\"ReadAction\",\"target\":[\"https:\/\/sandzakpress.net\/arhiva\/cetnicki-pokret-najavljuje-novi-mars-na-novi-pazar-12-jula\/\"]}]},{\"@type\":\"ImageObject\",\"inLanguage\":\"bs-BA\",\"@id\":\"https:\/\/sandzakpress.net\/arhiva\/cetnicki-pokret-najavljuje-novi-mars-na-novi-pazar-12-jula\/#primaryimage\",\"url\":\"https:\/\/sandzakpress.net\/arhiva\/wp-content\/uploads\/2015\/06\/novorusija-jovan-sevic-cetnici-fb-650x438.jpg\",\"contentUrl\":\"https:\/\/sandzakpress.net\/arhiva\/wp-content\/uploads\/2015\/06\/novorusija-jovan-sevic-cetnici-fb-650x438.jpg\",\"width\":660,\"height\":444},{\"@type\":\"BreadcrumbList\",\"@id\":\"https:\/\/sandzakpress.net\/arhiva\/cetnicki-pokret-najavljuje-novi-mars-na-novi-pazar-12-jula\/#breadcrumb\",\"itemListElement\":[{\"@type\":\"ListItem\",\"position\":1,\"name\":\"Home\",\"item\":\"https:\/\/sandzakpress.net\/arhiva\/\"},{\"@type\":\"ListItem\",\"position\":2,\"name\":\"\u010cetni\u010dki pokret najavljuje novi mar\u0161 na Novi Pazar 12. jula\"}]},{\"@type\":\"WebSite\",\"@id\":\"https:\/\/sandzakpress.net\/arhiva\/#website\",\"url\":\"https:\/\/sandzakpress.net\/arhiva\/\",\"name\":\"Sand\u017eak PRESS\",\"description\":\"Prve elektronske novine u Sand\u017eaku\",\"publisher\":{\"@id\":\"https:\/\/sandzakpress.net\/arhiva\/#\/schema\/person\/6e72b67d6e51910a1117b3b483ba20bd\"},\"potentialAction\":[{\"@type\":\"SearchAction\",\"target\":{\"@type\":\"EntryPoint\",\"urlTemplate\":\"https:\/\/sandzakpress.net\/arhiva\/?s={search_term_string}\"},\"query-input\":{\"@type\":\"PropertyValueSpecification\",\"valueRequired\":true,\"valueName\":\"search_term_string\"}}],\"inLanguage\":\"bs-BA\"},{\"@type\":[\"Person\",\"Organization\"],\"@id\":\"https:\/\/sandzakpress.net\/arhiva\/#\/schema\/person\/6e72b67d6e51910a1117b3b483ba20bd\",\"name\":\"Kul\",\"image\":{\"@type\":\"ImageObject\",\"inLanguage\":\"bs-BA\",\"@id\":\"https:\/\/sandzakpress.net\/arhiva\/#\/schema\/person\/image\/\",\"url\":\"https:\/\/secure.gravatar.com\/avatar\/42263f39aa27ac04c43cab85c280eb2e?s=96&d=mm&r=pg\",\"contentUrl\":\"https:\/\/secure.gravatar.com\/avatar\/42263f39aa27ac04c43cab85c280eb2e?s=96&d=mm&r=pg\",\"caption\":\"Kul\"},\"logo\":{\"@id\":\"https:\/\/sandzakpress.net\/arhiva\/#\/schema\/person\/image\/\"}},{\"@type\":\"Person\",\"@id\":\"https:\/\/sandzakpress.net\/arhiva\/#\/schema\/person\/c8baee722073534b583ea7bdb2e36c02\",\"name\":\"bosniak\",\"image\":{\"@type\":\"ImageObject\",\"inLanguage\":\"bs-BA\",\"@id\":\"https:\/\/sandzakpress.net\/arhiva\/#\/schema\/person\/image\/\",\"url\":\"https:\/\/secure.gravatar.com\/avatar\/a04fd330bfe3a36a72a0ad4a6d89fca7?s=96&d=mm&r=pg\",\"contentUrl\":\"https:\/\/secure.gravatar.com\/avatar\/a04fd330bfe3a36a72a0ad4a6d89fca7?s=96&d=mm&r=pg\",\"caption\":\"bosniak\"},\"url\":\"https:\/\/sandzakpress.net\/arhiva\/author\/bosniak\/\"}]}<\/script>\n<!-- \/ Yoast SEO Premium plugin. -->","yoast_head_json":{"title":"\u010cetni\u010dki pokret najavljuje novi mar\u0161 na Novi Pazar 12. jula","robots":{"index":"index","follow":"follow","max-snippet":"max-snippet:-1","max-image-preview":"max-image-preview:large","max-video-preview":"max-video-preview:-1"},"canonical":"https:\/\/sandzakpress.net\/arhiva\/cetnicki-pokret-najavljuje-novi-mars-na-novi-pazar-12-jula\/","og_locale":"bs_BA","og_type":"article","og_title":"\u010cetni\u010dki pokret najavljuje novi mar\u0161 na Novi Pazar 12. jula","og_description":"Novi Pazar, Srbija &#8211; Revoltir\u0430ni gr\u0430fitim\u0430 koji su ispis\u0430ni u Novom P\u0430z\u0430ru n\u0430kon reh\u0430bilit\u0430cije Dr\u0430\u017ee Mih\u0430ilovi\u0107\u0430, \u010cetni\u010dki pokret n\u0430j\u0430vljuje novi m\u0430r\u0161 n\u0430 Novi P\u0430z\u0430r. U s\u0430op\u0161tenju \u010cetni\u010dkog pokret\u0430 Br\u0430tisl\u0430v\u0430 \u017divkovi\u0107\u0430 n\u0430j\u0430vljeno je d\u0430 \u0107e t\u0430 org\u0430niz\u0430cij\u0430 oti\u0107i u Novi P\u0430z\u0430r n\u0430 Petrovd\u0430n 12. jul\u0430 \u2013 \u010cetni\u010dki pokret \u0107e do\u0107i org\u0430nizov\u0430no u Novi P\u0430z\u0430r 12. jul\u0430 [&hellip;]","og_url":"https:\/\/sandzakpress.net\/arhiva\/cetnicki-pokret-najavljuje-novi-mars-na-novi-pazar-12-jula\/","og_site_name":"Sand\u017eak PRESS","article_published_time":"2015-06-05T10:01:31+00:00","article_modified_time":"2015-06-05T18:09:37+00:00","og_image":[{"width":660,"height":444,"url":"https:\/\/sandzakpress.net\/arhiva\/wp-content\/uploads\/2015\/06\/novorusija-jovan-sevic-cetnici-fb-650x438.jpg","type":"image\/jpeg"}],"author":"bosniak","twitter_card":"summary_large_image","twitter_misc":{"Written by":"bosniak","Est. reading time":"2 minute"},"schema":{"@context":"https:\/\/schema.org","@graph":[{"@type":"Article","@id":"https:\/\/sandzakpress.net\/arhiva\/cetnicki-pokret-najavljuje-novi-mars-na-novi-pazar-12-jula\/#article","isPartOf":{"@id":"https:\/\/sandzakpress.net\/arhiva\/cetnicki-pokret-najavljuje-novi-mars-na-novi-pazar-12-jula\/"},"author":{"name":"bosniak","@id":"https:\/\/sandzakpress.net\/arhiva\/#\/schema\/person\/c8baee722073534b583ea7bdb2e36c02"},"headline":"\u010cetni\u010dki pokret najavljuje novi mar\u0161 na Novi Pazar 12. jula","datePublished":"2015-06-05T10:01:31+00:00","dateModified":"2015-06-05T18:09:37+00:00","mainEntityOfPage":{"@id":"https:\/\/sandzakpress.net\/arhiva\/cetnicki-pokret-najavljuje-novi-mars-na-novi-pazar-12-jula\/"},"wordCount":284,"commentCount":87,"publisher":{"@id":"https:\/\/sandzakpress.net\/arhiva\/#\/schema\/person\/6e72b67d6e51910a1117b3b483ba20bd"},"image":{"@id":"https:\/\/sandzakpress.net\/arhiva\/cetnicki-pokret-najavljuje-novi-mars-na-novi-pazar-12-jula\/#primaryimage"},"thumbnailUrl":"https:\/\/sandzakpress.net\/arhiva\/wp-content\/uploads\/2015\/06\/novorusija-jovan-sevic-cetnici-fb-650x438.jpg","keywords":["nepravde srpske vlasti"],"articleSection":["Novi Pazar","Politika","Sjenica","Tutin","VIJESTI DANA"],"inLanguage":"bs-BA","potentialAction":[{"@type":"CommentAction","name":"Comment","target":["https:\/\/sandzakpress.net\/arhiva\/cetnicki-pokret-najavljuje-novi-mars-na-novi-pazar-12-jula\/#respond"]}]},{"@type":"WebPage","@id":"https:\/\/sandzakpress.net\/arhiva\/cetnicki-pokret-najavljuje-novi-mars-na-novi-pazar-12-jula\/","url":"https:\/\/sandzakpress.net\/arhiva\/cetnicki-pokret-najavljuje-novi-mars-na-novi-pazar-12-jula\/","name":"\u010cetni\u010dki pokret najavljuje novi mar\u0161 na Novi Pazar 12. jula","isPartOf":{"@id":"https:\/\/sandzakpress.net\/arhiva\/#website"},"primaryImageOfPage":{"@id":"https:\/\/sandzakpress.net\/arhiva\/cetnicki-pokret-najavljuje-novi-mars-na-novi-pazar-12-jula\/#primaryimage"},"image":{"@id":"https:\/\/sandzakpress.net\/arhiva\/cetnicki-pokret-najavljuje-novi-mars-na-novi-pazar-12-jula\/#primaryimage"},"thumbnailUrl":"https:\/\/sandzakpress.net\/arhiva\/wp-content\/uploads\/2015\/06\/novorusija-jovan-sevic-cetnici-fb-650x438.jpg","datePublished":"2015-06-05T10:01:31+00:00","dateModified":"2015-06-05T18:09:37+00:00","breadcrumb":{"@id":"https:\/\/sandzakpress.net\/arhiva\/cetnicki-pokret-najavljuje-novi-mars-na-novi-pazar-12-jula\/#breadcrumb"},"inLanguage":"bs-BA","potentialAction":[{"@type":"ReadAction","target":["https:\/\/sandzakpress.net\/arhiva\/cetnicki-pokret-najavljuje-novi-mars-na-novi-pazar-12-jula\/"]}]},{"@type":"ImageObject","inLanguage":"bs-BA","@id":"https:\/\/sandzakpress.net\/arhiva\/cetnicki-pokret-najavljuje-novi-mars-na-novi-pazar-12-jula\/#primaryimage","url":"https:\/\/sandzakpress.net\/arhiva\/wp-content\/uploads\/2015\/06\/novorusija-jovan-sevic-cetnici-fb-650x438.jpg","contentUrl":"https:\/\/sandzakpress.net\/arhiva\/wp-content\/uploads\/2015\/06\/novorusija-jovan-sevic-cetnici-fb-650x438.jpg","width":660,"height":444},{"@type":"BreadcrumbList","@id":"https:\/\/sandzakpress.net\/arhiva\/cetnicki-pokret-najavljuje-novi-mars-na-novi-pazar-12-jula\/#breadcrumb","itemListElement":[{"@type":"ListItem","position":1,"name":"Home","item":"https:\/\/sandzakpress.net\/arhiva\/"},{"@type":"ListItem","position":2,"name":"\u010cetni\u010dki pokret najavljuje novi mar\u0161 na Novi Pazar 12. jula"}]},{"@type":"WebSite","@id":"https:\/\/sandzakpress.net\/arhiva\/#website","url":"https:\/\/sandzakpress.net\/arhiva\/","name":"Sand\u017eak PRESS","description":"Prve elektronske novine u Sand\u017eaku","publisher":{"@id":"https:\/\/sandzakpress.net\/arhiva\/#\/schema\/person\/6e72b67d6e51910a1117b3b483ba20bd"},"potentialAction":[{"@type":"SearchAction","target":{"@type":"EntryPoint","urlTemplate":"https:\/\/sandzakpress.net\/arhiva\/?s={search_term_string}"},"query-input":{"@type":"PropertyValueSpecification","valueRequired":true,"valueName":"search_term_string"}}],"inLanguage":"bs-BA"},{"@type":["Person","Organization"],"@id":"https:\/\/sandzakpress.net\/arhiva\/#\/schema\/person\/6e72b67d6e51910a1117b3b483ba20bd","name":"Kul","image":{"@type":"ImageObject","inLanguage":"bs-BA","@id":"https:\/\/sandzakpress.net\/arhiva\/#\/schema\/person\/image\/","url":"https:\/\/secure.gravatar.com\/avatar\/42263f39aa27ac04c43cab85c280eb2e?s=96&d=mm&r=pg","contentUrl":"https:\/\/secure.gravatar.com\/avatar\/42263f39aa27ac04c43cab85c280eb2e?s=96&d=mm&r=pg","caption":"Kul"},"logo":{"@id":"https:\/\/sandzakpress.net\/arhiva\/#\/schema\/person\/image\/"}},{"@type":"Person","@id":"https:\/\/sandzakpress.net\/arhiva\/#\/schema\/person\/c8baee722073534b583ea7bdb2e36c02","name":"bosniak","image":{"@type":"ImageObject","inLanguage":"bs-BA","@id":"https:\/\/sandzakpress.net\/arhiva\/#\/schema\/person\/image\/","url":"https:\/\/secure.gravatar.com\/avatar\/a04fd330bfe3a36a72a0ad4a6d89fca7?s=96&d=mm&r=pg","contentUrl":"https:\/\/secure.gravatar.com\/avatar\/a04fd330bfe3a36a72a0ad4a6d89fca7?s=96&d=mm&r=pg","caption":"bosniak"},"url":"https:\/\/sandzakpress.net\/arhiva\/author\/bosniak\/"}]}},"_links":{"self":[{"href":"https:\/\/sandzakpress.net\/arhiva\/wp-json\/wp\/v2\/posts\/129236"}],"collection":[{"href":"https:\/\/sandzakpress.net\/arhiva\/wp-json\/wp\/v2\/posts"}],"about":[{"href":"https:\/\/sandzakpress.net\/arhiva\/wp-json\/wp\/v2\/types\/post"}],"author":[{"embeddable":true,"href":"https:\/\/sandzakpress.net\/arhiva\/wp-json\/wp\/v2\/users\/83"}],"replies":[{"embeddable":true,"href":"https:\/\/sandzakpress.net\/arhiva\/wp-json\/wp\/v2\/comments?post=129236"}],"version-history":[{"count":0,"href":"https:\/\/sandzakpress.net\/arhiva\/wp-json\/wp\/v2\/posts\/129236\/revisions"}],"wp:featuredmedia":[{"embeddable":true,"href":"https:\/\/sandzakpress.net\/arhiva\/wp-json\/wp\/v2\/media\/129237"}],"wp:attachment":[{"href":"https:\/\/sandzakpress.net\/arhiva\/wp-json\/wp\/v2\/media?parent=129236"}],"wp:term":[{"taxonomy":"category","embeddable":true,"href":"https:\/\/sandzakpress.net\/arhiva\/wp-json\/wp\/v2\/categories?post=129236"},{"taxonomy":"post_tag","embeddable":true,"href":"https:\/\/sandzakpress.net\/arhiva\/wp-json\/wp\/v2\/tags?post=129236"}],"curies":[{"name":"wp","href":"https:\/\/api.w.org\/{rel}","templated":true}]}}