{"id":129127,"date":"2015-06-03T11:42:24","date_gmt":"2015-06-03T09:42:24","guid":{"rendered":"https:\/\/sandzakpress.net\/arhiva\/?p=129127"},"modified":"2015-06-03T11:42:24","modified_gmt":"2015-06-03T09:42:24","slug":"vucic-sira-politicka-podrska-amerike-srbiji","status":"publish","type":"post","link":"https:\/\/sandzakpress.net\/arhiva\/vucic-sira-politicka-podrska-amerike-srbiji\/","title":{"rendered":"Vu\u010di\u0107: \u0160ira politi\u010dka podr\u0161ka Amerike Srbiji"},"content":{"rendered":"<p><img decoding=\"async\" src=\"http:\/\/www.sandzacke.rs\/wp-content\/uploads\/2015\/06\/Vucic-SAD.jpg\" alt=\"Vucic SAD\" \/><\/p>\n<p><strong>Amerika &#8211; Premijer Srbije Aleksandar Vu\u010di\u0107 je na po\u010detku trodnevnu posjete SAD-u u Washigtonu izjavio da bi dolazak ameri\u010dkih kompanija u Srbiju zna\u010dio \u0161iru podr\u0161ku Sjedinjenih Ameri\u010dkih Dr\u017eava.<\/strong><\/p>\n<p>Predsjednik Vlade Srbije je danas prisustvovao susretima s predstavnicima najve\u0107ih ameri\u010dkih kompanija koje su zainteresovane za ulaganja u Srbiju i s predstavnicima kompanija koje ve\u0107 posluju\u200e na teritoriji Srbije i namjeravaju pove\u0107ati svoje kapacitete.<\/p>\n<p>Vu\u010di\u0107 se danas sastao s predstavnicima kompanije General Electric s kojima je razgovarao o saradnji u oblasti energetike, zdravstva, transporta i \u200eavio industrije, prenosi se iz Kabineta premijera Srbije.<\/p>\n<p>Vu\u010di\u0107 je naglasio da je Srbija sprovela sve zakonske reforme kako bi stranim investitorima omogu\u0107ila br\u017eu i lak\u0161u \u200erealizaciju investicija. On je istakao da je Srbija spremna ameri\u010dkim kompanijama obezbijediti najbol\u0458e uslove poslovanja u regionu zapadnog Balkana i podr\u0161ku srbijanske Vlade.<\/p>\n<p>Potpredsjednik General electric Karan Batia, zadu\u017een za me\u0111unarodne odnose, izjavio je da je ova kompanija otvorena za nove investicije u Srbiji, za razmjenu dobre prakse i za otvaranje ve\u0107eg broja radnih mjesta. On je naglasio va\u017enost saradnje s Vladom Srbije na dva projekta iz oblasti obnovl\u0458ivih izvora energije, izgradnji vjetroparkova u Dolovu i Kova\u010dici.<\/p>\n<p>\u201cGeneral electric u Srbiji 11. juna organizuje \u2018Sourcing day\u2019, u saradnji s Privrednom komorom i Skup\u0161tinom Srbije, gdje \u0107e ispitati mogu\u0107nost pokretanja proizvodnje u Srbiji i anga\u017eovanje srpskih proizvo\u0111a\u010da u lancu General electric kompanija\u201d, istakao je Batia.<\/p>\n<p>Premijer se danas susreo i s menad\u017ementom kompanija ITI i NCR, kao i s predstavnicima kompanije Freeport McMoRan koji su ga o\u200ebavijestili o napretku projekta Chukaru Peki za eksploataciju bakra i zlata, 4 km sjeverno od Bora.<\/p>\n<p>Vu\u010di\u0107 je od predstavnika kompanije Freeport McMoRan zatra\u017eio i pomo\u0107 u pronala\u017eenju strate\u0161kog partnera za RTB Bor. On je, obra\u0107aju\u0107i se novinarima nakon sastanka, istakao zadovol\u0458stvo zainteresovano\u0161\u0107u ameri\u010dkih kompanija za Srbiju i naglasio da dolazak tih kompanija zna\u010di \u0161iru podr\u0161ku Sjedinjenih Ameri\u010dkih Dr\u017eava Srbiji.<\/p>\n<p>\u201cTo zna\u010di br\u017ei proces evrointegracija i \u0161iru politi\u010dku podr\u0161ku SAD-a Srbiji\u201d, zakl\u0458u\u010dio je Vu\u010di\u0107.<\/p>\n<p>Predsjednik Vlade Srbije posjeti\u0107e i kompaniju Microsoft, gdje \u0107e razgovarati o unapre\u0111enju javnog servisa za gra\u0111ane i privredu, kroz uvo\u0111enje savremenih rje\u0161enja informacione tehnologije.<\/p>\n<p>Tokom sastanka bi\u0107e rije\u010di i o mogu\u0107nostima Microsofta da, kao lider u oblasti elektronske uprave, svojim iskustvom pobol\u0458\u0161a efikasnost u radu dr\u017eavne uprave.<\/p>\n<p>Tokom popodneva po lokalnom vremenu planiran je i susret premijera Vu\u010di\u0107a sa zamjenikom dr\u017eavnog sekretara SAD-a Antonyjem Blinkenom, kao i s predstavnicima srpske dijaspore u SAD-u.<\/p>\n<p>Predsjednik Vlade Republike Srbije Aleksandar Vu\u010di\u0107 u trodnevnoj zvani\u010dnoj posjeti Sjedinjenim Ameri\u010dkim Dr\u017eavama boravi na poziv potpredsjednika te zemlje Josepha Bidena.<\/p>\n<p>(Anadolu Agency)<\/p>\n","protected":false},"excerpt":{"rendered":"<p>Amerika &#8211; Premijer Srbije Aleksandar Vu\u010di\u0107 je na po\u010detku trodnevnu posjete SAD-u u Washigtonu izjavio da bi dolazak ameri\u010dkih kompanija u Srbiju zna\u010dio \u0161iru podr\u0161ku Sjedinjenih Ameri\u010dkih Dr\u017eava. Predsjednik Vlade Srbije je danas prisustvovao susretima s predstavnicima najve\u0107ih ameri\u010dkih kompanija koje su zainteresovane za ulaganja u Srbiju i s predstavnicima kompanija koje ve\u0107 posluju\u200e na [&hellip;]<\/p>\n","protected":false},"author":83,"featured_media":129128,"comment_status":"open","ping_status":"open","sticky":false,"template":"","format":"standard","meta":{"footnotes":""},"categories":[3012,9],"tags":[],"class_list":{"0":"post-129127","1":"post","2":"type-post","3":"status-publish","4":"format-standard","5":"has-post-thumbnail","7":"category-amerika-gradovi","8":"category-svijet"},"yoast_head":"<!-- This site is optimized with the Yoast SEO Premium plugin v23.1 (Yoast SEO v24.9) - https:\/\/yoast.com\/wordpress\/plugins\/seo\/ -->\n<title>Vu\u010di\u0107: \u0160ira politi\u010dka podr\u0161ka Amerike Srbiji<\/title>\n<meta name=\"robots\" content=\"index, follow, max-snippet:-1, max-image-preview:large, max-video-preview:-1\" \/>\n<link rel=\"canonical\" href=\"https:\/\/sandzakpress.net\/arhiva\/vucic-sira-politicka-podrska-amerike-srbiji\/\" \/>\n<meta property=\"og:locale\" content=\"bs_BA\" \/>\n<meta property=\"og:type\" content=\"article\" \/>\n<meta property=\"og:title\" content=\"Vu\u010di\u0107: \u0160ira politi\u010dka podr\u0161ka Amerike Srbiji\" \/>\n<meta property=\"og:description\" content=\"Amerika &#8211; Premijer Srbije Aleksandar Vu\u010di\u0107 je na po\u010detku trodnevnu posjete SAD-u u Washigtonu izjavio da bi dolazak ameri\u010dkih kompanija u Srbiju zna\u010dio \u0161iru podr\u0161ku Sjedinjenih Ameri\u010dkih Dr\u017eava. Predsjednik Vlade Srbije je danas prisustvovao susretima s predstavnicima najve\u0107ih ameri\u010dkih kompanija koje su zainteresovane za ulaganja u Srbiju i s predstavnicima kompanija koje ve\u0107 posluju\u200e na [&hellip;]\" \/>\n<meta property=\"og:url\" content=\"https:\/\/sandzakpress.net\/arhiva\/vucic-sira-politicka-podrska-amerike-srbiji\/\" \/>\n<meta property=\"og:site_name\" content=\"Sand\u017eak PRESS\" \/>\n<meta property=\"article:published_time\" content=\"2015-06-03T09:42:24+00:00\" \/>\n<meta property=\"og:image\" content=\"https:\/\/sandzakpress.net\/arhiva\/wp-content\/uploads\/2015\/06\/Vucic-SAD.jpg\" \/>\n\t<meta property=\"og:image:width\" content=\"620\" \/>\n\t<meta property=\"og:image:height\" content=\"400\" \/>\n\t<meta property=\"og:image:type\" content=\"image\/jpeg\" \/>\n<meta name=\"author\" content=\"bosniak\" \/>\n<meta name=\"twitter:card\" content=\"summary_large_image\" \/>\n<meta name=\"twitter:label1\" content=\"Written by\" \/>\n\t<meta name=\"twitter:data1\" content=\"bosniak\" \/>\n\t<meta name=\"twitter:label2\" content=\"Est. reading time\" \/>\n\t<meta name=\"twitter:data2\" content=\"2 minute\" \/>\n<script type=\"application\/ld+json\" class=\"yoast-schema-graph\">{\"@context\":\"https:\/\/schema.org\",\"@graph\":[{\"@type\":\"Article\",\"@id\":\"https:\/\/sandzakpress.net\/arhiva\/vucic-sira-politicka-podrska-amerike-srbiji\/#article\",\"isPartOf\":{\"@id\":\"https:\/\/sandzakpress.net\/arhiva\/vucic-sira-politicka-podrska-amerike-srbiji\/\"},\"author\":{\"name\":\"bosniak\",\"@id\":\"https:\/\/sandzakpress.net\/arhiva\/#\/schema\/person\/c8baee722073534b583ea7bdb2e36c02\"},\"headline\":\"Vu\u010di\u0107: \u0160ira politi\u010dka podr\u0161ka Amerike Srbiji\",\"datePublished\":\"2015-06-03T09:42:24+00:00\",\"mainEntityOfPage\":{\"@id\":\"https:\/\/sandzakpress.net\/arhiva\/vucic-sira-politicka-podrska-amerike-srbiji\/\"},\"wordCount\":489,\"commentCount\":10,\"publisher\":{\"@id\":\"https:\/\/sandzakpress.net\/arhiva\/#\/schema\/person\/6e72b67d6e51910a1117b3b483ba20bd\"},\"image\":{\"@id\":\"https:\/\/sandzakpress.net\/arhiva\/vucic-sira-politicka-podrska-amerike-srbiji\/#primaryimage\"},\"thumbnailUrl\":\"https:\/\/sandzakpress.net\/arhiva\/wp-content\/uploads\/2015\/06\/Vucic-SAD.jpg\",\"articleSection\":[\"Amerika\",\"Svijet\"],\"inLanguage\":\"bs-BA\",\"potentialAction\":[{\"@type\":\"CommentAction\",\"name\":\"Comment\",\"target\":[\"https:\/\/sandzakpress.net\/arhiva\/vucic-sira-politicka-podrska-amerike-srbiji\/#respond\"]}]},{\"@type\":\"WebPage\",\"@id\":\"https:\/\/sandzakpress.net\/arhiva\/vucic-sira-politicka-podrska-amerike-srbiji\/\",\"url\":\"https:\/\/sandzakpress.net\/arhiva\/vucic-sira-politicka-podrska-amerike-srbiji\/\",\"name\":\"Vu\u010di\u0107: \u0160ira politi\u010dka podr\u0161ka Amerike Srbiji\",\"isPartOf\":{\"@id\":\"https:\/\/sandzakpress.net\/arhiva\/#website\"},\"primaryImageOfPage\":{\"@id\":\"https:\/\/sandzakpress.net\/arhiva\/vucic-sira-politicka-podrska-amerike-srbiji\/#primaryimage\"},\"image\":{\"@id\":\"https:\/\/sandzakpress.net\/arhiva\/vucic-sira-politicka-podrska-amerike-srbiji\/#primaryimage\"},\"thumbnailUrl\":\"https:\/\/sandzakpress.net\/arhiva\/wp-content\/uploads\/2015\/06\/Vucic-SAD.jpg\",\"datePublished\":\"2015-06-03T09:42:24+00:00\",\"breadcrumb\":{\"@id\":\"https:\/\/sandzakpress.net\/arhiva\/vucic-sira-politicka-podrska-amerike-srbiji\/#breadcrumb\"},\"inLanguage\":\"bs-BA\",\"potentialAction\":[{\"@type\":\"ReadAction\",\"target\":[\"https:\/\/sandzakpress.net\/arhiva\/vucic-sira-politicka-podrska-amerike-srbiji\/\"]}]},{\"@type\":\"ImageObject\",\"inLanguage\":\"bs-BA\",\"@id\":\"https:\/\/sandzakpress.net\/arhiva\/vucic-sira-politicka-podrska-amerike-srbiji\/#primaryimage\",\"url\":\"https:\/\/sandzakpress.net\/arhiva\/wp-content\/uploads\/2015\/06\/Vucic-SAD.jpg\",\"contentUrl\":\"https:\/\/sandzakpress.net\/arhiva\/wp-content\/uploads\/2015\/06\/Vucic-SAD.jpg\",\"width\":620,\"height\":400},{\"@type\":\"BreadcrumbList\",\"@id\":\"https:\/\/sandzakpress.net\/arhiva\/vucic-sira-politicka-podrska-amerike-srbiji\/#breadcrumb\",\"itemListElement\":[{\"@type\":\"ListItem\",\"position\":1,\"name\":\"Home\",\"item\":\"https:\/\/sandzakpress.net\/arhiva\/\"},{\"@type\":\"ListItem\",\"position\":2,\"name\":\"Vu\u010di\u0107: \u0160ira politi\u010dka podr\u0161ka Amerike Srbiji\"}]},{\"@type\":\"WebSite\",\"@id\":\"https:\/\/sandzakpress.net\/arhiva\/#website\",\"url\":\"https:\/\/sandzakpress.net\/arhiva\/\",\"name\":\"Sand\u017eak PRESS\",\"description\":\"Prve elektronske novine u Sand\u017eaku\",\"publisher\":{\"@id\":\"https:\/\/sandzakpress.net\/arhiva\/#\/schema\/person\/6e72b67d6e51910a1117b3b483ba20bd\"},\"potentialAction\":[{\"@type\":\"SearchAction\",\"target\":{\"@type\":\"EntryPoint\",\"urlTemplate\":\"https:\/\/sandzakpress.net\/arhiva\/?s={search_term_string}\"},\"query-input\":{\"@type\":\"PropertyValueSpecification\",\"valueRequired\":true,\"valueName\":\"search_term_string\"}}],\"inLanguage\":\"bs-BA\"},{\"@type\":[\"Person\",\"Organization\"],\"@id\":\"https:\/\/sandzakpress.net\/arhiva\/#\/schema\/person\/6e72b67d6e51910a1117b3b483ba20bd\",\"name\":\"Kul\",\"image\":{\"@type\":\"ImageObject\",\"inLanguage\":\"bs-BA\",\"@id\":\"https:\/\/sandzakpress.net\/arhiva\/#\/schema\/person\/image\/\",\"url\":\"https:\/\/secure.gravatar.com\/avatar\/42263f39aa27ac04c43cab85c280eb2e?s=96&d=mm&r=pg\",\"contentUrl\":\"https:\/\/secure.gravatar.com\/avatar\/42263f39aa27ac04c43cab85c280eb2e?s=96&d=mm&r=pg\",\"caption\":\"Kul\"},\"logo\":{\"@id\":\"https:\/\/sandzakpress.net\/arhiva\/#\/schema\/person\/image\/\"}},{\"@type\":\"Person\",\"@id\":\"https:\/\/sandzakpress.net\/arhiva\/#\/schema\/person\/c8baee722073534b583ea7bdb2e36c02\",\"name\":\"bosniak\",\"image\":{\"@type\":\"ImageObject\",\"inLanguage\":\"bs-BA\",\"@id\":\"https:\/\/sandzakpress.net\/arhiva\/#\/schema\/person\/image\/\",\"url\":\"https:\/\/secure.gravatar.com\/avatar\/a04fd330bfe3a36a72a0ad4a6d89fca7?s=96&d=mm&r=pg\",\"contentUrl\":\"https:\/\/secure.gravatar.com\/avatar\/a04fd330bfe3a36a72a0ad4a6d89fca7?s=96&d=mm&r=pg\",\"caption\":\"bosniak\"},\"url\":\"https:\/\/sandzakpress.net\/arhiva\/author\/bosniak\/\"}]}<\/script>\n<!-- \/ Yoast SEO Premium plugin. -->","yoast_head_json":{"title":"Vu\u010di\u0107: \u0160ira politi\u010dka podr\u0161ka Amerike Srbiji","robots":{"index":"index","follow":"follow","max-snippet":"max-snippet:-1","max-image-preview":"max-image-preview:large","max-video-preview":"max-video-preview:-1"},"canonical":"https:\/\/sandzakpress.net\/arhiva\/vucic-sira-politicka-podrska-amerike-srbiji\/","og_locale":"bs_BA","og_type":"article","og_title":"Vu\u010di\u0107: \u0160ira politi\u010dka podr\u0161ka Amerike Srbiji","og_description":"Amerika &#8211; Premijer Srbije Aleksandar Vu\u010di\u0107 je na po\u010detku trodnevnu posjete SAD-u u Washigtonu izjavio da bi dolazak ameri\u010dkih kompanija u Srbiju zna\u010dio \u0161iru podr\u0161ku Sjedinjenih Ameri\u010dkih Dr\u017eava. Predsjednik Vlade Srbije je danas prisustvovao susretima s predstavnicima najve\u0107ih ameri\u010dkih kompanija koje su zainteresovane za ulaganja u Srbiju i s predstavnicima kompanija koje ve\u0107 posluju\u200e na [&hellip;]","og_url":"https:\/\/sandzakpress.net\/arhiva\/vucic-sira-politicka-podrska-amerike-srbiji\/","og_site_name":"Sand\u017eak PRESS","article_published_time":"2015-06-03T09:42:24+00:00","og_image":[{"width":620,"height":400,"url":"https:\/\/sandzakpress.net\/arhiva\/wp-content\/uploads\/2015\/06\/Vucic-SAD.jpg","type":"image\/jpeg"}],"author":"bosniak","twitter_card":"summary_large_image","twitter_misc":{"Written by":"bosniak","Est. reading time":"2 minute"},"schema":{"@context":"https:\/\/schema.org","@graph":[{"@type":"Article","@id":"https:\/\/sandzakpress.net\/arhiva\/vucic-sira-politicka-podrska-amerike-srbiji\/#article","isPartOf":{"@id":"https:\/\/sandzakpress.net\/arhiva\/vucic-sira-politicka-podrska-amerike-srbiji\/"},"author":{"name":"bosniak","@id":"https:\/\/sandzakpress.net\/arhiva\/#\/schema\/person\/c8baee722073534b583ea7bdb2e36c02"},"headline":"Vu\u010di\u0107: \u0160ira politi\u010dka podr\u0161ka Amerike Srbiji","datePublished":"2015-06-03T09:42:24+00:00","mainEntityOfPage":{"@id":"https:\/\/sandzakpress.net\/arhiva\/vucic-sira-politicka-podrska-amerike-srbiji\/"},"wordCount":489,"commentCount":10,"publisher":{"@id":"https:\/\/sandzakpress.net\/arhiva\/#\/schema\/person\/6e72b67d6e51910a1117b3b483ba20bd"},"image":{"@id":"https:\/\/sandzakpress.net\/arhiva\/vucic-sira-politicka-podrska-amerike-srbiji\/#primaryimage"},"thumbnailUrl":"https:\/\/sandzakpress.net\/arhiva\/wp-content\/uploads\/2015\/06\/Vucic-SAD.jpg","articleSection":["Amerika","Svijet"],"inLanguage":"bs-BA","potentialAction":[{"@type":"CommentAction","name":"Comment","target":["https:\/\/sandzakpress.net\/arhiva\/vucic-sira-politicka-podrska-amerike-srbiji\/#respond"]}]},{"@type":"WebPage","@id":"https:\/\/sandzakpress.net\/arhiva\/vucic-sira-politicka-podrska-amerike-srbiji\/","url":"https:\/\/sandzakpress.net\/arhiva\/vucic-sira-politicka-podrska-amerike-srbiji\/","name":"Vu\u010di\u0107: \u0160ira politi\u010dka podr\u0161ka Amerike Srbiji","isPartOf":{"@id":"https:\/\/sandzakpress.net\/arhiva\/#website"},"primaryImageOfPage":{"@id":"https:\/\/sandzakpress.net\/arhiva\/vucic-sira-politicka-podrska-amerike-srbiji\/#primaryimage"},"image":{"@id":"https:\/\/sandzakpress.net\/arhiva\/vucic-sira-politicka-podrska-amerike-srbiji\/#primaryimage"},"thumbnailUrl":"https:\/\/sandzakpress.net\/arhiva\/wp-content\/uploads\/2015\/06\/Vucic-SAD.jpg","datePublished":"2015-06-03T09:42:24+00:00","breadcrumb":{"@id":"https:\/\/sandzakpress.net\/arhiva\/vucic-sira-politicka-podrska-amerike-srbiji\/#breadcrumb"},"inLanguage":"bs-BA","potentialAction":[{"@type":"ReadAction","target":["https:\/\/sandzakpress.net\/arhiva\/vucic-sira-politicka-podrska-amerike-srbiji\/"]}]},{"@type":"ImageObject","inLanguage":"bs-BA","@id":"https:\/\/sandzakpress.net\/arhiva\/vucic-sira-politicka-podrska-amerike-srbiji\/#primaryimage","url":"https:\/\/sandzakpress.net\/arhiva\/wp-content\/uploads\/2015\/06\/Vucic-SAD.jpg","contentUrl":"https:\/\/sandzakpress.net\/arhiva\/wp-content\/uploads\/2015\/06\/Vucic-SAD.jpg","width":620,"height":400},{"@type":"BreadcrumbList","@id":"https:\/\/sandzakpress.net\/arhiva\/vucic-sira-politicka-podrska-amerike-srbiji\/#breadcrumb","itemListElement":[{"@type":"ListItem","position":1,"name":"Home","item":"https:\/\/sandzakpress.net\/arhiva\/"},{"@type":"ListItem","position":2,"name":"Vu\u010di\u0107: \u0160ira politi\u010dka podr\u0161ka Amerike Srbiji"}]},{"@type":"WebSite","@id":"https:\/\/sandzakpress.net\/arhiva\/#website","url":"https:\/\/sandzakpress.net\/arhiva\/","name":"Sand\u017eak PRESS","description":"Prve elektronske novine u Sand\u017eaku","publisher":{"@id":"https:\/\/sandzakpress.net\/arhiva\/#\/schema\/person\/6e72b67d6e51910a1117b3b483ba20bd"},"potentialAction":[{"@type":"SearchAction","target":{"@type":"EntryPoint","urlTemplate":"https:\/\/sandzakpress.net\/arhiva\/?s={search_term_string}"},"query-input":{"@type":"PropertyValueSpecification","valueRequired":true,"valueName":"search_term_string"}}],"inLanguage":"bs-BA"},{"@type":["Person","Organization"],"@id":"https:\/\/sandzakpress.net\/arhiva\/#\/schema\/person\/6e72b67d6e51910a1117b3b483ba20bd","name":"Kul","image":{"@type":"ImageObject","inLanguage":"bs-BA","@id":"https:\/\/sandzakpress.net\/arhiva\/#\/schema\/person\/image\/","url":"https:\/\/secure.gravatar.com\/avatar\/42263f39aa27ac04c43cab85c280eb2e?s=96&d=mm&r=pg","contentUrl":"https:\/\/secure.gravatar.com\/avatar\/42263f39aa27ac04c43cab85c280eb2e?s=96&d=mm&r=pg","caption":"Kul"},"logo":{"@id":"https:\/\/sandzakpress.net\/arhiva\/#\/schema\/person\/image\/"}},{"@type":"Person","@id":"https:\/\/sandzakpress.net\/arhiva\/#\/schema\/person\/c8baee722073534b583ea7bdb2e36c02","name":"bosniak","image":{"@type":"ImageObject","inLanguage":"bs-BA","@id":"https:\/\/sandzakpress.net\/arhiva\/#\/schema\/person\/image\/","url":"https:\/\/secure.gravatar.com\/avatar\/a04fd330bfe3a36a72a0ad4a6d89fca7?s=96&d=mm&r=pg","contentUrl":"https:\/\/secure.gravatar.com\/avatar\/a04fd330bfe3a36a72a0ad4a6d89fca7?s=96&d=mm&r=pg","caption":"bosniak"},"url":"https:\/\/sandzakpress.net\/arhiva\/author\/bosniak\/"}]}},"_links":{"self":[{"href":"https:\/\/sandzakpress.net\/arhiva\/wp-json\/wp\/v2\/posts\/129127"}],"collection":[{"href":"https:\/\/sandzakpress.net\/arhiva\/wp-json\/wp\/v2\/posts"}],"about":[{"href":"https:\/\/sandzakpress.net\/arhiva\/wp-json\/wp\/v2\/types\/post"}],"author":[{"embeddable":true,"href":"https:\/\/sandzakpress.net\/arhiva\/wp-json\/wp\/v2\/users\/83"}],"replies":[{"embeddable":true,"href":"https:\/\/sandzakpress.net\/arhiva\/wp-json\/wp\/v2\/comments?post=129127"}],"version-history":[{"count":0,"href":"https:\/\/sandzakpress.net\/arhiva\/wp-json\/wp\/v2\/posts\/129127\/revisions"}],"wp:featuredmedia":[{"embeddable":true,"href":"https:\/\/sandzakpress.net\/arhiva\/wp-json\/wp\/v2\/media\/129128"}],"wp:attachment":[{"href":"https:\/\/sandzakpress.net\/arhiva\/wp-json\/wp\/v2\/media?parent=129127"}],"wp:term":[{"taxonomy":"category","embeddable":true,"href":"https:\/\/sandzakpress.net\/arhiva\/wp-json\/wp\/v2\/categories?post=129127"},{"taxonomy":"post_tag","embeddable":true,"href":"https:\/\/sandzakpress.net\/arhiva\/wp-json\/wp\/v2\/tags?post=129127"}],"curies":[{"name":"wp","href":"https:\/\/api.w.org\/{rel}","templated":true}]}}