{"id":129089,"date":"2015-06-02T15:02:21","date_gmt":"2015-06-02T13:02:21","guid":{"rendered":"https:\/\/sandzakpress.net\/arhiva\/?p=129089"},"modified":"2015-06-02T15:02:21","modified_gmt":"2015-06-02T13:02:21","slug":"saudijski-ministar-kaze-da-znak-rabia-odbacuje-ubijanje-i-razaranje","status":"publish","type":"post","link":"https:\/\/sandzakpress.net\/arhiva\/saudijski-ministar-kaze-da-znak-rabia-odbacuje-ubijanje-i-razaranje\/","title":{"rendered":"Saudijski ministar ka\u017ee da znak Rabia odbacuje ubijanje i razaranje"},"content":{"rendered":"<p><img decoding=\"async\" src=\"http:\/\/www.islambosna.ba\/wp-content\/uploads\/2015\/06\/His-Excellency-the-Minister-of-Islamic-Affairs-Saleh-bin-Abdulaziz-Al-al-Sheikh.-.jpg\" alt=\"\" \/><\/p>\n<p><strong>Svijet &#8211; Ministar vjera Saudijske Arabije opisao je znak Rabia, \u010detiri prsta, koja su koristili protivnici dr\u017eavnog udara na egipatskog predsjednika Muhammeda Mursija znakom odbijanja ubijanja i razaranja. Prema Salihu Ali e\u0161-\u0160ejhu to nije zlo\u010din kako to navode egipatske vlasti.<\/strong><\/p>\n<p>Prema novinama El-Hajat on je kazao da oni koji podi\u017eu znak Rabia to ne rade nu\u017eno iz simpatija prema Muslimanskoj bra\u0107i kao organizaciji. Oni iskazuju svoje nezadovoljstvo sa onim \u0161to se dogodilo, insistira on.<\/p>\n<p>\u201cKraljevina Saudijska Arabija sprovodi islam\u201d, kazao je ministar e\u0161-\u0160ejh. \u201cDa se program Muslimanske bra\u0107e sprovodi postigli bi ne\u0161to od onoga \u0161to se realizuje u Kraljevini. Oni koji su posjetili Saudijsku Arabiju iz vrha vo\u0111a Muslimanske bra\u0107e vratili su se s pozitivnom slikom o njihovoj implementaciji \u0160erijata\u201d.<\/p>\n<p>Me\u0111utim, on je dodao da takmi\u010darski projekat Bra\u0107e kritikuje saudijsku politiku i da \u010dlanovi organizacije vjeruju da moraju kritikovati svoje konkuretne kako bi osnovali vlastitu dr\u017eavu.<\/p>\n<p>Ministar je pojasnio da bilo koji imam koji je dr\u017eao d\u017eumansku hutbu ili predavanje u saudijskim d\u017eamija o onome \u0161to se dogodilo na Rabi je pozvan na odgovornost jer dono\u0161enje politi\u010dkih komentara je prerogativ dr\u017eave a ne pojedinaca.<\/p>\n<p>IslamBosna.ba<\/p>\n","protected":false},"excerpt":{"rendered":"<p>Svijet &#8211; Ministar vjera Saudijske Arabije opisao je znak Rabia, \u010detiri prsta, koja su koristili protivnici dr\u017eavnog udara na egipatskog predsjednika Muhammeda Mursija znakom odbijanja ubijanja i razaranja. Prema Salihu Ali e\u0161-\u0160ejhu to nije zlo\u010din kako to navode egipatske vlasti. Prema novinama El-Hajat on je kazao da oni koji podi\u017eu znak Rabia to ne rade [&hellip;]<\/p>\n","protected":false},"author":83,"featured_media":129095,"comment_status":"open","ping_status":"open","sticky":false,"template":"","format":"standard","meta":{"footnotes":""},"categories":[10512],"tags":[],"class_list":{"0":"post-129089","1":"post","2":"type-post","3":"status-publish","4":"format-standard","5":"has-post-thumbnail","7":"category-islamski-svijet"},"yoast_head":"<!-- This site is optimized with the Yoast SEO Premium plugin v23.1 (Yoast SEO v24.9) - https:\/\/yoast.com\/wordpress\/plugins\/seo\/ -->\n<title>Saudijski ministar ka\u017ee da znak Rabia odbacuje ubijanje i razaranje<\/title>\n<meta name=\"robots\" content=\"index, follow, max-snippet:-1, max-image-preview:large, max-video-preview:-1\" \/>\n<link rel=\"canonical\" href=\"https:\/\/sandzakpress.net\/arhiva\/saudijski-ministar-kaze-da-znak-rabia-odbacuje-ubijanje-i-razaranje\/\" \/>\n<meta property=\"og:locale\" content=\"bs_BA\" \/>\n<meta property=\"og:type\" content=\"article\" \/>\n<meta property=\"og:title\" content=\"Saudijski ministar ka\u017ee da znak Rabia odbacuje ubijanje i razaranje\" \/>\n<meta property=\"og:description\" content=\"Svijet &#8211; Ministar vjera Saudijske Arabije opisao je znak Rabia, \u010detiri prsta, koja su koristili protivnici dr\u017eavnog udara na egipatskog predsjednika Muhammeda Mursija znakom odbijanja ubijanja i razaranja. Prema Salihu Ali e\u0161-\u0160ejhu to nije zlo\u010din kako to navode egipatske vlasti. Prema novinama El-Hajat on je kazao da oni koji podi\u017eu znak Rabia to ne rade [&hellip;]\" \/>\n<meta property=\"og:url\" content=\"https:\/\/sandzakpress.net\/arhiva\/saudijski-ministar-kaze-da-znak-rabia-odbacuje-ubijanje-i-razaranje\/\" \/>\n<meta property=\"og:site_name\" content=\"Sand\u017eak PRESS\" \/>\n<meta property=\"article:published_time\" content=\"2015-06-02T13:02:21+00:00\" \/>\n<meta property=\"og:image\" content=\"https:\/\/sandzakpress.net\/arhiva\/wp-content\/uploads\/2015\/06\/His-Excellency-the-Minister-of-Islamic-Affairs-Saleh-bin-Abdulaziz-Al-al-Sheikh.-.jpg\" \/>\n\t<meta property=\"og:image:width\" content=\"849\" \/>\n\t<meta property=\"og:image:height\" content=\"467\" \/>\n\t<meta property=\"og:image:type\" content=\"image\/jpeg\" \/>\n<meta name=\"author\" content=\"bosniak\" \/>\n<meta name=\"twitter:card\" content=\"summary_large_image\" \/>\n<meta name=\"twitter:label1\" content=\"Written by\" \/>\n\t<meta name=\"twitter:data1\" content=\"bosniak\" \/>\n\t<meta name=\"twitter:label2\" content=\"Est. reading time\" \/>\n\t<meta name=\"twitter:data2\" content=\"1 minuta\" \/>\n<script type=\"application\/ld+json\" class=\"yoast-schema-graph\">{\"@context\":\"https:\/\/schema.org\",\"@graph\":[{\"@type\":\"Article\",\"@id\":\"https:\/\/sandzakpress.net\/arhiva\/saudijski-ministar-kaze-da-znak-rabia-odbacuje-ubijanje-i-razaranje\/#article\",\"isPartOf\":{\"@id\":\"https:\/\/sandzakpress.net\/arhiva\/saudijski-ministar-kaze-da-znak-rabia-odbacuje-ubijanje-i-razaranje\/\"},\"author\":{\"name\":\"bosniak\",\"@id\":\"https:\/\/sandzakpress.net\/arhiva\/#\/schema\/person\/c8baee722073534b583ea7bdb2e36c02\"},\"headline\":\"Saudijski ministar ka\u017ee da znak Rabia odbacuje ubijanje i razaranje\",\"datePublished\":\"2015-06-02T13:02:21+00:00\",\"mainEntityOfPage\":{\"@id\":\"https:\/\/sandzakpress.net\/arhiva\/saudijski-ministar-kaze-da-znak-rabia-odbacuje-ubijanje-i-razaranje\/\"},\"wordCount\":220,\"commentCount\":6,\"publisher\":{\"@id\":\"https:\/\/sandzakpress.net\/arhiva\/#\/schema\/person\/6e72b67d6e51910a1117b3b483ba20bd\"},\"image\":{\"@id\":\"https:\/\/sandzakpress.net\/arhiva\/saudijski-ministar-kaze-da-znak-rabia-odbacuje-ubijanje-i-razaranje\/#primaryimage\"},\"thumbnailUrl\":\"https:\/\/sandzakpress.net\/arhiva\/wp-content\/uploads\/2015\/06\/His-Excellency-the-Minister-of-Islamic-Affairs-Saleh-bin-Abdulaziz-Al-al-Sheikh.-.jpg\",\"articleSection\":[\"Islamski svijet\"],\"inLanguage\":\"bs-BA\",\"potentialAction\":[{\"@type\":\"CommentAction\",\"name\":\"Comment\",\"target\":[\"https:\/\/sandzakpress.net\/arhiva\/saudijski-ministar-kaze-da-znak-rabia-odbacuje-ubijanje-i-razaranje\/#respond\"]}]},{\"@type\":\"WebPage\",\"@id\":\"https:\/\/sandzakpress.net\/arhiva\/saudijski-ministar-kaze-da-znak-rabia-odbacuje-ubijanje-i-razaranje\/\",\"url\":\"https:\/\/sandzakpress.net\/arhiva\/saudijski-ministar-kaze-da-znak-rabia-odbacuje-ubijanje-i-razaranje\/\",\"name\":\"Saudijski ministar ka\u017ee da znak Rabia odbacuje ubijanje i razaranje\",\"isPartOf\":{\"@id\":\"https:\/\/sandzakpress.net\/arhiva\/#website\"},\"primaryImageOfPage\":{\"@id\":\"https:\/\/sandzakpress.net\/arhiva\/saudijski-ministar-kaze-da-znak-rabia-odbacuje-ubijanje-i-razaranje\/#primaryimage\"},\"image\":{\"@id\":\"https:\/\/sandzakpress.net\/arhiva\/saudijski-ministar-kaze-da-znak-rabia-odbacuje-ubijanje-i-razaranje\/#primaryimage\"},\"thumbnailUrl\":\"https:\/\/sandzakpress.net\/arhiva\/wp-content\/uploads\/2015\/06\/His-Excellency-the-Minister-of-Islamic-Affairs-Saleh-bin-Abdulaziz-Al-al-Sheikh.-.jpg\",\"datePublished\":\"2015-06-02T13:02:21+00:00\",\"breadcrumb\":{\"@id\":\"https:\/\/sandzakpress.net\/arhiva\/saudijski-ministar-kaze-da-znak-rabia-odbacuje-ubijanje-i-razaranje\/#breadcrumb\"},\"inLanguage\":\"bs-BA\",\"potentialAction\":[{\"@type\":\"ReadAction\",\"target\":[\"https:\/\/sandzakpress.net\/arhiva\/saudijski-ministar-kaze-da-znak-rabia-odbacuje-ubijanje-i-razaranje\/\"]}]},{\"@type\":\"ImageObject\",\"inLanguage\":\"bs-BA\",\"@id\":\"https:\/\/sandzakpress.net\/arhiva\/saudijski-ministar-kaze-da-znak-rabia-odbacuje-ubijanje-i-razaranje\/#primaryimage\",\"url\":\"https:\/\/sandzakpress.net\/arhiva\/wp-content\/uploads\/2015\/06\/His-Excellency-the-Minister-of-Islamic-Affairs-Saleh-bin-Abdulaziz-Al-al-Sheikh.-.jpg\",\"contentUrl\":\"https:\/\/sandzakpress.net\/arhiva\/wp-content\/uploads\/2015\/06\/His-Excellency-the-Minister-of-Islamic-Affairs-Saleh-bin-Abdulaziz-Al-al-Sheikh.-.jpg\",\"width\":849,\"height\":467},{\"@type\":\"BreadcrumbList\",\"@id\":\"https:\/\/sandzakpress.net\/arhiva\/saudijski-ministar-kaze-da-znak-rabia-odbacuje-ubijanje-i-razaranje\/#breadcrumb\",\"itemListElement\":[{\"@type\":\"ListItem\",\"position\":1,\"name\":\"Home\",\"item\":\"https:\/\/sandzakpress.net\/arhiva\/\"},{\"@type\":\"ListItem\",\"position\":2,\"name\":\"Saudijski ministar ka\u017ee da znak Rabia odbacuje ubijanje i razaranje\"}]},{\"@type\":\"WebSite\",\"@id\":\"https:\/\/sandzakpress.net\/arhiva\/#website\",\"url\":\"https:\/\/sandzakpress.net\/arhiva\/\",\"name\":\"Sand\u017eak PRESS\",\"description\":\"Prve elektronske novine u Sand\u017eaku\",\"publisher\":{\"@id\":\"https:\/\/sandzakpress.net\/arhiva\/#\/schema\/person\/6e72b67d6e51910a1117b3b483ba20bd\"},\"potentialAction\":[{\"@type\":\"SearchAction\",\"target\":{\"@type\":\"EntryPoint\",\"urlTemplate\":\"https:\/\/sandzakpress.net\/arhiva\/?s={search_term_string}\"},\"query-input\":{\"@type\":\"PropertyValueSpecification\",\"valueRequired\":true,\"valueName\":\"search_term_string\"}}],\"inLanguage\":\"bs-BA\"},{\"@type\":[\"Person\",\"Organization\"],\"@id\":\"https:\/\/sandzakpress.net\/arhiva\/#\/schema\/person\/6e72b67d6e51910a1117b3b483ba20bd\",\"name\":\"Kul\",\"image\":{\"@type\":\"ImageObject\",\"inLanguage\":\"bs-BA\",\"@id\":\"https:\/\/sandzakpress.net\/arhiva\/#\/schema\/person\/image\/\",\"url\":\"https:\/\/secure.gravatar.com\/avatar\/42263f39aa27ac04c43cab85c280eb2e?s=96&d=mm&r=pg\",\"contentUrl\":\"https:\/\/secure.gravatar.com\/avatar\/42263f39aa27ac04c43cab85c280eb2e?s=96&d=mm&r=pg\",\"caption\":\"Kul\"},\"logo\":{\"@id\":\"https:\/\/sandzakpress.net\/arhiva\/#\/schema\/person\/image\/\"}},{\"@type\":\"Person\",\"@id\":\"https:\/\/sandzakpress.net\/arhiva\/#\/schema\/person\/c8baee722073534b583ea7bdb2e36c02\",\"name\":\"bosniak\",\"image\":{\"@type\":\"ImageObject\",\"inLanguage\":\"bs-BA\",\"@id\":\"https:\/\/sandzakpress.net\/arhiva\/#\/schema\/person\/image\/\",\"url\":\"https:\/\/secure.gravatar.com\/avatar\/a04fd330bfe3a36a72a0ad4a6d89fca7?s=96&d=mm&r=pg\",\"contentUrl\":\"https:\/\/secure.gravatar.com\/avatar\/a04fd330bfe3a36a72a0ad4a6d89fca7?s=96&d=mm&r=pg\",\"caption\":\"bosniak\"},\"url\":\"https:\/\/sandzakpress.net\/arhiva\/author\/bosniak\/\"}]}<\/script>\n<!-- \/ Yoast SEO Premium plugin. -->","yoast_head_json":{"title":"Saudijski ministar ka\u017ee da znak Rabia odbacuje ubijanje i razaranje","robots":{"index":"index","follow":"follow","max-snippet":"max-snippet:-1","max-image-preview":"max-image-preview:large","max-video-preview":"max-video-preview:-1"},"canonical":"https:\/\/sandzakpress.net\/arhiva\/saudijski-ministar-kaze-da-znak-rabia-odbacuje-ubijanje-i-razaranje\/","og_locale":"bs_BA","og_type":"article","og_title":"Saudijski ministar ka\u017ee da znak Rabia odbacuje ubijanje i razaranje","og_description":"Svijet &#8211; Ministar vjera Saudijske Arabije opisao je znak Rabia, \u010detiri prsta, koja su koristili protivnici dr\u017eavnog udara na egipatskog predsjednika Muhammeda Mursija znakom odbijanja ubijanja i razaranja. Prema Salihu Ali e\u0161-\u0160ejhu to nije zlo\u010din kako to navode egipatske vlasti. Prema novinama El-Hajat on je kazao da oni koji podi\u017eu znak Rabia to ne rade [&hellip;]","og_url":"https:\/\/sandzakpress.net\/arhiva\/saudijski-ministar-kaze-da-znak-rabia-odbacuje-ubijanje-i-razaranje\/","og_site_name":"Sand\u017eak PRESS","article_published_time":"2015-06-02T13:02:21+00:00","og_image":[{"width":849,"height":467,"url":"https:\/\/sandzakpress.net\/arhiva\/wp-content\/uploads\/2015\/06\/His-Excellency-the-Minister-of-Islamic-Affairs-Saleh-bin-Abdulaziz-Al-al-Sheikh.-.jpg","type":"image\/jpeg"}],"author":"bosniak","twitter_card":"summary_large_image","twitter_misc":{"Written by":"bosniak","Est. reading time":"1 minuta"},"schema":{"@context":"https:\/\/schema.org","@graph":[{"@type":"Article","@id":"https:\/\/sandzakpress.net\/arhiva\/saudijski-ministar-kaze-da-znak-rabia-odbacuje-ubijanje-i-razaranje\/#article","isPartOf":{"@id":"https:\/\/sandzakpress.net\/arhiva\/saudijski-ministar-kaze-da-znak-rabia-odbacuje-ubijanje-i-razaranje\/"},"author":{"name":"bosniak","@id":"https:\/\/sandzakpress.net\/arhiva\/#\/schema\/person\/c8baee722073534b583ea7bdb2e36c02"},"headline":"Saudijski ministar ka\u017ee da znak Rabia odbacuje ubijanje i razaranje","datePublished":"2015-06-02T13:02:21+00:00","mainEntityOfPage":{"@id":"https:\/\/sandzakpress.net\/arhiva\/saudijski-ministar-kaze-da-znak-rabia-odbacuje-ubijanje-i-razaranje\/"},"wordCount":220,"commentCount":6,"publisher":{"@id":"https:\/\/sandzakpress.net\/arhiva\/#\/schema\/person\/6e72b67d6e51910a1117b3b483ba20bd"},"image":{"@id":"https:\/\/sandzakpress.net\/arhiva\/saudijski-ministar-kaze-da-znak-rabia-odbacuje-ubijanje-i-razaranje\/#primaryimage"},"thumbnailUrl":"https:\/\/sandzakpress.net\/arhiva\/wp-content\/uploads\/2015\/06\/His-Excellency-the-Minister-of-Islamic-Affairs-Saleh-bin-Abdulaziz-Al-al-Sheikh.-.jpg","articleSection":["Islamski svijet"],"inLanguage":"bs-BA","potentialAction":[{"@type":"CommentAction","name":"Comment","target":["https:\/\/sandzakpress.net\/arhiva\/saudijski-ministar-kaze-da-znak-rabia-odbacuje-ubijanje-i-razaranje\/#respond"]}]},{"@type":"WebPage","@id":"https:\/\/sandzakpress.net\/arhiva\/saudijski-ministar-kaze-da-znak-rabia-odbacuje-ubijanje-i-razaranje\/","url":"https:\/\/sandzakpress.net\/arhiva\/saudijski-ministar-kaze-da-znak-rabia-odbacuje-ubijanje-i-razaranje\/","name":"Saudijski ministar ka\u017ee da znak Rabia odbacuje ubijanje i razaranje","isPartOf":{"@id":"https:\/\/sandzakpress.net\/arhiva\/#website"},"primaryImageOfPage":{"@id":"https:\/\/sandzakpress.net\/arhiva\/saudijski-ministar-kaze-da-znak-rabia-odbacuje-ubijanje-i-razaranje\/#primaryimage"},"image":{"@id":"https:\/\/sandzakpress.net\/arhiva\/saudijski-ministar-kaze-da-znak-rabia-odbacuje-ubijanje-i-razaranje\/#primaryimage"},"thumbnailUrl":"https:\/\/sandzakpress.net\/arhiva\/wp-content\/uploads\/2015\/06\/His-Excellency-the-Minister-of-Islamic-Affairs-Saleh-bin-Abdulaziz-Al-al-Sheikh.-.jpg","datePublished":"2015-06-02T13:02:21+00:00","breadcrumb":{"@id":"https:\/\/sandzakpress.net\/arhiva\/saudijski-ministar-kaze-da-znak-rabia-odbacuje-ubijanje-i-razaranje\/#breadcrumb"},"inLanguage":"bs-BA","potentialAction":[{"@type":"ReadAction","target":["https:\/\/sandzakpress.net\/arhiva\/saudijski-ministar-kaze-da-znak-rabia-odbacuje-ubijanje-i-razaranje\/"]}]},{"@type":"ImageObject","inLanguage":"bs-BA","@id":"https:\/\/sandzakpress.net\/arhiva\/saudijski-ministar-kaze-da-znak-rabia-odbacuje-ubijanje-i-razaranje\/#primaryimage","url":"https:\/\/sandzakpress.net\/arhiva\/wp-content\/uploads\/2015\/06\/His-Excellency-the-Minister-of-Islamic-Affairs-Saleh-bin-Abdulaziz-Al-al-Sheikh.-.jpg","contentUrl":"https:\/\/sandzakpress.net\/arhiva\/wp-content\/uploads\/2015\/06\/His-Excellency-the-Minister-of-Islamic-Affairs-Saleh-bin-Abdulaziz-Al-al-Sheikh.-.jpg","width":849,"height":467},{"@type":"BreadcrumbList","@id":"https:\/\/sandzakpress.net\/arhiva\/saudijski-ministar-kaze-da-znak-rabia-odbacuje-ubijanje-i-razaranje\/#breadcrumb","itemListElement":[{"@type":"ListItem","position":1,"name":"Home","item":"https:\/\/sandzakpress.net\/arhiva\/"},{"@type":"ListItem","position":2,"name":"Saudijski ministar ka\u017ee da znak Rabia odbacuje ubijanje i razaranje"}]},{"@type":"WebSite","@id":"https:\/\/sandzakpress.net\/arhiva\/#website","url":"https:\/\/sandzakpress.net\/arhiva\/","name":"Sand\u017eak PRESS","description":"Prve elektronske novine u Sand\u017eaku","publisher":{"@id":"https:\/\/sandzakpress.net\/arhiva\/#\/schema\/person\/6e72b67d6e51910a1117b3b483ba20bd"},"potentialAction":[{"@type":"SearchAction","target":{"@type":"EntryPoint","urlTemplate":"https:\/\/sandzakpress.net\/arhiva\/?s={search_term_string}"},"query-input":{"@type":"PropertyValueSpecification","valueRequired":true,"valueName":"search_term_string"}}],"inLanguage":"bs-BA"},{"@type":["Person","Organization"],"@id":"https:\/\/sandzakpress.net\/arhiva\/#\/schema\/person\/6e72b67d6e51910a1117b3b483ba20bd","name":"Kul","image":{"@type":"ImageObject","inLanguage":"bs-BA","@id":"https:\/\/sandzakpress.net\/arhiva\/#\/schema\/person\/image\/","url":"https:\/\/secure.gravatar.com\/avatar\/42263f39aa27ac04c43cab85c280eb2e?s=96&d=mm&r=pg","contentUrl":"https:\/\/secure.gravatar.com\/avatar\/42263f39aa27ac04c43cab85c280eb2e?s=96&d=mm&r=pg","caption":"Kul"},"logo":{"@id":"https:\/\/sandzakpress.net\/arhiva\/#\/schema\/person\/image\/"}},{"@type":"Person","@id":"https:\/\/sandzakpress.net\/arhiva\/#\/schema\/person\/c8baee722073534b583ea7bdb2e36c02","name":"bosniak","image":{"@type":"ImageObject","inLanguage":"bs-BA","@id":"https:\/\/sandzakpress.net\/arhiva\/#\/schema\/person\/image\/","url":"https:\/\/secure.gravatar.com\/avatar\/a04fd330bfe3a36a72a0ad4a6d89fca7?s=96&d=mm&r=pg","contentUrl":"https:\/\/secure.gravatar.com\/avatar\/a04fd330bfe3a36a72a0ad4a6d89fca7?s=96&d=mm&r=pg","caption":"bosniak"},"url":"https:\/\/sandzakpress.net\/arhiva\/author\/bosniak\/"}]}},"_links":{"self":[{"href":"https:\/\/sandzakpress.net\/arhiva\/wp-json\/wp\/v2\/posts\/129089"}],"collection":[{"href":"https:\/\/sandzakpress.net\/arhiva\/wp-json\/wp\/v2\/posts"}],"about":[{"href":"https:\/\/sandzakpress.net\/arhiva\/wp-json\/wp\/v2\/types\/post"}],"author":[{"embeddable":true,"href":"https:\/\/sandzakpress.net\/arhiva\/wp-json\/wp\/v2\/users\/83"}],"replies":[{"embeddable":true,"href":"https:\/\/sandzakpress.net\/arhiva\/wp-json\/wp\/v2\/comments?post=129089"}],"version-history":[{"count":0,"href":"https:\/\/sandzakpress.net\/arhiva\/wp-json\/wp\/v2\/posts\/129089\/revisions"}],"wp:featuredmedia":[{"embeddable":true,"href":"https:\/\/sandzakpress.net\/arhiva\/wp-json\/wp\/v2\/media\/129095"}],"wp:attachment":[{"href":"https:\/\/sandzakpress.net\/arhiva\/wp-json\/wp\/v2\/media?parent=129089"}],"wp:term":[{"taxonomy":"category","embeddable":true,"href":"https:\/\/sandzakpress.net\/arhiva\/wp-json\/wp\/v2\/categories?post=129089"},{"taxonomy":"post_tag","embeddable":true,"href":"https:\/\/sandzakpress.net\/arhiva\/wp-json\/wp\/v2\/tags?post=129089"}],"curies":[{"name":"wp","href":"https:\/\/api.w.org\/{rel}","templated":true}]}}