{"id":129076,"date":"2015-06-02T12:18:43","date_gmt":"2015-06-02T10:18:43","guid":{"rendered":"https:\/\/sandzakpress.net\/arhiva\/?p=129076"},"modified":"2015-06-02T12:18:43","modified_gmt":"2015-06-02T10:18:43","slug":"vrhovni-sud-sad-a-prodavacice-mogu-nositi-hidzab","status":"publish","type":"post","link":"https:\/\/sandzakpress.net\/arhiva\/vrhovni-sud-sad-a-prodavacice-mogu-nositi-hidzab\/","title":{"rendered":"Vrhovni sud SAD-a: Prodava\u010dice mogu nositi hid\u017eab"},"content":{"rendered":"<p><img decoding=\"async\" src=\"http:\/\/balkans.aljazeera.net\/sites\/staff.balkans.aljazeera.com\/files\/styles\/aljazeera_article_main_image\/public\/marama_main.jpg?itok=Z6H3zLLK\" alt=\"Samantha Elauf, Ameri\u010dki muslimani, Hid\u017eab\" \/><\/p>\n<p><strong>Amerika &#8211; Vrhovni sud Sjedinjenih Ameri\u010dkih Dr\u017eava presudio je u korist muslimanke koja je podnijela tu\u017ebu nakon \u0161to je odbijena za posao u lancu prodavnica odje\u0107e Abercrombie &amp; Fitch, jer je nosila maramu iz vjerskih razloga.<\/strong><\/p>\n<p>Ve\u0107inskom odlukom sudskog vije\u0107a, osam naprema jedan, sud je odlu\u010dio u korist Komisije za jednokost u zapo\u0161ljavanju SAD-a (EEOC).<\/p>\n<p>Savezna agencija je tu\u017eila kompaniju u ime Samanthe Elauf, koja je bila odbijena za posao prodava\u010dice 2008. u Oklahomi kada je imala 17 godina.<\/p>\n<p>Kompanija je odbila Elaufin zahtjev za posao, jer no\u0161enje marame kr\u0161i &#8221;politiku izgleda&#8221; \u010dlanova prodajnog osoblja, koja ima za cilj promociju izgleda &#8221;studenta sa isto\u010dne obale&#8221;.<\/p>\n<p>Presudu je podr\u017ealo Vije\u0107e ameri\u010dko-islamskih odnosa (CAIR), koje se zala\u017ee za gra\u0111anske slobode muslimanskih zajednica u SAD-u.<\/p>\n<p><strong>Historijska presuda<\/strong><\/p>\n<p>&#8221;Podr\u017eavamo ovu historijsku presudu u odbrani vjerskih sloboda u vrijeme kada se ameri\u010dka muslimanska zajednica suo\u010dava sa pove\u0107anim prisustvom islamofobije&#8221;, rekao je izvr\u0161ni direktor CAIR-a, Nihad Awad.<\/p>\n<p>Pravno pitanje pred sudom bilo je, da li je Elauf tra\u017eila od kompanije posebne uslove za prakticiranje religije, \u0161to je bila osnova da kompanija bude tu\u017eena prema Zakonu o gra\u0111anskim pravima iz 1964. godine, koji izme\u0111u ostalog, zabranjuje diskriminaciju pri zapo\u0161ljavanju na osnovu vjerskih uvjerenja i prakse.<\/p>\n<p>Elauf je nosila maramu, odnosno hid\u017eab na razgovoru za posao, ali nije izri\u010dito rekla da, kao muslimanka \u017eeli da joj kompanija pru\u017ei vjerske ustupke.<\/p>\n<p>EEOC je izvijestio da muslimani podnose vi\u0161e \u017ealbi za diskriminaciju i nepru\u017eanje mogu\u0107nosti za prakticiranje vjere od bilo koje druge vjerske grupe.<\/p>\n<p>Izvor: Al Jazeera<\/p>\n","protected":false},"excerpt":{"rendered":"<p>Amerika &#8211; Vrhovni sud Sjedinjenih Ameri\u010dkih Dr\u017eava presudio je u korist muslimanke koja je podnijela tu\u017ebu nakon \u0161to je odbijena za posao u lancu prodavnica odje\u0107e Abercrombie &amp; Fitch, jer je nosila maramu iz vjerskih razloga. Ve\u0107inskom odlukom sudskog vije\u0107a, osam naprema jedan, sud je odlu\u010dio u korist Komisije za jednokost u zapo\u0161ljavanju SAD-a (EEOC). [&hellip;]<\/p>\n","protected":false},"author":83,"featured_media":129077,"comment_status":"open","ping_status":"open","sticky":false,"template":"","format":"standard","meta":{"footnotes":""},"categories":[3012,9,798],"tags":[],"class_list":{"0":"post-129076","1":"post","2":"type-post","3":"status-publish","4":"format-standard","5":"has-post-thumbnail","7":"category-amerika-gradovi","8":"category-svijet","9":"category-teme"},"yoast_head":"<!-- This site is optimized with the Yoast SEO Premium plugin v23.1 (Yoast SEO v24.9) - https:\/\/yoast.com\/wordpress\/plugins\/seo\/ -->\n<title>Vrhovni sud SAD-a: Prodava\u010dice mogu nositi hid\u017eab<\/title>\n<meta name=\"robots\" content=\"index, follow, max-snippet:-1, max-image-preview:large, max-video-preview:-1\" \/>\n<link rel=\"canonical\" href=\"https:\/\/sandzakpress.net\/arhiva\/vrhovni-sud-sad-a-prodavacice-mogu-nositi-hidzab\/\" \/>\n<meta property=\"og:locale\" content=\"bs_BA\" \/>\n<meta property=\"og:type\" content=\"article\" \/>\n<meta property=\"og:title\" content=\"Vrhovni sud SAD-a: Prodava\u010dice mogu nositi hid\u017eab\" \/>\n<meta property=\"og:description\" content=\"Amerika &#8211; Vrhovni sud Sjedinjenih Ameri\u010dkih Dr\u017eava presudio je u korist muslimanke koja je podnijela tu\u017ebu nakon \u0161to je odbijena za posao u lancu prodavnica odje\u0107e Abercrombie &amp; Fitch, jer je nosila maramu iz vjerskih razloga. Ve\u0107inskom odlukom sudskog vije\u0107a, osam naprema jedan, sud je odlu\u010dio u korist Komisije za jednokost u zapo\u0161ljavanju SAD-a (EEOC). [&hellip;]\" \/>\n<meta property=\"og:url\" content=\"https:\/\/sandzakpress.net\/arhiva\/vrhovni-sud-sad-a-prodavacice-mogu-nositi-hidzab\/\" \/>\n<meta property=\"og:site_name\" content=\"Sand\u017eak PRESS\" \/>\n<meta property=\"article:published_time\" content=\"2015-06-02T10:18:43+00:00\" \/>\n<meta property=\"og:image\" content=\"https:\/\/sandzakpress.net\/arhiva\/wp-content\/uploads\/2015\/06\/marama_main.jpg\" \/>\n\t<meta property=\"og:image:width\" content=\"900\" \/>\n\t<meta property=\"og:image:height\" content=\"600\" \/>\n\t<meta property=\"og:image:type\" content=\"image\/jpeg\" \/>\n<meta name=\"author\" content=\"bosniak\" \/>\n<meta name=\"twitter:card\" content=\"summary_large_image\" \/>\n<meta name=\"twitter:label1\" content=\"Written by\" \/>\n\t<meta name=\"twitter:data1\" content=\"bosniak\" \/>\n\t<meta name=\"twitter:label2\" content=\"Est. reading time\" \/>\n\t<meta name=\"twitter:data2\" content=\"1 minuta\" \/>\n<script type=\"application\/ld+json\" class=\"yoast-schema-graph\">{\"@context\":\"https:\/\/schema.org\",\"@graph\":[{\"@type\":\"Article\",\"@id\":\"https:\/\/sandzakpress.net\/arhiva\/vrhovni-sud-sad-a-prodavacice-mogu-nositi-hidzab\/#article\",\"isPartOf\":{\"@id\":\"https:\/\/sandzakpress.net\/arhiva\/vrhovni-sud-sad-a-prodavacice-mogu-nositi-hidzab\/\"},\"author\":{\"name\":\"bosniak\",\"@id\":\"https:\/\/sandzakpress.net\/arhiva\/#\/schema\/person\/c8baee722073534b583ea7bdb2e36c02\"},\"headline\":\"Vrhovni sud SAD-a: Prodava\u010dice mogu nositi hid\u017eab\",\"datePublished\":\"2015-06-02T10:18:43+00:00\",\"mainEntityOfPage\":{\"@id\":\"https:\/\/sandzakpress.net\/arhiva\/vrhovni-sud-sad-a-prodavacice-mogu-nositi-hidzab\/\"},\"wordCount\":287,\"commentCount\":1,\"publisher\":{\"@id\":\"https:\/\/sandzakpress.net\/arhiva\/#\/schema\/person\/6e72b67d6e51910a1117b3b483ba20bd\"},\"image\":{\"@id\":\"https:\/\/sandzakpress.net\/arhiva\/vrhovni-sud-sad-a-prodavacice-mogu-nositi-hidzab\/#primaryimage\"},\"thumbnailUrl\":\"https:\/\/sandzakpress.net\/arhiva\/wp-content\/uploads\/2015\/06\/marama_main.jpg\",\"articleSection\":[\"Amerika\",\"Svijet\",\"NAJNOVIJE\"],\"inLanguage\":\"bs-BA\",\"potentialAction\":[{\"@type\":\"CommentAction\",\"name\":\"Comment\",\"target\":[\"https:\/\/sandzakpress.net\/arhiva\/vrhovni-sud-sad-a-prodavacice-mogu-nositi-hidzab\/#respond\"]}]},{\"@type\":\"WebPage\",\"@id\":\"https:\/\/sandzakpress.net\/arhiva\/vrhovni-sud-sad-a-prodavacice-mogu-nositi-hidzab\/\",\"url\":\"https:\/\/sandzakpress.net\/arhiva\/vrhovni-sud-sad-a-prodavacice-mogu-nositi-hidzab\/\",\"name\":\"Vrhovni sud SAD-a: Prodava\u010dice mogu nositi hid\u017eab\",\"isPartOf\":{\"@id\":\"https:\/\/sandzakpress.net\/arhiva\/#website\"},\"primaryImageOfPage\":{\"@id\":\"https:\/\/sandzakpress.net\/arhiva\/vrhovni-sud-sad-a-prodavacice-mogu-nositi-hidzab\/#primaryimage\"},\"image\":{\"@id\":\"https:\/\/sandzakpress.net\/arhiva\/vrhovni-sud-sad-a-prodavacice-mogu-nositi-hidzab\/#primaryimage\"},\"thumbnailUrl\":\"https:\/\/sandzakpress.net\/arhiva\/wp-content\/uploads\/2015\/06\/marama_main.jpg\",\"datePublished\":\"2015-06-02T10:18:43+00:00\",\"breadcrumb\":{\"@id\":\"https:\/\/sandzakpress.net\/arhiva\/vrhovni-sud-sad-a-prodavacice-mogu-nositi-hidzab\/#breadcrumb\"},\"inLanguage\":\"bs-BA\",\"potentialAction\":[{\"@type\":\"ReadAction\",\"target\":[\"https:\/\/sandzakpress.net\/arhiva\/vrhovni-sud-sad-a-prodavacice-mogu-nositi-hidzab\/\"]}]},{\"@type\":\"ImageObject\",\"inLanguage\":\"bs-BA\",\"@id\":\"https:\/\/sandzakpress.net\/arhiva\/vrhovni-sud-sad-a-prodavacice-mogu-nositi-hidzab\/#primaryimage\",\"url\":\"https:\/\/sandzakpress.net\/arhiva\/wp-content\/uploads\/2015\/06\/marama_main.jpg\",\"contentUrl\":\"https:\/\/sandzakpress.net\/arhiva\/wp-content\/uploads\/2015\/06\/marama_main.jpg\",\"width\":900,\"height\":600},{\"@type\":\"BreadcrumbList\",\"@id\":\"https:\/\/sandzakpress.net\/arhiva\/vrhovni-sud-sad-a-prodavacice-mogu-nositi-hidzab\/#breadcrumb\",\"itemListElement\":[{\"@type\":\"ListItem\",\"position\":1,\"name\":\"Home\",\"item\":\"https:\/\/sandzakpress.net\/arhiva\/\"},{\"@type\":\"ListItem\",\"position\":2,\"name\":\"Vrhovni sud SAD-a: Prodava\u010dice mogu nositi hid\u017eab\"}]},{\"@type\":\"WebSite\",\"@id\":\"https:\/\/sandzakpress.net\/arhiva\/#website\",\"url\":\"https:\/\/sandzakpress.net\/arhiva\/\",\"name\":\"Sand\u017eak PRESS\",\"description\":\"Prve elektronske novine u Sand\u017eaku\",\"publisher\":{\"@id\":\"https:\/\/sandzakpress.net\/arhiva\/#\/schema\/person\/6e72b67d6e51910a1117b3b483ba20bd\"},\"potentialAction\":[{\"@type\":\"SearchAction\",\"target\":{\"@type\":\"EntryPoint\",\"urlTemplate\":\"https:\/\/sandzakpress.net\/arhiva\/?s={search_term_string}\"},\"query-input\":{\"@type\":\"PropertyValueSpecification\",\"valueRequired\":true,\"valueName\":\"search_term_string\"}}],\"inLanguage\":\"bs-BA\"},{\"@type\":[\"Person\",\"Organization\"],\"@id\":\"https:\/\/sandzakpress.net\/arhiva\/#\/schema\/person\/6e72b67d6e51910a1117b3b483ba20bd\",\"name\":\"Kul\",\"image\":{\"@type\":\"ImageObject\",\"inLanguage\":\"bs-BA\",\"@id\":\"https:\/\/sandzakpress.net\/arhiva\/#\/schema\/person\/image\/\",\"url\":\"https:\/\/secure.gravatar.com\/avatar\/42263f39aa27ac04c43cab85c280eb2e?s=96&d=mm&r=pg\",\"contentUrl\":\"https:\/\/secure.gravatar.com\/avatar\/42263f39aa27ac04c43cab85c280eb2e?s=96&d=mm&r=pg\",\"caption\":\"Kul\"},\"logo\":{\"@id\":\"https:\/\/sandzakpress.net\/arhiva\/#\/schema\/person\/image\/\"}},{\"@type\":\"Person\",\"@id\":\"https:\/\/sandzakpress.net\/arhiva\/#\/schema\/person\/c8baee722073534b583ea7bdb2e36c02\",\"name\":\"bosniak\",\"image\":{\"@type\":\"ImageObject\",\"inLanguage\":\"bs-BA\",\"@id\":\"https:\/\/sandzakpress.net\/arhiva\/#\/schema\/person\/image\/\",\"url\":\"https:\/\/secure.gravatar.com\/avatar\/a04fd330bfe3a36a72a0ad4a6d89fca7?s=96&d=mm&r=pg\",\"contentUrl\":\"https:\/\/secure.gravatar.com\/avatar\/a04fd330bfe3a36a72a0ad4a6d89fca7?s=96&d=mm&r=pg\",\"caption\":\"bosniak\"},\"url\":\"https:\/\/sandzakpress.net\/arhiva\/author\/bosniak\/\"}]}<\/script>\n<!-- \/ Yoast SEO Premium plugin. -->","yoast_head_json":{"title":"Vrhovni sud SAD-a: Prodava\u010dice mogu nositi hid\u017eab","robots":{"index":"index","follow":"follow","max-snippet":"max-snippet:-1","max-image-preview":"max-image-preview:large","max-video-preview":"max-video-preview:-1"},"canonical":"https:\/\/sandzakpress.net\/arhiva\/vrhovni-sud-sad-a-prodavacice-mogu-nositi-hidzab\/","og_locale":"bs_BA","og_type":"article","og_title":"Vrhovni sud SAD-a: Prodava\u010dice mogu nositi hid\u017eab","og_description":"Amerika &#8211; Vrhovni sud Sjedinjenih Ameri\u010dkih Dr\u017eava presudio je u korist muslimanke koja je podnijela tu\u017ebu nakon \u0161to je odbijena za posao u lancu prodavnica odje\u0107e Abercrombie &amp; Fitch, jer je nosila maramu iz vjerskih razloga. Ve\u0107inskom odlukom sudskog vije\u0107a, osam naprema jedan, sud je odlu\u010dio u korist Komisije za jednokost u zapo\u0161ljavanju SAD-a (EEOC). [&hellip;]","og_url":"https:\/\/sandzakpress.net\/arhiva\/vrhovni-sud-sad-a-prodavacice-mogu-nositi-hidzab\/","og_site_name":"Sand\u017eak PRESS","article_published_time":"2015-06-02T10:18:43+00:00","og_image":[{"width":900,"height":600,"url":"https:\/\/sandzakpress.net\/arhiva\/wp-content\/uploads\/2015\/06\/marama_main.jpg","type":"image\/jpeg"}],"author":"bosniak","twitter_card":"summary_large_image","twitter_misc":{"Written by":"bosniak","Est. reading time":"1 minuta"},"schema":{"@context":"https:\/\/schema.org","@graph":[{"@type":"Article","@id":"https:\/\/sandzakpress.net\/arhiva\/vrhovni-sud-sad-a-prodavacice-mogu-nositi-hidzab\/#article","isPartOf":{"@id":"https:\/\/sandzakpress.net\/arhiva\/vrhovni-sud-sad-a-prodavacice-mogu-nositi-hidzab\/"},"author":{"name":"bosniak","@id":"https:\/\/sandzakpress.net\/arhiva\/#\/schema\/person\/c8baee722073534b583ea7bdb2e36c02"},"headline":"Vrhovni sud SAD-a: Prodava\u010dice mogu nositi hid\u017eab","datePublished":"2015-06-02T10:18:43+00:00","mainEntityOfPage":{"@id":"https:\/\/sandzakpress.net\/arhiva\/vrhovni-sud-sad-a-prodavacice-mogu-nositi-hidzab\/"},"wordCount":287,"commentCount":1,"publisher":{"@id":"https:\/\/sandzakpress.net\/arhiva\/#\/schema\/person\/6e72b67d6e51910a1117b3b483ba20bd"},"image":{"@id":"https:\/\/sandzakpress.net\/arhiva\/vrhovni-sud-sad-a-prodavacice-mogu-nositi-hidzab\/#primaryimage"},"thumbnailUrl":"https:\/\/sandzakpress.net\/arhiva\/wp-content\/uploads\/2015\/06\/marama_main.jpg","articleSection":["Amerika","Svijet","NAJNOVIJE"],"inLanguage":"bs-BA","potentialAction":[{"@type":"CommentAction","name":"Comment","target":["https:\/\/sandzakpress.net\/arhiva\/vrhovni-sud-sad-a-prodavacice-mogu-nositi-hidzab\/#respond"]}]},{"@type":"WebPage","@id":"https:\/\/sandzakpress.net\/arhiva\/vrhovni-sud-sad-a-prodavacice-mogu-nositi-hidzab\/","url":"https:\/\/sandzakpress.net\/arhiva\/vrhovni-sud-sad-a-prodavacice-mogu-nositi-hidzab\/","name":"Vrhovni sud SAD-a: Prodava\u010dice mogu nositi hid\u017eab","isPartOf":{"@id":"https:\/\/sandzakpress.net\/arhiva\/#website"},"primaryImageOfPage":{"@id":"https:\/\/sandzakpress.net\/arhiva\/vrhovni-sud-sad-a-prodavacice-mogu-nositi-hidzab\/#primaryimage"},"image":{"@id":"https:\/\/sandzakpress.net\/arhiva\/vrhovni-sud-sad-a-prodavacice-mogu-nositi-hidzab\/#primaryimage"},"thumbnailUrl":"https:\/\/sandzakpress.net\/arhiva\/wp-content\/uploads\/2015\/06\/marama_main.jpg","datePublished":"2015-06-02T10:18:43+00:00","breadcrumb":{"@id":"https:\/\/sandzakpress.net\/arhiva\/vrhovni-sud-sad-a-prodavacice-mogu-nositi-hidzab\/#breadcrumb"},"inLanguage":"bs-BA","potentialAction":[{"@type":"ReadAction","target":["https:\/\/sandzakpress.net\/arhiva\/vrhovni-sud-sad-a-prodavacice-mogu-nositi-hidzab\/"]}]},{"@type":"ImageObject","inLanguage":"bs-BA","@id":"https:\/\/sandzakpress.net\/arhiva\/vrhovni-sud-sad-a-prodavacice-mogu-nositi-hidzab\/#primaryimage","url":"https:\/\/sandzakpress.net\/arhiva\/wp-content\/uploads\/2015\/06\/marama_main.jpg","contentUrl":"https:\/\/sandzakpress.net\/arhiva\/wp-content\/uploads\/2015\/06\/marama_main.jpg","width":900,"height":600},{"@type":"BreadcrumbList","@id":"https:\/\/sandzakpress.net\/arhiva\/vrhovni-sud-sad-a-prodavacice-mogu-nositi-hidzab\/#breadcrumb","itemListElement":[{"@type":"ListItem","position":1,"name":"Home","item":"https:\/\/sandzakpress.net\/arhiva\/"},{"@type":"ListItem","position":2,"name":"Vrhovni sud SAD-a: Prodava\u010dice mogu nositi hid\u017eab"}]},{"@type":"WebSite","@id":"https:\/\/sandzakpress.net\/arhiva\/#website","url":"https:\/\/sandzakpress.net\/arhiva\/","name":"Sand\u017eak PRESS","description":"Prve elektronske novine u Sand\u017eaku","publisher":{"@id":"https:\/\/sandzakpress.net\/arhiva\/#\/schema\/person\/6e72b67d6e51910a1117b3b483ba20bd"},"potentialAction":[{"@type":"SearchAction","target":{"@type":"EntryPoint","urlTemplate":"https:\/\/sandzakpress.net\/arhiva\/?s={search_term_string}"},"query-input":{"@type":"PropertyValueSpecification","valueRequired":true,"valueName":"search_term_string"}}],"inLanguage":"bs-BA"},{"@type":["Person","Organization"],"@id":"https:\/\/sandzakpress.net\/arhiva\/#\/schema\/person\/6e72b67d6e51910a1117b3b483ba20bd","name":"Kul","image":{"@type":"ImageObject","inLanguage":"bs-BA","@id":"https:\/\/sandzakpress.net\/arhiva\/#\/schema\/person\/image\/","url":"https:\/\/secure.gravatar.com\/avatar\/42263f39aa27ac04c43cab85c280eb2e?s=96&d=mm&r=pg","contentUrl":"https:\/\/secure.gravatar.com\/avatar\/42263f39aa27ac04c43cab85c280eb2e?s=96&d=mm&r=pg","caption":"Kul"},"logo":{"@id":"https:\/\/sandzakpress.net\/arhiva\/#\/schema\/person\/image\/"}},{"@type":"Person","@id":"https:\/\/sandzakpress.net\/arhiva\/#\/schema\/person\/c8baee722073534b583ea7bdb2e36c02","name":"bosniak","image":{"@type":"ImageObject","inLanguage":"bs-BA","@id":"https:\/\/sandzakpress.net\/arhiva\/#\/schema\/person\/image\/","url":"https:\/\/secure.gravatar.com\/avatar\/a04fd330bfe3a36a72a0ad4a6d89fca7?s=96&d=mm&r=pg","contentUrl":"https:\/\/secure.gravatar.com\/avatar\/a04fd330bfe3a36a72a0ad4a6d89fca7?s=96&d=mm&r=pg","caption":"bosniak"},"url":"https:\/\/sandzakpress.net\/arhiva\/author\/bosniak\/"}]}},"_links":{"self":[{"href":"https:\/\/sandzakpress.net\/arhiva\/wp-json\/wp\/v2\/posts\/129076"}],"collection":[{"href":"https:\/\/sandzakpress.net\/arhiva\/wp-json\/wp\/v2\/posts"}],"about":[{"href":"https:\/\/sandzakpress.net\/arhiva\/wp-json\/wp\/v2\/types\/post"}],"author":[{"embeddable":true,"href":"https:\/\/sandzakpress.net\/arhiva\/wp-json\/wp\/v2\/users\/83"}],"replies":[{"embeddable":true,"href":"https:\/\/sandzakpress.net\/arhiva\/wp-json\/wp\/v2\/comments?post=129076"}],"version-history":[{"count":0,"href":"https:\/\/sandzakpress.net\/arhiva\/wp-json\/wp\/v2\/posts\/129076\/revisions"}],"wp:featuredmedia":[{"embeddable":true,"href":"https:\/\/sandzakpress.net\/arhiva\/wp-json\/wp\/v2\/media\/129077"}],"wp:attachment":[{"href":"https:\/\/sandzakpress.net\/arhiva\/wp-json\/wp\/v2\/media?parent=129076"}],"wp:term":[{"taxonomy":"category","embeddable":true,"href":"https:\/\/sandzakpress.net\/arhiva\/wp-json\/wp\/v2\/categories?post=129076"},{"taxonomy":"post_tag","embeddable":true,"href":"https:\/\/sandzakpress.net\/arhiva\/wp-json\/wp\/v2\/tags?post=129076"}],"curies":[{"name":"wp","href":"https:\/\/api.w.org\/{rel}","templated":true}]}}