{"id":129048,"date":"2015-06-01T15:38:56","date_gmt":"2015-06-01T13:38:56","guid":{"rendered":"https:\/\/sandzakpress.net\/arhiva\/?p=129048"},"modified":"2015-06-01T17:24:17","modified_gmt":"2015-06-01T15:24:17","slug":"prof-dr-admir-muratovic-ucestvovao-na-medjunarodnoj-naucnoj-konferenciji-o-srebrenici-u-kiseljaku-bih","status":"publish","type":"post","link":"https:\/\/sandzakpress.net\/arhiva\/prof-dr-admir-muratovic-ucestvovao-na-medjunarodnoj-naucnoj-konferenciji-o-srebrenici","title":{"rendered":"Prof.dr. Admir Muratovi\u0107 u\u010destvovao na me\u0111unarodnoj nau\u010dnoj konferenciji o Srebrenici"},"content":{"rendered":"<p><img decoding=\"async\" src=\"http:\/\/mesihat.org\/wp-content\/uploads\/2015\/06\/muratovic-u-kiseljaku-2.jpg\" alt=\"\" \/><\/p>\n<p><strong>BiH &#8211; Pravni fakultet Univerziteta u Travniku, 30.05.2015. godine organizirao je me\u0111unarodnu nau\u010dnu konferenciju u povodu 20 godina od genocida u Srebrenici na temu: \u201c\u010cuvajmo mir, pamtimo stradanja i genocid, Srebrenica 1995- 2015.\u201c<span id=\"more-24708\"><\/span><\/strong><\/p>\n<p>Fokus Konferencije Pravnog fakulteta je bio MIR kao istinska ljudska vrijednost i potreba aktuelnog trenutka i budu\u0107nosti Bosne i Hercegovine i regije. Na konferenciji je u\u010de\u0161\u0107a uzeo veliki broj eminantnih stru\u010dnjaka iz ove oblasti iz Bosne i regiona, medju kojima su bili prof.dr. Smail \u010ceki\u0107, prof.dr. Mirko Pejanovi\u0107,prof. dr. Milan Popovi\u0107, prof.dr. Hasan Bali\u0107, prof. Dr Sakib Softi\u0107, i prof.dr. Du\u0161ko Radosavljevi\u0107.<\/p>\n<p>Internacionalni univerzitet na ovoj konferenciji predstavljao je direktor Instituta za istra\u017eivanje genocida i zlo\u010dina, prof.dr. Admir Muratovi\u0107, koji je ujedno bio i \u010dlan radnog predsjedni\u0161tva ovog nau\u010dnog skupa. Sa IUNP u\u010de\u0161\u0107a su uzeli i profesori dr Ergin Haki\u0107 i dr Enver Medjedovi\u0107.<\/p>\n<p>Dr. Muratovi\u0107 je u svom zapa\u017eenom izlaganju istakao sljede\u0107e: \u201cOva konferencija ima veliki zna\u010daj. S toga treba \u010destitati organizatorima, Pravnom fakultetu Univerziteta u Travniku, jer su ovim potvrdili nau\u010dno-obrazovnu reputaciju. Hvala Vam \u0161to ste mi dopustili da izadjem malo iz konteksta krovnog povoda konferencije \u201cSrebrenica 1995-2015\u201d i ka\u017eem dio onoga \u0161to mo\u017eete pro\u010ditati u radu koji \u0107e biti objavljen u Zborniku na temu:\u201dZlo\u010dini u Sand\u017eaku od 1992 do 1995 sa posebnim akcentom na Sjeverin kod Priboja\u201d.<\/p>\n<p>Dva\u00a0su razloga:<br \/>Prvi: o zlo\u010dinima u Sand\u017eaku se malo zna\u2026mi do 2002. godine i osnivanja IUNP-a nismo imali niti jedne ustanove osim IZ-e koja bi to bilje\u017eila.<br \/>Da nije bilo histori\u010dara poput Mustafe Memi\u0107a i nekih drugih mi ne bismo znali ni\u0161ta o genocidu u Plavu i Gusinju 1912 i 13. Sjenici 1809 kada je Karadjordjeva vojska ubila, prema Vuku Karad\u017ei\u0107u, dvije tre\u0107ine stanovni\u0161tva ove kasabe, preko 2 500 ljudi, na gotovo identi\u010dan na\u010din, nakon opsade i date rije\u010di da im se ni\u0161ta ne\u0107e desiti, kao u Srebrenici.<br \/>\u0160ahovi\u0107e 1924. godine, stra\u0161an zlo\u010din u miru. Posebno surove metode egzekucije.<br \/>Limska dolina \u2013 prema izvje\u0161taju Pavla Djuri\u0161i\u0107a ubijeno 9200 Bo\u0161njaka uglavnom civila. \u0160trbci, Sjeverin, Bukovica itd.<\/p>\n<p>Drugi razlog: ovi zlo\u010dini genocida \u010dinjeni su zbog imena i vjere \u017ertava. Oteti i ubijeni Bo\u0161njaci iz \u0160trbaca i Sjeverina ubijeni su iz istog razloga kao i oni u Prijedoru i\u00a0 Srebrenici.<br \/>To je klju\u010dni dokaz da u Bosni nije bilo gradjanskog rata, ve\u0107 agresija na suverenu zemlju i genocid nad Bo\u0161njacima sa jasnom namjerom uni\u0161tavanja svih tragova postojanja.<br \/>Postavlja se jasno pitanje kako dalje. 20 godina nakon Srebrenice vrtimo se u krug.<br \/>Ko treba da da re\u0161enje?<br \/>Bo\u0161njaci!<br \/>Bo\u0161njaci su jedini kao kolektivitet iz ratova iza\u0161li \u010dista obraza. To znamo mi. To znaju svi. Samo je poenta u tome \u0161to ne\u0107e uvijek da to i priznaju.<br \/>\u010cistog obraza, uz velike \u017ertve, mi nudimo ruku dijaloga i strate\u0161kog partnerstva.<br \/>Na kojim osnovama!?<br \/>Mi ispod ovoga ne mo\u017eemo, ve\u0107u cijenu nismo kadri platiti od one \u0161to ve\u0107 jesmo\u2026.Ako se nama Bo\u0161njacima desi ponovo da nam neko siluje majku, suprugu, sestru, k\u0107erku bolje da nismo i ne zaslu\u017eujemo da smo zivi. To je i ispod dna od dna.<br \/>Pripadnici \u017ertava nude mir, uz sje\u0107anja na ono \u0161to se desilo koje treba ostaviti nauci i sudu historije, onima u \u010dije ime je uzvr\u0161en genocid.<br \/>Ve\u0107i ustupak ne postoji!<br \/>Za\u0161to to \u010dinimo!<br \/>Vrlo jednostavno. Bo\u0161njake i Srbe ni genicid nije uspio razdvojiti, ostali su da \u017eive na istom prostoru uprkos planetarno te\u0161kom zlo\u010dinu. Ako ne nadjemo re\u0161enje svi \u0107emo biti na gubitku.<br \/>Niti su oni \u201cjaki\u201d kao 90-tih niti su Bo\u0161njaci vi\u0161e one svijesti gradjene perfidno u \u201cutopiji bratstva i jedinstva\u201d.<\/p>\n<p>Bilo je ovdje govora o vlasti u Srbiji, \u017eelim kazati da ja ho\u0107u da vjerujem Vu\u010di\u0107u kome su namjestili rehabilitaciju. Ne zato \u0161to mislim da \u201cmnogo voli\u201d Bosnu, Sand\u017eak i Bo\u0161njake ve\u0107 zato \u0161to znam da jako voli Srbiju i Srbe.<br \/>Bez stabilne Srbije nema stabilnog Balkana. Bez zadovoljnih Bo\u0161njaka, u Bosni i Sand\u017eaku, nema stabilne Srbije. To znaju svi oni koji donose odluke, jo\u0161 da nama Bo\u0161njacima to neko javi.<\/p>\n<p>(Me\u0161ihat)<\/p>\n","protected":false},"excerpt":{"rendered":"<p>BiH &#8211; Pravni fakultet Univerziteta u Travniku, 30.05.2015. godine organizirao je me\u0111unarodnu nau\u010dnu konferenciju u povodu 20 godina od genocida u Srebrenici na temu: \u201c\u010cuvajmo mir, pamtimo stradanja i genocid, Srebrenica 1995- 2015.\u201c Fokus Konferencije Pravnog fakulteta je bio MIR kao istinska ljudska vrijednost i potreba aktuelnog trenutka i budu\u0107nosti Bosne i Hercegovine i regije. [&hellip;]<\/p>\n","protected":false},"author":83,"featured_media":129049,"comment_status":"open","ping_status":"open","sticky":false,"template":"","format":"standard","meta":{"footnotes":""},"categories":[2860,8957,798],"tags":[],"class_list":{"0":"post-129048","1":"post","2":"type-post","3":"status-publish","4":"format-standard","5":"has-post-thumbnail","7":"category-bosna-i-hercegovina-gradovi","8":"category-vijesti-dana","9":"category-teme"},"yoast_head":"<!-- This site is optimized with the Yoast SEO Premium plugin v23.1 (Yoast SEO v24.9) - https:\/\/yoast.com\/wordpress\/plugins\/seo\/ -->\n<title>Prof.dr. Admir Muratovi\u0107 u\u010destvovao na me\u0111unarodnoj nau\u010dnoj konferenciji o Srebrenici<\/title>\n<meta name=\"robots\" content=\"index, follow, max-snippet:-1, max-image-preview:large, max-video-preview:-1\" \/>\n<link rel=\"canonical\" href=\"https:\/\/sandzakpress.net\/arhiva\/prof-dr-admir-muratovic-ucestvovao-na-medjunarodnoj-naucnoj-konferenciji-o-srebrenici\/\" \/>\n<meta property=\"og:locale\" content=\"bs_BA\" \/>\n<meta property=\"og:type\" content=\"article\" \/>\n<meta property=\"og:title\" content=\"Prof.dr. Admir Muratovi\u0107 u\u010destvovao na me\u0111unarodnoj nau\u010dnoj konferenciji o Srebrenici\" \/>\n<meta property=\"og:description\" content=\"BiH &#8211; Pravni fakultet Univerziteta u Travniku, 30.05.2015. godine organizirao je me\u0111unarodnu nau\u010dnu konferenciju u povodu 20 godina od genocida u Srebrenici na temu: \u201c\u010cuvajmo mir, pamtimo stradanja i genocid, Srebrenica 1995- 2015.\u201c Fokus Konferencije Pravnog fakulteta je bio MIR kao istinska ljudska vrijednost i potreba aktuelnog trenutka i budu\u0107nosti Bosne i Hercegovine i regije. [&hellip;]\" \/>\n<meta property=\"og:url\" content=\"https:\/\/sandzakpress.net\/arhiva\/prof-dr-admir-muratovic-ucestvovao-na-medjunarodnoj-naucnoj-konferenciji-o-srebrenici\/\" \/>\n<meta property=\"og:site_name\" content=\"Sand\u017eak PRESS\" \/>\n<meta property=\"article:published_time\" content=\"2015-06-01T13:38:56+00:00\" \/>\n<meta property=\"article:modified_time\" content=\"2015-06-01T15:24:17+00:00\" \/>\n<meta property=\"og:image\" content=\"https:\/\/sandzakpress.net\/arhiva\/wp-content\/uploads\/2015\/06\/muratovic-u-kiseljaku-2.jpg\" \/>\n\t<meta property=\"og:image:width\" content=\"1000\" \/>\n\t<meta property=\"og:image:height\" content=\"750\" \/>\n\t<meta property=\"og:image:type\" content=\"image\/jpeg\" \/>\n<meta name=\"author\" content=\"bosniak\" \/>\n<meta name=\"twitter:card\" content=\"summary_large_image\" \/>\n<meta name=\"twitter:label1\" content=\"Written by\" \/>\n\t<meta name=\"twitter:data1\" content=\"bosniak\" \/>\n\t<meta name=\"twitter:label2\" content=\"Est. reading time\" \/>\n\t<meta name=\"twitter:data2\" content=\"4 minute\" \/>\n<script type=\"application\/ld+json\" class=\"yoast-schema-graph\">{\"@context\":\"https:\/\/schema.org\",\"@graph\":[{\"@type\":\"Article\",\"@id\":\"https:\/\/sandzakpress.net\/arhiva\/prof-dr-admir-muratovic-ucestvovao-na-medjunarodnoj-naucnoj-konferenciji-o-srebrenici\/#article\",\"isPartOf\":{\"@id\":\"https:\/\/sandzakpress.net\/arhiva\/prof-dr-admir-muratovic-ucestvovao-na-medjunarodnoj-naucnoj-konferenciji-o-srebrenici\/\"},\"author\":{\"name\":\"bosniak\",\"@id\":\"https:\/\/sandzakpress.net\/arhiva\/#\/schema\/person\/c8baee722073534b583ea7bdb2e36c02\"},\"headline\":\"Prof.dr. Admir Muratovi\u0107 u\u010destvovao na me\u0111unarodnoj nau\u010dnoj konferenciji o Srebrenici\",\"datePublished\":\"2015-06-01T13:38:56+00:00\",\"dateModified\":\"2015-06-01T15:24:17+00:00\",\"mainEntityOfPage\":{\"@id\":\"https:\/\/sandzakpress.net\/arhiva\/prof-dr-admir-muratovic-ucestvovao-na-medjunarodnoj-naucnoj-konferenciji-o-srebrenici\/\"},\"wordCount\":735,\"commentCount\":1,\"publisher\":{\"@id\":\"https:\/\/sandzakpress.net\/arhiva\/#\/schema\/person\/6e72b67d6e51910a1117b3b483ba20bd\"},\"image\":{\"@id\":\"https:\/\/sandzakpress.net\/arhiva\/prof-dr-admir-muratovic-ucestvovao-na-medjunarodnoj-naucnoj-konferenciji-o-srebrenici\/#primaryimage\"},\"thumbnailUrl\":\"https:\/\/sandzakpress.net\/arhiva\/wp-content\/uploads\/2015\/06\/muratovic-u-kiseljaku-2.jpg\",\"articleSection\":[\"Bosna i Hercegovina\",\"VIJESTI DANA\",\"NAJNOVIJE\"],\"inLanguage\":\"bs-BA\",\"potentialAction\":[{\"@type\":\"CommentAction\",\"name\":\"Comment\",\"target\":[\"https:\/\/sandzakpress.net\/arhiva\/prof-dr-admir-muratovic-ucestvovao-na-medjunarodnoj-naucnoj-konferenciji-o-srebrenici\/#respond\"]}]},{\"@type\":\"WebPage\",\"@id\":\"https:\/\/sandzakpress.net\/arhiva\/prof-dr-admir-muratovic-ucestvovao-na-medjunarodnoj-naucnoj-konferenciji-o-srebrenici\/\",\"url\":\"https:\/\/sandzakpress.net\/arhiva\/prof-dr-admir-muratovic-ucestvovao-na-medjunarodnoj-naucnoj-konferenciji-o-srebrenici\/\",\"name\":\"Prof.dr. Admir Muratovi\u0107 u\u010destvovao na me\u0111unarodnoj nau\u010dnoj konferenciji o Srebrenici\",\"isPartOf\":{\"@id\":\"https:\/\/sandzakpress.net\/arhiva\/#website\"},\"primaryImageOfPage\":{\"@id\":\"https:\/\/sandzakpress.net\/arhiva\/prof-dr-admir-muratovic-ucestvovao-na-medjunarodnoj-naucnoj-konferenciji-o-srebrenici\/#primaryimage\"},\"image\":{\"@id\":\"https:\/\/sandzakpress.net\/arhiva\/prof-dr-admir-muratovic-ucestvovao-na-medjunarodnoj-naucnoj-konferenciji-o-srebrenici\/#primaryimage\"},\"thumbnailUrl\":\"https:\/\/sandzakpress.net\/arhiva\/wp-content\/uploads\/2015\/06\/muratovic-u-kiseljaku-2.jpg\",\"datePublished\":\"2015-06-01T13:38:56+00:00\",\"dateModified\":\"2015-06-01T15:24:17+00:00\",\"breadcrumb\":{\"@id\":\"https:\/\/sandzakpress.net\/arhiva\/prof-dr-admir-muratovic-ucestvovao-na-medjunarodnoj-naucnoj-konferenciji-o-srebrenici\/#breadcrumb\"},\"inLanguage\":\"bs-BA\",\"potentialAction\":[{\"@type\":\"ReadAction\",\"target\":[\"https:\/\/sandzakpress.net\/arhiva\/prof-dr-admir-muratovic-ucestvovao-na-medjunarodnoj-naucnoj-konferenciji-o-srebrenici\/\"]}]},{\"@type\":\"ImageObject\",\"inLanguage\":\"bs-BA\",\"@id\":\"https:\/\/sandzakpress.net\/arhiva\/prof-dr-admir-muratovic-ucestvovao-na-medjunarodnoj-naucnoj-konferenciji-o-srebrenici\/#primaryimage\",\"url\":\"https:\/\/sandzakpress.net\/arhiva\/wp-content\/uploads\/2015\/06\/muratovic-u-kiseljaku-2.jpg\",\"contentUrl\":\"https:\/\/sandzakpress.net\/arhiva\/wp-content\/uploads\/2015\/06\/muratovic-u-kiseljaku-2.jpg\",\"width\":1000,\"height\":750},{\"@type\":\"BreadcrumbList\",\"@id\":\"https:\/\/sandzakpress.net\/arhiva\/prof-dr-admir-muratovic-ucestvovao-na-medjunarodnoj-naucnoj-konferenciji-o-srebrenici\/#breadcrumb\",\"itemListElement\":[{\"@type\":\"ListItem\",\"position\":1,\"name\":\"Home\",\"item\":\"https:\/\/sandzakpress.net\/arhiva\/\"},{\"@type\":\"ListItem\",\"position\":2,\"name\":\"Prof.dr. Admir Muratovi\u0107 u\u010destvovao na me\u0111unarodnoj nau\u010dnoj konferenciji o Srebrenici\"}]},{\"@type\":\"WebSite\",\"@id\":\"https:\/\/sandzakpress.net\/arhiva\/#website\",\"url\":\"https:\/\/sandzakpress.net\/arhiva\/\",\"name\":\"Sand\u017eak PRESS\",\"description\":\"Prve elektronske novine u Sand\u017eaku\",\"publisher\":{\"@id\":\"https:\/\/sandzakpress.net\/arhiva\/#\/schema\/person\/6e72b67d6e51910a1117b3b483ba20bd\"},\"potentialAction\":[{\"@type\":\"SearchAction\",\"target\":{\"@type\":\"EntryPoint\",\"urlTemplate\":\"https:\/\/sandzakpress.net\/arhiva\/?s={search_term_string}\"},\"query-input\":{\"@type\":\"PropertyValueSpecification\",\"valueRequired\":true,\"valueName\":\"search_term_string\"}}],\"inLanguage\":\"bs-BA\"},{\"@type\":[\"Person\",\"Organization\"],\"@id\":\"https:\/\/sandzakpress.net\/arhiva\/#\/schema\/person\/6e72b67d6e51910a1117b3b483ba20bd\",\"name\":\"Kul\",\"image\":{\"@type\":\"ImageObject\",\"inLanguage\":\"bs-BA\",\"@id\":\"https:\/\/sandzakpress.net\/arhiva\/#\/schema\/person\/image\/\",\"url\":\"https:\/\/secure.gravatar.com\/avatar\/42263f39aa27ac04c43cab85c280eb2e?s=96&d=mm&r=pg\",\"contentUrl\":\"https:\/\/secure.gravatar.com\/avatar\/42263f39aa27ac04c43cab85c280eb2e?s=96&d=mm&r=pg\",\"caption\":\"Kul\"},\"logo\":{\"@id\":\"https:\/\/sandzakpress.net\/arhiva\/#\/schema\/person\/image\/\"}},{\"@type\":\"Person\",\"@id\":\"https:\/\/sandzakpress.net\/arhiva\/#\/schema\/person\/c8baee722073534b583ea7bdb2e36c02\",\"name\":\"bosniak\",\"image\":{\"@type\":\"ImageObject\",\"inLanguage\":\"bs-BA\",\"@id\":\"https:\/\/sandzakpress.net\/arhiva\/#\/schema\/person\/image\/\",\"url\":\"https:\/\/secure.gravatar.com\/avatar\/a04fd330bfe3a36a72a0ad4a6d89fca7?s=96&d=mm&r=pg\",\"contentUrl\":\"https:\/\/secure.gravatar.com\/avatar\/a04fd330bfe3a36a72a0ad4a6d89fca7?s=96&d=mm&r=pg\",\"caption\":\"bosniak\"},\"url\":\"https:\/\/sandzakpress.net\/arhiva\/author\/bosniak\/\"}]}<\/script>\n<!-- \/ Yoast SEO Premium plugin. -->","yoast_head_json":{"title":"Prof.dr. Admir Muratovi\u0107 u\u010destvovao na me\u0111unarodnoj nau\u010dnoj konferenciji o Srebrenici","robots":{"index":"index","follow":"follow","max-snippet":"max-snippet:-1","max-image-preview":"max-image-preview:large","max-video-preview":"max-video-preview:-1"},"canonical":"https:\/\/sandzakpress.net\/arhiva\/prof-dr-admir-muratovic-ucestvovao-na-medjunarodnoj-naucnoj-konferenciji-o-srebrenici\/","og_locale":"bs_BA","og_type":"article","og_title":"Prof.dr. Admir Muratovi\u0107 u\u010destvovao na me\u0111unarodnoj nau\u010dnoj konferenciji o Srebrenici","og_description":"BiH &#8211; Pravni fakultet Univerziteta u Travniku, 30.05.2015. godine organizirao je me\u0111unarodnu nau\u010dnu konferenciju u povodu 20 godina od genocida u Srebrenici na temu: \u201c\u010cuvajmo mir, pamtimo stradanja i genocid, Srebrenica 1995- 2015.\u201c Fokus Konferencije Pravnog fakulteta je bio MIR kao istinska ljudska vrijednost i potreba aktuelnog trenutka i budu\u0107nosti Bosne i Hercegovine i regije. [&hellip;]","og_url":"https:\/\/sandzakpress.net\/arhiva\/prof-dr-admir-muratovic-ucestvovao-na-medjunarodnoj-naucnoj-konferenciji-o-srebrenici\/","og_site_name":"Sand\u017eak PRESS","article_published_time":"2015-06-01T13:38:56+00:00","article_modified_time":"2015-06-01T15:24:17+00:00","og_image":[{"width":1000,"height":750,"url":"https:\/\/sandzakpress.net\/arhiva\/wp-content\/uploads\/2015\/06\/muratovic-u-kiseljaku-2.jpg","type":"image\/jpeg"}],"author":"bosniak","twitter_card":"summary_large_image","twitter_misc":{"Written by":"bosniak","Est. reading time":"4 minute"},"schema":{"@context":"https:\/\/schema.org","@graph":[{"@type":"Article","@id":"https:\/\/sandzakpress.net\/arhiva\/prof-dr-admir-muratovic-ucestvovao-na-medjunarodnoj-naucnoj-konferenciji-o-srebrenici\/#article","isPartOf":{"@id":"https:\/\/sandzakpress.net\/arhiva\/prof-dr-admir-muratovic-ucestvovao-na-medjunarodnoj-naucnoj-konferenciji-o-srebrenici\/"},"author":{"name":"bosniak","@id":"https:\/\/sandzakpress.net\/arhiva\/#\/schema\/person\/c8baee722073534b583ea7bdb2e36c02"},"headline":"Prof.dr. Admir Muratovi\u0107 u\u010destvovao na me\u0111unarodnoj nau\u010dnoj konferenciji o Srebrenici","datePublished":"2015-06-01T13:38:56+00:00","dateModified":"2015-06-01T15:24:17+00:00","mainEntityOfPage":{"@id":"https:\/\/sandzakpress.net\/arhiva\/prof-dr-admir-muratovic-ucestvovao-na-medjunarodnoj-naucnoj-konferenciji-o-srebrenici\/"},"wordCount":735,"commentCount":1,"publisher":{"@id":"https:\/\/sandzakpress.net\/arhiva\/#\/schema\/person\/6e72b67d6e51910a1117b3b483ba20bd"},"image":{"@id":"https:\/\/sandzakpress.net\/arhiva\/prof-dr-admir-muratovic-ucestvovao-na-medjunarodnoj-naucnoj-konferenciji-o-srebrenici\/#primaryimage"},"thumbnailUrl":"https:\/\/sandzakpress.net\/arhiva\/wp-content\/uploads\/2015\/06\/muratovic-u-kiseljaku-2.jpg","articleSection":["Bosna i Hercegovina","VIJESTI DANA","NAJNOVIJE"],"inLanguage":"bs-BA","potentialAction":[{"@type":"CommentAction","name":"Comment","target":["https:\/\/sandzakpress.net\/arhiva\/prof-dr-admir-muratovic-ucestvovao-na-medjunarodnoj-naucnoj-konferenciji-o-srebrenici\/#respond"]}]},{"@type":"WebPage","@id":"https:\/\/sandzakpress.net\/arhiva\/prof-dr-admir-muratovic-ucestvovao-na-medjunarodnoj-naucnoj-konferenciji-o-srebrenici\/","url":"https:\/\/sandzakpress.net\/arhiva\/prof-dr-admir-muratovic-ucestvovao-na-medjunarodnoj-naucnoj-konferenciji-o-srebrenici\/","name":"Prof.dr. Admir Muratovi\u0107 u\u010destvovao na me\u0111unarodnoj nau\u010dnoj konferenciji o Srebrenici","isPartOf":{"@id":"https:\/\/sandzakpress.net\/arhiva\/#website"},"primaryImageOfPage":{"@id":"https:\/\/sandzakpress.net\/arhiva\/prof-dr-admir-muratovic-ucestvovao-na-medjunarodnoj-naucnoj-konferenciji-o-srebrenici\/#primaryimage"},"image":{"@id":"https:\/\/sandzakpress.net\/arhiva\/prof-dr-admir-muratovic-ucestvovao-na-medjunarodnoj-naucnoj-konferenciji-o-srebrenici\/#primaryimage"},"thumbnailUrl":"https:\/\/sandzakpress.net\/arhiva\/wp-content\/uploads\/2015\/06\/muratovic-u-kiseljaku-2.jpg","datePublished":"2015-06-01T13:38:56+00:00","dateModified":"2015-06-01T15:24:17+00:00","breadcrumb":{"@id":"https:\/\/sandzakpress.net\/arhiva\/prof-dr-admir-muratovic-ucestvovao-na-medjunarodnoj-naucnoj-konferenciji-o-srebrenici\/#breadcrumb"},"inLanguage":"bs-BA","potentialAction":[{"@type":"ReadAction","target":["https:\/\/sandzakpress.net\/arhiva\/prof-dr-admir-muratovic-ucestvovao-na-medjunarodnoj-naucnoj-konferenciji-o-srebrenici\/"]}]},{"@type":"ImageObject","inLanguage":"bs-BA","@id":"https:\/\/sandzakpress.net\/arhiva\/prof-dr-admir-muratovic-ucestvovao-na-medjunarodnoj-naucnoj-konferenciji-o-srebrenici\/#primaryimage","url":"https:\/\/sandzakpress.net\/arhiva\/wp-content\/uploads\/2015\/06\/muratovic-u-kiseljaku-2.jpg","contentUrl":"https:\/\/sandzakpress.net\/arhiva\/wp-content\/uploads\/2015\/06\/muratovic-u-kiseljaku-2.jpg","width":1000,"height":750},{"@type":"BreadcrumbList","@id":"https:\/\/sandzakpress.net\/arhiva\/prof-dr-admir-muratovic-ucestvovao-na-medjunarodnoj-naucnoj-konferenciji-o-srebrenici\/#breadcrumb","itemListElement":[{"@type":"ListItem","position":1,"name":"Home","item":"https:\/\/sandzakpress.net\/arhiva\/"},{"@type":"ListItem","position":2,"name":"Prof.dr. Admir Muratovi\u0107 u\u010destvovao na me\u0111unarodnoj nau\u010dnoj konferenciji o Srebrenici"}]},{"@type":"WebSite","@id":"https:\/\/sandzakpress.net\/arhiva\/#website","url":"https:\/\/sandzakpress.net\/arhiva\/","name":"Sand\u017eak PRESS","description":"Prve elektronske novine u Sand\u017eaku","publisher":{"@id":"https:\/\/sandzakpress.net\/arhiva\/#\/schema\/person\/6e72b67d6e51910a1117b3b483ba20bd"},"potentialAction":[{"@type":"SearchAction","target":{"@type":"EntryPoint","urlTemplate":"https:\/\/sandzakpress.net\/arhiva\/?s={search_term_string}"},"query-input":{"@type":"PropertyValueSpecification","valueRequired":true,"valueName":"search_term_string"}}],"inLanguage":"bs-BA"},{"@type":["Person","Organization"],"@id":"https:\/\/sandzakpress.net\/arhiva\/#\/schema\/person\/6e72b67d6e51910a1117b3b483ba20bd","name":"Kul","image":{"@type":"ImageObject","inLanguage":"bs-BA","@id":"https:\/\/sandzakpress.net\/arhiva\/#\/schema\/person\/image\/","url":"https:\/\/secure.gravatar.com\/avatar\/42263f39aa27ac04c43cab85c280eb2e?s=96&d=mm&r=pg","contentUrl":"https:\/\/secure.gravatar.com\/avatar\/42263f39aa27ac04c43cab85c280eb2e?s=96&d=mm&r=pg","caption":"Kul"},"logo":{"@id":"https:\/\/sandzakpress.net\/arhiva\/#\/schema\/person\/image\/"}},{"@type":"Person","@id":"https:\/\/sandzakpress.net\/arhiva\/#\/schema\/person\/c8baee722073534b583ea7bdb2e36c02","name":"bosniak","image":{"@type":"ImageObject","inLanguage":"bs-BA","@id":"https:\/\/sandzakpress.net\/arhiva\/#\/schema\/person\/image\/","url":"https:\/\/secure.gravatar.com\/avatar\/a04fd330bfe3a36a72a0ad4a6d89fca7?s=96&d=mm&r=pg","contentUrl":"https:\/\/secure.gravatar.com\/avatar\/a04fd330bfe3a36a72a0ad4a6d89fca7?s=96&d=mm&r=pg","caption":"bosniak"},"url":"https:\/\/sandzakpress.net\/arhiva\/author\/bosniak\/"}]}},"_links":{"self":[{"href":"https:\/\/sandzakpress.net\/arhiva\/wp-json\/wp\/v2\/posts\/129048"}],"collection":[{"href":"https:\/\/sandzakpress.net\/arhiva\/wp-json\/wp\/v2\/posts"}],"about":[{"href":"https:\/\/sandzakpress.net\/arhiva\/wp-json\/wp\/v2\/types\/post"}],"author":[{"embeddable":true,"href":"https:\/\/sandzakpress.net\/arhiva\/wp-json\/wp\/v2\/users\/83"}],"replies":[{"embeddable":true,"href":"https:\/\/sandzakpress.net\/arhiva\/wp-json\/wp\/v2\/comments?post=129048"}],"version-history":[{"count":0,"href":"https:\/\/sandzakpress.net\/arhiva\/wp-json\/wp\/v2\/posts\/129048\/revisions"}],"wp:featuredmedia":[{"embeddable":true,"href":"https:\/\/sandzakpress.net\/arhiva\/wp-json\/wp\/v2\/media\/129049"}],"wp:attachment":[{"href":"https:\/\/sandzakpress.net\/arhiva\/wp-json\/wp\/v2\/media?parent=129048"}],"wp:term":[{"taxonomy":"category","embeddable":true,"href":"https:\/\/sandzakpress.net\/arhiva\/wp-json\/wp\/v2\/categories?post=129048"},{"taxonomy":"post_tag","embeddable":true,"href":"https:\/\/sandzakpress.net\/arhiva\/wp-json\/wp\/v2\/tags?post=129048"}],"curies":[{"name":"wp","href":"https:\/\/api.w.org\/{rel}","templated":true}]}}