{"id":129022,"date":"2015-06-01T11:50:53","date_gmt":"2015-06-01T09:50:53","guid":{"rendered":"https:\/\/sandzakpress.net\/arhiva\/?p=129022"},"modified":"2015-06-01T11:50:53","modified_gmt":"2015-06-01T09:50:53","slug":"dzamija-koja-izgleda-kao-da-je-sa-druge-planete","status":"publish","type":"post","link":"https:\/\/sandzakpress.net\/arhiva\/dzamija-koja-izgleda-kao-da-je-sa-druge-planete\/","title":{"rendered":"D\u017eamija koja izgleda kao da je sa druge planete"},"content":{"rendered":"<p><img decoding=\"async\" src=\"http:\/\/www.islambosna.ba\/wp-content\/uploads\/2015\/05\/10861068_938708086191948_5086037380780209285_o1.jpg\" alt=\"\" \/><\/p>\n<p><strong>Svijet &#8211; Ova d\u017eamija izgleda kao da je sa druge planete a ustvari je smje\u0161tena u Gradu obrazovanja\u00a0u Kataru.\u00a0Grad obrazovanja je inicijativa Fondacije za obrazovanje, nauku i razvoj zajednice Katara. Smje\u0161ten je na periferiji Dohe, glavnog grada Katara, a prostire se na 14 kvadratnih kilometar i obuhvata obrazovne ustanove od pred\u0161kolskog obrazovanja do nau\u010dnih insitucija kao i ogranke kampusa nekih od svjetskih univerziteta. <\/strong><\/p>\n<p>D\u017eamija se nalazi u\u00a0sklopu Fakulteta islamskih nauka Katara i\u00a0zvani\u010dno je otvorena\u00a0u martu\u00a0mjesecu\u00a0d\u017euma-namazom koji\u00a0je predvodio \u0161ejh Salih el-Megamisi.<br \/>S vani izgleda kao svemirski brod koji je upravo sletio.<\/p>\n<p><a href=\"http:\/\/www.islambosna.ba\/wp-content\/uploads\/2015\/05\/10861068_938708086191948_5086037380780209285_o.jpg\"><img loading=\"lazy\" decoding=\"async\" class=\"aligncenter  wp-image-49581\" src=\"http:\/\/www.islambosna.ba\/wp-content\/uploads\/2015\/05\/10861068_938708086191948_5086037380780209285_o.jpg\" alt=\"10861068_938708086191948_5086037380780209285_o\" width=\"617\" height=\"277\" \/><\/a><\/p>\n<p><a href=\"http:\/\/www.islambosna.ba\/wp-content\/uploads\/2015\/05\/Qatar-Faculty-of-Islamic-Studies.jpg\"><img loading=\"lazy\" decoding=\"async\" class=\"aligncenter  wp-image-49582\" src=\"http:\/\/www.islambosna.ba\/wp-content\/uploads\/2015\/05\/Qatar-Faculty-of-Islamic-Studies.jpg\" alt=\"Qatar-Faculty-of-Islamic-Studies\" width=\"613\" height=\"460\" \/><\/a><\/p>\n<p>A njeni visoki, isko\u0161eni minareti\u00a0(90 metara) su\u00a0usmjereni ka Mekki.<\/p>\n<p><a href=\"http:\/\/www.islambosna.ba\/wp-content\/uploads\/2015\/05\/qatar-foundation-2.jpg\"><img loading=\"lazy\" decoding=\"async\" class=\"aligncenter  wp-image-49583\" src=\"http:\/\/www.islambosna.ba\/wp-content\/uploads\/2015\/05\/qatar-foundation-2.jpg\" alt=\"qatar-foundation-2\" width=\"447\" height=\"448\" \/><\/a><\/p>\n<p><a href=\"http:\/\/www.islambosna.ba\/wp-content\/uploads\/2015\/05\/qatar-foundation-3.jpg\"><img loading=\"lazy\" decoding=\"async\" class=\"aligncenter  wp-image-49584\" src=\"http:\/\/www.islambosna.ba\/wp-content\/uploads\/2015\/05\/qatar-foundation-3.jpg\" alt=\"qatar-foundation-3\" width=\"458\" height=\"406\" \/><\/a><\/p>\n<p>Dvori\u0161te je smje\u0161teno u centru mesd\u017eida i ukra\u0161eno je kaligrafijom i geometrijskim \u0161arama.<\/p>\n<p>Islamska kaligrafija \u010dini srce zgrade i ispisana je gotovo na svakom elementu povr\u0161inske strukture, od krovova, kerami\u010dkih plo\u010dica do stakla na prozorima.<\/p>\n<p><a href=\"http:\/\/www.islambosna.ba\/wp-content\/uploads\/2015\/05\/zna.jpg\"><img loading=\"lazy\" decoding=\"async\" class=\"  wp-image-49586 aligncenter\" src=\"http:\/\/www.islambosna.ba\/wp-content\/uploads\/2015\/05\/zna.jpg\" alt=\"zna\" width=\"519\" height=\"313\" \/><\/a><\/p>\n<p>D\u017eamija ima pet stupova koji predstavljaju pet stupova islama oko kojih teku potoci. \u010cetiri potoka predstavljaju \u010detiri d\u017eennetske rijeke- vina, mlijeka, meda i vode.<\/p>\n<p><a href=\"http:\/\/www.islambosna.ba\/wp-content\/uploads\/2015\/05\/chantelle2.jpg\"><img loading=\"lazy\" decoding=\"async\" class=\"  wp-image-49587 aligncenter\" src=\"http:\/\/www.islambosna.ba\/wp-content\/uploads\/2015\/05\/chantelle2.jpg\" alt=\"chantelle2\" width=\"533\" height=\"355\" \/><\/a><\/p>\n<p>Unutar se nalaze prostor za namaz za mu\u0161karce i kao i prostor namijenjen za \u017eene u galeriji iznad. Mesd\u017eid ima kapacitet da primi 1.800 osoba. Kur\u2019anski ajeti su ispisani na po sredini stropa stropa u liniji\u00a0koja vodi do mihraba.<\/p>\n<p><a href=\"http:\/\/www.islambosna.ba\/wp-content\/uploads\/2015\/05\/marhaba-qatar.jpg\"><img loading=\"lazy\" decoding=\"async\" class=\"  wp-image-49588 aligncenter\" src=\"http:\/\/www.islambosna.ba\/wp-content\/uploads\/2015\/05\/marhaba-qatar.jpg\" alt=\"marhaba-qatar\" width=\"555\" height=\"418\" \/><\/a><\/p>\n<p>Jedinstvena karakteristika je osvjetljenje koje se emituje kroz trokutaste otvore razli\u010ditih veli\u010dina. Za vjernike to je kao da klanjaju ispod zvijezda!<\/p>\n<p><img loading=\"lazy\" decoding=\"async\" class=\"aligncenter  wp-image-49589\" src=\"http:\/\/www.islambosna.ba\/wp-content\/uploads\/2015\/05\/qatar-foundation.jpg\" alt=\"qatar-foundation\" width=\"493\" height=\"493\" \/><\/p>\n<p><a href=\"http:\/\/www.islambosna.ba\/wp-content\/uploads\/2015\/05\/1B8A9754.jpg\"><img loading=\"lazy\" decoding=\"async\" class=\"  wp-image-49590 aligncenter\" src=\"http:\/\/www.islambosna.ba\/wp-content\/uploads\/2015\/05\/1B8A9754.jpg\" alt=\"1B8A9754\" width=\"544\" height=\"362\" \/><\/a><\/p>\n<p><a href=\"http:\/\/www.islambosna.ba\/wp-content\/uploads\/2015\/05\/chantelle.jpg\"><img loading=\"lazy\" decoding=\"async\" class=\"  wp-image-49592 aligncenter\" src=\"http:\/\/www.islambosna.ba\/wp-content\/uploads\/2015\/05\/chantelle.jpg\" alt=\"chantelle\" width=\"545\" height=\"363\" \/><\/a><\/p>\n<p>Na velikom pozla\u0107enom mihrabu je ispisan ajet:<\/p>\n<p><strong><em>Okreni zato lice svoje prema \u010casnome hramu! I ma gdje bili, okrenite lica svoja na tu stranu.<\/em> <\/strong>(Sura El-Bekara, 144 ajet)<\/p>\n<p><a href=\"http:\/\/www.islambosna.ba\/wp-content\/uploads\/2015\/05\/chantelle-3.jpg\"><img loading=\"lazy\" decoding=\"async\" class=\"aligncenter  wp-image-49591\" src=\"http:\/\/www.islambosna.ba\/wp-content\/uploads\/2015\/05\/chantelle-3.jpg\" alt=\"chantelle-3\" width=\"375\" height=\"563\" \/><\/a><\/p>\n<p>\u00a0Pored d\u017eamije, zgrada \u0107e tako\u0111er biti na usluzi za 114 studenata Fakulteta islamskih nauka. Unutar se nalazi 54 u\u010dionica, fakultetske kancelarije kao i biblioteka. Za biblioteku se o\u010dekuje da \u0107e sadr\u017eavati oko 100.000 naslova.<\/p>\n<p>U zgradi se nalazi i pet istra\u017eiva\u010dkih centara- El-Karadavi centar za islamsku umjerenost i obnovu, Centar za islamsku ekonomiju i finansije, Centar za prou\u010davanje savremenih muslimanskih zajednica i Muhammed bin Hamed el-Tani centar za muslimanski doprinos civilizaciji pored Centra za islamsko pravo i etiku koji je uspostavljen 2011.<\/p>\n","protected":false},"excerpt":{"rendered":"<p>Svijet &#8211; Ova d\u017eamija izgleda kao da je sa druge planete a ustvari je smje\u0161tena u Gradu obrazovanja\u00a0u Kataru.\u00a0Grad obrazovanja je inicijativa Fondacije za obrazovanje, nauku i razvoj zajednice Katara. Smje\u0161ten je na periferiji Dohe, glavnog grada Katara, a prostire se na 14 kvadratnih kilometar i obuhvata obrazovne ustanove od pred\u0161kolskog obrazovanja do nau\u010dnih insitucija [&hellip;]<\/p>\n","protected":false},"author":83,"featured_media":129024,"comment_status":"open","ping_status":"open","sticky":false,"template":"","format":"standard","meta":{"footnotes":""},"categories":[10512],"tags":[],"class_list":{"0":"post-129022","1":"post","2":"type-post","3":"status-publish","4":"format-standard","5":"has-post-thumbnail","7":"category-islamski-svijet"},"yoast_head":"<!-- This site is optimized with the Yoast SEO Premium plugin v23.1 (Yoast SEO v24.9) - https:\/\/yoast.com\/wordpress\/plugins\/seo\/ -->\n<title>D\u017eamija koja izgleda kao da je sa druge planete<\/title>\n<meta name=\"robots\" content=\"index, follow, max-snippet:-1, max-image-preview:large, max-video-preview:-1\" \/>\n<link rel=\"canonical\" href=\"https:\/\/sandzakpress.net\/arhiva\/dzamija-koja-izgleda-kao-da-je-sa-druge-planete\/\" \/>\n<meta property=\"og:locale\" content=\"bs_BA\" \/>\n<meta property=\"og:type\" content=\"article\" \/>\n<meta property=\"og:title\" content=\"D\u017eamija koja izgleda kao da je sa druge planete\" \/>\n<meta property=\"og:description\" content=\"Svijet &#8211; Ova d\u017eamija izgleda kao da je sa druge planete a ustvari je smje\u0161tena u Gradu obrazovanja\u00a0u Kataru.\u00a0Grad obrazovanja je inicijativa Fondacije za obrazovanje, nauku i razvoj zajednice Katara. Smje\u0161ten je na periferiji Dohe, glavnog grada Katara, a prostire se na 14 kvadratnih kilometar i obuhvata obrazovne ustanove od pred\u0161kolskog obrazovanja do nau\u010dnih insitucija [&hellip;]\" \/>\n<meta property=\"og:url\" content=\"https:\/\/sandzakpress.net\/arhiva\/dzamija-koja-izgleda-kao-da-je-sa-druge-planete\/\" \/>\n<meta property=\"og:site_name\" content=\"Sand\u017eak PRESS\" \/>\n<meta property=\"article:published_time\" content=\"2015-06-01T09:50:53+00:00\" \/>\n<meta property=\"og:image\" content=\"https:\/\/sandzakpress.net\/arhiva\/wp-content\/uploads\/2015\/06\/10861068_938708086191948_5086037380780209285_o1.jpg\" \/>\n\t<meta property=\"og:image:width\" content=\"868\" \/>\n\t<meta property=\"og:image:height\" content=\"390\" \/>\n\t<meta property=\"og:image:type\" content=\"image\/jpeg\" \/>\n<meta name=\"author\" content=\"bosniak\" \/>\n<meta name=\"twitter:card\" content=\"summary_large_image\" \/>\n<meta name=\"twitter:label1\" content=\"Written by\" \/>\n\t<meta name=\"twitter:data1\" content=\"bosniak\" \/>\n\t<meta name=\"twitter:label2\" content=\"Est. reading time\" \/>\n\t<meta name=\"twitter:data2\" content=\"2 minute\" \/>\n<script type=\"application\/ld+json\" class=\"yoast-schema-graph\">{\"@context\":\"https:\/\/schema.org\",\"@graph\":[{\"@type\":\"Article\",\"@id\":\"https:\/\/sandzakpress.net\/arhiva\/dzamija-koja-izgleda-kao-da-je-sa-druge-planete\/#article\",\"isPartOf\":{\"@id\":\"https:\/\/sandzakpress.net\/arhiva\/dzamija-koja-izgleda-kao-da-je-sa-druge-planete\/\"},\"author\":{\"name\":\"bosniak\",\"@id\":\"https:\/\/sandzakpress.net\/arhiva\/#\/schema\/person\/c8baee722073534b583ea7bdb2e36c02\"},\"headline\":\"D\u017eamija koja izgleda kao da je sa druge planete\",\"datePublished\":\"2015-06-01T09:50:53+00:00\",\"mainEntityOfPage\":{\"@id\":\"https:\/\/sandzakpress.net\/arhiva\/dzamija-koja-izgleda-kao-da-je-sa-druge-planete\/\"},\"wordCount\":373,\"commentCount\":10,\"publisher\":{\"@id\":\"https:\/\/sandzakpress.net\/arhiva\/#\/schema\/person\/6e72b67d6e51910a1117b3b483ba20bd\"},\"image\":{\"@id\":\"https:\/\/sandzakpress.net\/arhiva\/dzamija-koja-izgleda-kao-da-je-sa-druge-planete\/#primaryimage\"},\"thumbnailUrl\":\"https:\/\/sandzakpress.net\/arhiva\/wp-content\/uploads\/2015\/06\/10861068_938708086191948_5086037380780209285_o1.jpg\",\"articleSection\":[\"Islamski svijet\"],\"inLanguage\":\"bs-BA\",\"potentialAction\":[{\"@type\":\"CommentAction\",\"name\":\"Comment\",\"target\":[\"https:\/\/sandzakpress.net\/arhiva\/dzamija-koja-izgleda-kao-da-je-sa-druge-planete\/#respond\"]}]},{\"@type\":\"WebPage\",\"@id\":\"https:\/\/sandzakpress.net\/arhiva\/dzamija-koja-izgleda-kao-da-je-sa-druge-planete\/\",\"url\":\"https:\/\/sandzakpress.net\/arhiva\/dzamija-koja-izgleda-kao-da-je-sa-druge-planete\/\",\"name\":\"D\u017eamija koja izgleda kao da je sa druge planete\",\"isPartOf\":{\"@id\":\"https:\/\/sandzakpress.net\/arhiva\/#website\"},\"primaryImageOfPage\":{\"@id\":\"https:\/\/sandzakpress.net\/arhiva\/dzamija-koja-izgleda-kao-da-je-sa-druge-planete\/#primaryimage\"},\"image\":{\"@id\":\"https:\/\/sandzakpress.net\/arhiva\/dzamija-koja-izgleda-kao-da-je-sa-druge-planete\/#primaryimage\"},\"thumbnailUrl\":\"https:\/\/sandzakpress.net\/arhiva\/wp-content\/uploads\/2015\/06\/10861068_938708086191948_5086037380780209285_o1.jpg\",\"datePublished\":\"2015-06-01T09:50:53+00:00\",\"breadcrumb\":{\"@id\":\"https:\/\/sandzakpress.net\/arhiva\/dzamija-koja-izgleda-kao-da-je-sa-druge-planete\/#breadcrumb\"},\"inLanguage\":\"bs-BA\",\"potentialAction\":[{\"@type\":\"ReadAction\",\"target\":[\"https:\/\/sandzakpress.net\/arhiva\/dzamija-koja-izgleda-kao-da-je-sa-druge-planete\/\"]}]},{\"@type\":\"ImageObject\",\"inLanguage\":\"bs-BA\",\"@id\":\"https:\/\/sandzakpress.net\/arhiva\/dzamija-koja-izgleda-kao-da-je-sa-druge-planete\/#primaryimage\",\"url\":\"https:\/\/sandzakpress.net\/arhiva\/wp-content\/uploads\/2015\/06\/10861068_938708086191948_5086037380780209285_o1.jpg\",\"contentUrl\":\"https:\/\/sandzakpress.net\/arhiva\/wp-content\/uploads\/2015\/06\/10861068_938708086191948_5086037380780209285_o1.jpg\",\"width\":868,\"height\":390},{\"@type\":\"BreadcrumbList\",\"@id\":\"https:\/\/sandzakpress.net\/arhiva\/dzamija-koja-izgleda-kao-da-je-sa-druge-planete\/#breadcrumb\",\"itemListElement\":[{\"@type\":\"ListItem\",\"position\":1,\"name\":\"Home\",\"item\":\"https:\/\/sandzakpress.net\/arhiva\/\"},{\"@type\":\"ListItem\",\"position\":2,\"name\":\"D\u017eamija koja izgleda kao da je sa druge planete\"}]},{\"@type\":\"WebSite\",\"@id\":\"https:\/\/sandzakpress.net\/arhiva\/#website\",\"url\":\"https:\/\/sandzakpress.net\/arhiva\/\",\"name\":\"Sand\u017eak PRESS\",\"description\":\"Prve elektronske novine u Sand\u017eaku\",\"publisher\":{\"@id\":\"https:\/\/sandzakpress.net\/arhiva\/#\/schema\/person\/6e72b67d6e51910a1117b3b483ba20bd\"},\"potentialAction\":[{\"@type\":\"SearchAction\",\"target\":{\"@type\":\"EntryPoint\",\"urlTemplate\":\"https:\/\/sandzakpress.net\/arhiva\/?s={search_term_string}\"},\"query-input\":{\"@type\":\"PropertyValueSpecification\",\"valueRequired\":true,\"valueName\":\"search_term_string\"}}],\"inLanguage\":\"bs-BA\"},{\"@type\":[\"Person\",\"Organization\"],\"@id\":\"https:\/\/sandzakpress.net\/arhiva\/#\/schema\/person\/6e72b67d6e51910a1117b3b483ba20bd\",\"name\":\"Kul\",\"image\":{\"@type\":\"ImageObject\",\"inLanguage\":\"bs-BA\",\"@id\":\"https:\/\/sandzakpress.net\/arhiva\/#\/schema\/person\/image\/\",\"url\":\"https:\/\/secure.gravatar.com\/avatar\/42263f39aa27ac04c43cab85c280eb2e?s=96&d=mm&r=pg\",\"contentUrl\":\"https:\/\/secure.gravatar.com\/avatar\/42263f39aa27ac04c43cab85c280eb2e?s=96&d=mm&r=pg\",\"caption\":\"Kul\"},\"logo\":{\"@id\":\"https:\/\/sandzakpress.net\/arhiva\/#\/schema\/person\/image\/\"}},{\"@type\":\"Person\",\"@id\":\"https:\/\/sandzakpress.net\/arhiva\/#\/schema\/person\/c8baee722073534b583ea7bdb2e36c02\",\"name\":\"bosniak\",\"image\":{\"@type\":\"ImageObject\",\"inLanguage\":\"bs-BA\",\"@id\":\"https:\/\/sandzakpress.net\/arhiva\/#\/schema\/person\/image\/\",\"url\":\"https:\/\/secure.gravatar.com\/avatar\/a04fd330bfe3a36a72a0ad4a6d89fca7?s=96&d=mm&r=pg\",\"contentUrl\":\"https:\/\/secure.gravatar.com\/avatar\/a04fd330bfe3a36a72a0ad4a6d89fca7?s=96&d=mm&r=pg\",\"caption\":\"bosniak\"},\"url\":\"https:\/\/sandzakpress.net\/arhiva\/author\/bosniak\/\"}]}<\/script>\n<!-- \/ Yoast SEO Premium plugin. -->","yoast_head_json":{"title":"D\u017eamija koja izgleda kao da je sa druge planete","robots":{"index":"index","follow":"follow","max-snippet":"max-snippet:-1","max-image-preview":"max-image-preview:large","max-video-preview":"max-video-preview:-1"},"canonical":"https:\/\/sandzakpress.net\/arhiva\/dzamija-koja-izgleda-kao-da-je-sa-druge-planete\/","og_locale":"bs_BA","og_type":"article","og_title":"D\u017eamija koja izgleda kao da je sa druge planete","og_description":"Svijet &#8211; Ova d\u017eamija izgleda kao da je sa druge planete a ustvari je smje\u0161tena u Gradu obrazovanja\u00a0u Kataru.\u00a0Grad obrazovanja je inicijativa Fondacije za obrazovanje, nauku i razvoj zajednice Katara. Smje\u0161ten je na periferiji Dohe, glavnog grada Katara, a prostire se na 14 kvadratnih kilometar i obuhvata obrazovne ustanove od pred\u0161kolskog obrazovanja do nau\u010dnih insitucija [&hellip;]","og_url":"https:\/\/sandzakpress.net\/arhiva\/dzamija-koja-izgleda-kao-da-je-sa-druge-planete\/","og_site_name":"Sand\u017eak PRESS","article_published_time":"2015-06-01T09:50:53+00:00","og_image":[{"width":868,"height":390,"url":"https:\/\/sandzakpress.net\/arhiva\/wp-content\/uploads\/2015\/06\/10861068_938708086191948_5086037380780209285_o1.jpg","type":"image\/jpeg"}],"author":"bosniak","twitter_card":"summary_large_image","twitter_misc":{"Written by":"bosniak","Est. reading time":"2 minute"},"schema":{"@context":"https:\/\/schema.org","@graph":[{"@type":"Article","@id":"https:\/\/sandzakpress.net\/arhiva\/dzamija-koja-izgleda-kao-da-je-sa-druge-planete\/#article","isPartOf":{"@id":"https:\/\/sandzakpress.net\/arhiva\/dzamija-koja-izgleda-kao-da-je-sa-druge-planete\/"},"author":{"name":"bosniak","@id":"https:\/\/sandzakpress.net\/arhiva\/#\/schema\/person\/c8baee722073534b583ea7bdb2e36c02"},"headline":"D\u017eamija koja izgleda kao da je sa druge planete","datePublished":"2015-06-01T09:50:53+00:00","mainEntityOfPage":{"@id":"https:\/\/sandzakpress.net\/arhiva\/dzamija-koja-izgleda-kao-da-je-sa-druge-planete\/"},"wordCount":373,"commentCount":10,"publisher":{"@id":"https:\/\/sandzakpress.net\/arhiva\/#\/schema\/person\/6e72b67d6e51910a1117b3b483ba20bd"},"image":{"@id":"https:\/\/sandzakpress.net\/arhiva\/dzamija-koja-izgleda-kao-da-je-sa-druge-planete\/#primaryimage"},"thumbnailUrl":"https:\/\/sandzakpress.net\/arhiva\/wp-content\/uploads\/2015\/06\/10861068_938708086191948_5086037380780209285_o1.jpg","articleSection":["Islamski svijet"],"inLanguage":"bs-BA","potentialAction":[{"@type":"CommentAction","name":"Comment","target":["https:\/\/sandzakpress.net\/arhiva\/dzamija-koja-izgleda-kao-da-je-sa-druge-planete\/#respond"]}]},{"@type":"WebPage","@id":"https:\/\/sandzakpress.net\/arhiva\/dzamija-koja-izgleda-kao-da-je-sa-druge-planete\/","url":"https:\/\/sandzakpress.net\/arhiva\/dzamija-koja-izgleda-kao-da-je-sa-druge-planete\/","name":"D\u017eamija koja izgleda kao da je sa druge planete","isPartOf":{"@id":"https:\/\/sandzakpress.net\/arhiva\/#website"},"primaryImageOfPage":{"@id":"https:\/\/sandzakpress.net\/arhiva\/dzamija-koja-izgleda-kao-da-je-sa-druge-planete\/#primaryimage"},"image":{"@id":"https:\/\/sandzakpress.net\/arhiva\/dzamija-koja-izgleda-kao-da-je-sa-druge-planete\/#primaryimage"},"thumbnailUrl":"https:\/\/sandzakpress.net\/arhiva\/wp-content\/uploads\/2015\/06\/10861068_938708086191948_5086037380780209285_o1.jpg","datePublished":"2015-06-01T09:50:53+00:00","breadcrumb":{"@id":"https:\/\/sandzakpress.net\/arhiva\/dzamija-koja-izgleda-kao-da-je-sa-druge-planete\/#breadcrumb"},"inLanguage":"bs-BA","potentialAction":[{"@type":"ReadAction","target":["https:\/\/sandzakpress.net\/arhiva\/dzamija-koja-izgleda-kao-da-je-sa-druge-planete\/"]}]},{"@type":"ImageObject","inLanguage":"bs-BA","@id":"https:\/\/sandzakpress.net\/arhiva\/dzamija-koja-izgleda-kao-da-je-sa-druge-planete\/#primaryimage","url":"https:\/\/sandzakpress.net\/arhiva\/wp-content\/uploads\/2015\/06\/10861068_938708086191948_5086037380780209285_o1.jpg","contentUrl":"https:\/\/sandzakpress.net\/arhiva\/wp-content\/uploads\/2015\/06\/10861068_938708086191948_5086037380780209285_o1.jpg","width":868,"height":390},{"@type":"BreadcrumbList","@id":"https:\/\/sandzakpress.net\/arhiva\/dzamija-koja-izgleda-kao-da-je-sa-druge-planete\/#breadcrumb","itemListElement":[{"@type":"ListItem","position":1,"name":"Home","item":"https:\/\/sandzakpress.net\/arhiva\/"},{"@type":"ListItem","position":2,"name":"D\u017eamija koja izgleda kao da je sa druge planete"}]},{"@type":"WebSite","@id":"https:\/\/sandzakpress.net\/arhiva\/#website","url":"https:\/\/sandzakpress.net\/arhiva\/","name":"Sand\u017eak PRESS","description":"Prve elektronske novine u Sand\u017eaku","publisher":{"@id":"https:\/\/sandzakpress.net\/arhiva\/#\/schema\/person\/6e72b67d6e51910a1117b3b483ba20bd"},"potentialAction":[{"@type":"SearchAction","target":{"@type":"EntryPoint","urlTemplate":"https:\/\/sandzakpress.net\/arhiva\/?s={search_term_string}"},"query-input":{"@type":"PropertyValueSpecification","valueRequired":true,"valueName":"search_term_string"}}],"inLanguage":"bs-BA"},{"@type":["Person","Organization"],"@id":"https:\/\/sandzakpress.net\/arhiva\/#\/schema\/person\/6e72b67d6e51910a1117b3b483ba20bd","name":"Kul","image":{"@type":"ImageObject","inLanguage":"bs-BA","@id":"https:\/\/sandzakpress.net\/arhiva\/#\/schema\/person\/image\/","url":"https:\/\/secure.gravatar.com\/avatar\/42263f39aa27ac04c43cab85c280eb2e?s=96&d=mm&r=pg","contentUrl":"https:\/\/secure.gravatar.com\/avatar\/42263f39aa27ac04c43cab85c280eb2e?s=96&d=mm&r=pg","caption":"Kul"},"logo":{"@id":"https:\/\/sandzakpress.net\/arhiva\/#\/schema\/person\/image\/"}},{"@type":"Person","@id":"https:\/\/sandzakpress.net\/arhiva\/#\/schema\/person\/c8baee722073534b583ea7bdb2e36c02","name":"bosniak","image":{"@type":"ImageObject","inLanguage":"bs-BA","@id":"https:\/\/sandzakpress.net\/arhiva\/#\/schema\/person\/image\/","url":"https:\/\/secure.gravatar.com\/avatar\/a04fd330bfe3a36a72a0ad4a6d89fca7?s=96&d=mm&r=pg","contentUrl":"https:\/\/secure.gravatar.com\/avatar\/a04fd330bfe3a36a72a0ad4a6d89fca7?s=96&d=mm&r=pg","caption":"bosniak"},"url":"https:\/\/sandzakpress.net\/arhiva\/author\/bosniak\/"}]}},"_links":{"self":[{"href":"https:\/\/sandzakpress.net\/arhiva\/wp-json\/wp\/v2\/posts\/129022"}],"collection":[{"href":"https:\/\/sandzakpress.net\/arhiva\/wp-json\/wp\/v2\/posts"}],"about":[{"href":"https:\/\/sandzakpress.net\/arhiva\/wp-json\/wp\/v2\/types\/post"}],"author":[{"embeddable":true,"href":"https:\/\/sandzakpress.net\/arhiva\/wp-json\/wp\/v2\/users\/83"}],"replies":[{"embeddable":true,"href":"https:\/\/sandzakpress.net\/arhiva\/wp-json\/wp\/v2\/comments?post=129022"}],"version-history":[{"count":0,"href":"https:\/\/sandzakpress.net\/arhiva\/wp-json\/wp\/v2\/posts\/129022\/revisions"}],"wp:featuredmedia":[{"embeddable":true,"href":"https:\/\/sandzakpress.net\/arhiva\/wp-json\/wp\/v2\/media\/129024"}],"wp:attachment":[{"href":"https:\/\/sandzakpress.net\/arhiva\/wp-json\/wp\/v2\/media?parent=129022"}],"wp:term":[{"taxonomy":"category","embeddable":true,"href":"https:\/\/sandzakpress.net\/arhiva\/wp-json\/wp\/v2\/categories?post=129022"},{"taxonomy":"post_tag","embeddable":true,"href":"https:\/\/sandzakpress.net\/arhiva\/wp-json\/wp\/v2\/tags?post=129022"}],"curies":[{"name":"wp","href":"https:\/\/api.w.org\/{rel}","templated":true}]}}