{"id":128974,"date":"2015-05-30T13:07:27","date_gmt":"2015-05-30T11:07:27","guid":{"rendered":"https:\/\/sandzakpress.net\/arhiva\/?p=128974"},"modified":"2015-05-30T13:07:27","modified_gmt":"2015-05-30T11:07:27","slug":"sprijeceno-izlaganje-karikature-poslanika-muhameda","status":"publish","type":"post","link":"https:\/\/sandzakpress.net\/arhiva\/sprijeceno-izlaganje-karikature-poslanika-muhameda\/","title":{"rendered":"Sprije\u010deno izlaganje karikature poslanika Muhameda"},"content":{"rendered":"<p><img decoding=\"async\" src=\"http:\/\/balkans.aljazeera.net\/sites\/staff.balkans.aljazeera.com\/files\/styles\/aljazeera_article_main_image\/public\/washington-metro-epa-main.jpg?itok=76fG7oio\" alt=\"Washington, Metro\" \/><\/p>\n<p><strong>Amerika &#8211; Zvani\u010dnici zadu\u017eeni za saobra\u0107aj u Washingtonu sprije\u010dili su plan ameri\u010dkog lobija za slobodu govora da izlo\u017ei kontroverznu karikaturu poslanika Muhameda u metrou.<\/strong><\/p>\n<p>Ameri\u010dka inicijativa za odbranu slobode htjela je izlo\u017eiti karikaturu koja je osvojila prvu nagradu na jednoj izlo\u017ebi u Texasu po\u010detkom mjeseca, na kojoj je policija ubila dvije naoru\u017eane osobe, prenosi Tanjug.<\/p>\n<p>Zvani\u010dnici zadu\u017eeni sa saobra\u0107aj u Washingtonu u \u010detvrtak su zabranili politi\u010dke, vjerske i aktivisti\u010dke oglase u metrou.<\/p>\n<p><strong>Kritika aktivista<\/strong><\/p>\n<p>Osniva\u010d Ameri\u010dke inicijative za odbranu slobode Pamela Geller o\u0161tro je kritizirala odluku o zabrani oglasa, rekav\u0161i da se radi o napadu na slobodu govora.<\/p>\n<p>&#8220;Ove kukavice mogu tvrditi da pove\u0107avaju sigurnost ljudi, ali ja tvrdim suprotno. Zbog toga je za Amerikance svuda daleko opasnije&#8221;, poru\u010dila je ona.<\/p>\n<p>Geller tvrdi da je karikatura &#8220;politi\u010dko mi\u0161ljenje&#8221;, koje ne sadr\u017ei nikakvo nasilje.<\/p>\n<p>Njena organizacija, koju su protivnici okarakterizirali kao grupu koja \u0161iri mr\u017enju, izlagala je kontroverzne oglase u metroima i autobusima u Chicagu, Philadelphiji i San Franciscu, kao i u Washingtonu 2012. godine.<\/p>\n<p>Izvor: Agencije<\/p>\n","protected":false},"excerpt":{"rendered":"<p>Amerika &#8211; Zvani\u010dnici zadu\u017eeni za saobra\u0107aj u Washingtonu sprije\u010dili su plan ameri\u010dkog lobija za slobodu govora da izlo\u017ei kontroverznu karikaturu poslanika Muhameda u metrou. Ameri\u010dka inicijativa za odbranu slobode htjela je izlo\u017eiti karikaturu koja je osvojila prvu nagradu na jednoj izlo\u017ebi u Texasu po\u010detkom mjeseca, na kojoj je policija ubila dvije naoru\u017eane osobe, prenosi Tanjug. [&hellip;]<\/p>\n","protected":false},"author":83,"featured_media":128975,"comment_status":"open","ping_status":"open","sticky":false,"template":"","format":"standard","meta":{"footnotes":""},"categories":[3012,9],"tags":[],"class_list":{"0":"post-128974","1":"post","2":"type-post","3":"status-publish","4":"format-standard","5":"has-post-thumbnail","7":"category-amerika-gradovi","8":"category-svijet"},"yoast_head":"<!-- This site is optimized with the Yoast SEO Premium plugin v23.1 (Yoast SEO v24.9) - https:\/\/yoast.com\/wordpress\/plugins\/seo\/ -->\n<title>Sprije\u010deno izlaganje karikature poslanika Muhameda<\/title>\n<meta name=\"robots\" content=\"index, follow, max-snippet:-1, max-image-preview:large, max-video-preview:-1\" \/>\n<link rel=\"canonical\" href=\"https:\/\/sandzakpress.net\/arhiva\/sprijeceno-izlaganje-karikature-poslanika-muhameda\/\" \/>\n<meta property=\"og:locale\" content=\"bs_BA\" \/>\n<meta property=\"og:type\" content=\"article\" \/>\n<meta property=\"og:title\" content=\"Sprije\u010deno izlaganje karikature poslanika Muhameda\" \/>\n<meta property=\"og:description\" content=\"Amerika &#8211; Zvani\u010dnici zadu\u017eeni za saobra\u0107aj u Washingtonu sprije\u010dili su plan ameri\u010dkog lobija za slobodu govora da izlo\u017ei kontroverznu karikaturu poslanika Muhameda u metrou. Ameri\u010dka inicijativa za odbranu slobode htjela je izlo\u017eiti karikaturu koja je osvojila prvu nagradu na jednoj izlo\u017ebi u Texasu po\u010detkom mjeseca, na kojoj je policija ubila dvije naoru\u017eane osobe, prenosi Tanjug. [&hellip;]\" \/>\n<meta property=\"og:url\" content=\"https:\/\/sandzakpress.net\/arhiva\/sprijeceno-izlaganje-karikature-poslanika-muhameda\/\" \/>\n<meta property=\"og:site_name\" content=\"Sand\u017eak PRESS\" \/>\n<meta property=\"article:published_time\" content=\"2015-05-30T11:07:27+00:00\" \/>\n<meta property=\"og:image\" content=\"https:\/\/sandzakpress.net\/arhiva\/wp-content\/uploads\/2015\/05\/washington-metro-epa-main.jpg\" \/>\n\t<meta property=\"og:image:width\" content=\"900\" \/>\n\t<meta property=\"og:image:height\" content=\"600\" \/>\n\t<meta property=\"og:image:type\" content=\"image\/jpeg\" \/>\n<meta name=\"author\" content=\"bosniak\" \/>\n<meta name=\"twitter:card\" content=\"summary_large_image\" \/>\n<meta name=\"twitter:label1\" content=\"Written by\" \/>\n\t<meta name=\"twitter:data1\" content=\"bosniak\" \/>\n\t<meta name=\"twitter:label2\" content=\"Est. reading time\" \/>\n\t<meta name=\"twitter:data2\" content=\"1 minuta\" \/>\n<script type=\"application\/ld+json\" class=\"yoast-schema-graph\">{\"@context\":\"https:\/\/schema.org\",\"@graph\":[{\"@type\":\"Article\",\"@id\":\"https:\/\/sandzakpress.net\/arhiva\/sprijeceno-izlaganje-karikature-poslanika-muhameda\/#article\",\"isPartOf\":{\"@id\":\"https:\/\/sandzakpress.net\/arhiva\/sprijeceno-izlaganje-karikature-poslanika-muhameda\/\"},\"author\":{\"name\":\"bosniak\",\"@id\":\"https:\/\/sandzakpress.net\/arhiva\/#\/schema\/person\/c8baee722073534b583ea7bdb2e36c02\"},\"headline\":\"Sprije\u010deno izlaganje karikature poslanika Muhameda\",\"datePublished\":\"2015-05-30T11:07:27+00:00\",\"mainEntityOfPage\":{\"@id\":\"https:\/\/sandzakpress.net\/arhiva\/sprijeceno-izlaganje-karikature-poslanika-muhameda\/\"},\"wordCount\":196,\"commentCount\":3,\"publisher\":{\"@id\":\"https:\/\/sandzakpress.net\/arhiva\/#\/schema\/person\/6e72b67d6e51910a1117b3b483ba20bd\"},\"image\":{\"@id\":\"https:\/\/sandzakpress.net\/arhiva\/sprijeceno-izlaganje-karikature-poslanika-muhameda\/#primaryimage\"},\"thumbnailUrl\":\"https:\/\/sandzakpress.net\/arhiva\/wp-content\/uploads\/2015\/05\/washington-metro-epa-main.jpg\",\"articleSection\":[\"Amerika\",\"Svijet\"],\"inLanguage\":\"bs-BA\",\"potentialAction\":[{\"@type\":\"CommentAction\",\"name\":\"Comment\",\"target\":[\"https:\/\/sandzakpress.net\/arhiva\/sprijeceno-izlaganje-karikature-poslanika-muhameda\/#respond\"]}]},{\"@type\":\"WebPage\",\"@id\":\"https:\/\/sandzakpress.net\/arhiva\/sprijeceno-izlaganje-karikature-poslanika-muhameda\/\",\"url\":\"https:\/\/sandzakpress.net\/arhiva\/sprijeceno-izlaganje-karikature-poslanika-muhameda\/\",\"name\":\"Sprije\u010deno izlaganje karikature poslanika Muhameda\",\"isPartOf\":{\"@id\":\"https:\/\/sandzakpress.net\/arhiva\/#website\"},\"primaryImageOfPage\":{\"@id\":\"https:\/\/sandzakpress.net\/arhiva\/sprijeceno-izlaganje-karikature-poslanika-muhameda\/#primaryimage\"},\"image\":{\"@id\":\"https:\/\/sandzakpress.net\/arhiva\/sprijeceno-izlaganje-karikature-poslanika-muhameda\/#primaryimage\"},\"thumbnailUrl\":\"https:\/\/sandzakpress.net\/arhiva\/wp-content\/uploads\/2015\/05\/washington-metro-epa-main.jpg\",\"datePublished\":\"2015-05-30T11:07:27+00:00\",\"breadcrumb\":{\"@id\":\"https:\/\/sandzakpress.net\/arhiva\/sprijeceno-izlaganje-karikature-poslanika-muhameda\/#breadcrumb\"},\"inLanguage\":\"bs-BA\",\"potentialAction\":[{\"@type\":\"ReadAction\",\"target\":[\"https:\/\/sandzakpress.net\/arhiva\/sprijeceno-izlaganje-karikature-poslanika-muhameda\/\"]}]},{\"@type\":\"ImageObject\",\"inLanguage\":\"bs-BA\",\"@id\":\"https:\/\/sandzakpress.net\/arhiva\/sprijeceno-izlaganje-karikature-poslanika-muhameda\/#primaryimage\",\"url\":\"https:\/\/sandzakpress.net\/arhiva\/wp-content\/uploads\/2015\/05\/washington-metro-epa-main.jpg\",\"contentUrl\":\"https:\/\/sandzakpress.net\/arhiva\/wp-content\/uploads\/2015\/05\/washington-metro-epa-main.jpg\",\"width\":900,\"height\":600},{\"@type\":\"BreadcrumbList\",\"@id\":\"https:\/\/sandzakpress.net\/arhiva\/sprijeceno-izlaganje-karikature-poslanika-muhameda\/#breadcrumb\",\"itemListElement\":[{\"@type\":\"ListItem\",\"position\":1,\"name\":\"Home\",\"item\":\"https:\/\/sandzakpress.net\/arhiva\/\"},{\"@type\":\"ListItem\",\"position\":2,\"name\":\"Sprije\u010deno izlaganje karikature poslanika Muhameda\"}]},{\"@type\":\"WebSite\",\"@id\":\"https:\/\/sandzakpress.net\/arhiva\/#website\",\"url\":\"https:\/\/sandzakpress.net\/arhiva\/\",\"name\":\"Sand\u017eak PRESS\",\"description\":\"Prve elektronske novine u Sand\u017eaku\",\"publisher\":{\"@id\":\"https:\/\/sandzakpress.net\/arhiva\/#\/schema\/person\/6e72b67d6e51910a1117b3b483ba20bd\"},\"potentialAction\":[{\"@type\":\"SearchAction\",\"target\":{\"@type\":\"EntryPoint\",\"urlTemplate\":\"https:\/\/sandzakpress.net\/arhiva\/?s={search_term_string}\"},\"query-input\":{\"@type\":\"PropertyValueSpecification\",\"valueRequired\":true,\"valueName\":\"search_term_string\"}}],\"inLanguage\":\"bs-BA\"},{\"@type\":[\"Person\",\"Organization\"],\"@id\":\"https:\/\/sandzakpress.net\/arhiva\/#\/schema\/person\/6e72b67d6e51910a1117b3b483ba20bd\",\"name\":\"Kul\",\"image\":{\"@type\":\"ImageObject\",\"inLanguage\":\"bs-BA\",\"@id\":\"https:\/\/sandzakpress.net\/arhiva\/#\/schema\/person\/image\/\",\"url\":\"https:\/\/secure.gravatar.com\/avatar\/42263f39aa27ac04c43cab85c280eb2e?s=96&d=mm&r=pg\",\"contentUrl\":\"https:\/\/secure.gravatar.com\/avatar\/42263f39aa27ac04c43cab85c280eb2e?s=96&d=mm&r=pg\",\"caption\":\"Kul\"},\"logo\":{\"@id\":\"https:\/\/sandzakpress.net\/arhiva\/#\/schema\/person\/image\/\"}},{\"@type\":\"Person\",\"@id\":\"https:\/\/sandzakpress.net\/arhiva\/#\/schema\/person\/c8baee722073534b583ea7bdb2e36c02\",\"name\":\"bosniak\",\"image\":{\"@type\":\"ImageObject\",\"inLanguage\":\"bs-BA\",\"@id\":\"https:\/\/sandzakpress.net\/arhiva\/#\/schema\/person\/image\/\",\"url\":\"https:\/\/secure.gravatar.com\/avatar\/a04fd330bfe3a36a72a0ad4a6d89fca7?s=96&d=mm&r=pg\",\"contentUrl\":\"https:\/\/secure.gravatar.com\/avatar\/a04fd330bfe3a36a72a0ad4a6d89fca7?s=96&d=mm&r=pg\",\"caption\":\"bosniak\"},\"url\":\"https:\/\/sandzakpress.net\/arhiva\/author\/bosniak\/\"}]}<\/script>\n<!-- \/ Yoast SEO Premium plugin. -->","yoast_head_json":{"title":"Sprije\u010deno izlaganje karikature poslanika Muhameda","robots":{"index":"index","follow":"follow","max-snippet":"max-snippet:-1","max-image-preview":"max-image-preview:large","max-video-preview":"max-video-preview:-1"},"canonical":"https:\/\/sandzakpress.net\/arhiva\/sprijeceno-izlaganje-karikature-poslanika-muhameda\/","og_locale":"bs_BA","og_type":"article","og_title":"Sprije\u010deno izlaganje karikature poslanika Muhameda","og_description":"Amerika &#8211; Zvani\u010dnici zadu\u017eeni za saobra\u0107aj u Washingtonu sprije\u010dili su plan ameri\u010dkog lobija za slobodu govora da izlo\u017ei kontroverznu karikaturu poslanika Muhameda u metrou. Ameri\u010dka inicijativa za odbranu slobode htjela je izlo\u017eiti karikaturu koja je osvojila prvu nagradu na jednoj izlo\u017ebi u Texasu po\u010detkom mjeseca, na kojoj je policija ubila dvije naoru\u017eane osobe, prenosi Tanjug. [&hellip;]","og_url":"https:\/\/sandzakpress.net\/arhiva\/sprijeceno-izlaganje-karikature-poslanika-muhameda\/","og_site_name":"Sand\u017eak PRESS","article_published_time":"2015-05-30T11:07:27+00:00","og_image":[{"width":900,"height":600,"url":"https:\/\/sandzakpress.net\/arhiva\/wp-content\/uploads\/2015\/05\/washington-metro-epa-main.jpg","type":"image\/jpeg"}],"author":"bosniak","twitter_card":"summary_large_image","twitter_misc":{"Written by":"bosniak","Est. reading time":"1 minuta"},"schema":{"@context":"https:\/\/schema.org","@graph":[{"@type":"Article","@id":"https:\/\/sandzakpress.net\/arhiva\/sprijeceno-izlaganje-karikature-poslanika-muhameda\/#article","isPartOf":{"@id":"https:\/\/sandzakpress.net\/arhiva\/sprijeceno-izlaganje-karikature-poslanika-muhameda\/"},"author":{"name":"bosniak","@id":"https:\/\/sandzakpress.net\/arhiva\/#\/schema\/person\/c8baee722073534b583ea7bdb2e36c02"},"headline":"Sprije\u010deno izlaganje karikature poslanika Muhameda","datePublished":"2015-05-30T11:07:27+00:00","mainEntityOfPage":{"@id":"https:\/\/sandzakpress.net\/arhiva\/sprijeceno-izlaganje-karikature-poslanika-muhameda\/"},"wordCount":196,"commentCount":3,"publisher":{"@id":"https:\/\/sandzakpress.net\/arhiva\/#\/schema\/person\/6e72b67d6e51910a1117b3b483ba20bd"},"image":{"@id":"https:\/\/sandzakpress.net\/arhiva\/sprijeceno-izlaganje-karikature-poslanika-muhameda\/#primaryimage"},"thumbnailUrl":"https:\/\/sandzakpress.net\/arhiva\/wp-content\/uploads\/2015\/05\/washington-metro-epa-main.jpg","articleSection":["Amerika","Svijet"],"inLanguage":"bs-BA","potentialAction":[{"@type":"CommentAction","name":"Comment","target":["https:\/\/sandzakpress.net\/arhiva\/sprijeceno-izlaganje-karikature-poslanika-muhameda\/#respond"]}]},{"@type":"WebPage","@id":"https:\/\/sandzakpress.net\/arhiva\/sprijeceno-izlaganje-karikature-poslanika-muhameda\/","url":"https:\/\/sandzakpress.net\/arhiva\/sprijeceno-izlaganje-karikature-poslanika-muhameda\/","name":"Sprije\u010deno izlaganje karikature poslanika Muhameda","isPartOf":{"@id":"https:\/\/sandzakpress.net\/arhiva\/#website"},"primaryImageOfPage":{"@id":"https:\/\/sandzakpress.net\/arhiva\/sprijeceno-izlaganje-karikature-poslanika-muhameda\/#primaryimage"},"image":{"@id":"https:\/\/sandzakpress.net\/arhiva\/sprijeceno-izlaganje-karikature-poslanika-muhameda\/#primaryimage"},"thumbnailUrl":"https:\/\/sandzakpress.net\/arhiva\/wp-content\/uploads\/2015\/05\/washington-metro-epa-main.jpg","datePublished":"2015-05-30T11:07:27+00:00","breadcrumb":{"@id":"https:\/\/sandzakpress.net\/arhiva\/sprijeceno-izlaganje-karikature-poslanika-muhameda\/#breadcrumb"},"inLanguage":"bs-BA","potentialAction":[{"@type":"ReadAction","target":["https:\/\/sandzakpress.net\/arhiva\/sprijeceno-izlaganje-karikature-poslanika-muhameda\/"]}]},{"@type":"ImageObject","inLanguage":"bs-BA","@id":"https:\/\/sandzakpress.net\/arhiva\/sprijeceno-izlaganje-karikature-poslanika-muhameda\/#primaryimage","url":"https:\/\/sandzakpress.net\/arhiva\/wp-content\/uploads\/2015\/05\/washington-metro-epa-main.jpg","contentUrl":"https:\/\/sandzakpress.net\/arhiva\/wp-content\/uploads\/2015\/05\/washington-metro-epa-main.jpg","width":900,"height":600},{"@type":"BreadcrumbList","@id":"https:\/\/sandzakpress.net\/arhiva\/sprijeceno-izlaganje-karikature-poslanika-muhameda\/#breadcrumb","itemListElement":[{"@type":"ListItem","position":1,"name":"Home","item":"https:\/\/sandzakpress.net\/arhiva\/"},{"@type":"ListItem","position":2,"name":"Sprije\u010deno izlaganje karikature poslanika Muhameda"}]},{"@type":"WebSite","@id":"https:\/\/sandzakpress.net\/arhiva\/#website","url":"https:\/\/sandzakpress.net\/arhiva\/","name":"Sand\u017eak PRESS","description":"Prve elektronske novine u Sand\u017eaku","publisher":{"@id":"https:\/\/sandzakpress.net\/arhiva\/#\/schema\/person\/6e72b67d6e51910a1117b3b483ba20bd"},"potentialAction":[{"@type":"SearchAction","target":{"@type":"EntryPoint","urlTemplate":"https:\/\/sandzakpress.net\/arhiva\/?s={search_term_string}"},"query-input":{"@type":"PropertyValueSpecification","valueRequired":true,"valueName":"search_term_string"}}],"inLanguage":"bs-BA"},{"@type":["Person","Organization"],"@id":"https:\/\/sandzakpress.net\/arhiva\/#\/schema\/person\/6e72b67d6e51910a1117b3b483ba20bd","name":"Kul","image":{"@type":"ImageObject","inLanguage":"bs-BA","@id":"https:\/\/sandzakpress.net\/arhiva\/#\/schema\/person\/image\/","url":"https:\/\/secure.gravatar.com\/avatar\/42263f39aa27ac04c43cab85c280eb2e?s=96&d=mm&r=pg","contentUrl":"https:\/\/secure.gravatar.com\/avatar\/42263f39aa27ac04c43cab85c280eb2e?s=96&d=mm&r=pg","caption":"Kul"},"logo":{"@id":"https:\/\/sandzakpress.net\/arhiva\/#\/schema\/person\/image\/"}},{"@type":"Person","@id":"https:\/\/sandzakpress.net\/arhiva\/#\/schema\/person\/c8baee722073534b583ea7bdb2e36c02","name":"bosniak","image":{"@type":"ImageObject","inLanguage":"bs-BA","@id":"https:\/\/sandzakpress.net\/arhiva\/#\/schema\/person\/image\/","url":"https:\/\/secure.gravatar.com\/avatar\/a04fd330bfe3a36a72a0ad4a6d89fca7?s=96&d=mm&r=pg","contentUrl":"https:\/\/secure.gravatar.com\/avatar\/a04fd330bfe3a36a72a0ad4a6d89fca7?s=96&d=mm&r=pg","caption":"bosniak"},"url":"https:\/\/sandzakpress.net\/arhiva\/author\/bosniak\/"}]}},"_links":{"self":[{"href":"https:\/\/sandzakpress.net\/arhiva\/wp-json\/wp\/v2\/posts\/128974"}],"collection":[{"href":"https:\/\/sandzakpress.net\/arhiva\/wp-json\/wp\/v2\/posts"}],"about":[{"href":"https:\/\/sandzakpress.net\/arhiva\/wp-json\/wp\/v2\/types\/post"}],"author":[{"embeddable":true,"href":"https:\/\/sandzakpress.net\/arhiva\/wp-json\/wp\/v2\/users\/83"}],"replies":[{"embeddable":true,"href":"https:\/\/sandzakpress.net\/arhiva\/wp-json\/wp\/v2\/comments?post=128974"}],"version-history":[{"count":0,"href":"https:\/\/sandzakpress.net\/arhiva\/wp-json\/wp\/v2\/posts\/128974\/revisions"}],"wp:featuredmedia":[{"embeddable":true,"href":"https:\/\/sandzakpress.net\/arhiva\/wp-json\/wp\/v2\/media\/128975"}],"wp:attachment":[{"href":"https:\/\/sandzakpress.net\/arhiva\/wp-json\/wp\/v2\/media?parent=128974"}],"wp:term":[{"taxonomy":"category","embeddable":true,"href":"https:\/\/sandzakpress.net\/arhiva\/wp-json\/wp\/v2\/categories?post=128974"},{"taxonomy":"post_tag","embeddable":true,"href":"https:\/\/sandzakpress.net\/arhiva\/wp-json\/wp\/v2\/tags?post=128974"}],"curies":[{"name":"wp","href":"https:\/\/api.w.org\/{rel}","templated":true}]}}