{"id":128885,"date":"2015-05-29T12:23:58","date_gmt":"2015-05-29T10:23:58","guid":{"rendered":"https:\/\/sandzakpress.net\/arhiva\/?p=128885"},"modified":"2015-05-29T12:23:58","modified_gmt":"2015-05-29T10:23:58","slug":"kralj-selman-ceka-da-egipatski-narod-izade-na-ulice-da-bi-mogao-reagovati","status":"publish","type":"post","link":"https:\/\/sandzakpress.net\/arhiva\/kralj-selman-ceka-da-egipatski-narod-izade-na-ulice-da-bi-mogao-reagovati\/","title":{"rendered":"Kralj Selman \u010deka da egipatski narod iza\u0111e na ulice da bi mogao reagovati"},"content":{"rendered":"<div class=\"_5wd9\" data-reactid=\".1l.$mid=11432851448501=2de0ff2d872540ca596.2:0\">\n<div class=\"_5wde\" data-reactid=\".1l.$mid=11432851448501=2de0ff2d872540ca596.2:0.0\">\n<div class=\"_5w1r _5wdf _3okg\" data-reactid=\".1l.$mid=11432851448501=2de0ff2d872540ca596.2:0.0.0\">\n<div class=\"_d97\" data-reactid=\".1l.$mid=11432851448501=2de0ff2d872540ca596.2:0.0.0.0\"><img decoding=\"async\" src=\"http:\/\/www.islambosna.ba\/wp-content\/uploads\/2015\/05\/0589712e-4ef8-4322-a741-11b6ddcc92f4.jpg\" alt=\"\" \/><\/div>\n<div class=\"_d97\" data-reactid=\".1l.$mid=11432851448501=2de0ff2d872540ca596.2:0.0.0.0\"><span class=\"_5yl5\" data-reactid=\".1l.$mid=11432851448501=2de0ff2d872540ca596.2:0.0.0.0.0\"><span data-reactid=\".1l.$mid=11432851448501=2de0ff2d872540ca596.2:0.0.0.0.0.0\"><strong>Svijet &#8211; Saudijski analiti\u010dar D\u017eemal el-Ha\u0161ugd\u017ei saop\u0107io je da vojni udar na predsjednika Mursija nije bio dio odgovornosti novog saudijskog kralja Selmana ve\u0107 se to dogodilo u vrijeme Abdullahove vladavine i samo je stanje koje je Selman naslijedio, prema kojem se on odnosi shodno okolnostima u kojima je dru\u0161tvo.<\/strong><\/p>\n<p><\/span><\/span><\/div>\n<div class=\"_d97\" data-reactid=\".1l.$mid=11432851448501=2de0ff2d872540ca596.2:0.0.0.0\"><span class=\"_5yl5\" data-reactid=\".1l.$mid=11432851448501=2de0ff2d872540ca596.2:0.0.0.0.0\"><span data-reactid=\".1l.$mid=11432851448501=2de0ff2d872540ca596.2:0.0.0.0.0.0\">On je tako\u0111er istakao da saudijski kralj o\u010dekuje reakcije nekog iz Egipta kako bi i sam reagovao. Situacija u Egiptu traje ve\u0107 godinama i nije jednostavna. On je za katarski list E\u0161-\u0160erk istakao da Saudijska Arabija \u017eeli rje\u0161enje situacije u Egiptu i ukoliko Egip\u0107ani budu tra\u017eili saudijsko posredovanje i uklju\u010denje Saudijska Arabija \u0107e se uklju\u010diti u postizanje konsenzusa i mira u Egiptu.<\/p>\n<p><\/span><\/span><\/div>\n<\/div>\n<\/div>\n<\/div>\n<div class=\"_3ry4\" data-reactid=\".1l.$mid=11432851448501=2de0ff2d872540ca596.2:1\">\u00a0On je jo\u0161 dodao da saudijski kralj, tako\u0111er, i\u0161\u010dekuje reakcije egipatskog naroda i njegov izlazak na trgove kako bi i on mogao reagovati.<\/p>\n<\/div>\n<div class=\"_3ry4\" data-reactid=\".1l.$mid=11432851448501=2de0ff2d872540ca596.2:1\">IslamBosna.ba<\/div>\n","protected":false},"excerpt":{"rendered":"<p>Svijet &#8211; Saudijski analiti\u010dar D\u017eemal el-Ha\u0161ugd\u017ei saop\u0107io je da vojni udar na predsjednika Mursija nije bio dio odgovornosti novog saudijskog kralja Selmana ve\u0107 se to dogodilo u vrijeme Abdullahove vladavine i samo je stanje koje je Selman naslijedio, prema kojem se on odnosi shodno okolnostima u kojima je dru\u0161tvo. On je tako\u0111er istakao da saudijski [&hellip;]<\/p>\n","protected":false},"author":83,"featured_media":128886,"comment_status":"open","ping_status":"open","sticky":false,"template":"","format":"standard","meta":{"footnotes":""},"categories":[10512],"tags":[],"class_list":{"0":"post-128885","1":"post","2":"type-post","3":"status-publish","4":"format-standard","5":"has-post-thumbnail","7":"category-islamski-svijet"},"yoast_head":"<!-- This site is optimized with the Yoast SEO Premium plugin v23.1 (Yoast SEO v24.9) - https:\/\/yoast.com\/wordpress\/plugins\/seo\/ -->\n<title>Kralj Selman \u010deka da egipatski narod iza\u0111e na ulice da bi mogao reagovati<\/title>\n<meta name=\"robots\" content=\"index, follow, max-snippet:-1, max-image-preview:large, max-video-preview:-1\" \/>\n<link rel=\"canonical\" href=\"https:\/\/sandzakpress.net\/arhiva\/kralj-selman-ceka-da-egipatski-narod-izade-na-ulice-da-bi-mogao-reagovati\/\" \/>\n<meta property=\"og:locale\" content=\"bs_BA\" \/>\n<meta property=\"og:type\" content=\"article\" \/>\n<meta property=\"og:title\" content=\"Kralj Selman \u010deka da egipatski narod iza\u0111e na ulice da bi mogao reagovati\" \/>\n<meta property=\"og:description\" content=\"Svijet &#8211; Saudijski analiti\u010dar D\u017eemal el-Ha\u0161ugd\u017ei saop\u0107io je da vojni udar na predsjednika Mursija nije bio dio odgovornosti novog saudijskog kralja Selmana ve\u0107 se to dogodilo u vrijeme Abdullahove vladavine i samo je stanje koje je Selman naslijedio, prema kojem se on odnosi shodno okolnostima u kojima je dru\u0161tvo. On je tako\u0111er istakao da saudijski [&hellip;]\" \/>\n<meta property=\"og:url\" content=\"https:\/\/sandzakpress.net\/arhiva\/kralj-selman-ceka-da-egipatski-narod-izade-na-ulice-da-bi-mogao-reagovati\/\" \/>\n<meta property=\"og:site_name\" content=\"Sand\u017eak PRESS\" \/>\n<meta property=\"article:published_time\" content=\"2015-05-29T10:23:58+00:00\" \/>\n<meta property=\"og:image\" content=\"https:\/\/sandzakpress.net\/arhiva\/wp-content\/uploads\/2015\/05\/0589712e-4ef8-4322-a741-11b6ddcc92f4.jpg\" \/>\n\t<meta property=\"og:image:width\" content=\"712\" \/>\n\t<meta property=\"og:image:height\" content=\"600\" \/>\n\t<meta property=\"og:image:type\" content=\"image\/jpeg\" \/>\n<meta name=\"author\" content=\"bosniak\" \/>\n<meta name=\"twitter:card\" content=\"summary_large_image\" \/>\n<meta name=\"twitter:label1\" content=\"Written by\" \/>\n\t<meta name=\"twitter:data1\" content=\"bosniak\" \/>\n\t<meta name=\"twitter:label2\" content=\"Est. reading time\" \/>\n\t<meta name=\"twitter:data2\" content=\"1 minuta\" \/>\n<script type=\"application\/ld+json\" class=\"yoast-schema-graph\">{\"@context\":\"https:\/\/schema.org\",\"@graph\":[{\"@type\":\"Article\",\"@id\":\"https:\/\/sandzakpress.net\/arhiva\/kralj-selman-ceka-da-egipatski-narod-izade-na-ulice-da-bi-mogao-reagovati\/#article\",\"isPartOf\":{\"@id\":\"https:\/\/sandzakpress.net\/arhiva\/kralj-selman-ceka-da-egipatski-narod-izade-na-ulice-da-bi-mogao-reagovati\/\"},\"author\":{\"name\":\"bosniak\",\"@id\":\"https:\/\/sandzakpress.net\/arhiva\/#\/schema\/person\/c8baee722073534b583ea7bdb2e36c02\"},\"headline\":\"Kralj Selman \u010deka da egipatski narod iza\u0111e na ulice da bi mogao reagovati\",\"datePublished\":\"2015-05-29T10:23:58+00:00\",\"mainEntityOfPage\":{\"@id\":\"https:\/\/sandzakpress.net\/arhiva\/kralj-selman-ceka-da-egipatski-narod-izade-na-ulice-da-bi-mogao-reagovati\/\"},\"wordCount\":167,\"commentCount\":2,\"publisher\":{\"@id\":\"https:\/\/sandzakpress.net\/arhiva\/#\/schema\/person\/6e72b67d6e51910a1117b3b483ba20bd\"},\"image\":{\"@id\":\"https:\/\/sandzakpress.net\/arhiva\/kralj-selman-ceka-da-egipatski-narod-izade-na-ulice-da-bi-mogao-reagovati\/#primaryimage\"},\"thumbnailUrl\":\"https:\/\/sandzakpress.net\/arhiva\/wp-content\/uploads\/2015\/05\/0589712e-4ef8-4322-a741-11b6ddcc92f4.jpg\",\"articleSection\":[\"Islamski svijet\"],\"inLanguage\":\"bs-BA\",\"potentialAction\":[{\"@type\":\"CommentAction\",\"name\":\"Comment\",\"target\":[\"https:\/\/sandzakpress.net\/arhiva\/kralj-selman-ceka-da-egipatski-narod-izade-na-ulice-da-bi-mogao-reagovati\/#respond\"]}]},{\"@type\":\"WebPage\",\"@id\":\"https:\/\/sandzakpress.net\/arhiva\/kralj-selman-ceka-da-egipatski-narod-izade-na-ulice-da-bi-mogao-reagovati\/\",\"url\":\"https:\/\/sandzakpress.net\/arhiva\/kralj-selman-ceka-da-egipatski-narod-izade-na-ulice-da-bi-mogao-reagovati\/\",\"name\":\"Kralj Selman \u010deka da egipatski narod iza\u0111e na ulice da bi mogao reagovati\",\"isPartOf\":{\"@id\":\"https:\/\/sandzakpress.net\/arhiva\/#website\"},\"primaryImageOfPage\":{\"@id\":\"https:\/\/sandzakpress.net\/arhiva\/kralj-selman-ceka-da-egipatski-narod-izade-na-ulice-da-bi-mogao-reagovati\/#primaryimage\"},\"image\":{\"@id\":\"https:\/\/sandzakpress.net\/arhiva\/kralj-selman-ceka-da-egipatski-narod-izade-na-ulice-da-bi-mogao-reagovati\/#primaryimage\"},\"thumbnailUrl\":\"https:\/\/sandzakpress.net\/arhiva\/wp-content\/uploads\/2015\/05\/0589712e-4ef8-4322-a741-11b6ddcc92f4.jpg\",\"datePublished\":\"2015-05-29T10:23:58+00:00\",\"breadcrumb\":{\"@id\":\"https:\/\/sandzakpress.net\/arhiva\/kralj-selman-ceka-da-egipatski-narod-izade-na-ulice-da-bi-mogao-reagovati\/#breadcrumb\"},\"inLanguage\":\"bs-BA\",\"potentialAction\":[{\"@type\":\"ReadAction\",\"target\":[\"https:\/\/sandzakpress.net\/arhiva\/kralj-selman-ceka-da-egipatski-narod-izade-na-ulice-da-bi-mogao-reagovati\/\"]}]},{\"@type\":\"ImageObject\",\"inLanguage\":\"bs-BA\",\"@id\":\"https:\/\/sandzakpress.net\/arhiva\/kralj-selman-ceka-da-egipatski-narod-izade-na-ulice-da-bi-mogao-reagovati\/#primaryimage\",\"url\":\"https:\/\/sandzakpress.net\/arhiva\/wp-content\/uploads\/2015\/05\/0589712e-4ef8-4322-a741-11b6ddcc92f4.jpg\",\"contentUrl\":\"https:\/\/sandzakpress.net\/arhiva\/wp-content\/uploads\/2015\/05\/0589712e-4ef8-4322-a741-11b6ddcc92f4.jpg\",\"width\":712,\"height\":600},{\"@type\":\"BreadcrumbList\",\"@id\":\"https:\/\/sandzakpress.net\/arhiva\/kralj-selman-ceka-da-egipatski-narod-izade-na-ulice-da-bi-mogao-reagovati\/#breadcrumb\",\"itemListElement\":[{\"@type\":\"ListItem\",\"position\":1,\"name\":\"Home\",\"item\":\"https:\/\/sandzakpress.net\/arhiva\/\"},{\"@type\":\"ListItem\",\"position\":2,\"name\":\"Kralj Selman \u010deka da egipatski narod iza\u0111e na ulice da bi mogao reagovati\"}]},{\"@type\":\"WebSite\",\"@id\":\"https:\/\/sandzakpress.net\/arhiva\/#website\",\"url\":\"https:\/\/sandzakpress.net\/arhiva\/\",\"name\":\"Sand\u017eak PRESS\",\"description\":\"Prve elektronske novine u Sand\u017eaku\",\"publisher\":{\"@id\":\"https:\/\/sandzakpress.net\/arhiva\/#\/schema\/person\/6e72b67d6e51910a1117b3b483ba20bd\"},\"potentialAction\":[{\"@type\":\"SearchAction\",\"target\":{\"@type\":\"EntryPoint\",\"urlTemplate\":\"https:\/\/sandzakpress.net\/arhiva\/?s={search_term_string}\"},\"query-input\":{\"@type\":\"PropertyValueSpecification\",\"valueRequired\":true,\"valueName\":\"search_term_string\"}}],\"inLanguage\":\"bs-BA\"},{\"@type\":[\"Person\",\"Organization\"],\"@id\":\"https:\/\/sandzakpress.net\/arhiva\/#\/schema\/person\/6e72b67d6e51910a1117b3b483ba20bd\",\"name\":\"Kul\",\"image\":{\"@type\":\"ImageObject\",\"inLanguage\":\"bs-BA\",\"@id\":\"https:\/\/sandzakpress.net\/arhiva\/#\/schema\/person\/image\/\",\"url\":\"https:\/\/secure.gravatar.com\/avatar\/42263f39aa27ac04c43cab85c280eb2e?s=96&d=mm&r=pg\",\"contentUrl\":\"https:\/\/secure.gravatar.com\/avatar\/42263f39aa27ac04c43cab85c280eb2e?s=96&d=mm&r=pg\",\"caption\":\"Kul\"},\"logo\":{\"@id\":\"https:\/\/sandzakpress.net\/arhiva\/#\/schema\/person\/image\/\"}},{\"@type\":\"Person\",\"@id\":\"https:\/\/sandzakpress.net\/arhiva\/#\/schema\/person\/c8baee722073534b583ea7bdb2e36c02\",\"name\":\"bosniak\",\"image\":{\"@type\":\"ImageObject\",\"inLanguage\":\"bs-BA\",\"@id\":\"https:\/\/sandzakpress.net\/arhiva\/#\/schema\/person\/image\/\",\"url\":\"https:\/\/secure.gravatar.com\/avatar\/a04fd330bfe3a36a72a0ad4a6d89fca7?s=96&d=mm&r=pg\",\"contentUrl\":\"https:\/\/secure.gravatar.com\/avatar\/a04fd330bfe3a36a72a0ad4a6d89fca7?s=96&d=mm&r=pg\",\"caption\":\"bosniak\"},\"url\":\"https:\/\/sandzakpress.net\/arhiva\/author\/bosniak\/\"}]}<\/script>\n<!-- \/ Yoast SEO Premium plugin. -->","yoast_head_json":{"title":"Kralj Selman \u010deka da egipatski narod iza\u0111e na ulice da bi mogao reagovati","robots":{"index":"index","follow":"follow","max-snippet":"max-snippet:-1","max-image-preview":"max-image-preview:large","max-video-preview":"max-video-preview:-1"},"canonical":"https:\/\/sandzakpress.net\/arhiva\/kralj-selman-ceka-da-egipatski-narod-izade-na-ulice-da-bi-mogao-reagovati\/","og_locale":"bs_BA","og_type":"article","og_title":"Kralj Selman \u010deka da egipatski narod iza\u0111e na ulice da bi mogao reagovati","og_description":"Svijet &#8211; Saudijski analiti\u010dar D\u017eemal el-Ha\u0161ugd\u017ei saop\u0107io je da vojni udar na predsjednika Mursija nije bio dio odgovornosti novog saudijskog kralja Selmana ve\u0107 se to dogodilo u vrijeme Abdullahove vladavine i samo je stanje koje je Selman naslijedio, prema kojem se on odnosi shodno okolnostima u kojima je dru\u0161tvo. On je tako\u0111er istakao da saudijski [&hellip;]","og_url":"https:\/\/sandzakpress.net\/arhiva\/kralj-selman-ceka-da-egipatski-narod-izade-na-ulice-da-bi-mogao-reagovati\/","og_site_name":"Sand\u017eak PRESS","article_published_time":"2015-05-29T10:23:58+00:00","og_image":[{"width":712,"height":600,"url":"https:\/\/sandzakpress.net\/arhiva\/wp-content\/uploads\/2015\/05\/0589712e-4ef8-4322-a741-11b6ddcc92f4.jpg","type":"image\/jpeg"}],"author":"bosniak","twitter_card":"summary_large_image","twitter_misc":{"Written by":"bosniak","Est. reading time":"1 minuta"},"schema":{"@context":"https:\/\/schema.org","@graph":[{"@type":"Article","@id":"https:\/\/sandzakpress.net\/arhiva\/kralj-selman-ceka-da-egipatski-narod-izade-na-ulice-da-bi-mogao-reagovati\/#article","isPartOf":{"@id":"https:\/\/sandzakpress.net\/arhiva\/kralj-selman-ceka-da-egipatski-narod-izade-na-ulice-da-bi-mogao-reagovati\/"},"author":{"name":"bosniak","@id":"https:\/\/sandzakpress.net\/arhiva\/#\/schema\/person\/c8baee722073534b583ea7bdb2e36c02"},"headline":"Kralj Selman \u010deka da egipatski narod iza\u0111e na ulice da bi mogao reagovati","datePublished":"2015-05-29T10:23:58+00:00","mainEntityOfPage":{"@id":"https:\/\/sandzakpress.net\/arhiva\/kralj-selman-ceka-da-egipatski-narod-izade-na-ulice-da-bi-mogao-reagovati\/"},"wordCount":167,"commentCount":2,"publisher":{"@id":"https:\/\/sandzakpress.net\/arhiva\/#\/schema\/person\/6e72b67d6e51910a1117b3b483ba20bd"},"image":{"@id":"https:\/\/sandzakpress.net\/arhiva\/kralj-selman-ceka-da-egipatski-narod-izade-na-ulice-da-bi-mogao-reagovati\/#primaryimage"},"thumbnailUrl":"https:\/\/sandzakpress.net\/arhiva\/wp-content\/uploads\/2015\/05\/0589712e-4ef8-4322-a741-11b6ddcc92f4.jpg","articleSection":["Islamski svijet"],"inLanguage":"bs-BA","potentialAction":[{"@type":"CommentAction","name":"Comment","target":["https:\/\/sandzakpress.net\/arhiva\/kralj-selman-ceka-da-egipatski-narod-izade-na-ulice-da-bi-mogao-reagovati\/#respond"]}]},{"@type":"WebPage","@id":"https:\/\/sandzakpress.net\/arhiva\/kralj-selman-ceka-da-egipatski-narod-izade-na-ulice-da-bi-mogao-reagovati\/","url":"https:\/\/sandzakpress.net\/arhiva\/kralj-selman-ceka-da-egipatski-narod-izade-na-ulice-da-bi-mogao-reagovati\/","name":"Kralj Selman \u010deka da egipatski narod iza\u0111e na ulice da bi mogao reagovati","isPartOf":{"@id":"https:\/\/sandzakpress.net\/arhiva\/#website"},"primaryImageOfPage":{"@id":"https:\/\/sandzakpress.net\/arhiva\/kralj-selman-ceka-da-egipatski-narod-izade-na-ulice-da-bi-mogao-reagovati\/#primaryimage"},"image":{"@id":"https:\/\/sandzakpress.net\/arhiva\/kralj-selman-ceka-da-egipatski-narod-izade-na-ulice-da-bi-mogao-reagovati\/#primaryimage"},"thumbnailUrl":"https:\/\/sandzakpress.net\/arhiva\/wp-content\/uploads\/2015\/05\/0589712e-4ef8-4322-a741-11b6ddcc92f4.jpg","datePublished":"2015-05-29T10:23:58+00:00","breadcrumb":{"@id":"https:\/\/sandzakpress.net\/arhiva\/kralj-selman-ceka-da-egipatski-narod-izade-na-ulice-da-bi-mogao-reagovati\/#breadcrumb"},"inLanguage":"bs-BA","potentialAction":[{"@type":"ReadAction","target":["https:\/\/sandzakpress.net\/arhiva\/kralj-selman-ceka-da-egipatski-narod-izade-na-ulice-da-bi-mogao-reagovati\/"]}]},{"@type":"ImageObject","inLanguage":"bs-BA","@id":"https:\/\/sandzakpress.net\/arhiva\/kralj-selman-ceka-da-egipatski-narod-izade-na-ulice-da-bi-mogao-reagovati\/#primaryimage","url":"https:\/\/sandzakpress.net\/arhiva\/wp-content\/uploads\/2015\/05\/0589712e-4ef8-4322-a741-11b6ddcc92f4.jpg","contentUrl":"https:\/\/sandzakpress.net\/arhiva\/wp-content\/uploads\/2015\/05\/0589712e-4ef8-4322-a741-11b6ddcc92f4.jpg","width":712,"height":600},{"@type":"BreadcrumbList","@id":"https:\/\/sandzakpress.net\/arhiva\/kralj-selman-ceka-da-egipatski-narod-izade-na-ulice-da-bi-mogao-reagovati\/#breadcrumb","itemListElement":[{"@type":"ListItem","position":1,"name":"Home","item":"https:\/\/sandzakpress.net\/arhiva\/"},{"@type":"ListItem","position":2,"name":"Kralj Selman \u010deka da egipatski narod iza\u0111e na ulice da bi mogao reagovati"}]},{"@type":"WebSite","@id":"https:\/\/sandzakpress.net\/arhiva\/#website","url":"https:\/\/sandzakpress.net\/arhiva\/","name":"Sand\u017eak PRESS","description":"Prve elektronske novine u Sand\u017eaku","publisher":{"@id":"https:\/\/sandzakpress.net\/arhiva\/#\/schema\/person\/6e72b67d6e51910a1117b3b483ba20bd"},"potentialAction":[{"@type":"SearchAction","target":{"@type":"EntryPoint","urlTemplate":"https:\/\/sandzakpress.net\/arhiva\/?s={search_term_string}"},"query-input":{"@type":"PropertyValueSpecification","valueRequired":true,"valueName":"search_term_string"}}],"inLanguage":"bs-BA"},{"@type":["Person","Organization"],"@id":"https:\/\/sandzakpress.net\/arhiva\/#\/schema\/person\/6e72b67d6e51910a1117b3b483ba20bd","name":"Kul","image":{"@type":"ImageObject","inLanguage":"bs-BA","@id":"https:\/\/sandzakpress.net\/arhiva\/#\/schema\/person\/image\/","url":"https:\/\/secure.gravatar.com\/avatar\/42263f39aa27ac04c43cab85c280eb2e?s=96&d=mm&r=pg","contentUrl":"https:\/\/secure.gravatar.com\/avatar\/42263f39aa27ac04c43cab85c280eb2e?s=96&d=mm&r=pg","caption":"Kul"},"logo":{"@id":"https:\/\/sandzakpress.net\/arhiva\/#\/schema\/person\/image\/"}},{"@type":"Person","@id":"https:\/\/sandzakpress.net\/arhiva\/#\/schema\/person\/c8baee722073534b583ea7bdb2e36c02","name":"bosniak","image":{"@type":"ImageObject","inLanguage":"bs-BA","@id":"https:\/\/sandzakpress.net\/arhiva\/#\/schema\/person\/image\/","url":"https:\/\/secure.gravatar.com\/avatar\/a04fd330bfe3a36a72a0ad4a6d89fca7?s=96&d=mm&r=pg","contentUrl":"https:\/\/secure.gravatar.com\/avatar\/a04fd330bfe3a36a72a0ad4a6d89fca7?s=96&d=mm&r=pg","caption":"bosniak"},"url":"https:\/\/sandzakpress.net\/arhiva\/author\/bosniak\/"}]}},"_links":{"self":[{"href":"https:\/\/sandzakpress.net\/arhiva\/wp-json\/wp\/v2\/posts\/128885"}],"collection":[{"href":"https:\/\/sandzakpress.net\/arhiva\/wp-json\/wp\/v2\/posts"}],"about":[{"href":"https:\/\/sandzakpress.net\/arhiva\/wp-json\/wp\/v2\/types\/post"}],"author":[{"embeddable":true,"href":"https:\/\/sandzakpress.net\/arhiva\/wp-json\/wp\/v2\/users\/83"}],"replies":[{"embeddable":true,"href":"https:\/\/sandzakpress.net\/arhiva\/wp-json\/wp\/v2\/comments?post=128885"}],"version-history":[{"count":0,"href":"https:\/\/sandzakpress.net\/arhiva\/wp-json\/wp\/v2\/posts\/128885\/revisions"}],"wp:featuredmedia":[{"embeddable":true,"href":"https:\/\/sandzakpress.net\/arhiva\/wp-json\/wp\/v2\/media\/128886"}],"wp:attachment":[{"href":"https:\/\/sandzakpress.net\/arhiva\/wp-json\/wp\/v2\/media?parent=128885"}],"wp:term":[{"taxonomy":"category","embeddable":true,"href":"https:\/\/sandzakpress.net\/arhiva\/wp-json\/wp\/v2\/categories?post=128885"},{"taxonomy":"post_tag","embeddable":true,"href":"https:\/\/sandzakpress.net\/arhiva\/wp-json\/wp\/v2\/tags?post=128885"}],"curies":[{"name":"wp","href":"https:\/\/api.w.org\/{rel}","templated":true}]}}