{"id":128831,"date":"2015-05-28T08:45:27","date_gmt":"2015-05-28T06:45:27","guid":{"rendered":"https:\/\/sandzakpress.net\/arhiva\/?p=128831"},"modified":"2015-05-28T11:46:22","modified_gmt":"2015-05-28T09:46:22","slug":"preko-150-ucenjaka-izdalo-saopcenje-protiv-es-sisijevog-rezima","status":"publish","type":"post","link":"https:\/\/sandzakpress.net\/arhiva\/preko-150-ucenjaka-izdalo-saopcenje-protiv-es-sisijevog-rezima\/","title":{"rendered":"Preko 150 u\u010denjaka izdalo saop\u0107enje protiv es-Sisijevog re\u017eima"},"content":{"rendered":"<p><img decoding=\"async\" src=\"http:\/\/www.islambosna.ba\/wp-content\/uploads\/2015\/05\/a1432740176.jpg\" alt=\"\" \/><\/p>\n<p><strong>Svijet &#8211; Vi\u0161e od deset islamskih organizacija iz arapskog i islamskog svijeta i preko 150 u\u010denjaka pozvali su sve snage u Egiptu koje se protive vojnom udaru da se ujedine i zajedni\u010dki nastupe u borbi protiv tiranskog represivnog vojnog re\u017eima. U\u010denjaci su pozvali na stalne mirne demonstracije i gra\u0111ansku neposlu\u0161nost.<\/strong><\/p>\n<p>Ulema je kazala da odgovornost za smrt ljudi koji su osu\u0111eni na smrtne kazne stoji na egipatskom muftiji koji je dao saglasnost za njihovo izvr\u0161enje. Oni, tako\u0111er, smatraju da je muftija odgovoran za sve ono \u0161to je proisteklo iz takvih odluka. U saop\u0107enju koje su potpisali vi\u0161e od 150 alima stoji: \u201cOvaj sistem u Egiptu je bespravno ubio na hiljade ljudi, uhapsio na desetine hiljada, hiljade najboljih sinova i k\u0107eri Egipta osudio na smrt, protjerao hiljade njih, sa fakulteta otpustio stotine profesora, studenata, otpustio stotine sudija, hatiba i imama i na taj na\u010din ugrozio i uzurpirao prava i slobode hiljada ljudi.\u201d<\/p>\n<p>U nastavku saop\u0107enja stoji: \u201c\u0160erijatska obaveza cijelog ummeta, vladara i naro<br \/>da, jeste da se suprotstave ovom sistemu i svim legalnim sredstvima rade na njegovom ru\u0161enju, \u010duvaju\u0107i postulate ummeta i u skladu sa intencijama plemenitog \u0161erijata.\u201d<\/p>\n<p>Proglas su potpisale sljede\u0107e organizacije:<\/p>\n<p>1. Liga uleme ehlu sunneta;<\/p>\n<p>2. Organizacija palestinske uleme u inostranstvu;<\/p>\n<p>3. Organizacija muslimanske uleme u Libanu;<\/p>\n<p>4. Centar za odgoj uleme u Mauritaniji;<\/p>\n<p>5. Klub u\u010denjaka ummeta, Mauritanija;<\/p>\n<p>6. Liga uleme Maroka;<\/p>\n<p>7. Me\u0111unarodna unija uleme el-Azhara;<\/p>\n<p>8. Sindikat egipatskih daija;<\/p>\n<p>9. Front uleme protiv vojnog udara;<\/p>\n<p>10. Organizacija uleme Sudana.<\/p>\n<p>Pojedinci potpisnici ovog proglasa su: dr. Ahmed er-Rejsuni, zamjenik predsjednika Svjetske unije islamske uleme, Abdulmed\u017eid ez-Zindani, u\u010denjak i daija iz Jemena, \u0161ejh Muhammed Hasan ed-Dedew, Mauritanija, Abdulvehab b. Lutf ed-Dejlemi, biv\u0161i jemenski ministar, dr. Selman en-Nedvi, Indija, \u0161ejh Muhammed Abdulmaksud, \u0161ejh Hamdi Arslan, Turska, Muhammed Musa \u0160erif, saudijski akademik i daija, dr. Salih b. Muslih, \u010dlan fikhske asocijacije Saudijske Arabije i mnogi drugi istaknuti u\u010denjaci iz preko 20 zemalja.<\/p>\n","protected":false},"excerpt":{"rendered":"<p>Svijet &#8211; Vi\u0161e od deset islamskih organizacija iz arapskog i islamskog svijeta i preko 150 u\u010denjaka pozvali su sve snage u Egiptu koje se protive vojnom udaru da se ujedine i zajedni\u010dki nastupe u borbi protiv tiranskog represivnog vojnog re\u017eima. U\u010denjaci su pozvali na stalne mirne demonstracije i gra\u0111ansku neposlu\u0161nost. Ulema je kazala da odgovornost [&hellip;]<\/p>\n","protected":false},"author":83,"featured_media":128832,"comment_status":"open","ping_status":"open","sticky":false,"template":"","format":"standard","meta":{"footnotes":""},"categories":[10512,8957],"tags":[10491],"class_list":{"0":"post-128831","1":"post","2":"type-post","3":"status-publish","4":"format-standard","5":"has-post-thumbnail","7":"category-islamski-svijet","8":"category-vijesti-dana","9":"tag-ummet"},"yoast_head":"<!-- This site is optimized with the Yoast SEO Premium plugin v23.1 (Yoast SEO v24.9) - https:\/\/yoast.com\/wordpress\/plugins\/seo\/ -->\n<title>Preko 150 u\u010denjaka izdalo saop\u0107enje protiv es-Sisijevog re\u017eima<\/title>\n<meta name=\"robots\" content=\"index, follow, max-snippet:-1, max-image-preview:large, max-video-preview:-1\" \/>\n<link rel=\"canonical\" href=\"https:\/\/sandzakpress.net\/arhiva\/preko-150-ucenjaka-izdalo-saopcenje-protiv-es-sisijevog-rezima\/\" \/>\n<meta property=\"og:locale\" content=\"bs_BA\" \/>\n<meta property=\"og:type\" content=\"article\" \/>\n<meta property=\"og:title\" content=\"Preko 150 u\u010denjaka izdalo saop\u0107enje protiv es-Sisijevog re\u017eima\" \/>\n<meta property=\"og:description\" content=\"Svijet &#8211; Vi\u0161e od deset islamskih organizacija iz arapskog i islamskog svijeta i preko 150 u\u010denjaka pozvali su sve snage u Egiptu koje se protive vojnom udaru da se ujedine i zajedni\u010dki nastupe u borbi protiv tiranskog represivnog vojnog re\u017eima. U\u010denjaci su pozvali na stalne mirne demonstracije i gra\u0111ansku neposlu\u0161nost. Ulema je kazala da odgovornost [&hellip;]\" \/>\n<meta property=\"og:url\" content=\"https:\/\/sandzakpress.net\/arhiva\/preko-150-ucenjaka-izdalo-saopcenje-protiv-es-sisijevog-rezima\/\" \/>\n<meta property=\"og:site_name\" content=\"Sand\u017eak PRESS\" \/>\n<meta property=\"article:published_time\" content=\"2015-05-28T06:45:27+00:00\" \/>\n<meta property=\"article:modified_time\" content=\"2015-05-28T09:46:22+00:00\" \/>\n<meta property=\"og:image\" content=\"https:\/\/sandzakpress.net\/arhiva\/wp-content\/uploads\/2015\/05\/a1432740176.jpg\" \/>\n\t<meta property=\"og:image:width\" content=\"600\" \/>\n\t<meta property=\"og:image:height\" content=\"378\" \/>\n\t<meta property=\"og:image:type\" content=\"image\/jpeg\" \/>\n<meta name=\"author\" content=\"bosniak\" \/>\n<meta name=\"twitter:card\" content=\"summary_large_image\" \/>\n<meta name=\"twitter:label1\" content=\"Written by\" \/>\n\t<meta name=\"twitter:data1\" content=\"bosniak\" \/>\n\t<meta name=\"twitter:label2\" content=\"Est. reading time\" \/>\n\t<meta name=\"twitter:data2\" content=\"2 minute\" \/>\n<script type=\"application\/ld+json\" class=\"yoast-schema-graph\">{\"@context\":\"https:\/\/schema.org\",\"@graph\":[{\"@type\":\"Article\",\"@id\":\"https:\/\/sandzakpress.net\/arhiva\/preko-150-ucenjaka-izdalo-saopcenje-protiv-es-sisijevog-rezima\/#article\",\"isPartOf\":{\"@id\":\"https:\/\/sandzakpress.net\/arhiva\/preko-150-ucenjaka-izdalo-saopcenje-protiv-es-sisijevog-rezima\/\"},\"author\":{\"name\":\"bosniak\",\"@id\":\"https:\/\/sandzakpress.net\/arhiva\/#\/schema\/person\/c8baee722073534b583ea7bdb2e36c02\"},\"headline\":\"Preko 150 u\u010denjaka izdalo saop\u0107enje protiv es-Sisijevog re\u017eima\",\"datePublished\":\"2015-05-28T06:45:27+00:00\",\"dateModified\":\"2015-05-28T09:46:22+00:00\",\"mainEntityOfPage\":{\"@id\":\"https:\/\/sandzakpress.net\/arhiva\/preko-150-ucenjaka-izdalo-saopcenje-protiv-es-sisijevog-rezima\/\"},\"wordCount\":333,\"commentCount\":8,\"publisher\":{\"@id\":\"https:\/\/sandzakpress.net\/arhiva\/#\/schema\/person\/6e72b67d6e51910a1117b3b483ba20bd\"},\"image\":{\"@id\":\"https:\/\/sandzakpress.net\/arhiva\/preko-150-ucenjaka-izdalo-saopcenje-protiv-es-sisijevog-rezima\/#primaryimage\"},\"thumbnailUrl\":\"https:\/\/sandzakpress.net\/arhiva\/wp-content\/uploads\/2015\/05\/a1432740176.jpg\",\"keywords\":[\"Ummet\"],\"articleSection\":[\"Islamski svijet\",\"VIJESTI DANA\"],\"inLanguage\":\"bs-BA\",\"potentialAction\":[{\"@type\":\"CommentAction\",\"name\":\"Comment\",\"target\":[\"https:\/\/sandzakpress.net\/arhiva\/preko-150-ucenjaka-izdalo-saopcenje-protiv-es-sisijevog-rezima\/#respond\"]}]},{\"@type\":\"WebPage\",\"@id\":\"https:\/\/sandzakpress.net\/arhiva\/preko-150-ucenjaka-izdalo-saopcenje-protiv-es-sisijevog-rezima\/\",\"url\":\"https:\/\/sandzakpress.net\/arhiva\/preko-150-ucenjaka-izdalo-saopcenje-protiv-es-sisijevog-rezima\/\",\"name\":\"Preko 150 u\u010denjaka izdalo saop\u0107enje protiv es-Sisijevog re\u017eima\",\"isPartOf\":{\"@id\":\"https:\/\/sandzakpress.net\/arhiva\/#website\"},\"primaryImageOfPage\":{\"@id\":\"https:\/\/sandzakpress.net\/arhiva\/preko-150-ucenjaka-izdalo-saopcenje-protiv-es-sisijevog-rezima\/#primaryimage\"},\"image\":{\"@id\":\"https:\/\/sandzakpress.net\/arhiva\/preko-150-ucenjaka-izdalo-saopcenje-protiv-es-sisijevog-rezima\/#primaryimage\"},\"thumbnailUrl\":\"https:\/\/sandzakpress.net\/arhiva\/wp-content\/uploads\/2015\/05\/a1432740176.jpg\",\"datePublished\":\"2015-05-28T06:45:27+00:00\",\"dateModified\":\"2015-05-28T09:46:22+00:00\",\"breadcrumb\":{\"@id\":\"https:\/\/sandzakpress.net\/arhiva\/preko-150-ucenjaka-izdalo-saopcenje-protiv-es-sisijevog-rezima\/#breadcrumb\"},\"inLanguage\":\"bs-BA\",\"potentialAction\":[{\"@type\":\"ReadAction\",\"target\":[\"https:\/\/sandzakpress.net\/arhiva\/preko-150-ucenjaka-izdalo-saopcenje-protiv-es-sisijevog-rezima\/\"]}]},{\"@type\":\"ImageObject\",\"inLanguage\":\"bs-BA\",\"@id\":\"https:\/\/sandzakpress.net\/arhiva\/preko-150-ucenjaka-izdalo-saopcenje-protiv-es-sisijevog-rezima\/#primaryimage\",\"url\":\"https:\/\/sandzakpress.net\/arhiva\/wp-content\/uploads\/2015\/05\/a1432740176.jpg\",\"contentUrl\":\"https:\/\/sandzakpress.net\/arhiva\/wp-content\/uploads\/2015\/05\/a1432740176.jpg\",\"width\":600,\"height\":378},{\"@type\":\"BreadcrumbList\",\"@id\":\"https:\/\/sandzakpress.net\/arhiva\/preko-150-ucenjaka-izdalo-saopcenje-protiv-es-sisijevog-rezima\/#breadcrumb\",\"itemListElement\":[{\"@type\":\"ListItem\",\"position\":1,\"name\":\"Home\",\"item\":\"https:\/\/sandzakpress.net\/arhiva\/\"},{\"@type\":\"ListItem\",\"position\":2,\"name\":\"Preko 150 u\u010denjaka izdalo saop\u0107enje protiv es-Sisijevog re\u017eima\"}]},{\"@type\":\"WebSite\",\"@id\":\"https:\/\/sandzakpress.net\/arhiva\/#website\",\"url\":\"https:\/\/sandzakpress.net\/arhiva\/\",\"name\":\"Sand\u017eak PRESS\",\"description\":\"Prve elektronske novine u Sand\u017eaku\",\"publisher\":{\"@id\":\"https:\/\/sandzakpress.net\/arhiva\/#\/schema\/person\/6e72b67d6e51910a1117b3b483ba20bd\"},\"potentialAction\":[{\"@type\":\"SearchAction\",\"target\":{\"@type\":\"EntryPoint\",\"urlTemplate\":\"https:\/\/sandzakpress.net\/arhiva\/?s={search_term_string}\"},\"query-input\":{\"@type\":\"PropertyValueSpecification\",\"valueRequired\":true,\"valueName\":\"search_term_string\"}}],\"inLanguage\":\"bs-BA\"},{\"@type\":[\"Person\",\"Organization\"],\"@id\":\"https:\/\/sandzakpress.net\/arhiva\/#\/schema\/person\/6e72b67d6e51910a1117b3b483ba20bd\",\"name\":\"Kul\",\"image\":{\"@type\":\"ImageObject\",\"inLanguage\":\"bs-BA\",\"@id\":\"https:\/\/sandzakpress.net\/arhiva\/#\/schema\/person\/image\/\",\"url\":\"https:\/\/secure.gravatar.com\/avatar\/42263f39aa27ac04c43cab85c280eb2e?s=96&d=mm&r=pg\",\"contentUrl\":\"https:\/\/secure.gravatar.com\/avatar\/42263f39aa27ac04c43cab85c280eb2e?s=96&d=mm&r=pg\",\"caption\":\"Kul\"},\"logo\":{\"@id\":\"https:\/\/sandzakpress.net\/arhiva\/#\/schema\/person\/image\/\"}},{\"@type\":\"Person\",\"@id\":\"https:\/\/sandzakpress.net\/arhiva\/#\/schema\/person\/c8baee722073534b583ea7bdb2e36c02\",\"name\":\"bosniak\",\"image\":{\"@type\":\"ImageObject\",\"inLanguage\":\"bs-BA\",\"@id\":\"https:\/\/sandzakpress.net\/arhiva\/#\/schema\/person\/image\/\",\"url\":\"https:\/\/secure.gravatar.com\/avatar\/a04fd330bfe3a36a72a0ad4a6d89fca7?s=96&d=mm&r=pg\",\"contentUrl\":\"https:\/\/secure.gravatar.com\/avatar\/a04fd330bfe3a36a72a0ad4a6d89fca7?s=96&d=mm&r=pg\",\"caption\":\"bosniak\"},\"url\":\"https:\/\/sandzakpress.net\/arhiva\/author\/bosniak\/\"}]}<\/script>\n<!-- \/ Yoast SEO Premium plugin. -->","yoast_head_json":{"title":"Preko 150 u\u010denjaka izdalo saop\u0107enje protiv es-Sisijevog re\u017eima","robots":{"index":"index","follow":"follow","max-snippet":"max-snippet:-1","max-image-preview":"max-image-preview:large","max-video-preview":"max-video-preview:-1"},"canonical":"https:\/\/sandzakpress.net\/arhiva\/preko-150-ucenjaka-izdalo-saopcenje-protiv-es-sisijevog-rezima\/","og_locale":"bs_BA","og_type":"article","og_title":"Preko 150 u\u010denjaka izdalo saop\u0107enje protiv es-Sisijevog re\u017eima","og_description":"Svijet &#8211; Vi\u0161e od deset islamskih organizacija iz arapskog i islamskog svijeta i preko 150 u\u010denjaka pozvali su sve snage u Egiptu koje se protive vojnom udaru da se ujedine i zajedni\u010dki nastupe u borbi protiv tiranskog represivnog vojnog re\u017eima. U\u010denjaci su pozvali na stalne mirne demonstracije i gra\u0111ansku neposlu\u0161nost. Ulema je kazala da odgovornost [&hellip;]","og_url":"https:\/\/sandzakpress.net\/arhiva\/preko-150-ucenjaka-izdalo-saopcenje-protiv-es-sisijevog-rezima\/","og_site_name":"Sand\u017eak PRESS","article_published_time":"2015-05-28T06:45:27+00:00","article_modified_time":"2015-05-28T09:46:22+00:00","og_image":[{"width":600,"height":378,"url":"https:\/\/sandzakpress.net\/arhiva\/wp-content\/uploads\/2015\/05\/a1432740176.jpg","type":"image\/jpeg"}],"author":"bosniak","twitter_card":"summary_large_image","twitter_misc":{"Written by":"bosniak","Est. reading time":"2 minute"},"schema":{"@context":"https:\/\/schema.org","@graph":[{"@type":"Article","@id":"https:\/\/sandzakpress.net\/arhiva\/preko-150-ucenjaka-izdalo-saopcenje-protiv-es-sisijevog-rezima\/#article","isPartOf":{"@id":"https:\/\/sandzakpress.net\/arhiva\/preko-150-ucenjaka-izdalo-saopcenje-protiv-es-sisijevog-rezima\/"},"author":{"name":"bosniak","@id":"https:\/\/sandzakpress.net\/arhiva\/#\/schema\/person\/c8baee722073534b583ea7bdb2e36c02"},"headline":"Preko 150 u\u010denjaka izdalo saop\u0107enje protiv es-Sisijevog re\u017eima","datePublished":"2015-05-28T06:45:27+00:00","dateModified":"2015-05-28T09:46:22+00:00","mainEntityOfPage":{"@id":"https:\/\/sandzakpress.net\/arhiva\/preko-150-ucenjaka-izdalo-saopcenje-protiv-es-sisijevog-rezima\/"},"wordCount":333,"commentCount":8,"publisher":{"@id":"https:\/\/sandzakpress.net\/arhiva\/#\/schema\/person\/6e72b67d6e51910a1117b3b483ba20bd"},"image":{"@id":"https:\/\/sandzakpress.net\/arhiva\/preko-150-ucenjaka-izdalo-saopcenje-protiv-es-sisijevog-rezima\/#primaryimage"},"thumbnailUrl":"https:\/\/sandzakpress.net\/arhiva\/wp-content\/uploads\/2015\/05\/a1432740176.jpg","keywords":["Ummet"],"articleSection":["Islamski svijet","VIJESTI DANA"],"inLanguage":"bs-BA","potentialAction":[{"@type":"CommentAction","name":"Comment","target":["https:\/\/sandzakpress.net\/arhiva\/preko-150-ucenjaka-izdalo-saopcenje-protiv-es-sisijevog-rezima\/#respond"]}]},{"@type":"WebPage","@id":"https:\/\/sandzakpress.net\/arhiva\/preko-150-ucenjaka-izdalo-saopcenje-protiv-es-sisijevog-rezima\/","url":"https:\/\/sandzakpress.net\/arhiva\/preko-150-ucenjaka-izdalo-saopcenje-protiv-es-sisijevog-rezima\/","name":"Preko 150 u\u010denjaka izdalo saop\u0107enje protiv es-Sisijevog re\u017eima","isPartOf":{"@id":"https:\/\/sandzakpress.net\/arhiva\/#website"},"primaryImageOfPage":{"@id":"https:\/\/sandzakpress.net\/arhiva\/preko-150-ucenjaka-izdalo-saopcenje-protiv-es-sisijevog-rezima\/#primaryimage"},"image":{"@id":"https:\/\/sandzakpress.net\/arhiva\/preko-150-ucenjaka-izdalo-saopcenje-protiv-es-sisijevog-rezima\/#primaryimage"},"thumbnailUrl":"https:\/\/sandzakpress.net\/arhiva\/wp-content\/uploads\/2015\/05\/a1432740176.jpg","datePublished":"2015-05-28T06:45:27+00:00","dateModified":"2015-05-28T09:46:22+00:00","breadcrumb":{"@id":"https:\/\/sandzakpress.net\/arhiva\/preko-150-ucenjaka-izdalo-saopcenje-protiv-es-sisijevog-rezima\/#breadcrumb"},"inLanguage":"bs-BA","potentialAction":[{"@type":"ReadAction","target":["https:\/\/sandzakpress.net\/arhiva\/preko-150-ucenjaka-izdalo-saopcenje-protiv-es-sisijevog-rezima\/"]}]},{"@type":"ImageObject","inLanguage":"bs-BA","@id":"https:\/\/sandzakpress.net\/arhiva\/preko-150-ucenjaka-izdalo-saopcenje-protiv-es-sisijevog-rezima\/#primaryimage","url":"https:\/\/sandzakpress.net\/arhiva\/wp-content\/uploads\/2015\/05\/a1432740176.jpg","contentUrl":"https:\/\/sandzakpress.net\/arhiva\/wp-content\/uploads\/2015\/05\/a1432740176.jpg","width":600,"height":378},{"@type":"BreadcrumbList","@id":"https:\/\/sandzakpress.net\/arhiva\/preko-150-ucenjaka-izdalo-saopcenje-protiv-es-sisijevog-rezima\/#breadcrumb","itemListElement":[{"@type":"ListItem","position":1,"name":"Home","item":"https:\/\/sandzakpress.net\/arhiva\/"},{"@type":"ListItem","position":2,"name":"Preko 150 u\u010denjaka izdalo saop\u0107enje protiv es-Sisijevog re\u017eima"}]},{"@type":"WebSite","@id":"https:\/\/sandzakpress.net\/arhiva\/#website","url":"https:\/\/sandzakpress.net\/arhiva\/","name":"Sand\u017eak PRESS","description":"Prve elektronske novine u Sand\u017eaku","publisher":{"@id":"https:\/\/sandzakpress.net\/arhiva\/#\/schema\/person\/6e72b67d6e51910a1117b3b483ba20bd"},"potentialAction":[{"@type":"SearchAction","target":{"@type":"EntryPoint","urlTemplate":"https:\/\/sandzakpress.net\/arhiva\/?s={search_term_string}"},"query-input":{"@type":"PropertyValueSpecification","valueRequired":true,"valueName":"search_term_string"}}],"inLanguage":"bs-BA"},{"@type":["Person","Organization"],"@id":"https:\/\/sandzakpress.net\/arhiva\/#\/schema\/person\/6e72b67d6e51910a1117b3b483ba20bd","name":"Kul","image":{"@type":"ImageObject","inLanguage":"bs-BA","@id":"https:\/\/sandzakpress.net\/arhiva\/#\/schema\/person\/image\/","url":"https:\/\/secure.gravatar.com\/avatar\/42263f39aa27ac04c43cab85c280eb2e?s=96&d=mm&r=pg","contentUrl":"https:\/\/secure.gravatar.com\/avatar\/42263f39aa27ac04c43cab85c280eb2e?s=96&d=mm&r=pg","caption":"Kul"},"logo":{"@id":"https:\/\/sandzakpress.net\/arhiva\/#\/schema\/person\/image\/"}},{"@type":"Person","@id":"https:\/\/sandzakpress.net\/arhiva\/#\/schema\/person\/c8baee722073534b583ea7bdb2e36c02","name":"bosniak","image":{"@type":"ImageObject","inLanguage":"bs-BA","@id":"https:\/\/sandzakpress.net\/arhiva\/#\/schema\/person\/image\/","url":"https:\/\/secure.gravatar.com\/avatar\/a04fd330bfe3a36a72a0ad4a6d89fca7?s=96&d=mm&r=pg","contentUrl":"https:\/\/secure.gravatar.com\/avatar\/a04fd330bfe3a36a72a0ad4a6d89fca7?s=96&d=mm&r=pg","caption":"bosniak"},"url":"https:\/\/sandzakpress.net\/arhiva\/author\/bosniak\/"}]}},"_links":{"self":[{"href":"https:\/\/sandzakpress.net\/arhiva\/wp-json\/wp\/v2\/posts\/128831"}],"collection":[{"href":"https:\/\/sandzakpress.net\/arhiva\/wp-json\/wp\/v2\/posts"}],"about":[{"href":"https:\/\/sandzakpress.net\/arhiva\/wp-json\/wp\/v2\/types\/post"}],"author":[{"embeddable":true,"href":"https:\/\/sandzakpress.net\/arhiva\/wp-json\/wp\/v2\/users\/83"}],"replies":[{"embeddable":true,"href":"https:\/\/sandzakpress.net\/arhiva\/wp-json\/wp\/v2\/comments?post=128831"}],"version-history":[{"count":0,"href":"https:\/\/sandzakpress.net\/arhiva\/wp-json\/wp\/v2\/posts\/128831\/revisions"}],"wp:featuredmedia":[{"embeddable":true,"href":"https:\/\/sandzakpress.net\/arhiva\/wp-json\/wp\/v2\/media\/128832"}],"wp:attachment":[{"href":"https:\/\/sandzakpress.net\/arhiva\/wp-json\/wp\/v2\/media?parent=128831"}],"wp:term":[{"taxonomy":"category","embeddable":true,"href":"https:\/\/sandzakpress.net\/arhiva\/wp-json\/wp\/v2\/categories?post=128831"},{"taxonomy":"post_tag","embeddable":true,"href":"https:\/\/sandzakpress.net\/arhiva\/wp-json\/wp\/v2\/tags?post=128831"}],"curies":[{"name":"wp","href":"https:\/\/api.w.org\/{rel}","templated":true}]}}