{"id":12880,"date":"2011-02-18T13:54:13","date_gmt":"2011-02-18T12:54:13","guid":{"rendered":"https:\/\/sandzakpress.net\/arhiva\/?p=12880"},"modified":"2011-02-18T13:54:13","modified_gmt":"2011-02-18T12:54:13","slug":"armija-preuzela-kontrolu-u-bahreinu-zabranjeni-protesti","status":"publish","type":"post","link":"https:\/\/sandzakpress.net\/arhiva\/armija-preuzela-kontrolu-u-bahreinu-zabranjeni-protesti\/","title":{"rendered":"Armija preuzela kontrolu u Bahreinu, zabranjeni protesti"},"content":{"rendered":"<p><strong><a href=\"https:\/\/sandzakpress.net\/arhiva\/wp-content\/uploads\/2011\/02\/45624699_bahrainprotest-300x168.jpg\"><img loading=\"lazy\" decoding=\"async\" class=\"alignleft size-full wp-image-12881\" src=\"https:\/\/sandzakpress.net\/arhiva\/wp-content\/uploads\/2011\/02\/45624699_bahrainprotest-300x168.jpg\" alt=\"\" width=\"300\" height=\"168\" \/><\/a>Bahrein &#8211; Protesti su zabranjeni u Bahreinu i vojsci je nare\u0111eno da poja\u010da aktivnosti nakon nasilnih antivladinih demonstracija<\/strong>.<\/p>\n<p>U saop\u0161tenju objavljenom na dr\u017eavnoj televizijskoj stanici navodi se  da je vojska preuzela kontrolu nad klju\u010dnim dijelovima prijestonice  Maname.Iz Ministarstva unutra\u0161njih poslova Bahreina saop\u0161teno je da \u0107e  vojska preduzeti sve neophodne mjere da o\u010duva sigurnost.<\/p>\n<p>Tri lica su poginula a vi\u0161e stotina je povrije\u0111eno tokom no\u0107i kada je  policija sa opremom za razbijanje protesta upala u kamp demonstranata u  Manami.<\/p>\n<p>Nemiri u Bahreinu izbili su nakon niza protesta na Bliskom istoku i Sjevernoj Africi.<br \/>\nManama je zatvorena, dok su na ulicama tenkovi, vojne patrole i kontrolni punktovi\u00a0a grad nadlije\u0107u borbeni helkopteri.<\/p>\n<p>Na putevima, koji vode ka glavnom trgu \u201cPerl\u201d na kojem su bili  protesti, podignuta je bodljikava \u017eica, dok je MUP upozorio stanovnike  da ne izlaze iz ku\u0107a.<\/p>\n<p>Opozicioni politi\u010dari i demonstranti izrazili su nezadoovljstvo zbog nasilja.<\/p>\n<p>Lider vode\u0107e \u0161iitske opozicione grupe Abdul D\u017ealil Halil rekao je da je u znak protesta 18 poslanika podnijelo ostavke.<\/p>\n<p>Ibrahim \u0160arif iz sekularne stranke \u201cVad\u201d rekao je da \u0107e se protesti nastaviti.<\/p>\n<p>\u201cU\u010dini\u0107emo sve \u0161to treba da ovo postane demokratska zemlja, pa \u010dak  iako neki od nas izgube \u017eivot. \u017delimo odgovaraju\u0107u, funkcionalnu,  konstitutivnu demokratiju\u201d, rekao je \u0160arif.<\/p>\n<p>Izvor:<strong> Bicent.com<\/strong><\/p>\n","protected":false},"excerpt":{"rendered":"<p>Bahrein &#8211; Protesti su zabranjeni u Bahreinu i vojsci je nare\u0111eno da poja\u010da aktivnosti nakon nasilnih antivladinih demonstracija. U saop\u0161tenju objavljenom na dr\u017eavnoj televizijskoj stanici navodi se da je vojska preuzela kontrolu nad klju\u010dnim dijelovima prijestonice Maname.Iz Ministarstva unutra\u0161njih poslova Bahreina saop\u0161teno je da \u0107e vojska preduzeti sve neophodne mjere da o\u010duva sigurnost. Tri lica [&hellip;]<\/p>\n","protected":false},"author":13,"featured_media":12881,"comment_status":"open","ping_status":"open","sticky":false,"template":"","format":"standard","meta":{"footnotes":""},"categories":[9],"tags":[],"class_list":{"0":"post-12880","1":"post","2":"type-post","3":"status-publish","4":"format-standard","5":"has-post-thumbnail","7":"category-svijet"},"yoast_head":"<!-- This site is optimized with the Yoast SEO Premium plugin v23.1 (Yoast SEO v24.9) - https:\/\/yoast.com\/wordpress\/plugins\/seo\/ -->\n<title>Armija preuzela kontrolu u Bahreinu, zabranjeni protesti<\/title>\n<meta name=\"robots\" content=\"index, follow, max-snippet:-1, max-image-preview:large, max-video-preview:-1\" \/>\n<link rel=\"canonical\" href=\"https:\/\/sandzakpress.net\/arhiva\/armija-preuzela-kontrolu-u-bahreinu-zabranjeni-protesti\/\" \/>\n<meta property=\"og:locale\" content=\"bs_BA\" \/>\n<meta property=\"og:type\" content=\"article\" \/>\n<meta property=\"og:title\" content=\"Armija preuzela kontrolu u Bahreinu, zabranjeni protesti\" \/>\n<meta property=\"og:description\" content=\"Bahrein &#8211; Protesti su zabranjeni u Bahreinu i vojsci je nare\u0111eno da poja\u010da aktivnosti nakon nasilnih antivladinih demonstracija. U saop\u0161tenju objavljenom na dr\u017eavnoj televizijskoj stanici navodi se da je vojska preuzela kontrolu nad klju\u010dnim dijelovima prijestonice Maname.Iz Ministarstva unutra\u0161njih poslova Bahreina saop\u0161teno je da \u0107e vojska preduzeti sve neophodne mjere da o\u010duva sigurnost. Tri lica [&hellip;]\" \/>\n<meta property=\"og:url\" content=\"https:\/\/sandzakpress.net\/arhiva\/armija-preuzela-kontrolu-u-bahreinu-zabranjeni-protesti\/\" \/>\n<meta property=\"og:site_name\" content=\"Sand\u017eak PRESS\" \/>\n<meta property=\"article:published_time\" content=\"2011-02-18T12:54:13+00:00\" \/>\n<meta property=\"og:image\" content=\"https:\/\/sandzakpress.net\/arhiva\/wp-content\/uploads\/2011\/02\/45624699_bahrainprotest-300x168.jpg\" \/>\n\t<meta property=\"og:image:width\" content=\"300\" \/>\n\t<meta property=\"og:image:height\" content=\"168\" \/>\n\t<meta property=\"og:image:type\" content=\"image\/jpeg\" \/>\n<meta name=\"twitter:card\" content=\"summary_large_image\" \/>\n<meta name=\"twitter:label1\" content=\"Written by\" \/>\n\t<meta name=\"twitter:data1\" content=\"\" \/>\n\t<meta name=\"twitter:label2\" content=\"Est. reading time\" \/>\n\t<meta name=\"twitter:data2\" content=\"1 minuta\" \/>\n<script type=\"application\/ld+json\" class=\"yoast-schema-graph\">{\"@context\":\"https:\/\/schema.org\",\"@graph\":[{\"@type\":\"Article\",\"@id\":\"https:\/\/sandzakpress.net\/arhiva\/armija-preuzela-kontrolu-u-bahreinu-zabranjeni-protesti\/#article\",\"isPartOf\":{\"@id\":\"https:\/\/sandzakpress.net\/arhiva\/armija-preuzela-kontrolu-u-bahreinu-zabranjeni-protesti\/\"},\"author\":{\"name\":\"\",\"@id\":\"\"},\"headline\":\"Armija preuzela kontrolu u Bahreinu, zabranjeni protesti\",\"datePublished\":\"2011-02-18T12:54:13+00:00\",\"mainEntityOfPage\":{\"@id\":\"https:\/\/sandzakpress.net\/arhiva\/armija-preuzela-kontrolu-u-bahreinu-zabranjeni-protesti\/\"},\"wordCount\":232,\"commentCount\":0,\"publisher\":{\"@id\":\"https:\/\/sandzakpress.net\/arhiva\/#\/schema\/person\/6e72b67d6e51910a1117b3b483ba20bd\"},\"image\":{\"@id\":\"https:\/\/sandzakpress.net\/arhiva\/armija-preuzela-kontrolu-u-bahreinu-zabranjeni-protesti\/#primaryimage\"},\"thumbnailUrl\":\"https:\/\/sandzakpress.net\/arhiva\/wp-content\/uploads\/2011\/02\/45624699_bahrainprotest-300x168.jpg\",\"articleSection\":[\"Svijet\"],\"inLanguage\":\"bs-BA\",\"potentialAction\":[{\"@type\":\"CommentAction\",\"name\":\"Comment\",\"target\":[\"https:\/\/sandzakpress.net\/arhiva\/armija-preuzela-kontrolu-u-bahreinu-zabranjeni-protesti\/#respond\"]}]},{\"@type\":\"WebPage\",\"@id\":\"https:\/\/sandzakpress.net\/arhiva\/armija-preuzela-kontrolu-u-bahreinu-zabranjeni-protesti\/\",\"url\":\"https:\/\/sandzakpress.net\/arhiva\/armija-preuzela-kontrolu-u-bahreinu-zabranjeni-protesti\/\",\"name\":\"Armija preuzela kontrolu u Bahreinu, zabranjeni protesti\",\"isPartOf\":{\"@id\":\"https:\/\/sandzakpress.net\/arhiva\/#website\"},\"primaryImageOfPage\":{\"@id\":\"https:\/\/sandzakpress.net\/arhiva\/armija-preuzela-kontrolu-u-bahreinu-zabranjeni-protesti\/#primaryimage\"},\"image\":{\"@id\":\"https:\/\/sandzakpress.net\/arhiva\/armija-preuzela-kontrolu-u-bahreinu-zabranjeni-protesti\/#primaryimage\"},\"thumbnailUrl\":\"https:\/\/sandzakpress.net\/arhiva\/wp-content\/uploads\/2011\/02\/45624699_bahrainprotest-300x168.jpg\",\"datePublished\":\"2011-02-18T12:54:13+00:00\",\"breadcrumb\":{\"@id\":\"https:\/\/sandzakpress.net\/arhiva\/armija-preuzela-kontrolu-u-bahreinu-zabranjeni-protesti\/#breadcrumb\"},\"inLanguage\":\"bs-BA\",\"potentialAction\":[{\"@type\":\"ReadAction\",\"target\":[\"https:\/\/sandzakpress.net\/arhiva\/armija-preuzela-kontrolu-u-bahreinu-zabranjeni-protesti\/\"]}]},{\"@type\":\"ImageObject\",\"inLanguage\":\"bs-BA\",\"@id\":\"https:\/\/sandzakpress.net\/arhiva\/armija-preuzela-kontrolu-u-bahreinu-zabranjeni-protesti\/#primaryimage\",\"url\":\"https:\/\/sandzakpress.net\/arhiva\/wp-content\/uploads\/2011\/02\/45624699_bahrainprotest-300x168.jpg\",\"contentUrl\":\"https:\/\/sandzakpress.net\/arhiva\/wp-content\/uploads\/2011\/02\/45624699_bahrainprotest-300x168.jpg\",\"width\":300,\"height\":168},{\"@type\":\"BreadcrumbList\",\"@id\":\"https:\/\/sandzakpress.net\/arhiva\/armija-preuzela-kontrolu-u-bahreinu-zabranjeni-protesti\/#breadcrumb\",\"itemListElement\":[{\"@type\":\"ListItem\",\"position\":1,\"name\":\"Home\",\"item\":\"https:\/\/sandzakpress.net\/arhiva\/\"},{\"@type\":\"ListItem\",\"position\":2,\"name\":\"Armija preuzela kontrolu u Bahreinu, zabranjeni protesti\"}]},{\"@type\":\"WebSite\",\"@id\":\"https:\/\/sandzakpress.net\/arhiva\/#website\",\"url\":\"https:\/\/sandzakpress.net\/arhiva\/\",\"name\":\"Sand\u017eak PRESS\",\"description\":\"Prve elektronske novine u Sand\u017eaku\",\"publisher\":{\"@id\":\"https:\/\/sandzakpress.net\/arhiva\/#\/schema\/person\/6e72b67d6e51910a1117b3b483ba20bd\"},\"potentialAction\":[{\"@type\":\"SearchAction\",\"target\":{\"@type\":\"EntryPoint\",\"urlTemplate\":\"https:\/\/sandzakpress.net\/arhiva\/?s={search_term_string}\"},\"query-input\":{\"@type\":\"PropertyValueSpecification\",\"valueRequired\":true,\"valueName\":\"search_term_string\"}}],\"inLanguage\":\"bs-BA\"},{\"@type\":[\"Person\",\"Organization\"],\"@id\":\"https:\/\/sandzakpress.net\/arhiva\/#\/schema\/person\/6e72b67d6e51910a1117b3b483ba20bd\",\"name\":\"Kul\",\"image\":{\"@type\":\"ImageObject\",\"inLanguage\":\"bs-BA\",\"@id\":\"https:\/\/sandzakpress.net\/arhiva\/#\/schema\/person\/image\/\",\"url\":\"https:\/\/secure.gravatar.com\/avatar\/42263f39aa27ac04c43cab85c280eb2e?s=96&d=mm&r=pg\",\"contentUrl\":\"https:\/\/secure.gravatar.com\/avatar\/42263f39aa27ac04c43cab85c280eb2e?s=96&d=mm&r=pg\",\"caption\":\"Kul\"},\"logo\":{\"@id\":\"https:\/\/sandzakpress.net\/arhiva\/#\/schema\/person\/image\/\"}},{\"@type\":\"Person\",\"@id\":\"\",\"url\":\"https:\/\/sandzakpress.net\/arhiva\/author\/\"}]}<\/script>\n<!-- \/ Yoast SEO Premium plugin. -->","yoast_head_json":{"title":"Armija preuzela kontrolu u Bahreinu, zabranjeni protesti","robots":{"index":"index","follow":"follow","max-snippet":"max-snippet:-1","max-image-preview":"max-image-preview:large","max-video-preview":"max-video-preview:-1"},"canonical":"https:\/\/sandzakpress.net\/arhiva\/armija-preuzela-kontrolu-u-bahreinu-zabranjeni-protesti\/","og_locale":"bs_BA","og_type":"article","og_title":"Armija preuzela kontrolu u Bahreinu, zabranjeni protesti","og_description":"Bahrein &#8211; Protesti su zabranjeni u Bahreinu i vojsci je nare\u0111eno da poja\u010da aktivnosti nakon nasilnih antivladinih demonstracija. U saop\u0161tenju objavljenom na dr\u017eavnoj televizijskoj stanici navodi se da je vojska preuzela kontrolu nad klju\u010dnim dijelovima prijestonice Maname.Iz Ministarstva unutra\u0161njih poslova Bahreina saop\u0161teno je da \u0107e vojska preduzeti sve neophodne mjere da o\u010duva sigurnost. Tri lica [&hellip;]","og_url":"https:\/\/sandzakpress.net\/arhiva\/armija-preuzela-kontrolu-u-bahreinu-zabranjeni-protesti\/","og_site_name":"Sand\u017eak PRESS","article_published_time":"2011-02-18T12:54:13+00:00","og_image":[{"width":300,"height":168,"url":"https:\/\/sandzakpress.net\/arhiva\/wp-content\/uploads\/2011\/02\/45624699_bahrainprotest-300x168.jpg","type":"image\/jpeg"}],"twitter_card":"summary_large_image","twitter_misc":{"Written by":"","Est. reading time":"1 minuta"},"schema":{"@context":"https:\/\/schema.org","@graph":[{"@type":"Article","@id":"https:\/\/sandzakpress.net\/arhiva\/armija-preuzela-kontrolu-u-bahreinu-zabranjeni-protesti\/#article","isPartOf":{"@id":"https:\/\/sandzakpress.net\/arhiva\/armija-preuzela-kontrolu-u-bahreinu-zabranjeni-protesti\/"},"author":{"name":"","@id":""},"headline":"Armija preuzela kontrolu u Bahreinu, zabranjeni protesti","datePublished":"2011-02-18T12:54:13+00:00","mainEntityOfPage":{"@id":"https:\/\/sandzakpress.net\/arhiva\/armija-preuzela-kontrolu-u-bahreinu-zabranjeni-protesti\/"},"wordCount":232,"commentCount":0,"publisher":{"@id":"https:\/\/sandzakpress.net\/arhiva\/#\/schema\/person\/6e72b67d6e51910a1117b3b483ba20bd"},"image":{"@id":"https:\/\/sandzakpress.net\/arhiva\/armija-preuzela-kontrolu-u-bahreinu-zabranjeni-protesti\/#primaryimage"},"thumbnailUrl":"https:\/\/sandzakpress.net\/arhiva\/wp-content\/uploads\/2011\/02\/45624699_bahrainprotest-300x168.jpg","articleSection":["Svijet"],"inLanguage":"bs-BA","potentialAction":[{"@type":"CommentAction","name":"Comment","target":["https:\/\/sandzakpress.net\/arhiva\/armija-preuzela-kontrolu-u-bahreinu-zabranjeni-protesti\/#respond"]}]},{"@type":"WebPage","@id":"https:\/\/sandzakpress.net\/arhiva\/armija-preuzela-kontrolu-u-bahreinu-zabranjeni-protesti\/","url":"https:\/\/sandzakpress.net\/arhiva\/armija-preuzela-kontrolu-u-bahreinu-zabranjeni-protesti\/","name":"Armija preuzela kontrolu u Bahreinu, zabranjeni protesti","isPartOf":{"@id":"https:\/\/sandzakpress.net\/arhiva\/#website"},"primaryImageOfPage":{"@id":"https:\/\/sandzakpress.net\/arhiva\/armija-preuzela-kontrolu-u-bahreinu-zabranjeni-protesti\/#primaryimage"},"image":{"@id":"https:\/\/sandzakpress.net\/arhiva\/armija-preuzela-kontrolu-u-bahreinu-zabranjeni-protesti\/#primaryimage"},"thumbnailUrl":"https:\/\/sandzakpress.net\/arhiva\/wp-content\/uploads\/2011\/02\/45624699_bahrainprotest-300x168.jpg","datePublished":"2011-02-18T12:54:13+00:00","breadcrumb":{"@id":"https:\/\/sandzakpress.net\/arhiva\/armija-preuzela-kontrolu-u-bahreinu-zabranjeni-protesti\/#breadcrumb"},"inLanguage":"bs-BA","potentialAction":[{"@type":"ReadAction","target":["https:\/\/sandzakpress.net\/arhiva\/armija-preuzela-kontrolu-u-bahreinu-zabranjeni-protesti\/"]}]},{"@type":"ImageObject","inLanguage":"bs-BA","@id":"https:\/\/sandzakpress.net\/arhiva\/armija-preuzela-kontrolu-u-bahreinu-zabranjeni-protesti\/#primaryimage","url":"https:\/\/sandzakpress.net\/arhiva\/wp-content\/uploads\/2011\/02\/45624699_bahrainprotest-300x168.jpg","contentUrl":"https:\/\/sandzakpress.net\/arhiva\/wp-content\/uploads\/2011\/02\/45624699_bahrainprotest-300x168.jpg","width":300,"height":168},{"@type":"BreadcrumbList","@id":"https:\/\/sandzakpress.net\/arhiva\/armija-preuzela-kontrolu-u-bahreinu-zabranjeni-protesti\/#breadcrumb","itemListElement":[{"@type":"ListItem","position":1,"name":"Home","item":"https:\/\/sandzakpress.net\/arhiva\/"},{"@type":"ListItem","position":2,"name":"Armija preuzela kontrolu u Bahreinu, zabranjeni protesti"}]},{"@type":"WebSite","@id":"https:\/\/sandzakpress.net\/arhiva\/#website","url":"https:\/\/sandzakpress.net\/arhiva\/","name":"Sand\u017eak PRESS","description":"Prve elektronske novine u Sand\u017eaku","publisher":{"@id":"https:\/\/sandzakpress.net\/arhiva\/#\/schema\/person\/6e72b67d6e51910a1117b3b483ba20bd"},"potentialAction":[{"@type":"SearchAction","target":{"@type":"EntryPoint","urlTemplate":"https:\/\/sandzakpress.net\/arhiva\/?s={search_term_string}"},"query-input":{"@type":"PropertyValueSpecification","valueRequired":true,"valueName":"search_term_string"}}],"inLanguage":"bs-BA"},{"@type":["Person","Organization"],"@id":"https:\/\/sandzakpress.net\/arhiva\/#\/schema\/person\/6e72b67d6e51910a1117b3b483ba20bd","name":"Kul","image":{"@type":"ImageObject","inLanguage":"bs-BA","@id":"https:\/\/sandzakpress.net\/arhiva\/#\/schema\/person\/image\/","url":"https:\/\/secure.gravatar.com\/avatar\/42263f39aa27ac04c43cab85c280eb2e?s=96&d=mm&r=pg","contentUrl":"https:\/\/secure.gravatar.com\/avatar\/42263f39aa27ac04c43cab85c280eb2e?s=96&d=mm&r=pg","caption":"Kul"},"logo":{"@id":"https:\/\/sandzakpress.net\/arhiva\/#\/schema\/person\/image\/"}},{"@type":"Person","@id":"","url":"https:\/\/sandzakpress.net\/arhiva\/author\/"}]}},"_links":{"self":[{"href":"https:\/\/sandzakpress.net\/arhiva\/wp-json\/wp\/v2\/posts\/12880"}],"collection":[{"href":"https:\/\/sandzakpress.net\/arhiva\/wp-json\/wp\/v2\/posts"}],"about":[{"href":"https:\/\/sandzakpress.net\/arhiva\/wp-json\/wp\/v2\/types\/post"}],"author":[{"embeddable":true,"href":"https:\/\/sandzakpress.net\/arhiva\/wp-json\/wp\/v2\/users\/13"}],"replies":[{"embeddable":true,"href":"https:\/\/sandzakpress.net\/arhiva\/wp-json\/wp\/v2\/comments?post=12880"}],"version-history":[{"count":0,"href":"https:\/\/sandzakpress.net\/arhiva\/wp-json\/wp\/v2\/posts\/12880\/revisions"}],"wp:featuredmedia":[{"embeddable":true,"href":"https:\/\/sandzakpress.net\/arhiva\/wp-json\/wp\/v2\/media\/12881"}],"wp:attachment":[{"href":"https:\/\/sandzakpress.net\/arhiva\/wp-json\/wp\/v2\/media?parent=12880"}],"wp:term":[{"taxonomy":"category","embeddable":true,"href":"https:\/\/sandzakpress.net\/arhiva\/wp-json\/wp\/v2\/categories?post=12880"},{"taxonomy":"post_tag","embeddable":true,"href":"https:\/\/sandzakpress.net\/arhiva\/wp-json\/wp\/v2\/tags?post=12880"}],"curies":[{"name":"wp","href":"https:\/\/api.w.org\/{rel}","templated":true}]}}