{"id":128673,"date":"2015-05-25T13:32:06","date_gmt":"2015-05-25T11:32:06","guid":{"rendered":"https:\/\/sandzakpress.net\/arhiva\/?p=128673"},"modified":"2015-05-25T13:32:06","modified_gmt":"2015-05-25T11:32:06","slug":"jordanska-kraljica-ranija-i-brojni-drugi-zvanicnici-dolaze-11-jula-u-srebrenicu","status":"publish","type":"post","link":"https:\/\/sandzakpress.net\/arhiva\/jordanska-kraljica-ranija-i-brojni-drugi-zvanicnici-dolaze-11-jula-u-srebrenicu\/","title":{"rendered":"Jordanska kraljica Ranija i brojni drugi zvani\u010dnici dolaze 11. jula u Srebrenicu"},"content":{"rendered":"<p><img decoding=\"async\" src=\"http:\/\/static.klix.ba\/media\/images\/vijesti\/150525026.2_xl.jpg\" alt=\"\" \/><\/p>\n<p><strong>BiH &#8211; Kako nam je potvr\u0111eno, ove godine o\u010dekuje se veliki broj visokih zvanica na obilje\u017eavanju 20. godi\u0161njice genocida u Srebrenici, a o\u010dekuje se dolazak i jedne od visokorangiranih politi\u010dkih li\u010dnosti iz Njema\u010dke.<\/strong><\/p>\n<p>Kako saznaje Klix.ba, manifestaciji \u0107e prisustvovati jordanska kraljica Ranija Al-Abdulah, \u0161efovi Evropskog parlamenta, biv\u0161i predsjednik Sjedinjenih Ameri\u010dkih Dr\u017eava Bill Clinton, te predstavnik trenutne ameri\u010dke administracije, svi predsjednici susjednih dr\u017eava osim predsjednika Srbije Tomislava Nikoli\u0107a, turski predsjednik Recep Tayyip Erdogan, te visoka predstavnica Evropske unije za vanjske poslove i sigurnosnu politiku i ujedno potpredsjednica Evropske komisije Federica Mogherini. <\/p>\n<p>Ovo je druga posjeta jordanske kraljica Ranija Al-Abdulah BiH. Ona je 6. novembra 1999. godine prvi put posjetila BiH povodom polaganja kamena temeljca za izgradnju Islamskog centra u Sarajevu. <\/p>\n<p>Obilje\u017eavanju bi trebao prisustvovati ministar vanjski poslova Slova\u010dke Miroslav Laj\u010dak, kao i ministar vanjskih poslova Belgije Didier Reynders. Najavljen je i dolazak predsjednika Ha\u0161kog suda Theodora Merona i dva ha\u0161ka tu\u017eioca, kao i veliki broj predsjednika vlada. <\/p>\n<p>Kako saznajemo, najavljeno je i u\u010de\u0161\u0107e nekoliko evropskih parlamentaraca i britanskih zvani\u010dnika na Mar\u0161u mira koji iz vi\u0161e gradova BiH kre\u0107e prema Srebrenici.<\/p>\n<p>Ove godine od 9. do 11. jula odr\u017eava se Croatia Forum na koji je najavljen dolazak 30 ministara vanjskih poslova, a kako saznajemo, ve\u0107ina ministara trebala bi do\u0107i i na obilje\u017eavanje genocida u Srebrenici, gdje se o\u010dekuje od 50 do 70 hiljada ljudi na ispra\u0107aju.<\/p>\n<p>(Klix)<\/p>\n","protected":false},"excerpt":{"rendered":"<p>BiH &#8211; Kako nam je potvr\u0111eno, ove godine o\u010dekuje se veliki broj visokih zvanica na obilje\u017eavanju 20. godi\u0161njice genocida u Srebrenici, a o\u010dekuje se dolazak i jedne od visokorangiranih politi\u010dkih li\u010dnosti iz Njema\u010dke. Kako saznaje Klix.ba, manifestaciji \u0107e prisustvovati jordanska kraljica Ranija Al-Abdulah, \u0161efovi Evropskog parlamenta, biv\u0161i predsjednik Sjedinjenih Ameri\u010dkih Dr\u017eava Bill Clinton, te predstavnik [&hellip;]<\/p>\n","protected":false},"author":83,"featured_media":128674,"comment_status":"open","ping_status":"open","sticky":false,"template":"","format":"standard","meta":{"footnotes":""},"categories":[800,2860,798],"tags":[],"class_list":{"0":"post-128673","1":"post","2":"type-post","3":"status-publish","4":"format-standard","5":"has-post-thumbnail","7":"category-nacija","8":"category-bosna-i-hercegovina-gradovi","9":"category-teme"},"yoast_head":"<!-- This site is optimized with the Yoast SEO Premium plugin v23.1 (Yoast SEO v24.9) - https:\/\/yoast.com\/wordpress\/plugins\/seo\/ -->\n<title>Jordanska kraljica Ranija i brojni drugi zvani\u010dnici dolaze 11. jula u Srebrenicu<\/title>\n<meta name=\"robots\" content=\"index, follow, max-snippet:-1, max-image-preview:large, max-video-preview:-1\" \/>\n<link rel=\"canonical\" href=\"https:\/\/sandzakpress.net\/arhiva\/jordanska-kraljica-ranija-i-brojni-drugi-zvanicnici-dolaze-11-jula-u-srebrenicu\/\" \/>\n<meta property=\"og:locale\" content=\"bs_BA\" \/>\n<meta property=\"og:type\" content=\"article\" \/>\n<meta property=\"og:title\" content=\"Jordanska kraljica Ranija i brojni drugi zvani\u010dnici dolaze 11. jula u Srebrenicu\" \/>\n<meta property=\"og:description\" content=\"BiH &#8211; Kako nam je potvr\u0111eno, ove godine o\u010dekuje se veliki broj visokih zvanica na obilje\u017eavanju 20. godi\u0161njice genocida u Srebrenici, a o\u010dekuje se dolazak i jedne od visokorangiranih politi\u010dkih li\u010dnosti iz Njema\u010dke. Kako saznaje Klix.ba, manifestaciji \u0107e prisustvovati jordanska kraljica Ranija Al-Abdulah, \u0161efovi Evropskog parlamenta, biv\u0161i predsjednik Sjedinjenih Ameri\u010dkih Dr\u017eava Bill Clinton, te predstavnik [&hellip;]\" \/>\n<meta property=\"og:url\" content=\"https:\/\/sandzakpress.net\/arhiva\/jordanska-kraljica-ranija-i-brojni-drugi-zvanicnici-dolaze-11-jula-u-srebrenicu\/\" \/>\n<meta property=\"og:site_name\" content=\"Sand\u017eak PRESS\" \/>\n<meta property=\"article:published_time\" content=\"2015-05-25T11:32:06+00:00\" \/>\n<meta property=\"og:image\" content=\"https:\/\/sandzakpress.net\/arhiva\/wp-content\/uploads\/2015\/05\/150525026.2_xl.jpg\" \/>\n\t<meta property=\"og:image:width\" content=\"938\" \/>\n\t<meta property=\"og:image:height\" content=\"654\" \/>\n\t<meta property=\"og:image:type\" content=\"image\/jpeg\" \/>\n<meta name=\"author\" content=\"bosniak\" \/>\n<meta name=\"twitter:card\" content=\"summary_large_image\" \/>\n<meta name=\"twitter:label1\" content=\"Written by\" \/>\n\t<meta name=\"twitter:data1\" content=\"bosniak\" \/>\n\t<meta name=\"twitter:label2\" content=\"Est. reading time\" \/>\n\t<meta name=\"twitter:data2\" content=\"1 minuta\" \/>\n<script type=\"application\/ld+json\" class=\"yoast-schema-graph\">{\"@context\":\"https:\/\/schema.org\",\"@graph\":[{\"@type\":\"Article\",\"@id\":\"https:\/\/sandzakpress.net\/arhiva\/jordanska-kraljica-ranija-i-brojni-drugi-zvanicnici-dolaze-11-jula-u-srebrenicu\/#article\",\"isPartOf\":{\"@id\":\"https:\/\/sandzakpress.net\/arhiva\/jordanska-kraljica-ranija-i-brojni-drugi-zvanicnici-dolaze-11-jula-u-srebrenicu\/\"},\"author\":{\"name\":\"bosniak\",\"@id\":\"https:\/\/sandzakpress.net\/arhiva\/#\/schema\/person\/c8baee722073534b583ea7bdb2e36c02\"},\"headline\":\"Jordanska kraljica Ranija i brojni drugi zvani\u010dnici dolaze 11. jula u Srebrenicu\",\"datePublished\":\"2015-05-25T11:32:06+00:00\",\"mainEntityOfPage\":{\"@id\":\"https:\/\/sandzakpress.net\/arhiva\/jordanska-kraljica-ranija-i-brojni-drugi-zvanicnici-dolaze-11-jula-u-srebrenicu\/\"},\"wordCount\":262,\"commentCount\":20,\"publisher\":{\"@id\":\"https:\/\/sandzakpress.net\/arhiva\/#\/schema\/person\/6e72b67d6e51910a1117b3b483ba20bd\"},\"image\":{\"@id\":\"https:\/\/sandzakpress.net\/arhiva\/jordanska-kraljica-ranija-i-brojni-drugi-zvanicnici-dolaze-11-jula-u-srebrenicu\/#primaryimage\"},\"thumbnailUrl\":\"https:\/\/sandzakpress.net\/arhiva\/wp-content\/uploads\/2015\/05\/150525026.2_xl.jpg\",\"articleSection\":[\"Nacija\",\"Bosna i Hercegovina\",\"NAJNOVIJE\"],\"inLanguage\":\"bs-BA\",\"potentialAction\":[{\"@type\":\"CommentAction\",\"name\":\"Comment\",\"target\":[\"https:\/\/sandzakpress.net\/arhiva\/jordanska-kraljica-ranija-i-brojni-drugi-zvanicnici-dolaze-11-jula-u-srebrenicu\/#respond\"]}]},{\"@type\":\"WebPage\",\"@id\":\"https:\/\/sandzakpress.net\/arhiva\/jordanska-kraljica-ranija-i-brojni-drugi-zvanicnici-dolaze-11-jula-u-srebrenicu\/\",\"url\":\"https:\/\/sandzakpress.net\/arhiva\/jordanska-kraljica-ranija-i-brojni-drugi-zvanicnici-dolaze-11-jula-u-srebrenicu\/\",\"name\":\"Jordanska kraljica Ranija i brojni drugi zvani\u010dnici dolaze 11. jula u Srebrenicu\",\"isPartOf\":{\"@id\":\"https:\/\/sandzakpress.net\/arhiva\/#website\"},\"primaryImageOfPage\":{\"@id\":\"https:\/\/sandzakpress.net\/arhiva\/jordanska-kraljica-ranija-i-brojni-drugi-zvanicnici-dolaze-11-jula-u-srebrenicu\/#primaryimage\"},\"image\":{\"@id\":\"https:\/\/sandzakpress.net\/arhiva\/jordanska-kraljica-ranija-i-brojni-drugi-zvanicnici-dolaze-11-jula-u-srebrenicu\/#primaryimage\"},\"thumbnailUrl\":\"https:\/\/sandzakpress.net\/arhiva\/wp-content\/uploads\/2015\/05\/150525026.2_xl.jpg\",\"datePublished\":\"2015-05-25T11:32:06+00:00\",\"breadcrumb\":{\"@id\":\"https:\/\/sandzakpress.net\/arhiva\/jordanska-kraljica-ranija-i-brojni-drugi-zvanicnici-dolaze-11-jula-u-srebrenicu\/#breadcrumb\"},\"inLanguage\":\"bs-BA\",\"potentialAction\":[{\"@type\":\"ReadAction\",\"target\":[\"https:\/\/sandzakpress.net\/arhiva\/jordanska-kraljica-ranija-i-brojni-drugi-zvanicnici-dolaze-11-jula-u-srebrenicu\/\"]}]},{\"@type\":\"ImageObject\",\"inLanguage\":\"bs-BA\",\"@id\":\"https:\/\/sandzakpress.net\/arhiva\/jordanska-kraljica-ranija-i-brojni-drugi-zvanicnici-dolaze-11-jula-u-srebrenicu\/#primaryimage\",\"url\":\"https:\/\/sandzakpress.net\/arhiva\/wp-content\/uploads\/2015\/05\/150525026.2_xl.jpg\",\"contentUrl\":\"https:\/\/sandzakpress.net\/arhiva\/wp-content\/uploads\/2015\/05\/150525026.2_xl.jpg\",\"width\":938,\"height\":654},{\"@type\":\"BreadcrumbList\",\"@id\":\"https:\/\/sandzakpress.net\/arhiva\/jordanska-kraljica-ranija-i-brojni-drugi-zvanicnici-dolaze-11-jula-u-srebrenicu\/#breadcrumb\",\"itemListElement\":[{\"@type\":\"ListItem\",\"position\":1,\"name\":\"Home\",\"item\":\"https:\/\/sandzakpress.net\/arhiva\/\"},{\"@type\":\"ListItem\",\"position\":2,\"name\":\"Jordanska kraljica Ranija i brojni drugi zvani\u010dnici dolaze 11. jula u Srebrenicu\"}]},{\"@type\":\"WebSite\",\"@id\":\"https:\/\/sandzakpress.net\/arhiva\/#website\",\"url\":\"https:\/\/sandzakpress.net\/arhiva\/\",\"name\":\"Sand\u017eak PRESS\",\"description\":\"Prve elektronske novine u Sand\u017eaku\",\"publisher\":{\"@id\":\"https:\/\/sandzakpress.net\/arhiva\/#\/schema\/person\/6e72b67d6e51910a1117b3b483ba20bd\"},\"potentialAction\":[{\"@type\":\"SearchAction\",\"target\":{\"@type\":\"EntryPoint\",\"urlTemplate\":\"https:\/\/sandzakpress.net\/arhiva\/?s={search_term_string}\"},\"query-input\":{\"@type\":\"PropertyValueSpecification\",\"valueRequired\":true,\"valueName\":\"search_term_string\"}}],\"inLanguage\":\"bs-BA\"},{\"@type\":[\"Person\",\"Organization\"],\"@id\":\"https:\/\/sandzakpress.net\/arhiva\/#\/schema\/person\/6e72b67d6e51910a1117b3b483ba20bd\",\"name\":\"Kul\",\"image\":{\"@type\":\"ImageObject\",\"inLanguage\":\"bs-BA\",\"@id\":\"https:\/\/sandzakpress.net\/arhiva\/#\/schema\/person\/image\/\",\"url\":\"https:\/\/secure.gravatar.com\/avatar\/42263f39aa27ac04c43cab85c280eb2e?s=96&d=mm&r=pg\",\"contentUrl\":\"https:\/\/secure.gravatar.com\/avatar\/42263f39aa27ac04c43cab85c280eb2e?s=96&d=mm&r=pg\",\"caption\":\"Kul\"},\"logo\":{\"@id\":\"https:\/\/sandzakpress.net\/arhiva\/#\/schema\/person\/image\/\"}},{\"@type\":\"Person\",\"@id\":\"https:\/\/sandzakpress.net\/arhiva\/#\/schema\/person\/c8baee722073534b583ea7bdb2e36c02\",\"name\":\"bosniak\",\"image\":{\"@type\":\"ImageObject\",\"inLanguage\":\"bs-BA\",\"@id\":\"https:\/\/sandzakpress.net\/arhiva\/#\/schema\/person\/image\/\",\"url\":\"https:\/\/secure.gravatar.com\/avatar\/a04fd330bfe3a36a72a0ad4a6d89fca7?s=96&d=mm&r=pg\",\"contentUrl\":\"https:\/\/secure.gravatar.com\/avatar\/a04fd330bfe3a36a72a0ad4a6d89fca7?s=96&d=mm&r=pg\",\"caption\":\"bosniak\"},\"url\":\"https:\/\/sandzakpress.net\/arhiva\/author\/bosniak\/\"}]}<\/script>\n<!-- \/ Yoast SEO Premium plugin. -->","yoast_head_json":{"title":"Jordanska kraljica Ranija i brojni drugi zvani\u010dnici dolaze 11. jula u Srebrenicu","robots":{"index":"index","follow":"follow","max-snippet":"max-snippet:-1","max-image-preview":"max-image-preview:large","max-video-preview":"max-video-preview:-1"},"canonical":"https:\/\/sandzakpress.net\/arhiva\/jordanska-kraljica-ranija-i-brojni-drugi-zvanicnici-dolaze-11-jula-u-srebrenicu\/","og_locale":"bs_BA","og_type":"article","og_title":"Jordanska kraljica Ranija i brojni drugi zvani\u010dnici dolaze 11. jula u Srebrenicu","og_description":"BiH &#8211; Kako nam je potvr\u0111eno, ove godine o\u010dekuje se veliki broj visokih zvanica na obilje\u017eavanju 20. godi\u0161njice genocida u Srebrenici, a o\u010dekuje se dolazak i jedne od visokorangiranih politi\u010dkih li\u010dnosti iz Njema\u010dke. Kako saznaje Klix.ba, manifestaciji \u0107e prisustvovati jordanska kraljica Ranija Al-Abdulah, \u0161efovi Evropskog parlamenta, biv\u0161i predsjednik Sjedinjenih Ameri\u010dkih Dr\u017eava Bill Clinton, te predstavnik [&hellip;]","og_url":"https:\/\/sandzakpress.net\/arhiva\/jordanska-kraljica-ranija-i-brojni-drugi-zvanicnici-dolaze-11-jula-u-srebrenicu\/","og_site_name":"Sand\u017eak PRESS","article_published_time":"2015-05-25T11:32:06+00:00","og_image":[{"width":938,"height":654,"url":"https:\/\/sandzakpress.net\/arhiva\/wp-content\/uploads\/2015\/05\/150525026.2_xl.jpg","type":"image\/jpeg"}],"author":"bosniak","twitter_card":"summary_large_image","twitter_misc":{"Written by":"bosniak","Est. reading time":"1 minuta"},"schema":{"@context":"https:\/\/schema.org","@graph":[{"@type":"Article","@id":"https:\/\/sandzakpress.net\/arhiva\/jordanska-kraljica-ranija-i-brojni-drugi-zvanicnici-dolaze-11-jula-u-srebrenicu\/#article","isPartOf":{"@id":"https:\/\/sandzakpress.net\/arhiva\/jordanska-kraljica-ranija-i-brojni-drugi-zvanicnici-dolaze-11-jula-u-srebrenicu\/"},"author":{"name":"bosniak","@id":"https:\/\/sandzakpress.net\/arhiva\/#\/schema\/person\/c8baee722073534b583ea7bdb2e36c02"},"headline":"Jordanska kraljica Ranija i brojni drugi zvani\u010dnici dolaze 11. jula u Srebrenicu","datePublished":"2015-05-25T11:32:06+00:00","mainEntityOfPage":{"@id":"https:\/\/sandzakpress.net\/arhiva\/jordanska-kraljica-ranija-i-brojni-drugi-zvanicnici-dolaze-11-jula-u-srebrenicu\/"},"wordCount":262,"commentCount":20,"publisher":{"@id":"https:\/\/sandzakpress.net\/arhiva\/#\/schema\/person\/6e72b67d6e51910a1117b3b483ba20bd"},"image":{"@id":"https:\/\/sandzakpress.net\/arhiva\/jordanska-kraljica-ranija-i-brojni-drugi-zvanicnici-dolaze-11-jula-u-srebrenicu\/#primaryimage"},"thumbnailUrl":"https:\/\/sandzakpress.net\/arhiva\/wp-content\/uploads\/2015\/05\/150525026.2_xl.jpg","articleSection":["Nacija","Bosna i Hercegovina","NAJNOVIJE"],"inLanguage":"bs-BA","potentialAction":[{"@type":"CommentAction","name":"Comment","target":["https:\/\/sandzakpress.net\/arhiva\/jordanska-kraljica-ranija-i-brojni-drugi-zvanicnici-dolaze-11-jula-u-srebrenicu\/#respond"]}]},{"@type":"WebPage","@id":"https:\/\/sandzakpress.net\/arhiva\/jordanska-kraljica-ranija-i-brojni-drugi-zvanicnici-dolaze-11-jula-u-srebrenicu\/","url":"https:\/\/sandzakpress.net\/arhiva\/jordanska-kraljica-ranija-i-brojni-drugi-zvanicnici-dolaze-11-jula-u-srebrenicu\/","name":"Jordanska kraljica Ranija i brojni drugi zvani\u010dnici dolaze 11. jula u Srebrenicu","isPartOf":{"@id":"https:\/\/sandzakpress.net\/arhiva\/#website"},"primaryImageOfPage":{"@id":"https:\/\/sandzakpress.net\/arhiva\/jordanska-kraljica-ranija-i-brojni-drugi-zvanicnici-dolaze-11-jula-u-srebrenicu\/#primaryimage"},"image":{"@id":"https:\/\/sandzakpress.net\/arhiva\/jordanska-kraljica-ranija-i-brojni-drugi-zvanicnici-dolaze-11-jula-u-srebrenicu\/#primaryimage"},"thumbnailUrl":"https:\/\/sandzakpress.net\/arhiva\/wp-content\/uploads\/2015\/05\/150525026.2_xl.jpg","datePublished":"2015-05-25T11:32:06+00:00","breadcrumb":{"@id":"https:\/\/sandzakpress.net\/arhiva\/jordanska-kraljica-ranija-i-brojni-drugi-zvanicnici-dolaze-11-jula-u-srebrenicu\/#breadcrumb"},"inLanguage":"bs-BA","potentialAction":[{"@type":"ReadAction","target":["https:\/\/sandzakpress.net\/arhiva\/jordanska-kraljica-ranija-i-brojni-drugi-zvanicnici-dolaze-11-jula-u-srebrenicu\/"]}]},{"@type":"ImageObject","inLanguage":"bs-BA","@id":"https:\/\/sandzakpress.net\/arhiva\/jordanska-kraljica-ranija-i-brojni-drugi-zvanicnici-dolaze-11-jula-u-srebrenicu\/#primaryimage","url":"https:\/\/sandzakpress.net\/arhiva\/wp-content\/uploads\/2015\/05\/150525026.2_xl.jpg","contentUrl":"https:\/\/sandzakpress.net\/arhiva\/wp-content\/uploads\/2015\/05\/150525026.2_xl.jpg","width":938,"height":654},{"@type":"BreadcrumbList","@id":"https:\/\/sandzakpress.net\/arhiva\/jordanska-kraljica-ranija-i-brojni-drugi-zvanicnici-dolaze-11-jula-u-srebrenicu\/#breadcrumb","itemListElement":[{"@type":"ListItem","position":1,"name":"Home","item":"https:\/\/sandzakpress.net\/arhiva\/"},{"@type":"ListItem","position":2,"name":"Jordanska kraljica Ranija i brojni drugi zvani\u010dnici dolaze 11. jula u Srebrenicu"}]},{"@type":"WebSite","@id":"https:\/\/sandzakpress.net\/arhiva\/#website","url":"https:\/\/sandzakpress.net\/arhiva\/","name":"Sand\u017eak PRESS","description":"Prve elektronske novine u Sand\u017eaku","publisher":{"@id":"https:\/\/sandzakpress.net\/arhiva\/#\/schema\/person\/6e72b67d6e51910a1117b3b483ba20bd"},"potentialAction":[{"@type":"SearchAction","target":{"@type":"EntryPoint","urlTemplate":"https:\/\/sandzakpress.net\/arhiva\/?s={search_term_string}"},"query-input":{"@type":"PropertyValueSpecification","valueRequired":true,"valueName":"search_term_string"}}],"inLanguage":"bs-BA"},{"@type":["Person","Organization"],"@id":"https:\/\/sandzakpress.net\/arhiva\/#\/schema\/person\/6e72b67d6e51910a1117b3b483ba20bd","name":"Kul","image":{"@type":"ImageObject","inLanguage":"bs-BA","@id":"https:\/\/sandzakpress.net\/arhiva\/#\/schema\/person\/image\/","url":"https:\/\/secure.gravatar.com\/avatar\/42263f39aa27ac04c43cab85c280eb2e?s=96&d=mm&r=pg","contentUrl":"https:\/\/secure.gravatar.com\/avatar\/42263f39aa27ac04c43cab85c280eb2e?s=96&d=mm&r=pg","caption":"Kul"},"logo":{"@id":"https:\/\/sandzakpress.net\/arhiva\/#\/schema\/person\/image\/"}},{"@type":"Person","@id":"https:\/\/sandzakpress.net\/arhiva\/#\/schema\/person\/c8baee722073534b583ea7bdb2e36c02","name":"bosniak","image":{"@type":"ImageObject","inLanguage":"bs-BA","@id":"https:\/\/sandzakpress.net\/arhiva\/#\/schema\/person\/image\/","url":"https:\/\/secure.gravatar.com\/avatar\/a04fd330bfe3a36a72a0ad4a6d89fca7?s=96&d=mm&r=pg","contentUrl":"https:\/\/secure.gravatar.com\/avatar\/a04fd330bfe3a36a72a0ad4a6d89fca7?s=96&d=mm&r=pg","caption":"bosniak"},"url":"https:\/\/sandzakpress.net\/arhiva\/author\/bosniak\/"}]}},"_links":{"self":[{"href":"https:\/\/sandzakpress.net\/arhiva\/wp-json\/wp\/v2\/posts\/128673"}],"collection":[{"href":"https:\/\/sandzakpress.net\/arhiva\/wp-json\/wp\/v2\/posts"}],"about":[{"href":"https:\/\/sandzakpress.net\/arhiva\/wp-json\/wp\/v2\/types\/post"}],"author":[{"embeddable":true,"href":"https:\/\/sandzakpress.net\/arhiva\/wp-json\/wp\/v2\/users\/83"}],"replies":[{"embeddable":true,"href":"https:\/\/sandzakpress.net\/arhiva\/wp-json\/wp\/v2\/comments?post=128673"}],"version-history":[{"count":0,"href":"https:\/\/sandzakpress.net\/arhiva\/wp-json\/wp\/v2\/posts\/128673\/revisions"}],"wp:featuredmedia":[{"embeddable":true,"href":"https:\/\/sandzakpress.net\/arhiva\/wp-json\/wp\/v2\/media\/128674"}],"wp:attachment":[{"href":"https:\/\/sandzakpress.net\/arhiva\/wp-json\/wp\/v2\/media?parent=128673"}],"wp:term":[{"taxonomy":"category","embeddable":true,"href":"https:\/\/sandzakpress.net\/arhiva\/wp-json\/wp\/v2\/categories?post=128673"},{"taxonomy":"post_tag","embeddable":true,"href":"https:\/\/sandzakpress.net\/arhiva\/wp-json\/wp\/v2\/tags?post=128673"}],"curies":[{"name":"wp","href":"https:\/\/api.w.org\/{rel}","templated":true}]}}