{"id":128626,"date":"2015-05-23T12:09:05","date_gmt":"2015-05-23T10:09:05","guid":{"rendered":"https:\/\/sandzakpress.net\/arhiva\/?p=128626"},"modified":"2015-05-23T12:09:05","modified_gmt":"2015-05-23T10:09:05","slug":"dr-ceric-na-konferenciji-univerziteta-u-hamburgu-europa-treba-glavnog-muftiju","status":"publish","type":"post","link":"https:\/\/sandzakpress.net\/arhiva\/dr-ceric-na-konferenciji-univerziteta-u-hamburgu-europa-treba-glavnog-muftiju\/","title":{"rendered":"Dr. Ceri\u0107 na konferenciji Univerziteta u Hamburgu: Europa treba glavnog muftiju"},"content":{"rendered":"<p><strong><img loading=\"lazy\" decoding=\"async\" class=\"aligncenter size-full wp-image-128627\" src=\"https:\/\/sandzakpress.net\/arhiva\/wp-content\/uploads\/2015\/05\/16.jpg\" alt=\"1\" width=\"1632\" height=\"1224\" srcset=\"https:\/\/sandzakpress.net\/arhiva\/wp-content\/uploads\/2015\/05\/16.jpg 1632w, https:\/\/sandzakpress.net\/arhiva\/wp-content\/uploads\/2015\/05\/16-616x462.jpg 616w, https:\/\/sandzakpress.net\/arhiva\/wp-content\/uploads\/2015\/05\/16-1400x1050.jpg 1400w\" sizes=\"(max-width: 1632px) 100vw, 1632px\" \/>Njema\u010dka &#8211; Dr. Mustafa Ceri\u0107, reisu-l-ulema emeritus i predsjednik Svjetskog bo\u0161nja\u010dkog kongresa, na konferenciji Univerziteta u Hamburgu govorio je o \u201e\u017divu\u0107em islamu u Europi\u201c.<\/strong><\/p>\n<p>Dr. Ceri\u0107 se zapitao mogu li islam kao religija i Europa, kao geografski prostor, opstajati zajedno.<\/p>\n<p>\u201eDa li islam vi\u0161e od religije i da li je Europa vi\u0161e od geografskog podru\u010dja? Islam je vi\u0161e od religije, ba\u0161 kao \u0161to je i Europa vi\u0161e od puke geografije i to je prva stvar koju moramo imati na umu kada govorimo o \u017divu\u0107em islamu u Europi\u201c, rekao je dr. Ceri\u0107.<\/p>\n<p>Europa, dodao je, jo\u0161 uvijek razmi\u0161lja da li islam mo\u017ee naru\u0161iti njen postor, dok muslimani koji \u017eive u njoj smatraju da islam ja\u010da integritet Europe i oboga\u0107uje njenu tradiciju i kulturu.<\/p>\n<p>\u201eNaravno da i ja \u017eelim da Europa vidi islam kao blagoslov, a ne kao prokletstvo, kao nadu, a ne kao strah\u201c, naglasio je dr. Ceri\u0107, dodaju\u0107i da je pitanje svih pitanja za muslimane u Europi \u0161ta to mo\u017ee pomo\u0107i Europi da se osje\u0107a dobro u vezi s muslimanima, ali i da se muslimani osje\u0107aju dobro u Europi.<\/p>\n<p>\u201eKao muslimani Europe ponosni smo na doprinose u izgradnji europske historije, posebno kada je rije\u010d o razumu i nauci&#8230; Kao muslimani Europe spremni smo obogatiti europsku civilizaciju na\u0161om du\u0161om i duhom moralnog integriteta i mentalne osvije\u0161tenosti u dana\u0161njem svijetu koji pati od nedostatka moralnog vo\u0111stva\u201c, rekao je dr. Ceri\u0107.<\/p>\n<p>Dodao je da se poruka islama mora pronositi na najbolji mogu\u0107i na\u010din, na na\u010din da se pokazuje briga za druge, spremnost za prihvatanje novih \u017eivotnih \u010dinjenica, da promovira dobro i izbjegava zlo i, povrh svega, da bude konstruktivan faktor europske zajednice, dru\u0161tva i dr\u017eava bogatih vjerskim i kulturnim razli\u010ditostima.<\/p>\n<p>\u201eVjerujemo da je na\u0161 spas u obrazovanju i da je obrazovanje na\u0161 spas. Vjerujemo da je Europa spremna za osnivanje Ureda velikog muftije Europe, kao autoriteta vjerskih i moralnih vrijednosti, u kapacitetu legitimnog predstavnika muslimana i njihovih vjerskih poslova. Ta institucija bila bi dobra kako za Europu tako i za muslimane Europe, budu\u0107i da bi njegove aktivnosti bile usmjerene ka izgradnji mira i sigurnosti u Europi, ali i konstruktivnom vjerskom i kulturolo\u0161kom dijalogu,\u201c istaknuo je dr. Ceri\u0107 i zaklju\u010dio:<\/p>\n<p>\u201eGlavni muftija Europe svakako bi sprije\u010dio i pogre\u0161nu interpretaciju islama koju \u0161ire odre\u0111ene grupe s tendencijom ekstremizma i netolerancije, grupe koje danas, na \u017ealost, dominiraju svjetskim medijima\u201c.<\/p>\n<p>Tokom boravka u Hamburgu, dr. Ceri\u0107 se sastao i sa Bo\u0161njacima koji \u017eive u tom gradu.<\/p>\n<p><img loading=\"lazy\" decoding=\"async\" class=\"aligncenter size-full wp-image-128628\" src=\"https:\/\/sandzakpress.net\/arhiva\/wp-content\/uploads\/2015\/05\/23.jpg\" alt=\"2\" width=\"1024\" height=\"768\" srcset=\"https:\/\/sandzakpress.net\/arhiva\/wp-content\/uploads\/2015\/05\/23.jpg 1024w, https:\/\/sandzakpress.net\/arhiva\/wp-content\/uploads\/2015\/05\/23-616x462.jpg 616w\" sizes=\"(max-width: 1024px) 100vw, 1024px\" \/><\/p>\n","protected":false},"excerpt":{"rendered":"<p>Njema\u010dka &#8211; Dr. Mustafa Ceri\u0107, reisu-l-ulema emeritus i predsjednik Svjetskog bo\u0161nja\u010dkog kongresa, na konferenciji Univerziteta u Hamburgu govorio je o \u201e\u017divu\u0107em islamu u Europi\u201c. Dr. Ceri\u0107 se zapitao mogu li islam kao religija i Europa, kao geografski prostor, opstajati zajedno. \u201eDa li islam vi\u0161e od religije i da li je Europa vi\u0161e od geografskog podru\u010dja? [&hellip;]<\/p>\n","protected":false},"author":83,"featured_media":128627,"comment_status":"open","ping_status":"open","sticky":false,"template":"","format":"standard","meta":{"footnotes":""},"categories":[800,9538,798],"tags":[],"class_list":{"0":"post-128626","1":"post","2":"type-post","3":"status-publish","4":"format-standard","5":"has-post-thumbnail","7":"category-nacija","8":"category-njemacka-dijaspora-gradovi-vase-vijesti","9":"category-teme"},"yoast_head":"<!-- This site is optimized with the Yoast SEO Premium plugin v23.1 (Yoast SEO v24.9) - https:\/\/yoast.com\/wordpress\/plugins\/seo\/ -->\n<title>Dr. Ceri\u0107 na konferenciji Univerziteta u Hamburgu: Europa treba glavnog muftiju<\/title>\n<meta name=\"robots\" content=\"index, follow, max-snippet:-1, max-image-preview:large, max-video-preview:-1\" \/>\n<link rel=\"canonical\" href=\"https:\/\/sandzakpress.net\/arhiva\/dr-ceric-na-konferenciji-univerziteta-u-hamburgu-europa-treba-glavnog-muftiju\/\" \/>\n<meta property=\"og:locale\" content=\"bs_BA\" \/>\n<meta property=\"og:type\" content=\"article\" \/>\n<meta property=\"og:title\" content=\"Dr. Ceri\u0107 na konferenciji Univerziteta u Hamburgu: Europa treba glavnog muftiju\" \/>\n<meta property=\"og:description\" content=\"Njema\u010dka &#8211; Dr. Mustafa Ceri\u0107, reisu-l-ulema emeritus i predsjednik Svjetskog bo\u0161nja\u010dkog kongresa, na konferenciji Univerziteta u Hamburgu govorio je o \u201e\u017divu\u0107em islamu u Europi\u201c. Dr. Ceri\u0107 se zapitao mogu li islam kao religija i Europa, kao geografski prostor, opstajati zajedno. \u201eDa li islam vi\u0161e od religije i da li je Europa vi\u0161e od geografskog podru\u010dja? [&hellip;]\" \/>\n<meta property=\"og:url\" content=\"https:\/\/sandzakpress.net\/arhiva\/dr-ceric-na-konferenciji-univerziteta-u-hamburgu-europa-treba-glavnog-muftiju\/\" \/>\n<meta property=\"og:site_name\" content=\"Sand\u017eak PRESS\" \/>\n<meta property=\"article:published_time\" content=\"2015-05-23T10:09:05+00:00\" \/>\n<meta property=\"og:image\" content=\"https:\/\/sandzakpress.net\/arhiva\/wp-content\/uploads\/2015\/05\/16.jpg\" \/>\n\t<meta property=\"og:image:width\" content=\"1632\" \/>\n\t<meta property=\"og:image:height\" content=\"1224\" \/>\n\t<meta property=\"og:image:type\" content=\"image\/jpeg\" \/>\n<meta name=\"author\" content=\"bosniak\" \/>\n<meta name=\"twitter:card\" content=\"summary_large_image\" \/>\n<meta name=\"twitter:label1\" content=\"Written by\" \/>\n\t<meta name=\"twitter:data1\" content=\"bosniak\" \/>\n\t<meta name=\"twitter:label2\" content=\"Est. reading time\" \/>\n\t<meta name=\"twitter:data2\" content=\"2 minute\" \/>\n<script type=\"application\/ld+json\" class=\"yoast-schema-graph\">{\"@context\":\"https:\/\/schema.org\",\"@graph\":[{\"@type\":\"Article\",\"@id\":\"https:\/\/sandzakpress.net\/arhiva\/dr-ceric-na-konferenciji-univerziteta-u-hamburgu-europa-treba-glavnog-muftiju\/#article\",\"isPartOf\":{\"@id\":\"https:\/\/sandzakpress.net\/arhiva\/dr-ceric-na-konferenciji-univerziteta-u-hamburgu-europa-treba-glavnog-muftiju\/\"},\"author\":{\"name\":\"bosniak\",\"@id\":\"https:\/\/sandzakpress.net\/arhiva\/#\/schema\/person\/c8baee722073534b583ea7bdb2e36c02\"},\"headline\":\"Dr. Ceri\u0107 na konferenciji Univerziteta u Hamburgu: Europa treba glavnog muftiju\",\"datePublished\":\"2015-05-23T10:09:05+00:00\",\"mainEntityOfPage\":{\"@id\":\"https:\/\/sandzakpress.net\/arhiva\/dr-ceric-na-konferenciji-univerziteta-u-hamburgu-europa-treba-glavnog-muftiju\/\"},\"wordCount\":448,\"commentCount\":3,\"publisher\":{\"@id\":\"https:\/\/sandzakpress.net\/arhiva\/#\/schema\/person\/6e72b67d6e51910a1117b3b483ba20bd\"},\"image\":{\"@id\":\"https:\/\/sandzakpress.net\/arhiva\/dr-ceric-na-konferenciji-univerziteta-u-hamburgu-europa-treba-glavnog-muftiju\/#primaryimage\"},\"thumbnailUrl\":\"https:\/\/sandzakpress.net\/arhiva\/wp-content\/uploads\/2015\/05\/16.jpg\",\"articleSection\":[\"Nacija\",\"Njema\u010dka\",\"NAJNOVIJE\"],\"inLanguage\":\"bs-BA\",\"potentialAction\":[{\"@type\":\"CommentAction\",\"name\":\"Comment\",\"target\":[\"https:\/\/sandzakpress.net\/arhiva\/dr-ceric-na-konferenciji-univerziteta-u-hamburgu-europa-treba-glavnog-muftiju\/#respond\"]}]},{\"@type\":\"WebPage\",\"@id\":\"https:\/\/sandzakpress.net\/arhiva\/dr-ceric-na-konferenciji-univerziteta-u-hamburgu-europa-treba-glavnog-muftiju\/\",\"url\":\"https:\/\/sandzakpress.net\/arhiva\/dr-ceric-na-konferenciji-univerziteta-u-hamburgu-europa-treba-glavnog-muftiju\/\",\"name\":\"Dr. Ceri\u0107 na konferenciji Univerziteta u Hamburgu: Europa treba glavnog muftiju\",\"isPartOf\":{\"@id\":\"https:\/\/sandzakpress.net\/arhiva\/#website\"},\"primaryImageOfPage\":{\"@id\":\"https:\/\/sandzakpress.net\/arhiva\/dr-ceric-na-konferenciji-univerziteta-u-hamburgu-europa-treba-glavnog-muftiju\/#primaryimage\"},\"image\":{\"@id\":\"https:\/\/sandzakpress.net\/arhiva\/dr-ceric-na-konferenciji-univerziteta-u-hamburgu-europa-treba-glavnog-muftiju\/#primaryimage\"},\"thumbnailUrl\":\"https:\/\/sandzakpress.net\/arhiva\/wp-content\/uploads\/2015\/05\/16.jpg\",\"datePublished\":\"2015-05-23T10:09:05+00:00\",\"breadcrumb\":{\"@id\":\"https:\/\/sandzakpress.net\/arhiva\/dr-ceric-na-konferenciji-univerziteta-u-hamburgu-europa-treba-glavnog-muftiju\/#breadcrumb\"},\"inLanguage\":\"bs-BA\",\"potentialAction\":[{\"@type\":\"ReadAction\",\"target\":[\"https:\/\/sandzakpress.net\/arhiva\/dr-ceric-na-konferenciji-univerziteta-u-hamburgu-europa-treba-glavnog-muftiju\/\"]}]},{\"@type\":\"ImageObject\",\"inLanguage\":\"bs-BA\",\"@id\":\"https:\/\/sandzakpress.net\/arhiva\/dr-ceric-na-konferenciji-univerziteta-u-hamburgu-europa-treba-glavnog-muftiju\/#primaryimage\",\"url\":\"https:\/\/sandzakpress.net\/arhiva\/wp-content\/uploads\/2015\/05\/16.jpg\",\"contentUrl\":\"https:\/\/sandzakpress.net\/arhiva\/wp-content\/uploads\/2015\/05\/16.jpg\",\"width\":1632,\"height\":1224},{\"@type\":\"BreadcrumbList\",\"@id\":\"https:\/\/sandzakpress.net\/arhiva\/dr-ceric-na-konferenciji-univerziteta-u-hamburgu-europa-treba-glavnog-muftiju\/#breadcrumb\",\"itemListElement\":[{\"@type\":\"ListItem\",\"position\":1,\"name\":\"Home\",\"item\":\"https:\/\/sandzakpress.net\/arhiva\/\"},{\"@type\":\"ListItem\",\"position\":2,\"name\":\"Dr. Ceri\u0107 na konferenciji Univerziteta u Hamburgu: Europa treba glavnog muftiju\"}]},{\"@type\":\"WebSite\",\"@id\":\"https:\/\/sandzakpress.net\/arhiva\/#website\",\"url\":\"https:\/\/sandzakpress.net\/arhiva\/\",\"name\":\"Sand\u017eak PRESS\",\"description\":\"Prve elektronske novine u Sand\u017eaku\",\"publisher\":{\"@id\":\"https:\/\/sandzakpress.net\/arhiva\/#\/schema\/person\/6e72b67d6e51910a1117b3b483ba20bd\"},\"potentialAction\":[{\"@type\":\"SearchAction\",\"target\":{\"@type\":\"EntryPoint\",\"urlTemplate\":\"https:\/\/sandzakpress.net\/arhiva\/?s={search_term_string}\"},\"query-input\":{\"@type\":\"PropertyValueSpecification\",\"valueRequired\":true,\"valueName\":\"search_term_string\"}}],\"inLanguage\":\"bs-BA\"},{\"@type\":[\"Person\",\"Organization\"],\"@id\":\"https:\/\/sandzakpress.net\/arhiva\/#\/schema\/person\/6e72b67d6e51910a1117b3b483ba20bd\",\"name\":\"Kul\",\"image\":{\"@type\":\"ImageObject\",\"inLanguage\":\"bs-BA\",\"@id\":\"https:\/\/sandzakpress.net\/arhiva\/#\/schema\/person\/image\/\",\"url\":\"https:\/\/secure.gravatar.com\/avatar\/42263f39aa27ac04c43cab85c280eb2e?s=96&d=mm&r=pg\",\"contentUrl\":\"https:\/\/secure.gravatar.com\/avatar\/42263f39aa27ac04c43cab85c280eb2e?s=96&d=mm&r=pg\",\"caption\":\"Kul\"},\"logo\":{\"@id\":\"https:\/\/sandzakpress.net\/arhiva\/#\/schema\/person\/image\/\"}},{\"@type\":\"Person\",\"@id\":\"https:\/\/sandzakpress.net\/arhiva\/#\/schema\/person\/c8baee722073534b583ea7bdb2e36c02\",\"name\":\"bosniak\",\"image\":{\"@type\":\"ImageObject\",\"inLanguage\":\"bs-BA\",\"@id\":\"https:\/\/sandzakpress.net\/arhiva\/#\/schema\/person\/image\/\",\"url\":\"https:\/\/secure.gravatar.com\/avatar\/a04fd330bfe3a36a72a0ad4a6d89fca7?s=96&d=mm&r=pg\",\"contentUrl\":\"https:\/\/secure.gravatar.com\/avatar\/a04fd330bfe3a36a72a0ad4a6d89fca7?s=96&d=mm&r=pg\",\"caption\":\"bosniak\"},\"url\":\"https:\/\/sandzakpress.net\/arhiva\/author\/bosniak\/\"}]}<\/script>\n<!-- \/ Yoast SEO Premium plugin. -->","yoast_head_json":{"title":"Dr. Ceri\u0107 na konferenciji Univerziteta u Hamburgu: Europa treba glavnog muftiju","robots":{"index":"index","follow":"follow","max-snippet":"max-snippet:-1","max-image-preview":"max-image-preview:large","max-video-preview":"max-video-preview:-1"},"canonical":"https:\/\/sandzakpress.net\/arhiva\/dr-ceric-na-konferenciji-univerziteta-u-hamburgu-europa-treba-glavnog-muftiju\/","og_locale":"bs_BA","og_type":"article","og_title":"Dr. Ceri\u0107 na konferenciji Univerziteta u Hamburgu: Europa treba glavnog muftiju","og_description":"Njema\u010dka &#8211; Dr. Mustafa Ceri\u0107, reisu-l-ulema emeritus i predsjednik Svjetskog bo\u0161nja\u010dkog kongresa, na konferenciji Univerziteta u Hamburgu govorio je o \u201e\u017divu\u0107em islamu u Europi\u201c. Dr. Ceri\u0107 se zapitao mogu li islam kao religija i Europa, kao geografski prostor, opstajati zajedno. \u201eDa li islam vi\u0161e od religije i da li je Europa vi\u0161e od geografskog podru\u010dja? [&hellip;]","og_url":"https:\/\/sandzakpress.net\/arhiva\/dr-ceric-na-konferenciji-univerziteta-u-hamburgu-europa-treba-glavnog-muftiju\/","og_site_name":"Sand\u017eak PRESS","article_published_time":"2015-05-23T10:09:05+00:00","og_image":[{"width":1632,"height":1224,"url":"https:\/\/sandzakpress.net\/arhiva\/wp-content\/uploads\/2015\/05\/16.jpg","type":"image\/jpeg"}],"author":"bosniak","twitter_card":"summary_large_image","twitter_misc":{"Written by":"bosniak","Est. reading time":"2 minute"},"schema":{"@context":"https:\/\/schema.org","@graph":[{"@type":"Article","@id":"https:\/\/sandzakpress.net\/arhiva\/dr-ceric-na-konferenciji-univerziteta-u-hamburgu-europa-treba-glavnog-muftiju\/#article","isPartOf":{"@id":"https:\/\/sandzakpress.net\/arhiva\/dr-ceric-na-konferenciji-univerziteta-u-hamburgu-europa-treba-glavnog-muftiju\/"},"author":{"name":"bosniak","@id":"https:\/\/sandzakpress.net\/arhiva\/#\/schema\/person\/c8baee722073534b583ea7bdb2e36c02"},"headline":"Dr. Ceri\u0107 na konferenciji Univerziteta u Hamburgu: Europa treba glavnog muftiju","datePublished":"2015-05-23T10:09:05+00:00","mainEntityOfPage":{"@id":"https:\/\/sandzakpress.net\/arhiva\/dr-ceric-na-konferenciji-univerziteta-u-hamburgu-europa-treba-glavnog-muftiju\/"},"wordCount":448,"commentCount":3,"publisher":{"@id":"https:\/\/sandzakpress.net\/arhiva\/#\/schema\/person\/6e72b67d6e51910a1117b3b483ba20bd"},"image":{"@id":"https:\/\/sandzakpress.net\/arhiva\/dr-ceric-na-konferenciji-univerziteta-u-hamburgu-europa-treba-glavnog-muftiju\/#primaryimage"},"thumbnailUrl":"https:\/\/sandzakpress.net\/arhiva\/wp-content\/uploads\/2015\/05\/16.jpg","articleSection":["Nacija","Njema\u010dka","NAJNOVIJE"],"inLanguage":"bs-BA","potentialAction":[{"@type":"CommentAction","name":"Comment","target":["https:\/\/sandzakpress.net\/arhiva\/dr-ceric-na-konferenciji-univerziteta-u-hamburgu-europa-treba-glavnog-muftiju\/#respond"]}]},{"@type":"WebPage","@id":"https:\/\/sandzakpress.net\/arhiva\/dr-ceric-na-konferenciji-univerziteta-u-hamburgu-europa-treba-glavnog-muftiju\/","url":"https:\/\/sandzakpress.net\/arhiva\/dr-ceric-na-konferenciji-univerziteta-u-hamburgu-europa-treba-glavnog-muftiju\/","name":"Dr. Ceri\u0107 na konferenciji Univerziteta u Hamburgu: Europa treba glavnog muftiju","isPartOf":{"@id":"https:\/\/sandzakpress.net\/arhiva\/#website"},"primaryImageOfPage":{"@id":"https:\/\/sandzakpress.net\/arhiva\/dr-ceric-na-konferenciji-univerziteta-u-hamburgu-europa-treba-glavnog-muftiju\/#primaryimage"},"image":{"@id":"https:\/\/sandzakpress.net\/arhiva\/dr-ceric-na-konferenciji-univerziteta-u-hamburgu-europa-treba-glavnog-muftiju\/#primaryimage"},"thumbnailUrl":"https:\/\/sandzakpress.net\/arhiva\/wp-content\/uploads\/2015\/05\/16.jpg","datePublished":"2015-05-23T10:09:05+00:00","breadcrumb":{"@id":"https:\/\/sandzakpress.net\/arhiva\/dr-ceric-na-konferenciji-univerziteta-u-hamburgu-europa-treba-glavnog-muftiju\/#breadcrumb"},"inLanguage":"bs-BA","potentialAction":[{"@type":"ReadAction","target":["https:\/\/sandzakpress.net\/arhiva\/dr-ceric-na-konferenciji-univerziteta-u-hamburgu-europa-treba-glavnog-muftiju\/"]}]},{"@type":"ImageObject","inLanguage":"bs-BA","@id":"https:\/\/sandzakpress.net\/arhiva\/dr-ceric-na-konferenciji-univerziteta-u-hamburgu-europa-treba-glavnog-muftiju\/#primaryimage","url":"https:\/\/sandzakpress.net\/arhiva\/wp-content\/uploads\/2015\/05\/16.jpg","contentUrl":"https:\/\/sandzakpress.net\/arhiva\/wp-content\/uploads\/2015\/05\/16.jpg","width":1632,"height":1224},{"@type":"BreadcrumbList","@id":"https:\/\/sandzakpress.net\/arhiva\/dr-ceric-na-konferenciji-univerziteta-u-hamburgu-europa-treba-glavnog-muftiju\/#breadcrumb","itemListElement":[{"@type":"ListItem","position":1,"name":"Home","item":"https:\/\/sandzakpress.net\/arhiva\/"},{"@type":"ListItem","position":2,"name":"Dr. Ceri\u0107 na konferenciji Univerziteta u Hamburgu: Europa treba glavnog muftiju"}]},{"@type":"WebSite","@id":"https:\/\/sandzakpress.net\/arhiva\/#website","url":"https:\/\/sandzakpress.net\/arhiva\/","name":"Sand\u017eak PRESS","description":"Prve elektronske novine u Sand\u017eaku","publisher":{"@id":"https:\/\/sandzakpress.net\/arhiva\/#\/schema\/person\/6e72b67d6e51910a1117b3b483ba20bd"},"potentialAction":[{"@type":"SearchAction","target":{"@type":"EntryPoint","urlTemplate":"https:\/\/sandzakpress.net\/arhiva\/?s={search_term_string}"},"query-input":{"@type":"PropertyValueSpecification","valueRequired":true,"valueName":"search_term_string"}}],"inLanguage":"bs-BA"},{"@type":["Person","Organization"],"@id":"https:\/\/sandzakpress.net\/arhiva\/#\/schema\/person\/6e72b67d6e51910a1117b3b483ba20bd","name":"Kul","image":{"@type":"ImageObject","inLanguage":"bs-BA","@id":"https:\/\/sandzakpress.net\/arhiva\/#\/schema\/person\/image\/","url":"https:\/\/secure.gravatar.com\/avatar\/42263f39aa27ac04c43cab85c280eb2e?s=96&d=mm&r=pg","contentUrl":"https:\/\/secure.gravatar.com\/avatar\/42263f39aa27ac04c43cab85c280eb2e?s=96&d=mm&r=pg","caption":"Kul"},"logo":{"@id":"https:\/\/sandzakpress.net\/arhiva\/#\/schema\/person\/image\/"}},{"@type":"Person","@id":"https:\/\/sandzakpress.net\/arhiva\/#\/schema\/person\/c8baee722073534b583ea7bdb2e36c02","name":"bosniak","image":{"@type":"ImageObject","inLanguage":"bs-BA","@id":"https:\/\/sandzakpress.net\/arhiva\/#\/schema\/person\/image\/","url":"https:\/\/secure.gravatar.com\/avatar\/a04fd330bfe3a36a72a0ad4a6d89fca7?s=96&d=mm&r=pg","contentUrl":"https:\/\/secure.gravatar.com\/avatar\/a04fd330bfe3a36a72a0ad4a6d89fca7?s=96&d=mm&r=pg","caption":"bosniak"},"url":"https:\/\/sandzakpress.net\/arhiva\/author\/bosniak\/"}]}},"_links":{"self":[{"href":"https:\/\/sandzakpress.net\/arhiva\/wp-json\/wp\/v2\/posts\/128626"}],"collection":[{"href":"https:\/\/sandzakpress.net\/arhiva\/wp-json\/wp\/v2\/posts"}],"about":[{"href":"https:\/\/sandzakpress.net\/arhiva\/wp-json\/wp\/v2\/types\/post"}],"author":[{"embeddable":true,"href":"https:\/\/sandzakpress.net\/arhiva\/wp-json\/wp\/v2\/users\/83"}],"replies":[{"embeddable":true,"href":"https:\/\/sandzakpress.net\/arhiva\/wp-json\/wp\/v2\/comments?post=128626"}],"version-history":[{"count":0,"href":"https:\/\/sandzakpress.net\/arhiva\/wp-json\/wp\/v2\/posts\/128626\/revisions"}],"wp:featuredmedia":[{"embeddable":true,"href":"https:\/\/sandzakpress.net\/arhiva\/wp-json\/wp\/v2\/media\/128627"}],"wp:attachment":[{"href":"https:\/\/sandzakpress.net\/arhiva\/wp-json\/wp\/v2\/media?parent=128626"}],"wp:term":[{"taxonomy":"category","embeddable":true,"href":"https:\/\/sandzakpress.net\/arhiva\/wp-json\/wp\/v2\/categories?post=128626"},{"taxonomy":"post_tag","embeddable":true,"href":"https:\/\/sandzakpress.net\/arhiva\/wp-json\/wp\/v2\/tags?post=128626"}],"curies":[{"name":"wp","href":"https:\/\/api.w.org\/{rel}","templated":true}]}}