{"id":12860,"date":"2011-02-18T15:42:19","date_gmt":"2011-02-18T14:42:19","guid":{"rendered":"https:\/\/sandzakpress.net\/arhiva\/?p=12860"},"modified":"2011-02-18T15:42:19","modified_gmt":"2011-02-18T14:42:19","slug":"obiljezavanje-dana-mevluda-u-juznom-sandzaku","status":"publish","type":"post","link":"https:\/\/sandzakpress.net\/arhiva\/obiljezavanje-dana-mevluda-u-juznom-sandzaku\/","title":{"rendered":"Obilje\u017eavanje Dana Mevluda u ju\u017enom Sand\u017eaku"},"content":{"rendered":"<p><strong><a href=\"https:\/\/sandzakpress.net\/arhiva\/wp-content\/uploads\/2011\/02\/medresa110211.jpg\"><img loading=\"lazy\" decoding=\"async\" class=\"alignleft size-medium wp-image-12883\" title=\"medresa110211\" src=\"https:\/\/sandzakpress.net\/arhiva\/wp-content\/uploads\/2011\/02\/medresa110211-300x188.jpg\" alt=\"\" width=\"198\" height=\"124\" \/><\/a>Ju\u017eni Sand\u017eak &#8211; Dani Mevluda su obilje\u017eeni i u ju\u017enom Sand\u017eaku u Bijelom Polju, Pljevljima i Plavu.<\/strong><\/p>\n<p><img loading=\"lazy\" decoding=\"async\" class=\"alignright\" src=\"http:\/\/monteislam.com\/modules\/pocetna\/images\/mevludbp2011.jpg\" alt=\"\" width=\"336\" height=\"252\" \/><strong>Bijelo Polje<\/strong> &#8211; Povodom prisje\u0107anja na dan ro\u0111enja Allahovog miljenika Muhammeda, s.a.v.s., Odbor Islamske zajednice Bijelo Polje je sino\u0107, 12. februara 2011. godine, uprili\u010dio sve\u010danost u Centru za kulturu.<br \/>\nSve\u010danosti su prisustvovali, direktor Medrese u Podgorici,\u00a0<strong>Omer Kajoshaj<\/strong>,\u00a0<strong>prof. Samih el-D\u017eubbeh<\/strong>, te gosti predava\u010di,\u00a0<strong>prof. Ned\u017ead ef. Hasanovi\u0107<\/strong> i\u00a0<strong>prof Senad ef. Halitovi\u0107<\/strong>. Program je vodio\u00a0<strong>D\u017eemal Daci\u0107<\/strong>, dok je sve\u010danost zapo\u010deta ilahijama i hvalospjevima o Poslaniku, s.a.v.s., koje je izveo hor podgori\u010dke Medrese.<\/p>\n<p>Nakon toga, prisutnima je pozdravnu rije\u010d uputio direktor Medrese Omer Kajoshaj, prenijev\u0161i selame Me\u0161ihata Islamske zajednice u Crnoj Gori na \u010delu sa reisom Rifatom ef. Fejzi\u0107em, kao i kolektiva Medrese. Kajo\u0161aj je istakao da bjelopoljci imaju razlog i pravo da budu ponosni, jer imaju \u0161est svojih u\u010denika u Medresi, koji \u0107e, izlaskom iz ove \u0161kole \u017eivjeti \u010dasno i \u0161iriti ideju dobra gdje god budu \u017eivjeli.<\/p>\n<p>Nakon nekoliko ilahija, rije\u010d je data prof. Halitovi\u0107u, koji je, vode\u0107i prisutne kroz \u017eivotne primjere Muhammedove, s.a.v.s., prakse, pribli\u017eio prisutnima karakter ovog, najboljeg \u010dovjeka koji je hodio licem Zemlje. Nakon njega, rije\u010d je uzeo prof. Hasanovi\u0107, isti\u010du\u0107i upe\u010datljivo i dosljedno sve osobene crte vjernika, koje ga dovode u hlad \u0161efa'ata \u2013 zagovorni\u0161tva Poslanika, s.a.v.s.<\/p>\n<p>U zavr\u0161nici, prisutnima se u svojstvu doma\u0107ina obratio glavni imam Odbora Islamske zajednice Bijelo Polje,\u00a0<strong>prof. Enis ef. Burd\u017eovi\u0107<\/strong>, koji se prisutnima zahvalio na prisustvu, obavje\u0161tavaju\u0107i da je Odbor u znak po\u0161tovanja prema Muhammedu, s.a.v.s., organizovao akciju dobrovoljnog davanja krvi. Ovom akcijom, namjera je poru\u010diti svijetu, svima onima koji optu\u017euju Poslanika, s.a.v.s., da je volio krvoproli\u0107a i prolivanje krvi nedu\u017enih, mi njegovi sljedbenici, muslimani 21. stolje\u0107a, poru\u010dujemo, evo na\u0161u krv, a ne dirajte \u010dast na\u0161eg Poslanika! Ovim potvr\u0111ujemo da svima \u017eelimo dobro, i muslimanima i onima koji to nisu, jer nam je Poslanik, s.a.v.s., dra\u017ei od nas samih i od krvi koja te\u010de na\u0161im venama, poru\u010dio je Burd\u017eovi\u0107. Akcija dobrovoljnog davanja krvi \u0107e biti provedena u ponedjeljak, 14. Februara.<\/p>\n<p><img loading=\"lazy\" decoding=\"async\" class=\"alignleft\" src=\"http:\/\/monteislam.com\/modules\/pocetna\/images\/mevludpljevlja.jpg\" alt=\"\" width=\"188\" height=\"140\" \/><strong>Pljevlja<\/strong> &#8211; Povodom ro\u0111enja Poslanika Muhammeda a.s. u prepunoj Husein pa\u0161inoj d\u017eamiji u Pljevljima, 14.02.2011. godine, prou\u010den je tradicionalni Mevlud i odr\u017ean prigodan program. Predavanje o zna\u010daju ovog doga\u0111aja odr\u017eao je imam Husein pa\u0161ine d\u017eamije\u00a0<strong>Samir ef. Kadriba\u0161i\u0107<\/strong>, koji je istakao da je Poslanik Muhammed a.s. poslat kao milost \u010ditavom \u010dovje\u010danstvu, a da vjernik potvr\u0111uje svoju pripadnost islamu vjerom u Allaha d\u017e.\u0161. i naro\u010ditom ljubavlju prema Poslaniku Muhammedu a. s.<\/p>\n<p>Recitacije su izvodili polaznici mekteba, dok je ostatak programa upotpunio hor Islamske zajednice \u201eHusein pa\u0161a\u201c. U tradiciji Pljevalja ova odabrana no\u0107 se naziva i\u00a0<strong>\u201eNo\u0107 Mevluda\u201c<\/strong>.<\/p>\n<p><img loading=\"lazy\" decoding=\"async\" class=\"alignright\" src=\"http:\/\/monteislam.com\/modules\/pocetna\/images\/plavmevlud.jpg\" alt=\"\" width=\"326\" height=\"183\" \/><strong>Plav<\/strong> &#8211; U organizaciji Odbora Islamske zajednice Plav dana 14. februara 2011. godine u d\u017eamiji Sultaniji odr\u017eano je ve\u010de sje\u0107anja na Poslanika Muhammeda, a.s.,\u00a0<em>\u201dMuhammed je kruna neba\u201d<\/em>. U prepunoj d\u017eamiji i prelijepoj atmosferi stihovima najljep\u0161ih ilahija posve\u0107enih Bo\u017ejem Poslaniku, a.s., iz pera na\u0161ih najve\u0107ih pjesnika koje je u\u010dio Hor OIZ-e Plav, du\u0161e prisutnih su ponovo probudile usnulu ljubav prema voljenom Poslaniku.<\/p>\n<p>Program je vodio\u00a0<strong>Muhamed ef. Cecunjanin<\/strong> koji se u ime Odbora Islamske zajednice Plav zahvalio musafirima na ulo\u017eenom trudu i zamolio Allaha da im svaku stopu koju su pre\u0161li u sevap upi\u0161e. Odlomak iz Kur\u02bcana prou\u010dio je\u00a0<strong>Omer ef. Hasanovi\u0107<\/strong>, dugogodi\u0161nji imam Arap d\u017eamije u Novom Pazaru.<\/p>\n<p>U ime Me\u0161ihata Islamske zajednice u Crnoj Gori, u svojstvu doma\u0107ina, skupu se obratio inspirativnim predavanjem\u00a0<strong>prof. Enis ef. Burd\u017eovi\u0107<\/strong>, \u0161ef Vjerskoprosvjetne slu\u017ebe koji je u ime Me\u0161ihata po\u017eelio dobrodo\u0161licu na\u0161oj bra\u0107i iz Novog Pazara i podsjetio nas koliku su ljubav prema Bo\u017eijem Poslaniku u svojim grudima nosili njegovi drugovi. Zar je mogu\u0107e ne voljeti Poslanika a.s.?<\/p>\n<p><strong>Prof. Senad ef. Halitovi\u0107<\/strong>, imam centralne d\u017eamije u Novom Pazaru prenio je Plavljanima i Gusinjanima kao i svim muslimanima Crne Gore selame na\u0161e bra\u0107e iz Me\u0161ihata Islamske zajednice u Srbiji. U svom obra\u0107anju podsjetio nas je na univerzalnost Poslanikova \u017eivota. U svakoj prilici uzor nam treba biti najbolji sin Ademov.<\/p>\n<p><strong>Prof. D\u017eavid ef. Preljevi\u0107<\/strong>, imam centralne d\u017eamije u Tutinu prenio nam je selame tutinskog d\u017eemata i poru\u010dio nam je da je omladina odgojena u Islamu garant na\u0161eg opstanka na rubu Evrope.<\/p>\n<p>Na kraju, ve\u010de ljubavi prema Poslaniku a.s. krunisano je dovom koju je prou\u010dio\u00a0<strong>prof. Ned\u017ead ef. Hasanovi\u0107<\/strong>. Molimo Allaha da nas pro\u017eivi u dru\u0161tvu najdra\u017eeg stvorenja Muhammeda, a.s.<\/p>\n<p>Sve\u010danosti Dana Mevluda su se obilje\u017eili i u centralnoj d\u017eamiji u Ro\u017eaju.<\/p>\n<p>Izvor: <strong>MonteIslam.com<\/strong><\/p>\n","protected":false},"excerpt":{"rendered":"<p>Ju\u017eni Sand\u017eak &#8211; Dani Mevluda su obilje\u017eeni i u ju\u017enom Sand\u017eaku u Bijelom Polju, Pljevljima i Plavu. Bijelo Polje &#8211; Povodom prisje\u0107anja na dan ro\u0111enja Allahovog miljenika Muhammeda, s.a.v.s., Odbor Islamske zajednice Bijelo Polje je sino\u0107, 12. februara 2011. godine, uprili\u010dio sve\u010danost u Centru za kulturu. Sve\u010danosti su prisustvovali, direktor Medrese u Podgorici,\u00a0Omer Kajoshaj,\u00a0prof. Samih [&hellip;]<\/p>\n","protected":false},"author":83,"featured_media":12883,"comment_status":"open","ping_status":"open","sticky":false,"template":"","format":"standard","meta":{"footnotes":""},"categories":[398,397,396,395,802,399],"tags":[],"class_list":{"0":"post-12860","1":"post","2":"type-post","3":"status-publish","4":"format-standard","5":"has-post-thumbnail","7":"category-rozaje","8":"category-berane","9":"category-bijelo_polje","10":"category-pljevlja_","11":"category-islamska_zajednica","12":"category-plav_"},"yoast_head":"<!-- This site is optimized with the Yoast SEO Premium plugin v23.1 (Yoast SEO v24.9) - https:\/\/yoast.com\/wordpress\/plugins\/seo\/ -->\n<title>Obilje\u017eavanje Dana Mevluda u ju\u017enom Sand\u017eaku<\/title>\n<meta name=\"robots\" content=\"index, follow, max-snippet:-1, max-image-preview:large, max-video-preview:-1\" \/>\n<link rel=\"canonical\" href=\"https:\/\/sandzakpress.net\/arhiva\/obiljezavanje-dana-mevluda-u-juznom-sandzaku\/\" \/>\n<meta property=\"og:locale\" content=\"bs_BA\" \/>\n<meta property=\"og:type\" content=\"article\" \/>\n<meta property=\"og:title\" content=\"Obilje\u017eavanje Dana Mevluda u ju\u017enom Sand\u017eaku\" \/>\n<meta property=\"og:description\" content=\"Ju\u017eni Sand\u017eak &#8211; Dani Mevluda su obilje\u017eeni i u ju\u017enom Sand\u017eaku u Bijelom Polju, Pljevljima i Plavu. Bijelo Polje &#8211; Povodom prisje\u0107anja na dan ro\u0111enja Allahovog miljenika Muhammeda, s.a.v.s., Odbor Islamske zajednice Bijelo Polje je sino\u0107, 12. februara 2011. godine, uprili\u010dio sve\u010danost u Centru za kulturu. Sve\u010danosti su prisustvovali, direktor Medrese u Podgorici,\u00a0Omer Kajoshaj,\u00a0prof. Samih [&hellip;]\" \/>\n<meta property=\"og:url\" content=\"https:\/\/sandzakpress.net\/arhiva\/obiljezavanje-dana-mevluda-u-juznom-sandzaku\/\" \/>\n<meta property=\"og:site_name\" content=\"Sand\u017eak PRESS\" \/>\n<meta property=\"article:published_time\" content=\"2011-02-18T14:42:19+00:00\" \/>\n<meta property=\"og:image\" content=\"https:\/\/sandzakpress.net\/arhiva\/wp-content\/uploads\/2011\/02\/medresa110211.jpg\" \/>\n\t<meta property=\"og:image:width\" content=\"616\" \/>\n\t<meta property=\"og:image:height\" content=\"386\" \/>\n\t<meta property=\"og:image:type\" content=\"image\/jpeg\" \/>\n<meta name=\"author\" content=\"bosniak\" \/>\n<meta name=\"twitter:card\" content=\"summary_large_image\" \/>\n<meta name=\"twitter:label1\" content=\"Written by\" \/>\n\t<meta name=\"twitter:data1\" content=\"bosniak\" \/>\n\t<meta name=\"twitter:label2\" content=\"Est. reading time\" \/>\n\t<meta name=\"twitter:data2\" content=\"4 minute\" \/>\n<script type=\"application\/ld+json\" class=\"yoast-schema-graph\">{\"@context\":\"https:\/\/schema.org\",\"@graph\":[{\"@type\":\"Article\",\"@id\":\"https:\/\/sandzakpress.net\/arhiva\/obiljezavanje-dana-mevluda-u-juznom-sandzaku\/#article\",\"isPartOf\":{\"@id\":\"https:\/\/sandzakpress.net\/arhiva\/obiljezavanje-dana-mevluda-u-juznom-sandzaku\/\"},\"author\":{\"name\":\"bosniak\",\"@id\":\"https:\/\/sandzakpress.net\/arhiva\/#\/schema\/person\/c8baee722073534b583ea7bdb2e36c02\"},\"headline\":\"Obilje\u017eavanje Dana Mevluda u ju\u017enom Sand\u017eaku\",\"datePublished\":\"2011-02-18T14:42:19+00:00\",\"mainEntityOfPage\":{\"@id\":\"https:\/\/sandzakpress.net\/arhiva\/obiljezavanje-dana-mevluda-u-juznom-sandzaku\/\"},\"wordCount\":859,\"commentCount\":0,\"publisher\":{\"@id\":\"https:\/\/sandzakpress.net\/arhiva\/#\/schema\/person\/6e72b67d6e51910a1117b3b483ba20bd\"},\"image\":{\"@id\":\"https:\/\/sandzakpress.net\/arhiva\/obiljezavanje-dana-mevluda-u-juznom-sandzaku\/#primaryimage\"},\"thumbnailUrl\":\"https:\/\/sandzakpress.net\/arhiva\/wp-content\/uploads\/2011\/02\/medresa110211.jpg\",\"articleSection\":[\"Ro\u017eaje\",\"Berane\",\"Bijelo Polje\",\"Pljevlja\",\"Islamska zajednica\",\"Plav\"],\"inLanguage\":\"bs-BA\",\"potentialAction\":[{\"@type\":\"CommentAction\",\"name\":\"Comment\",\"target\":[\"https:\/\/sandzakpress.net\/arhiva\/obiljezavanje-dana-mevluda-u-juznom-sandzaku\/#respond\"]}]},{\"@type\":\"WebPage\",\"@id\":\"https:\/\/sandzakpress.net\/arhiva\/obiljezavanje-dana-mevluda-u-juznom-sandzaku\/\",\"url\":\"https:\/\/sandzakpress.net\/arhiva\/obiljezavanje-dana-mevluda-u-juznom-sandzaku\/\",\"name\":\"Obilje\u017eavanje Dana Mevluda u ju\u017enom Sand\u017eaku\",\"isPartOf\":{\"@id\":\"https:\/\/sandzakpress.net\/arhiva\/#website\"},\"primaryImageOfPage\":{\"@id\":\"https:\/\/sandzakpress.net\/arhiva\/obiljezavanje-dana-mevluda-u-juznom-sandzaku\/#primaryimage\"},\"image\":{\"@id\":\"https:\/\/sandzakpress.net\/arhiva\/obiljezavanje-dana-mevluda-u-juznom-sandzaku\/#primaryimage\"},\"thumbnailUrl\":\"https:\/\/sandzakpress.net\/arhiva\/wp-content\/uploads\/2011\/02\/medresa110211.jpg\",\"datePublished\":\"2011-02-18T14:42:19+00:00\",\"breadcrumb\":{\"@id\":\"https:\/\/sandzakpress.net\/arhiva\/obiljezavanje-dana-mevluda-u-juznom-sandzaku\/#breadcrumb\"},\"inLanguage\":\"bs-BA\",\"potentialAction\":[{\"@type\":\"ReadAction\",\"target\":[\"https:\/\/sandzakpress.net\/arhiva\/obiljezavanje-dana-mevluda-u-juznom-sandzaku\/\"]}]},{\"@type\":\"ImageObject\",\"inLanguage\":\"bs-BA\",\"@id\":\"https:\/\/sandzakpress.net\/arhiva\/obiljezavanje-dana-mevluda-u-juznom-sandzaku\/#primaryimage\",\"url\":\"https:\/\/sandzakpress.net\/arhiva\/wp-content\/uploads\/2011\/02\/medresa110211.jpg\",\"contentUrl\":\"https:\/\/sandzakpress.net\/arhiva\/wp-content\/uploads\/2011\/02\/medresa110211.jpg\",\"width\":616,\"height\":386},{\"@type\":\"BreadcrumbList\",\"@id\":\"https:\/\/sandzakpress.net\/arhiva\/obiljezavanje-dana-mevluda-u-juznom-sandzaku\/#breadcrumb\",\"itemListElement\":[{\"@type\":\"ListItem\",\"position\":1,\"name\":\"Home\",\"item\":\"https:\/\/sandzakpress.net\/arhiva\/\"},{\"@type\":\"ListItem\",\"position\":2,\"name\":\"Obilje\u017eavanje Dana Mevluda u ju\u017enom Sand\u017eaku\"}]},{\"@type\":\"WebSite\",\"@id\":\"https:\/\/sandzakpress.net\/arhiva\/#website\",\"url\":\"https:\/\/sandzakpress.net\/arhiva\/\",\"name\":\"Sand\u017eak PRESS\",\"description\":\"Prve elektronske novine u Sand\u017eaku\",\"publisher\":{\"@id\":\"https:\/\/sandzakpress.net\/arhiva\/#\/schema\/person\/6e72b67d6e51910a1117b3b483ba20bd\"},\"potentialAction\":[{\"@type\":\"SearchAction\",\"target\":{\"@type\":\"EntryPoint\",\"urlTemplate\":\"https:\/\/sandzakpress.net\/arhiva\/?s={search_term_string}\"},\"query-input\":{\"@type\":\"PropertyValueSpecification\",\"valueRequired\":true,\"valueName\":\"search_term_string\"}}],\"inLanguage\":\"bs-BA\"},{\"@type\":[\"Person\",\"Organization\"],\"@id\":\"https:\/\/sandzakpress.net\/arhiva\/#\/schema\/person\/6e72b67d6e51910a1117b3b483ba20bd\",\"name\":\"Kul\",\"image\":{\"@type\":\"ImageObject\",\"inLanguage\":\"bs-BA\",\"@id\":\"https:\/\/sandzakpress.net\/arhiva\/#\/schema\/person\/image\/\",\"url\":\"https:\/\/secure.gravatar.com\/avatar\/42263f39aa27ac04c43cab85c280eb2e?s=96&d=mm&r=pg\",\"contentUrl\":\"https:\/\/secure.gravatar.com\/avatar\/42263f39aa27ac04c43cab85c280eb2e?s=96&d=mm&r=pg\",\"caption\":\"Kul\"},\"logo\":{\"@id\":\"https:\/\/sandzakpress.net\/arhiva\/#\/schema\/person\/image\/\"}},{\"@type\":\"Person\",\"@id\":\"https:\/\/sandzakpress.net\/arhiva\/#\/schema\/person\/c8baee722073534b583ea7bdb2e36c02\",\"name\":\"bosniak\",\"image\":{\"@type\":\"ImageObject\",\"inLanguage\":\"bs-BA\",\"@id\":\"https:\/\/sandzakpress.net\/arhiva\/#\/schema\/person\/image\/\",\"url\":\"https:\/\/secure.gravatar.com\/avatar\/a04fd330bfe3a36a72a0ad4a6d89fca7?s=96&d=mm&r=pg\",\"contentUrl\":\"https:\/\/secure.gravatar.com\/avatar\/a04fd330bfe3a36a72a0ad4a6d89fca7?s=96&d=mm&r=pg\",\"caption\":\"bosniak\"},\"url\":\"https:\/\/sandzakpress.net\/arhiva\/author\/bosniak\/\"}]}<\/script>\n<!-- \/ Yoast SEO Premium plugin. -->","yoast_head_json":{"title":"Obilje\u017eavanje Dana Mevluda u ju\u017enom Sand\u017eaku","robots":{"index":"index","follow":"follow","max-snippet":"max-snippet:-1","max-image-preview":"max-image-preview:large","max-video-preview":"max-video-preview:-1"},"canonical":"https:\/\/sandzakpress.net\/arhiva\/obiljezavanje-dana-mevluda-u-juznom-sandzaku\/","og_locale":"bs_BA","og_type":"article","og_title":"Obilje\u017eavanje Dana Mevluda u ju\u017enom Sand\u017eaku","og_description":"Ju\u017eni Sand\u017eak &#8211; Dani Mevluda su obilje\u017eeni i u ju\u017enom Sand\u017eaku u Bijelom Polju, Pljevljima i Plavu. Bijelo Polje &#8211; Povodom prisje\u0107anja na dan ro\u0111enja Allahovog miljenika Muhammeda, s.a.v.s., Odbor Islamske zajednice Bijelo Polje je sino\u0107, 12. februara 2011. godine, uprili\u010dio sve\u010danost u Centru za kulturu. Sve\u010danosti su prisustvovali, direktor Medrese u Podgorici,\u00a0Omer Kajoshaj,\u00a0prof. Samih [&hellip;]","og_url":"https:\/\/sandzakpress.net\/arhiva\/obiljezavanje-dana-mevluda-u-juznom-sandzaku\/","og_site_name":"Sand\u017eak PRESS","article_published_time":"2011-02-18T14:42:19+00:00","og_image":[{"width":616,"height":386,"url":"https:\/\/sandzakpress.net\/arhiva\/wp-content\/uploads\/2011\/02\/medresa110211.jpg","type":"image\/jpeg"}],"author":"bosniak","twitter_card":"summary_large_image","twitter_misc":{"Written by":"bosniak","Est. reading time":"4 minute"},"schema":{"@context":"https:\/\/schema.org","@graph":[{"@type":"Article","@id":"https:\/\/sandzakpress.net\/arhiva\/obiljezavanje-dana-mevluda-u-juznom-sandzaku\/#article","isPartOf":{"@id":"https:\/\/sandzakpress.net\/arhiva\/obiljezavanje-dana-mevluda-u-juznom-sandzaku\/"},"author":{"name":"bosniak","@id":"https:\/\/sandzakpress.net\/arhiva\/#\/schema\/person\/c8baee722073534b583ea7bdb2e36c02"},"headline":"Obilje\u017eavanje Dana Mevluda u ju\u017enom Sand\u017eaku","datePublished":"2011-02-18T14:42:19+00:00","mainEntityOfPage":{"@id":"https:\/\/sandzakpress.net\/arhiva\/obiljezavanje-dana-mevluda-u-juznom-sandzaku\/"},"wordCount":859,"commentCount":0,"publisher":{"@id":"https:\/\/sandzakpress.net\/arhiva\/#\/schema\/person\/6e72b67d6e51910a1117b3b483ba20bd"},"image":{"@id":"https:\/\/sandzakpress.net\/arhiva\/obiljezavanje-dana-mevluda-u-juznom-sandzaku\/#primaryimage"},"thumbnailUrl":"https:\/\/sandzakpress.net\/arhiva\/wp-content\/uploads\/2011\/02\/medresa110211.jpg","articleSection":["Ro\u017eaje","Berane","Bijelo Polje","Pljevlja","Islamska zajednica","Plav"],"inLanguage":"bs-BA","potentialAction":[{"@type":"CommentAction","name":"Comment","target":["https:\/\/sandzakpress.net\/arhiva\/obiljezavanje-dana-mevluda-u-juznom-sandzaku\/#respond"]}]},{"@type":"WebPage","@id":"https:\/\/sandzakpress.net\/arhiva\/obiljezavanje-dana-mevluda-u-juznom-sandzaku\/","url":"https:\/\/sandzakpress.net\/arhiva\/obiljezavanje-dana-mevluda-u-juznom-sandzaku\/","name":"Obilje\u017eavanje Dana Mevluda u ju\u017enom Sand\u017eaku","isPartOf":{"@id":"https:\/\/sandzakpress.net\/arhiva\/#website"},"primaryImageOfPage":{"@id":"https:\/\/sandzakpress.net\/arhiva\/obiljezavanje-dana-mevluda-u-juznom-sandzaku\/#primaryimage"},"image":{"@id":"https:\/\/sandzakpress.net\/arhiva\/obiljezavanje-dana-mevluda-u-juznom-sandzaku\/#primaryimage"},"thumbnailUrl":"https:\/\/sandzakpress.net\/arhiva\/wp-content\/uploads\/2011\/02\/medresa110211.jpg","datePublished":"2011-02-18T14:42:19+00:00","breadcrumb":{"@id":"https:\/\/sandzakpress.net\/arhiva\/obiljezavanje-dana-mevluda-u-juznom-sandzaku\/#breadcrumb"},"inLanguage":"bs-BA","potentialAction":[{"@type":"ReadAction","target":["https:\/\/sandzakpress.net\/arhiva\/obiljezavanje-dana-mevluda-u-juznom-sandzaku\/"]}]},{"@type":"ImageObject","inLanguage":"bs-BA","@id":"https:\/\/sandzakpress.net\/arhiva\/obiljezavanje-dana-mevluda-u-juznom-sandzaku\/#primaryimage","url":"https:\/\/sandzakpress.net\/arhiva\/wp-content\/uploads\/2011\/02\/medresa110211.jpg","contentUrl":"https:\/\/sandzakpress.net\/arhiva\/wp-content\/uploads\/2011\/02\/medresa110211.jpg","width":616,"height":386},{"@type":"BreadcrumbList","@id":"https:\/\/sandzakpress.net\/arhiva\/obiljezavanje-dana-mevluda-u-juznom-sandzaku\/#breadcrumb","itemListElement":[{"@type":"ListItem","position":1,"name":"Home","item":"https:\/\/sandzakpress.net\/arhiva\/"},{"@type":"ListItem","position":2,"name":"Obilje\u017eavanje Dana Mevluda u ju\u017enom Sand\u017eaku"}]},{"@type":"WebSite","@id":"https:\/\/sandzakpress.net\/arhiva\/#website","url":"https:\/\/sandzakpress.net\/arhiva\/","name":"Sand\u017eak PRESS","description":"Prve elektronske novine u Sand\u017eaku","publisher":{"@id":"https:\/\/sandzakpress.net\/arhiva\/#\/schema\/person\/6e72b67d6e51910a1117b3b483ba20bd"},"potentialAction":[{"@type":"SearchAction","target":{"@type":"EntryPoint","urlTemplate":"https:\/\/sandzakpress.net\/arhiva\/?s={search_term_string}"},"query-input":{"@type":"PropertyValueSpecification","valueRequired":true,"valueName":"search_term_string"}}],"inLanguage":"bs-BA"},{"@type":["Person","Organization"],"@id":"https:\/\/sandzakpress.net\/arhiva\/#\/schema\/person\/6e72b67d6e51910a1117b3b483ba20bd","name":"Kul","image":{"@type":"ImageObject","inLanguage":"bs-BA","@id":"https:\/\/sandzakpress.net\/arhiva\/#\/schema\/person\/image\/","url":"https:\/\/secure.gravatar.com\/avatar\/42263f39aa27ac04c43cab85c280eb2e?s=96&d=mm&r=pg","contentUrl":"https:\/\/secure.gravatar.com\/avatar\/42263f39aa27ac04c43cab85c280eb2e?s=96&d=mm&r=pg","caption":"Kul"},"logo":{"@id":"https:\/\/sandzakpress.net\/arhiva\/#\/schema\/person\/image\/"}},{"@type":"Person","@id":"https:\/\/sandzakpress.net\/arhiva\/#\/schema\/person\/c8baee722073534b583ea7bdb2e36c02","name":"bosniak","image":{"@type":"ImageObject","inLanguage":"bs-BA","@id":"https:\/\/sandzakpress.net\/arhiva\/#\/schema\/person\/image\/","url":"https:\/\/secure.gravatar.com\/avatar\/a04fd330bfe3a36a72a0ad4a6d89fca7?s=96&d=mm&r=pg","contentUrl":"https:\/\/secure.gravatar.com\/avatar\/a04fd330bfe3a36a72a0ad4a6d89fca7?s=96&d=mm&r=pg","caption":"bosniak"},"url":"https:\/\/sandzakpress.net\/arhiva\/author\/bosniak\/"}]}},"_links":{"self":[{"href":"https:\/\/sandzakpress.net\/arhiva\/wp-json\/wp\/v2\/posts\/12860"}],"collection":[{"href":"https:\/\/sandzakpress.net\/arhiva\/wp-json\/wp\/v2\/posts"}],"about":[{"href":"https:\/\/sandzakpress.net\/arhiva\/wp-json\/wp\/v2\/types\/post"}],"author":[{"embeddable":true,"href":"https:\/\/sandzakpress.net\/arhiva\/wp-json\/wp\/v2\/users\/83"}],"replies":[{"embeddable":true,"href":"https:\/\/sandzakpress.net\/arhiva\/wp-json\/wp\/v2\/comments?post=12860"}],"version-history":[{"count":0,"href":"https:\/\/sandzakpress.net\/arhiva\/wp-json\/wp\/v2\/posts\/12860\/revisions"}],"wp:featuredmedia":[{"embeddable":true,"href":"https:\/\/sandzakpress.net\/arhiva\/wp-json\/wp\/v2\/media\/12883"}],"wp:attachment":[{"href":"https:\/\/sandzakpress.net\/arhiva\/wp-json\/wp\/v2\/media?parent=12860"}],"wp:term":[{"taxonomy":"category","embeddable":true,"href":"https:\/\/sandzakpress.net\/arhiva\/wp-json\/wp\/v2\/categories?post=12860"},{"taxonomy":"post_tag","embeddable":true,"href":"https:\/\/sandzakpress.net\/arhiva\/wp-json\/wp\/v2\/tags?post=12860"}],"curies":[{"name":"wp","href":"https:\/\/api.w.org\/{rel}","templated":true}]}}