{"id":128598,"date":"2015-05-22T17:04:35","date_gmt":"2015-05-22T15:04:35","guid":{"rendered":"https:\/\/sandzakpress.net\/arhiva\/?p=128598"},"modified":"2015-05-22T17:04:35","modified_gmt":"2015-05-22T15:04:35","slug":"u-turskoj-otvoren-prvi-aerodrom-na-moru","status":"publish","type":"post","link":"https:\/\/sandzakpress.net\/arhiva\/u-turskoj-otvoren-prvi-aerodrom-na-moru\/","title":{"rendered":"U Turskoj otvoren prvi aerodrom na moru"},"content":{"rendered":"<p><img decoding=\"async\" src=\"http:\/\/balkans.aljazeera.net\/sites\/staff.balkans.aljazeera.com\/files\/styles\/aljazeera_article_main_image\/public\/turska-more-avion-anadolija-main.jpg?itok=pTr1jVqA\" alt=\"Turska, More, Aerodrom\" \/><\/p>\n<p><strong>Turska &#8211; Na aerodromu Ordu-Giresun, prvom aerodromu u Turskoj koji je sagra\u0111en na moru, po\u010deli su redovni letovi.<\/strong><\/p>\n<p>Turski predsjednik Recep Tayyip Erdogan danas \u0107e na sve\u010danoj ceremoniji zvani\u010dno otvoriti ovaj neobi\u010dni aerodrom, koji se nalazi u sjevernom dijelu Turske.<\/p>\n<p>Prvi let na aerodromu zabilje\u017een je jutros, kada je avion sa 136 putnika iz Istanbula uspje\u0161no sletio.<\/p>\n<p>Aerodrom Ordu-Giresun izgra\u0111en je na moru tako \u0161to su velike koli\u010dine zemlje, pijeska i kamena postavljene u morsku vodu.<\/p>\n<p><strong>Moderna tehnologija<\/strong><\/p>\n<p>Realizacija projekta izgradnje aerodroma Ordu-Giresun, koji va\u017ei za jedan od presti\u017enih projekata Turske, po\u010dela je 2011. godine.<\/p>\n<p>Ovo je 52. aerodrom u Turskoj, ali je prvi aerodrom izgra\u0111en iznad povr\u0161ine mora u toj zemlji, kao i u Evropi, i osmi takav aerodrom u svijetu.<\/p>\n<p>Gotovo 35 miliona tona kamena upotrijebljeno je kako bi se popunio prostor 1,8 miliona kvadratnih metara u moru.<\/p>\n<p>Tokom izgradnje aerodroma kori\u0161tena je najmodernija tehnologija kako morski valovi ne bi o\u0161tetili aerodrom.<\/p>\n<p>Izgradnja aerodroma je ko\u0161tala oko 360 miliona turskih lira (132,6 miliona dolara).<\/p>\n<p>Tokom posljednjih 12 godina broj aerodroma u Turskoj pove\u0107an je sa 26 na 53.<\/p>\n<p>Turska namjerava graditi i aerodrom Rize-Artvin, koji bi bio drugi aerodrom na moru u toj zemlji.<\/p>\n<p>Vlada Turske planira da do 2023. na svakih 100 kilometara izgradi po jedan aerodrom.<\/p>\n<p>Izvor: Agencije<\/p>\n","protected":false},"excerpt":{"rendered":"<p>Turska &#8211; Na aerodromu Ordu-Giresun, prvom aerodromu u Turskoj koji je sagra\u0111en na moru, po\u010deli su redovni letovi. Turski predsjednik Recep Tayyip Erdogan danas \u0107e na sve\u010danoj ceremoniji zvani\u010dno otvoriti ovaj neobi\u010dni aerodrom, koji se nalazi u sjevernom dijelu Turske. Prvi let na aerodromu zabilje\u017een je jutros, kada je avion sa 136 putnika iz Istanbula [&hellip;]<\/p>\n","protected":false},"author":83,"featured_media":128599,"comment_status":"open","ping_status":"open","sticky":false,"template":"","format":"standard","meta":{"footnotes":""},"categories":[9,2692],"tags":[],"class_list":{"0":"post-128598","1":"post","2":"type-post","3":"status-publish","4":"format-standard","5":"has-post-thumbnail","7":"category-svijet","8":"category-turska-gradovi"},"yoast_head":"<!-- This site is optimized with the Yoast SEO Premium plugin v23.1 (Yoast SEO v24.9) - https:\/\/yoast.com\/wordpress\/plugins\/seo\/ -->\n<title>U Turskoj otvoren prvi aerodrom na moru<\/title>\n<meta name=\"robots\" content=\"index, follow, max-snippet:-1, max-image-preview:large, max-video-preview:-1\" \/>\n<link rel=\"canonical\" href=\"https:\/\/sandzakpress.net\/arhiva\/u-turskoj-otvoren-prvi-aerodrom-na-moru\/\" \/>\n<meta property=\"og:locale\" content=\"bs_BA\" \/>\n<meta property=\"og:type\" content=\"article\" \/>\n<meta property=\"og:title\" content=\"U Turskoj otvoren prvi aerodrom na moru\" \/>\n<meta property=\"og:description\" content=\"Turska &#8211; Na aerodromu Ordu-Giresun, prvom aerodromu u Turskoj koji je sagra\u0111en na moru, po\u010deli su redovni letovi. Turski predsjednik Recep Tayyip Erdogan danas \u0107e na sve\u010danoj ceremoniji zvani\u010dno otvoriti ovaj neobi\u010dni aerodrom, koji se nalazi u sjevernom dijelu Turske. Prvi let na aerodromu zabilje\u017een je jutros, kada je avion sa 136 putnika iz Istanbula [&hellip;]\" \/>\n<meta property=\"og:url\" content=\"https:\/\/sandzakpress.net\/arhiva\/u-turskoj-otvoren-prvi-aerodrom-na-moru\/\" \/>\n<meta property=\"og:site_name\" content=\"Sand\u017eak PRESS\" \/>\n<meta property=\"article:published_time\" content=\"2015-05-22T15:04:35+00:00\" \/>\n<meta property=\"og:image\" content=\"https:\/\/sandzakpress.net\/arhiva\/wp-content\/uploads\/2015\/05\/turska-more-avion-anadolija-main.jpg\" \/>\n\t<meta property=\"og:image:width\" content=\"900\" \/>\n\t<meta property=\"og:image:height\" content=\"602\" \/>\n\t<meta property=\"og:image:type\" content=\"image\/jpeg\" \/>\n<meta name=\"author\" content=\"bosniak\" \/>\n<meta name=\"twitter:card\" content=\"summary_large_image\" \/>\n<meta name=\"twitter:label1\" content=\"Written by\" \/>\n\t<meta name=\"twitter:data1\" content=\"bosniak\" \/>\n\t<meta name=\"twitter:label2\" content=\"Est. reading time\" \/>\n\t<meta name=\"twitter:data2\" content=\"1 minuta\" \/>\n<script type=\"application\/ld+json\" class=\"yoast-schema-graph\">{\"@context\":\"https:\/\/schema.org\",\"@graph\":[{\"@type\":\"Article\",\"@id\":\"https:\/\/sandzakpress.net\/arhiva\/u-turskoj-otvoren-prvi-aerodrom-na-moru\/#article\",\"isPartOf\":{\"@id\":\"https:\/\/sandzakpress.net\/arhiva\/u-turskoj-otvoren-prvi-aerodrom-na-moru\/\"},\"author\":{\"name\":\"bosniak\",\"@id\":\"https:\/\/sandzakpress.net\/arhiva\/#\/schema\/person\/c8baee722073534b583ea7bdb2e36c02\"},\"headline\":\"U Turskoj otvoren prvi aerodrom na moru\",\"datePublished\":\"2015-05-22T15:04:35+00:00\",\"mainEntityOfPage\":{\"@id\":\"https:\/\/sandzakpress.net\/arhiva\/u-turskoj-otvoren-prvi-aerodrom-na-moru\/\"},\"wordCount\":225,\"commentCount\":4,\"publisher\":{\"@id\":\"https:\/\/sandzakpress.net\/arhiva\/#\/schema\/person\/6e72b67d6e51910a1117b3b483ba20bd\"},\"image\":{\"@id\":\"https:\/\/sandzakpress.net\/arhiva\/u-turskoj-otvoren-prvi-aerodrom-na-moru\/#primaryimage\"},\"thumbnailUrl\":\"https:\/\/sandzakpress.net\/arhiva\/wp-content\/uploads\/2015\/05\/turska-more-avion-anadolija-main.jpg\",\"articleSection\":[\"Svijet\",\"Turska\"],\"inLanguage\":\"bs-BA\",\"potentialAction\":[{\"@type\":\"CommentAction\",\"name\":\"Comment\",\"target\":[\"https:\/\/sandzakpress.net\/arhiva\/u-turskoj-otvoren-prvi-aerodrom-na-moru\/#respond\"]}]},{\"@type\":\"WebPage\",\"@id\":\"https:\/\/sandzakpress.net\/arhiva\/u-turskoj-otvoren-prvi-aerodrom-na-moru\/\",\"url\":\"https:\/\/sandzakpress.net\/arhiva\/u-turskoj-otvoren-prvi-aerodrom-na-moru\/\",\"name\":\"U Turskoj otvoren prvi aerodrom na moru\",\"isPartOf\":{\"@id\":\"https:\/\/sandzakpress.net\/arhiva\/#website\"},\"primaryImageOfPage\":{\"@id\":\"https:\/\/sandzakpress.net\/arhiva\/u-turskoj-otvoren-prvi-aerodrom-na-moru\/#primaryimage\"},\"image\":{\"@id\":\"https:\/\/sandzakpress.net\/arhiva\/u-turskoj-otvoren-prvi-aerodrom-na-moru\/#primaryimage\"},\"thumbnailUrl\":\"https:\/\/sandzakpress.net\/arhiva\/wp-content\/uploads\/2015\/05\/turska-more-avion-anadolija-main.jpg\",\"datePublished\":\"2015-05-22T15:04:35+00:00\",\"breadcrumb\":{\"@id\":\"https:\/\/sandzakpress.net\/arhiva\/u-turskoj-otvoren-prvi-aerodrom-na-moru\/#breadcrumb\"},\"inLanguage\":\"bs-BA\",\"potentialAction\":[{\"@type\":\"ReadAction\",\"target\":[\"https:\/\/sandzakpress.net\/arhiva\/u-turskoj-otvoren-prvi-aerodrom-na-moru\/\"]}]},{\"@type\":\"ImageObject\",\"inLanguage\":\"bs-BA\",\"@id\":\"https:\/\/sandzakpress.net\/arhiva\/u-turskoj-otvoren-prvi-aerodrom-na-moru\/#primaryimage\",\"url\":\"https:\/\/sandzakpress.net\/arhiva\/wp-content\/uploads\/2015\/05\/turska-more-avion-anadolija-main.jpg\",\"contentUrl\":\"https:\/\/sandzakpress.net\/arhiva\/wp-content\/uploads\/2015\/05\/turska-more-avion-anadolija-main.jpg\",\"width\":900,\"height\":602},{\"@type\":\"BreadcrumbList\",\"@id\":\"https:\/\/sandzakpress.net\/arhiva\/u-turskoj-otvoren-prvi-aerodrom-na-moru\/#breadcrumb\",\"itemListElement\":[{\"@type\":\"ListItem\",\"position\":1,\"name\":\"Home\",\"item\":\"https:\/\/sandzakpress.net\/arhiva\/\"},{\"@type\":\"ListItem\",\"position\":2,\"name\":\"U Turskoj otvoren prvi aerodrom na moru\"}]},{\"@type\":\"WebSite\",\"@id\":\"https:\/\/sandzakpress.net\/arhiva\/#website\",\"url\":\"https:\/\/sandzakpress.net\/arhiva\/\",\"name\":\"Sand\u017eak PRESS\",\"description\":\"Prve elektronske novine u Sand\u017eaku\",\"publisher\":{\"@id\":\"https:\/\/sandzakpress.net\/arhiva\/#\/schema\/person\/6e72b67d6e51910a1117b3b483ba20bd\"},\"potentialAction\":[{\"@type\":\"SearchAction\",\"target\":{\"@type\":\"EntryPoint\",\"urlTemplate\":\"https:\/\/sandzakpress.net\/arhiva\/?s={search_term_string}\"},\"query-input\":{\"@type\":\"PropertyValueSpecification\",\"valueRequired\":true,\"valueName\":\"search_term_string\"}}],\"inLanguage\":\"bs-BA\"},{\"@type\":[\"Person\",\"Organization\"],\"@id\":\"https:\/\/sandzakpress.net\/arhiva\/#\/schema\/person\/6e72b67d6e51910a1117b3b483ba20bd\",\"name\":\"Kul\",\"image\":{\"@type\":\"ImageObject\",\"inLanguage\":\"bs-BA\",\"@id\":\"https:\/\/sandzakpress.net\/arhiva\/#\/schema\/person\/image\/\",\"url\":\"https:\/\/secure.gravatar.com\/avatar\/42263f39aa27ac04c43cab85c280eb2e?s=96&d=mm&r=pg\",\"contentUrl\":\"https:\/\/secure.gravatar.com\/avatar\/42263f39aa27ac04c43cab85c280eb2e?s=96&d=mm&r=pg\",\"caption\":\"Kul\"},\"logo\":{\"@id\":\"https:\/\/sandzakpress.net\/arhiva\/#\/schema\/person\/image\/\"}},{\"@type\":\"Person\",\"@id\":\"https:\/\/sandzakpress.net\/arhiva\/#\/schema\/person\/c8baee722073534b583ea7bdb2e36c02\",\"name\":\"bosniak\",\"image\":{\"@type\":\"ImageObject\",\"inLanguage\":\"bs-BA\",\"@id\":\"https:\/\/sandzakpress.net\/arhiva\/#\/schema\/person\/image\/\",\"url\":\"https:\/\/secure.gravatar.com\/avatar\/a04fd330bfe3a36a72a0ad4a6d89fca7?s=96&d=mm&r=pg\",\"contentUrl\":\"https:\/\/secure.gravatar.com\/avatar\/a04fd330bfe3a36a72a0ad4a6d89fca7?s=96&d=mm&r=pg\",\"caption\":\"bosniak\"},\"url\":\"https:\/\/sandzakpress.net\/arhiva\/author\/bosniak\/\"}]}<\/script>\n<!-- \/ Yoast SEO Premium plugin. -->","yoast_head_json":{"title":"U Turskoj otvoren prvi aerodrom na moru","robots":{"index":"index","follow":"follow","max-snippet":"max-snippet:-1","max-image-preview":"max-image-preview:large","max-video-preview":"max-video-preview:-1"},"canonical":"https:\/\/sandzakpress.net\/arhiva\/u-turskoj-otvoren-prvi-aerodrom-na-moru\/","og_locale":"bs_BA","og_type":"article","og_title":"U Turskoj otvoren prvi aerodrom na moru","og_description":"Turska &#8211; Na aerodromu Ordu-Giresun, prvom aerodromu u Turskoj koji je sagra\u0111en na moru, po\u010deli su redovni letovi. Turski predsjednik Recep Tayyip Erdogan danas \u0107e na sve\u010danoj ceremoniji zvani\u010dno otvoriti ovaj neobi\u010dni aerodrom, koji se nalazi u sjevernom dijelu Turske. Prvi let na aerodromu zabilje\u017een je jutros, kada je avion sa 136 putnika iz Istanbula [&hellip;]","og_url":"https:\/\/sandzakpress.net\/arhiva\/u-turskoj-otvoren-prvi-aerodrom-na-moru\/","og_site_name":"Sand\u017eak PRESS","article_published_time":"2015-05-22T15:04:35+00:00","og_image":[{"width":900,"height":602,"url":"https:\/\/sandzakpress.net\/arhiva\/wp-content\/uploads\/2015\/05\/turska-more-avion-anadolija-main.jpg","type":"image\/jpeg"}],"author":"bosniak","twitter_card":"summary_large_image","twitter_misc":{"Written by":"bosniak","Est. reading time":"1 minuta"},"schema":{"@context":"https:\/\/schema.org","@graph":[{"@type":"Article","@id":"https:\/\/sandzakpress.net\/arhiva\/u-turskoj-otvoren-prvi-aerodrom-na-moru\/#article","isPartOf":{"@id":"https:\/\/sandzakpress.net\/arhiva\/u-turskoj-otvoren-prvi-aerodrom-na-moru\/"},"author":{"name":"bosniak","@id":"https:\/\/sandzakpress.net\/arhiva\/#\/schema\/person\/c8baee722073534b583ea7bdb2e36c02"},"headline":"U Turskoj otvoren prvi aerodrom na moru","datePublished":"2015-05-22T15:04:35+00:00","mainEntityOfPage":{"@id":"https:\/\/sandzakpress.net\/arhiva\/u-turskoj-otvoren-prvi-aerodrom-na-moru\/"},"wordCount":225,"commentCount":4,"publisher":{"@id":"https:\/\/sandzakpress.net\/arhiva\/#\/schema\/person\/6e72b67d6e51910a1117b3b483ba20bd"},"image":{"@id":"https:\/\/sandzakpress.net\/arhiva\/u-turskoj-otvoren-prvi-aerodrom-na-moru\/#primaryimage"},"thumbnailUrl":"https:\/\/sandzakpress.net\/arhiva\/wp-content\/uploads\/2015\/05\/turska-more-avion-anadolija-main.jpg","articleSection":["Svijet","Turska"],"inLanguage":"bs-BA","potentialAction":[{"@type":"CommentAction","name":"Comment","target":["https:\/\/sandzakpress.net\/arhiva\/u-turskoj-otvoren-prvi-aerodrom-na-moru\/#respond"]}]},{"@type":"WebPage","@id":"https:\/\/sandzakpress.net\/arhiva\/u-turskoj-otvoren-prvi-aerodrom-na-moru\/","url":"https:\/\/sandzakpress.net\/arhiva\/u-turskoj-otvoren-prvi-aerodrom-na-moru\/","name":"U Turskoj otvoren prvi aerodrom na moru","isPartOf":{"@id":"https:\/\/sandzakpress.net\/arhiva\/#website"},"primaryImageOfPage":{"@id":"https:\/\/sandzakpress.net\/arhiva\/u-turskoj-otvoren-prvi-aerodrom-na-moru\/#primaryimage"},"image":{"@id":"https:\/\/sandzakpress.net\/arhiva\/u-turskoj-otvoren-prvi-aerodrom-na-moru\/#primaryimage"},"thumbnailUrl":"https:\/\/sandzakpress.net\/arhiva\/wp-content\/uploads\/2015\/05\/turska-more-avion-anadolija-main.jpg","datePublished":"2015-05-22T15:04:35+00:00","breadcrumb":{"@id":"https:\/\/sandzakpress.net\/arhiva\/u-turskoj-otvoren-prvi-aerodrom-na-moru\/#breadcrumb"},"inLanguage":"bs-BA","potentialAction":[{"@type":"ReadAction","target":["https:\/\/sandzakpress.net\/arhiva\/u-turskoj-otvoren-prvi-aerodrom-na-moru\/"]}]},{"@type":"ImageObject","inLanguage":"bs-BA","@id":"https:\/\/sandzakpress.net\/arhiva\/u-turskoj-otvoren-prvi-aerodrom-na-moru\/#primaryimage","url":"https:\/\/sandzakpress.net\/arhiva\/wp-content\/uploads\/2015\/05\/turska-more-avion-anadolija-main.jpg","contentUrl":"https:\/\/sandzakpress.net\/arhiva\/wp-content\/uploads\/2015\/05\/turska-more-avion-anadolija-main.jpg","width":900,"height":602},{"@type":"BreadcrumbList","@id":"https:\/\/sandzakpress.net\/arhiva\/u-turskoj-otvoren-prvi-aerodrom-na-moru\/#breadcrumb","itemListElement":[{"@type":"ListItem","position":1,"name":"Home","item":"https:\/\/sandzakpress.net\/arhiva\/"},{"@type":"ListItem","position":2,"name":"U Turskoj otvoren prvi aerodrom na moru"}]},{"@type":"WebSite","@id":"https:\/\/sandzakpress.net\/arhiva\/#website","url":"https:\/\/sandzakpress.net\/arhiva\/","name":"Sand\u017eak PRESS","description":"Prve elektronske novine u Sand\u017eaku","publisher":{"@id":"https:\/\/sandzakpress.net\/arhiva\/#\/schema\/person\/6e72b67d6e51910a1117b3b483ba20bd"},"potentialAction":[{"@type":"SearchAction","target":{"@type":"EntryPoint","urlTemplate":"https:\/\/sandzakpress.net\/arhiva\/?s={search_term_string}"},"query-input":{"@type":"PropertyValueSpecification","valueRequired":true,"valueName":"search_term_string"}}],"inLanguage":"bs-BA"},{"@type":["Person","Organization"],"@id":"https:\/\/sandzakpress.net\/arhiva\/#\/schema\/person\/6e72b67d6e51910a1117b3b483ba20bd","name":"Kul","image":{"@type":"ImageObject","inLanguage":"bs-BA","@id":"https:\/\/sandzakpress.net\/arhiva\/#\/schema\/person\/image\/","url":"https:\/\/secure.gravatar.com\/avatar\/42263f39aa27ac04c43cab85c280eb2e?s=96&d=mm&r=pg","contentUrl":"https:\/\/secure.gravatar.com\/avatar\/42263f39aa27ac04c43cab85c280eb2e?s=96&d=mm&r=pg","caption":"Kul"},"logo":{"@id":"https:\/\/sandzakpress.net\/arhiva\/#\/schema\/person\/image\/"}},{"@type":"Person","@id":"https:\/\/sandzakpress.net\/arhiva\/#\/schema\/person\/c8baee722073534b583ea7bdb2e36c02","name":"bosniak","image":{"@type":"ImageObject","inLanguage":"bs-BA","@id":"https:\/\/sandzakpress.net\/arhiva\/#\/schema\/person\/image\/","url":"https:\/\/secure.gravatar.com\/avatar\/a04fd330bfe3a36a72a0ad4a6d89fca7?s=96&d=mm&r=pg","contentUrl":"https:\/\/secure.gravatar.com\/avatar\/a04fd330bfe3a36a72a0ad4a6d89fca7?s=96&d=mm&r=pg","caption":"bosniak"},"url":"https:\/\/sandzakpress.net\/arhiva\/author\/bosniak\/"}]}},"_links":{"self":[{"href":"https:\/\/sandzakpress.net\/arhiva\/wp-json\/wp\/v2\/posts\/128598"}],"collection":[{"href":"https:\/\/sandzakpress.net\/arhiva\/wp-json\/wp\/v2\/posts"}],"about":[{"href":"https:\/\/sandzakpress.net\/arhiva\/wp-json\/wp\/v2\/types\/post"}],"author":[{"embeddable":true,"href":"https:\/\/sandzakpress.net\/arhiva\/wp-json\/wp\/v2\/users\/83"}],"replies":[{"embeddable":true,"href":"https:\/\/sandzakpress.net\/arhiva\/wp-json\/wp\/v2\/comments?post=128598"}],"version-history":[{"count":0,"href":"https:\/\/sandzakpress.net\/arhiva\/wp-json\/wp\/v2\/posts\/128598\/revisions"}],"wp:featuredmedia":[{"embeddable":true,"href":"https:\/\/sandzakpress.net\/arhiva\/wp-json\/wp\/v2\/media\/128599"}],"wp:attachment":[{"href":"https:\/\/sandzakpress.net\/arhiva\/wp-json\/wp\/v2\/media?parent=128598"}],"wp:term":[{"taxonomy":"category","embeddable":true,"href":"https:\/\/sandzakpress.net\/arhiva\/wp-json\/wp\/v2\/categories?post=128598"},{"taxonomy":"post_tag","embeddable":true,"href":"https:\/\/sandzakpress.net\/arhiva\/wp-json\/wp\/v2\/tags?post=128598"}],"curies":[{"name":"wp","href":"https:\/\/api.w.org\/{rel}","templated":true}]}}