{"id":128596,"date":"2015-05-22T17:03:47","date_gmt":"2015-05-22T15:03:47","guid":{"rendered":"https:\/\/sandzakpress.net\/arhiva\/?p=128596"},"modified":"2015-05-22T17:03:47","modified_gmt":"2015-05-22T15:03:47","slug":"elitne-siitske-milicije-spremaju-napad-na-ramadi","status":"publish","type":"post","link":"https:\/\/sandzakpress.net\/arhiva\/elitne-siitske-milicije-spremaju-napad-na-ramadi\/","title":{"rendered":"Elitne \u0161iitske milicije spremaju napad na Ramadi"},"content":{"rendered":"<p><img decoding=\"async\" src=\"http:\/\/balkans.aljazeera.net\/sites\/staff.balkans.aljazeera.com\/files\/styles\/aljazeera_article_main_image\/public\/irak-narodna-mobilizacija-aj-main_0.jpg?itok=nq0v_wZ5\" alt=\"Irak, ISIL\" \/><\/p>\n<p><strong>Svijet &#8211; \u0160iitske militantne frakcije u Iraku, poznate kao snage Narodne mobilizacije, nagla\u0161avaju da su one te koje donose odluke o mjestu i vremenu borbe za oduzimanje Anbara iz ruku oru\u017eane grupe Islamska dr\u017eava Irak i \u0160ama\u00a0(IDI\u0160) zbog \u010dinjenice da Pokrajinsko vije\u0107e nije unutar ove jednad\u017ebe.<\/strong><\/p>\n<p>Snage koje se bore na strani ira\u010dke armije priznaju da ova borba ne\u0107e biti \u201enimalo jednostavna\u201c, uprkos tome \u0161to je \u201emanje komplicirana\u201c od borbi koje su vo\u0111ene za pokrajine Salahuddin i Diyalu.<\/p>\n<p>Posmatra\u010di ka\u017eu da IDI\u0160-ovo preuzimanje kontrole nad Ramadijem &#8211; uprkos napadima me\u0111unarodne koalicije na \u010delu sa Sjedinjenim Ameri\u010dkim Dr\u017eavama, koji traju ve\u0107 mjesecima, kao i vojnim savjetovanjima koja su prethodila tome &#8211; najbolje pokazuje novo nazadovanje i raspad ira\u010dke vojske, koja je pretrpjela poraz i u potpunom rasulu napustila grad.<\/p>\n<p>Mohammed Fahdawi, jedna od uglednih osoba iz grada Ramadija, ka\u017ee da su \u201estanovnici u strahu od ulaska snaga Narodne mobilizacije u grad, s obzirom na ranija lo\u0161a iskustva koja su gra\u0111ani Tikrita i Diyale imali sa njima\u201c.<\/p>\n<p>Fahdawi dodaje za Al Jazeeru da je grad \u201ebio primoran prihvatiti snage Narodne mobilizacije nakon \u0161to je Vlada sprije\u010dila naoru\u017eavanje ljudi, a vojska i policija pobjegle iz grada poslije misterioznih naredbi o povla\u010denju, \u010dime se otvorio prostor za ulazak milicija\u201c.<\/p>\n<p><strong>Detaljan plan<\/strong><\/p>\n<p>Prema navodima svjedoka, konvoj sa 3000 pripadnika Narodne mobilizacije okupio se u vojnoj bazi u blizini Ramadija kako bi se pripremili za oru\u017eani napad na IDI\u0160, koji oklopnim vozilima napreduje iz grada u pravcu vojne baze Habbaniyah.<\/p>\n<p>Ira\u010dki premijer Haider al-Abadi potpisao je dopu\u0161tenje za slanje boraca Narodne mobilizacije u borbu za povratak grada, koji prete\u017eno naseljava sunitsko stanovni\u0161tvo, \u0161to predstavlja potez koji bi mogao dodatno pove\u0107ati sekta\u0161ke tenzije u jednom od najnasilnijih podru\u010dja u Iraku.<\/p>\n<p>Karim al-Nouri, glasnogovornik snaga Narodne mobilizacije, ka\u017ee \u201eda se nastavlja sa izradom detaljnog plana za oslobo\u0111enje Anbara\u201c.<\/p>\n<p>Nouri dodaje za Al Jazeeru da su \u201ejedinice Narodne mobilizacije te koje \u0107e odabrati mjesto i vrijeme bitke, zbog \u010dega je potrebno odre\u0111eno vrijeme da se sagledaju sve okolnosti kako bi stvari i\u0161le u njihovu korist\u201c.<\/p>\n<p>Istakao je da se \u201ekoordinacija odvija izme\u0111u snaga sigurnosti i plemena u Anbaru, s obzirom da je Vije\u0107e pokrajine izvan ove jednad\u017ebe\u201c.<\/p>\n<p>On poja\u0161njava da \u201erukovodstvo Narodne mobilizacije uzima u obzir i mogu\u0107nost\u00a0IDI\u0160-ovih samoubila\u010dkih napada, napada autobombama i snajperskih zasjeda u gradu, ali jedinice Narodne mobilizacije imaju dobro iskustvo i stru\u010dnost u borbi protiv ISIL-a i njegovih metoda\u201c.<\/p>\n<p><strong>D\u017eamija Al-Askeri<\/strong><\/p>\n<p>Jedinice Seraya al-Selama, koje pripadaju Al-Sadrovom pokretu, izjavile su da su njihovi borci pristigli u grad Samaru kako bi odbranili \u201esveta mjesta\u201c. Pojasnili su da je njihov dolazak odgovor na poziv \u0161iitskog imama Moqteda al-Sadra, vo\u0111e Pokreta Sadrista, te upozoravaju da \u0107e svako ko bude napao na \u201esveti\u0161te\u201c gorjeti u paklu.<\/p>\n<p>Rukovodstvo Seraya al-Selama u svom saop\u0107enju ka\u017ee da \u201ezbog neposredne opasnosti koja prijeti svetim mjestima u Samari, te kao odgovor na poziv vo\u0111e Muqtada al-Sadra, borci jedinice Seraya al-Salama pohrlili su u odbranu d\u017eamije Al-Askari\u201c, sveti\u0161ta u Samari, gdje su pokopana dva \u0161iitska imama Ali al-Hadi i njegov sin Hasan al-Askari.<\/p>\n<p>U saop\u0107enju se dodaje: \u201eNa\u0161em napa\u0107enom narodu Iraka ka\u017eemo: &#8216;Radujete se velikoj pobjedi, jer su svetinje Samare zjenica na\u0161eg oka.\u201c Tako\u0111er stoji i to da \u201epristi\u017eu legije Saraye s ciljem \u010duvanja zemlje i odbrane svetosti \u010dasnog Hrama\u201c.<\/p>\n<p><strong>Elitne snage<\/strong><\/p>\n<p>Istovremeno sti\u017ee i saop\u0107enje pokreta Ahl al-Haqq o tome da se njihove elitne snage prvi put pripremaju za u\u010de\u0161\u0107e u bici za Anbar. Izjavili su da se ve\u0107ina frakcija otpora dogovara o formiranju zajedni\u010dkog operativnog \u0161taba s ciljem dono\u0161enja detaljnog plana za uni\u0161tenje IDI\u0160-a.<\/p>\n<p>Glasnogovornik pokreta Naim al-Aboudi za Al Jazeeru ka\u017ee da je njihov vo\u0111a Qais al-Khazali pozvao na mobiliziranje svih raspolo\u017eivih snaga u borbi za Anbar kao odgovor na poziv premijera Haidera al-Abadija i uz u\u010de\u0161\u0107e snaga Narodne mobilizacije.<\/p>\n<p>Aboudi dodaje da je \u201epokret prvi put pozvao svoje elitne snage u borbu za Anbar zbog va\u017enosti ove bitke, ali i naprednoga oru\u017eja\u201c.<\/p>\n<p>Istakao je da su to veoma obu\u010dene vojne snage koje nisu ranije u\u010destvovale u borbama, budu\u0107i da su pripremani za borbe u va\u017enim bitkama.<\/p>\n<p>Izvor: Al Jazeera<\/p>\n","protected":false},"excerpt":{"rendered":"<p>Svijet &#8211; \u0160iitske militantne frakcije u Iraku, poznate kao snage Narodne mobilizacije, nagla\u0161avaju da su one te koje donose odluke o mjestu i vremenu borbe za oduzimanje Anbara iz ruku oru\u017eane grupe Islamska dr\u017eava Irak i \u0160ama\u00a0(IDI\u0160) zbog \u010dinjenice da Pokrajinsko vije\u0107e nije unutar ove jednad\u017ebe. Snage koje se bore na strani ira\u010dke armije priznaju [&hellip;]<\/p>\n","protected":false},"author":83,"featured_media":128597,"comment_status":"open","ping_status":"open","sticky":false,"template":"","format":"standard","meta":{"footnotes":""},"categories":[10512],"tags":[10491],"class_list":{"0":"post-128596","1":"post","2":"type-post","3":"status-publish","4":"format-standard","5":"has-post-thumbnail","7":"category-islamski-svijet","8":"tag-ummet"},"yoast_head":"<!-- This site is optimized with the Yoast SEO Premium plugin v23.1 (Yoast SEO v24.9) - https:\/\/yoast.com\/wordpress\/plugins\/seo\/ -->\n<title>Elitne \u0161iitske milicije spremaju napad na Ramadi<\/title>\n<meta name=\"robots\" content=\"index, follow, max-snippet:-1, max-image-preview:large, max-video-preview:-1\" \/>\n<link rel=\"canonical\" href=\"https:\/\/sandzakpress.net\/arhiva\/elitne-siitske-milicije-spremaju-napad-na-ramadi\/\" \/>\n<meta property=\"og:locale\" content=\"bs_BA\" \/>\n<meta property=\"og:type\" content=\"article\" \/>\n<meta property=\"og:title\" content=\"Elitne \u0161iitske milicije spremaju napad na Ramadi\" \/>\n<meta property=\"og:description\" content=\"Svijet &#8211; \u0160iitske militantne frakcije u Iraku, poznate kao snage Narodne mobilizacije, nagla\u0161avaju da su one te koje donose odluke o mjestu i vremenu borbe za oduzimanje Anbara iz ruku oru\u017eane grupe Islamska dr\u017eava Irak i \u0160ama\u00a0(IDI\u0160) zbog \u010dinjenice da Pokrajinsko vije\u0107e nije unutar ove jednad\u017ebe. Snage koje se bore na strani ira\u010dke armije priznaju [&hellip;]\" \/>\n<meta property=\"og:url\" content=\"https:\/\/sandzakpress.net\/arhiva\/elitne-siitske-milicije-spremaju-napad-na-ramadi\/\" \/>\n<meta property=\"og:site_name\" content=\"Sand\u017eak PRESS\" \/>\n<meta property=\"article:published_time\" content=\"2015-05-22T15:03:47+00:00\" \/>\n<meta property=\"og:image\" content=\"https:\/\/sandzakpress.net\/arhiva\/wp-content\/uploads\/2015\/05\/irak-narodna-mobilizacija-aj-main_0.jpg\" \/>\n\t<meta property=\"og:image:width\" content=\"900\" \/>\n\t<meta property=\"og:image:height\" content=\"602\" \/>\n\t<meta property=\"og:image:type\" content=\"image\/jpeg\" \/>\n<meta name=\"author\" content=\"bosniak\" \/>\n<meta name=\"twitter:card\" content=\"summary_large_image\" \/>\n<meta name=\"twitter:label1\" content=\"Written by\" \/>\n\t<meta name=\"twitter:data1\" content=\"bosniak\" \/>\n\t<meta name=\"twitter:label2\" content=\"Est. reading time\" \/>\n\t<meta name=\"twitter:data2\" content=\"4 minute\" \/>\n<script type=\"application\/ld+json\" class=\"yoast-schema-graph\">{\"@context\":\"https:\/\/schema.org\",\"@graph\":[{\"@type\":\"Article\",\"@id\":\"https:\/\/sandzakpress.net\/arhiva\/elitne-siitske-milicije-spremaju-napad-na-ramadi\/#article\",\"isPartOf\":{\"@id\":\"https:\/\/sandzakpress.net\/arhiva\/elitne-siitske-milicije-spremaju-napad-na-ramadi\/\"},\"author\":{\"name\":\"bosniak\",\"@id\":\"https:\/\/sandzakpress.net\/arhiva\/#\/schema\/person\/c8baee722073534b583ea7bdb2e36c02\"},\"headline\":\"Elitne \u0161iitske milicije spremaju napad na Ramadi\",\"datePublished\":\"2015-05-22T15:03:47+00:00\",\"mainEntityOfPage\":{\"@id\":\"https:\/\/sandzakpress.net\/arhiva\/elitne-siitske-milicije-spremaju-napad-na-ramadi\/\"},\"wordCount\":752,\"commentCount\":5,\"publisher\":{\"@id\":\"https:\/\/sandzakpress.net\/arhiva\/#\/schema\/person\/6e72b67d6e51910a1117b3b483ba20bd\"},\"image\":{\"@id\":\"https:\/\/sandzakpress.net\/arhiva\/elitne-siitske-milicije-spremaju-napad-na-ramadi\/#primaryimage\"},\"thumbnailUrl\":\"https:\/\/sandzakpress.net\/arhiva\/wp-content\/uploads\/2015\/05\/irak-narodna-mobilizacija-aj-main_0.jpg\",\"keywords\":[\"Ummet\"],\"articleSection\":[\"Islamski svijet\"],\"inLanguage\":\"bs-BA\",\"potentialAction\":[{\"@type\":\"CommentAction\",\"name\":\"Comment\",\"target\":[\"https:\/\/sandzakpress.net\/arhiva\/elitne-siitske-milicije-spremaju-napad-na-ramadi\/#respond\"]}]},{\"@type\":\"WebPage\",\"@id\":\"https:\/\/sandzakpress.net\/arhiva\/elitne-siitske-milicije-spremaju-napad-na-ramadi\/\",\"url\":\"https:\/\/sandzakpress.net\/arhiva\/elitne-siitske-milicije-spremaju-napad-na-ramadi\/\",\"name\":\"Elitne \u0161iitske milicije spremaju napad na Ramadi\",\"isPartOf\":{\"@id\":\"https:\/\/sandzakpress.net\/arhiva\/#website\"},\"primaryImageOfPage\":{\"@id\":\"https:\/\/sandzakpress.net\/arhiva\/elitne-siitske-milicije-spremaju-napad-na-ramadi\/#primaryimage\"},\"image\":{\"@id\":\"https:\/\/sandzakpress.net\/arhiva\/elitne-siitske-milicije-spremaju-napad-na-ramadi\/#primaryimage\"},\"thumbnailUrl\":\"https:\/\/sandzakpress.net\/arhiva\/wp-content\/uploads\/2015\/05\/irak-narodna-mobilizacija-aj-main_0.jpg\",\"datePublished\":\"2015-05-22T15:03:47+00:00\",\"breadcrumb\":{\"@id\":\"https:\/\/sandzakpress.net\/arhiva\/elitne-siitske-milicije-spremaju-napad-na-ramadi\/#breadcrumb\"},\"inLanguage\":\"bs-BA\",\"potentialAction\":[{\"@type\":\"ReadAction\",\"target\":[\"https:\/\/sandzakpress.net\/arhiva\/elitne-siitske-milicije-spremaju-napad-na-ramadi\/\"]}]},{\"@type\":\"ImageObject\",\"inLanguage\":\"bs-BA\",\"@id\":\"https:\/\/sandzakpress.net\/arhiva\/elitne-siitske-milicije-spremaju-napad-na-ramadi\/#primaryimage\",\"url\":\"https:\/\/sandzakpress.net\/arhiva\/wp-content\/uploads\/2015\/05\/irak-narodna-mobilizacija-aj-main_0.jpg\",\"contentUrl\":\"https:\/\/sandzakpress.net\/arhiva\/wp-content\/uploads\/2015\/05\/irak-narodna-mobilizacija-aj-main_0.jpg\",\"width\":900,\"height\":602},{\"@type\":\"BreadcrumbList\",\"@id\":\"https:\/\/sandzakpress.net\/arhiva\/elitne-siitske-milicije-spremaju-napad-na-ramadi\/#breadcrumb\",\"itemListElement\":[{\"@type\":\"ListItem\",\"position\":1,\"name\":\"Home\",\"item\":\"https:\/\/sandzakpress.net\/arhiva\/\"},{\"@type\":\"ListItem\",\"position\":2,\"name\":\"Elitne \u0161iitske milicije spremaju napad na Ramadi\"}]},{\"@type\":\"WebSite\",\"@id\":\"https:\/\/sandzakpress.net\/arhiva\/#website\",\"url\":\"https:\/\/sandzakpress.net\/arhiva\/\",\"name\":\"Sand\u017eak PRESS\",\"description\":\"Prve elektronske novine u Sand\u017eaku\",\"publisher\":{\"@id\":\"https:\/\/sandzakpress.net\/arhiva\/#\/schema\/person\/6e72b67d6e51910a1117b3b483ba20bd\"},\"potentialAction\":[{\"@type\":\"SearchAction\",\"target\":{\"@type\":\"EntryPoint\",\"urlTemplate\":\"https:\/\/sandzakpress.net\/arhiva\/?s={search_term_string}\"},\"query-input\":{\"@type\":\"PropertyValueSpecification\",\"valueRequired\":true,\"valueName\":\"search_term_string\"}}],\"inLanguage\":\"bs-BA\"},{\"@type\":[\"Person\",\"Organization\"],\"@id\":\"https:\/\/sandzakpress.net\/arhiva\/#\/schema\/person\/6e72b67d6e51910a1117b3b483ba20bd\",\"name\":\"Kul\",\"image\":{\"@type\":\"ImageObject\",\"inLanguage\":\"bs-BA\",\"@id\":\"https:\/\/sandzakpress.net\/arhiva\/#\/schema\/person\/image\/\",\"url\":\"https:\/\/secure.gravatar.com\/avatar\/42263f39aa27ac04c43cab85c280eb2e?s=96&d=mm&r=pg\",\"contentUrl\":\"https:\/\/secure.gravatar.com\/avatar\/42263f39aa27ac04c43cab85c280eb2e?s=96&d=mm&r=pg\",\"caption\":\"Kul\"},\"logo\":{\"@id\":\"https:\/\/sandzakpress.net\/arhiva\/#\/schema\/person\/image\/\"}},{\"@type\":\"Person\",\"@id\":\"https:\/\/sandzakpress.net\/arhiva\/#\/schema\/person\/c8baee722073534b583ea7bdb2e36c02\",\"name\":\"bosniak\",\"image\":{\"@type\":\"ImageObject\",\"inLanguage\":\"bs-BA\",\"@id\":\"https:\/\/sandzakpress.net\/arhiva\/#\/schema\/person\/image\/\",\"url\":\"https:\/\/secure.gravatar.com\/avatar\/a04fd330bfe3a36a72a0ad4a6d89fca7?s=96&d=mm&r=pg\",\"contentUrl\":\"https:\/\/secure.gravatar.com\/avatar\/a04fd330bfe3a36a72a0ad4a6d89fca7?s=96&d=mm&r=pg\",\"caption\":\"bosniak\"},\"url\":\"https:\/\/sandzakpress.net\/arhiva\/author\/bosniak\/\"}]}<\/script>\n<!-- \/ Yoast SEO Premium plugin. -->","yoast_head_json":{"title":"Elitne \u0161iitske milicije spremaju napad na Ramadi","robots":{"index":"index","follow":"follow","max-snippet":"max-snippet:-1","max-image-preview":"max-image-preview:large","max-video-preview":"max-video-preview:-1"},"canonical":"https:\/\/sandzakpress.net\/arhiva\/elitne-siitske-milicije-spremaju-napad-na-ramadi\/","og_locale":"bs_BA","og_type":"article","og_title":"Elitne \u0161iitske milicije spremaju napad na Ramadi","og_description":"Svijet &#8211; \u0160iitske militantne frakcije u Iraku, poznate kao snage Narodne mobilizacije, nagla\u0161avaju da su one te koje donose odluke o mjestu i vremenu borbe za oduzimanje Anbara iz ruku oru\u017eane grupe Islamska dr\u017eava Irak i \u0160ama\u00a0(IDI\u0160) zbog \u010dinjenice da Pokrajinsko vije\u0107e nije unutar ove jednad\u017ebe. Snage koje se bore na strani ira\u010dke armije priznaju [&hellip;]","og_url":"https:\/\/sandzakpress.net\/arhiva\/elitne-siitske-milicije-spremaju-napad-na-ramadi\/","og_site_name":"Sand\u017eak PRESS","article_published_time":"2015-05-22T15:03:47+00:00","og_image":[{"width":900,"height":602,"url":"https:\/\/sandzakpress.net\/arhiva\/wp-content\/uploads\/2015\/05\/irak-narodna-mobilizacija-aj-main_0.jpg","type":"image\/jpeg"}],"author":"bosniak","twitter_card":"summary_large_image","twitter_misc":{"Written by":"bosniak","Est. reading time":"4 minute"},"schema":{"@context":"https:\/\/schema.org","@graph":[{"@type":"Article","@id":"https:\/\/sandzakpress.net\/arhiva\/elitne-siitske-milicije-spremaju-napad-na-ramadi\/#article","isPartOf":{"@id":"https:\/\/sandzakpress.net\/arhiva\/elitne-siitske-milicije-spremaju-napad-na-ramadi\/"},"author":{"name":"bosniak","@id":"https:\/\/sandzakpress.net\/arhiva\/#\/schema\/person\/c8baee722073534b583ea7bdb2e36c02"},"headline":"Elitne \u0161iitske milicije spremaju napad na Ramadi","datePublished":"2015-05-22T15:03:47+00:00","mainEntityOfPage":{"@id":"https:\/\/sandzakpress.net\/arhiva\/elitne-siitske-milicije-spremaju-napad-na-ramadi\/"},"wordCount":752,"commentCount":5,"publisher":{"@id":"https:\/\/sandzakpress.net\/arhiva\/#\/schema\/person\/6e72b67d6e51910a1117b3b483ba20bd"},"image":{"@id":"https:\/\/sandzakpress.net\/arhiva\/elitne-siitske-milicije-spremaju-napad-na-ramadi\/#primaryimage"},"thumbnailUrl":"https:\/\/sandzakpress.net\/arhiva\/wp-content\/uploads\/2015\/05\/irak-narodna-mobilizacija-aj-main_0.jpg","keywords":["Ummet"],"articleSection":["Islamski svijet"],"inLanguage":"bs-BA","potentialAction":[{"@type":"CommentAction","name":"Comment","target":["https:\/\/sandzakpress.net\/arhiva\/elitne-siitske-milicije-spremaju-napad-na-ramadi\/#respond"]}]},{"@type":"WebPage","@id":"https:\/\/sandzakpress.net\/arhiva\/elitne-siitske-milicije-spremaju-napad-na-ramadi\/","url":"https:\/\/sandzakpress.net\/arhiva\/elitne-siitske-milicije-spremaju-napad-na-ramadi\/","name":"Elitne \u0161iitske milicije spremaju napad na Ramadi","isPartOf":{"@id":"https:\/\/sandzakpress.net\/arhiva\/#website"},"primaryImageOfPage":{"@id":"https:\/\/sandzakpress.net\/arhiva\/elitne-siitske-milicije-spremaju-napad-na-ramadi\/#primaryimage"},"image":{"@id":"https:\/\/sandzakpress.net\/arhiva\/elitne-siitske-milicije-spremaju-napad-na-ramadi\/#primaryimage"},"thumbnailUrl":"https:\/\/sandzakpress.net\/arhiva\/wp-content\/uploads\/2015\/05\/irak-narodna-mobilizacija-aj-main_0.jpg","datePublished":"2015-05-22T15:03:47+00:00","breadcrumb":{"@id":"https:\/\/sandzakpress.net\/arhiva\/elitne-siitske-milicije-spremaju-napad-na-ramadi\/#breadcrumb"},"inLanguage":"bs-BA","potentialAction":[{"@type":"ReadAction","target":["https:\/\/sandzakpress.net\/arhiva\/elitne-siitske-milicije-spremaju-napad-na-ramadi\/"]}]},{"@type":"ImageObject","inLanguage":"bs-BA","@id":"https:\/\/sandzakpress.net\/arhiva\/elitne-siitske-milicije-spremaju-napad-na-ramadi\/#primaryimage","url":"https:\/\/sandzakpress.net\/arhiva\/wp-content\/uploads\/2015\/05\/irak-narodna-mobilizacija-aj-main_0.jpg","contentUrl":"https:\/\/sandzakpress.net\/arhiva\/wp-content\/uploads\/2015\/05\/irak-narodna-mobilizacija-aj-main_0.jpg","width":900,"height":602},{"@type":"BreadcrumbList","@id":"https:\/\/sandzakpress.net\/arhiva\/elitne-siitske-milicije-spremaju-napad-na-ramadi\/#breadcrumb","itemListElement":[{"@type":"ListItem","position":1,"name":"Home","item":"https:\/\/sandzakpress.net\/arhiva\/"},{"@type":"ListItem","position":2,"name":"Elitne \u0161iitske milicije spremaju napad na Ramadi"}]},{"@type":"WebSite","@id":"https:\/\/sandzakpress.net\/arhiva\/#website","url":"https:\/\/sandzakpress.net\/arhiva\/","name":"Sand\u017eak PRESS","description":"Prve elektronske novine u Sand\u017eaku","publisher":{"@id":"https:\/\/sandzakpress.net\/arhiva\/#\/schema\/person\/6e72b67d6e51910a1117b3b483ba20bd"},"potentialAction":[{"@type":"SearchAction","target":{"@type":"EntryPoint","urlTemplate":"https:\/\/sandzakpress.net\/arhiva\/?s={search_term_string}"},"query-input":{"@type":"PropertyValueSpecification","valueRequired":true,"valueName":"search_term_string"}}],"inLanguage":"bs-BA"},{"@type":["Person","Organization"],"@id":"https:\/\/sandzakpress.net\/arhiva\/#\/schema\/person\/6e72b67d6e51910a1117b3b483ba20bd","name":"Kul","image":{"@type":"ImageObject","inLanguage":"bs-BA","@id":"https:\/\/sandzakpress.net\/arhiva\/#\/schema\/person\/image\/","url":"https:\/\/secure.gravatar.com\/avatar\/42263f39aa27ac04c43cab85c280eb2e?s=96&d=mm&r=pg","contentUrl":"https:\/\/secure.gravatar.com\/avatar\/42263f39aa27ac04c43cab85c280eb2e?s=96&d=mm&r=pg","caption":"Kul"},"logo":{"@id":"https:\/\/sandzakpress.net\/arhiva\/#\/schema\/person\/image\/"}},{"@type":"Person","@id":"https:\/\/sandzakpress.net\/arhiva\/#\/schema\/person\/c8baee722073534b583ea7bdb2e36c02","name":"bosniak","image":{"@type":"ImageObject","inLanguage":"bs-BA","@id":"https:\/\/sandzakpress.net\/arhiva\/#\/schema\/person\/image\/","url":"https:\/\/secure.gravatar.com\/avatar\/a04fd330bfe3a36a72a0ad4a6d89fca7?s=96&d=mm&r=pg","contentUrl":"https:\/\/secure.gravatar.com\/avatar\/a04fd330bfe3a36a72a0ad4a6d89fca7?s=96&d=mm&r=pg","caption":"bosniak"},"url":"https:\/\/sandzakpress.net\/arhiva\/author\/bosniak\/"}]}},"_links":{"self":[{"href":"https:\/\/sandzakpress.net\/arhiva\/wp-json\/wp\/v2\/posts\/128596"}],"collection":[{"href":"https:\/\/sandzakpress.net\/arhiva\/wp-json\/wp\/v2\/posts"}],"about":[{"href":"https:\/\/sandzakpress.net\/arhiva\/wp-json\/wp\/v2\/types\/post"}],"author":[{"embeddable":true,"href":"https:\/\/sandzakpress.net\/arhiva\/wp-json\/wp\/v2\/users\/83"}],"replies":[{"embeddable":true,"href":"https:\/\/sandzakpress.net\/arhiva\/wp-json\/wp\/v2\/comments?post=128596"}],"version-history":[{"count":0,"href":"https:\/\/sandzakpress.net\/arhiva\/wp-json\/wp\/v2\/posts\/128596\/revisions"}],"wp:featuredmedia":[{"embeddable":true,"href":"https:\/\/sandzakpress.net\/arhiva\/wp-json\/wp\/v2\/media\/128597"}],"wp:attachment":[{"href":"https:\/\/sandzakpress.net\/arhiva\/wp-json\/wp\/v2\/media?parent=128596"}],"wp:term":[{"taxonomy":"category","embeddable":true,"href":"https:\/\/sandzakpress.net\/arhiva\/wp-json\/wp\/v2\/categories?post=128596"},{"taxonomy":"post_tag","embeddable":true,"href":"https:\/\/sandzakpress.net\/arhiva\/wp-json\/wp\/v2\/tags?post=128596"}],"curies":[{"name":"wp","href":"https:\/\/api.w.org\/{rel}","templated":true}]}}