{"id":128594,"date":"2015-05-22T17:01:18","date_gmt":"2015-05-22T15:01:18","guid":{"rendered":"https:\/\/sandzakpress.net\/arhiva\/?p=128594"},"modified":"2015-05-22T17:01:18","modified_gmt":"2015-05-22T15:01:18","slug":"hadzic-ponovno-na-privremenoj-slobodi","status":"publish","type":"post","link":"https:\/\/sandzakpress.net\/arhiva\/hadzic-ponovno-na-privremenoj-slobodi\/","title":{"rendered":"Had\u017ei\u0107 ponovno na privremenoj slobodi"},"content":{"rendered":"<p><img decoding=\"async\" src=\"http:\/\/balkans.aljazeera.net\/sites\/staff.balkans.aljazeera.com\/files\/styles\/aljazeera_article_main_image\/public\/goran_hadzic-epa-main_2.jpg?itok=iMeaOBQp\" alt=\"Goran Had\u017ei\u0107\" \/><\/p>\n<p><strong>Holnadija &#8211; Sudsko vije\u0107e Ha\u0161kog tribunala odobrilo je ponovno pu\u0161tanje optu\u017eenika za ratne zlo\u010dine Gorana Had\u017ei\u0107a na privremenu slobodu \u010dim od Srbije budu stigla potrebna jamstva.<\/strong><\/p>\n<p>Za Had\u017ei\u0107a \u0107e, prema odluci sudskog vije\u0107a, va\u017eiti isti uvjeti kao i u travnju, kada je zbog lije\u010denja prvi put pu\u0161ten na privremenu slobodu, prenosi Srna.<\/p>\n<p>To \u0107e zna\u010diti da \u0107e Had\u017ei\u0107 biti pod svakodnevnim policijskim nadzorom te da ne\u0107e mo\u0107i govoriti u javnosti, kako je priop\u0107eno iz Ha\u0161kog tribunala.<\/p>\n<p>Had\u017ei\u0107 je po\u010detkom svibnja vra\u0107en u Haag na kontrolni zdravstveni pregled, ali se nedavno vratio u Haag zbog pregleda jer je lije\u010denje zapo\u010deo u Nizozemskoj.<\/p>\n<p>Su\u0111enje u prekidu<\/p>\n<p>Su\u0111enje Had\u017ei\u0107u u prekidu je od listopada 2014. godine, kada mu je pozlilo u sudskom pritvoru nakon \u0161to je obolio od tumora mozga.<\/p>\n<p>Had\u017ei\u0107 je optu\u017een za zlo\u010dine protiv \u010dovje\u010dnosti te kr\u0161enje zakona i obi\u010daja ratovanja u Hrvatskoj od 1991. do 1995.<\/p>\n<p>Uhi\u0107en je prije \u010detiri godine na Fru\u0161koj gori i izru\u010den Tribunalu, gdje se prilikom prvog pojavljivanja pred sudom izjasnio da nije kriv ni po jednoj to\u010dki optu\u017enice.<\/p>\n<p>Izvor: Agencije<\/p>\n","protected":false},"excerpt":{"rendered":"<p>Holnadija &#8211; Sudsko vije\u0107e Ha\u0161kog tribunala odobrilo je ponovno pu\u0161tanje optu\u017eenika za ratne zlo\u010dine Gorana Had\u017ei\u0107a na privremenu slobodu \u010dim od Srbije budu stigla potrebna jamstva. Za Had\u017ei\u0107a \u0107e, prema odluci sudskog vije\u0107a, va\u017eiti isti uvjeti kao i u travnju, kada je zbog lije\u010denja prvi put pu\u0161ten na privremenu slobodu, prenosi Srna. To \u0107e zna\u010diti [&hellip;]<\/p>\n","protected":false},"author":83,"featured_media":128595,"comment_status":"open","ping_status":"open","sticky":false,"template":"","format":"standard","meta":{"footnotes":""},"categories":[9,9545],"tags":[],"class_list":{"0":"post-128594","1":"post","2":"type-post","3":"status-publish","4":"format-standard","5":"has-post-thumbnail","7":"category-svijet","8":"category-holandija-dijaspora-gradovi-vase-vijesti"},"yoast_head":"<!-- This site is optimized with the Yoast SEO Premium plugin v23.1 (Yoast SEO v24.9) - https:\/\/yoast.com\/wordpress\/plugins\/seo\/ -->\n<title>Had\u017ei\u0107 ponovno na privremenoj slobodi<\/title>\n<meta name=\"robots\" content=\"index, follow, max-snippet:-1, max-image-preview:large, max-video-preview:-1\" \/>\n<link rel=\"canonical\" href=\"https:\/\/sandzakpress.net\/arhiva\/hadzic-ponovno-na-privremenoj-slobodi\/\" \/>\n<meta property=\"og:locale\" content=\"bs_BA\" \/>\n<meta property=\"og:type\" content=\"article\" \/>\n<meta property=\"og:title\" content=\"Had\u017ei\u0107 ponovno na privremenoj slobodi\" \/>\n<meta property=\"og:description\" content=\"Holnadija &#8211; Sudsko vije\u0107e Ha\u0161kog tribunala odobrilo je ponovno pu\u0161tanje optu\u017eenika za ratne zlo\u010dine Gorana Had\u017ei\u0107a na privremenu slobodu \u010dim od Srbije budu stigla potrebna jamstva. Za Had\u017ei\u0107a \u0107e, prema odluci sudskog vije\u0107a, va\u017eiti isti uvjeti kao i u travnju, kada je zbog lije\u010denja prvi put pu\u0161ten na privremenu slobodu, prenosi Srna. To \u0107e zna\u010diti [&hellip;]\" \/>\n<meta property=\"og:url\" content=\"https:\/\/sandzakpress.net\/arhiva\/hadzic-ponovno-na-privremenoj-slobodi\/\" \/>\n<meta property=\"og:site_name\" content=\"Sand\u017eak PRESS\" \/>\n<meta property=\"article:published_time\" content=\"2015-05-22T15:01:18+00:00\" \/>\n<meta property=\"og:image\" content=\"https:\/\/sandzakpress.net\/arhiva\/wp-content\/uploads\/2015\/05\/goran_hadzic-epa-main_2.jpg\" \/>\n\t<meta property=\"og:image:width\" content=\"900\" \/>\n\t<meta property=\"og:image:height\" content=\"602\" \/>\n\t<meta property=\"og:image:type\" content=\"image\/jpeg\" \/>\n<meta name=\"author\" content=\"bosniak\" \/>\n<meta name=\"twitter:card\" content=\"summary_large_image\" \/>\n<meta name=\"twitter:label1\" content=\"Written by\" \/>\n\t<meta name=\"twitter:data1\" content=\"bosniak\" \/>\n\t<meta name=\"twitter:label2\" content=\"Est. reading time\" \/>\n\t<meta name=\"twitter:data2\" content=\"1 minuta\" \/>\n<script type=\"application\/ld+json\" class=\"yoast-schema-graph\">{\"@context\":\"https:\/\/schema.org\",\"@graph\":[{\"@type\":\"Article\",\"@id\":\"https:\/\/sandzakpress.net\/arhiva\/hadzic-ponovno-na-privremenoj-slobodi\/#article\",\"isPartOf\":{\"@id\":\"https:\/\/sandzakpress.net\/arhiva\/hadzic-ponovno-na-privremenoj-slobodi\/\"},\"author\":{\"name\":\"bosniak\",\"@id\":\"https:\/\/sandzakpress.net\/arhiva\/#\/schema\/person\/c8baee722073534b583ea7bdb2e36c02\"},\"headline\":\"Had\u017ei\u0107 ponovno na privremenoj slobodi\",\"datePublished\":\"2015-05-22T15:01:18+00:00\",\"mainEntityOfPage\":{\"@id\":\"https:\/\/sandzakpress.net\/arhiva\/hadzic-ponovno-na-privremenoj-slobodi\/\"},\"wordCount\":217,\"commentCount\":2,\"publisher\":{\"@id\":\"https:\/\/sandzakpress.net\/arhiva\/#\/schema\/person\/6e72b67d6e51910a1117b3b483ba20bd\"},\"image\":{\"@id\":\"https:\/\/sandzakpress.net\/arhiva\/hadzic-ponovno-na-privremenoj-slobodi\/#primaryimage\"},\"thumbnailUrl\":\"https:\/\/sandzakpress.net\/arhiva\/wp-content\/uploads\/2015\/05\/goran_hadzic-epa-main_2.jpg\",\"articleSection\":[\"Svijet\",\"Holandija\"],\"inLanguage\":\"bs-BA\",\"potentialAction\":[{\"@type\":\"CommentAction\",\"name\":\"Comment\",\"target\":[\"https:\/\/sandzakpress.net\/arhiva\/hadzic-ponovno-na-privremenoj-slobodi\/#respond\"]}]},{\"@type\":\"WebPage\",\"@id\":\"https:\/\/sandzakpress.net\/arhiva\/hadzic-ponovno-na-privremenoj-slobodi\/\",\"url\":\"https:\/\/sandzakpress.net\/arhiva\/hadzic-ponovno-na-privremenoj-slobodi\/\",\"name\":\"Had\u017ei\u0107 ponovno na privremenoj slobodi\",\"isPartOf\":{\"@id\":\"https:\/\/sandzakpress.net\/arhiva\/#website\"},\"primaryImageOfPage\":{\"@id\":\"https:\/\/sandzakpress.net\/arhiva\/hadzic-ponovno-na-privremenoj-slobodi\/#primaryimage\"},\"image\":{\"@id\":\"https:\/\/sandzakpress.net\/arhiva\/hadzic-ponovno-na-privremenoj-slobodi\/#primaryimage\"},\"thumbnailUrl\":\"https:\/\/sandzakpress.net\/arhiva\/wp-content\/uploads\/2015\/05\/goran_hadzic-epa-main_2.jpg\",\"datePublished\":\"2015-05-22T15:01:18+00:00\",\"breadcrumb\":{\"@id\":\"https:\/\/sandzakpress.net\/arhiva\/hadzic-ponovno-na-privremenoj-slobodi\/#breadcrumb\"},\"inLanguage\":\"bs-BA\",\"potentialAction\":[{\"@type\":\"ReadAction\",\"target\":[\"https:\/\/sandzakpress.net\/arhiva\/hadzic-ponovno-na-privremenoj-slobodi\/\"]}]},{\"@type\":\"ImageObject\",\"inLanguage\":\"bs-BA\",\"@id\":\"https:\/\/sandzakpress.net\/arhiva\/hadzic-ponovno-na-privremenoj-slobodi\/#primaryimage\",\"url\":\"https:\/\/sandzakpress.net\/arhiva\/wp-content\/uploads\/2015\/05\/goran_hadzic-epa-main_2.jpg\",\"contentUrl\":\"https:\/\/sandzakpress.net\/arhiva\/wp-content\/uploads\/2015\/05\/goran_hadzic-epa-main_2.jpg\",\"width\":900,\"height\":602},{\"@type\":\"BreadcrumbList\",\"@id\":\"https:\/\/sandzakpress.net\/arhiva\/hadzic-ponovno-na-privremenoj-slobodi\/#breadcrumb\",\"itemListElement\":[{\"@type\":\"ListItem\",\"position\":1,\"name\":\"Home\",\"item\":\"https:\/\/sandzakpress.net\/arhiva\/\"},{\"@type\":\"ListItem\",\"position\":2,\"name\":\"Had\u017ei\u0107 ponovno na privremenoj slobodi\"}]},{\"@type\":\"WebSite\",\"@id\":\"https:\/\/sandzakpress.net\/arhiva\/#website\",\"url\":\"https:\/\/sandzakpress.net\/arhiva\/\",\"name\":\"Sand\u017eak PRESS\",\"description\":\"Prve elektronske novine u Sand\u017eaku\",\"publisher\":{\"@id\":\"https:\/\/sandzakpress.net\/arhiva\/#\/schema\/person\/6e72b67d6e51910a1117b3b483ba20bd\"},\"potentialAction\":[{\"@type\":\"SearchAction\",\"target\":{\"@type\":\"EntryPoint\",\"urlTemplate\":\"https:\/\/sandzakpress.net\/arhiva\/?s={search_term_string}\"},\"query-input\":{\"@type\":\"PropertyValueSpecification\",\"valueRequired\":true,\"valueName\":\"search_term_string\"}}],\"inLanguage\":\"bs-BA\"},{\"@type\":[\"Person\",\"Organization\"],\"@id\":\"https:\/\/sandzakpress.net\/arhiva\/#\/schema\/person\/6e72b67d6e51910a1117b3b483ba20bd\",\"name\":\"Kul\",\"image\":{\"@type\":\"ImageObject\",\"inLanguage\":\"bs-BA\",\"@id\":\"https:\/\/sandzakpress.net\/arhiva\/#\/schema\/person\/image\/\",\"url\":\"https:\/\/secure.gravatar.com\/avatar\/42263f39aa27ac04c43cab85c280eb2e?s=96&d=mm&r=pg\",\"contentUrl\":\"https:\/\/secure.gravatar.com\/avatar\/42263f39aa27ac04c43cab85c280eb2e?s=96&d=mm&r=pg\",\"caption\":\"Kul\"},\"logo\":{\"@id\":\"https:\/\/sandzakpress.net\/arhiva\/#\/schema\/person\/image\/\"}},{\"@type\":\"Person\",\"@id\":\"https:\/\/sandzakpress.net\/arhiva\/#\/schema\/person\/c8baee722073534b583ea7bdb2e36c02\",\"name\":\"bosniak\",\"image\":{\"@type\":\"ImageObject\",\"inLanguage\":\"bs-BA\",\"@id\":\"https:\/\/sandzakpress.net\/arhiva\/#\/schema\/person\/image\/\",\"url\":\"https:\/\/secure.gravatar.com\/avatar\/a04fd330bfe3a36a72a0ad4a6d89fca7?s=96&d=mm&r=pg\",\"contentUrl\":\"https:\/\/secure.gravatar.com\/avatar\/a04fd330bfe3a36a72a0ad4a6d89fca7?s=96&d=mm&r=pg\",\"caption\":\"bosniak\"},\"url\":\"https:\/\/sandzakpress.net\/arhiva\/author\/bosniak\/\"}]}<\/script>\n<!-- \/ Yoast SEO Premium plugin. -->","yoast_head_json":{"title":"Had\u017ei\u0107 ponovno na privremenoj slobodi","robots":{"index":"index","follow":"follow","max-snippet":"max-snippet:-1","max-image-preview":"max-image-preview:large","max-video-preview":"max-video-preview:-1"},"canonical":"https:\/\/sandzakpress.net\/arhiva\/hadzic-ponovno-na-privremenoj-slobodi\/","og_locale":"bs_BA","og_type":"article","og_title":"Had\u017ei\u0107 ponovno na privremenoj slobodi","og_description":"Holnadija &#8211; Sudsko vije\u0107e Ha\u0161kog tribunala odobrilo je ponovno pu\u0161tanje optu\u017eenika za ratne zlo\u010dine Gorana Had\u017ei\u0107a na privremenu slobodu \u010dim od Srbije budu stigla potrebna jamstva. Za Had\u017ei\u0107a \u0107e, prema odluci sudskog vije\u0107a, va\u017eiti isti uvjeti kao i u travnju, kada je zbog lije\u010denja prvi put pu\u0161ten na privremenu slobodu, prenosi Srna. To \u0107e zna\u010diti [&hellip;]","og_url":"https:\/\/sandzakpress.net\/arhiva\/hadzic-ponovno-na-privremenoj-slobodi\/","og_site_name":"Sand\u017eak PRESS","article_published_time":"2015-05-22T15:01:18+00:00","og_image":[{"width":900,"height":602,"url":"https:\/\/sandzakpress.net\/arhiva\/wp-content\/uploads\/2015\/05\/goran_hadzic-epa-main_2.jpg","type":"image\/jpeg"}],"author":"bosniak","twitter_card":"summary_large_image","twitter_misc":{"Written by":"bosniak","Est. reading time":"1 minuta"},"schema":{"@context":"https:\/\/schema.org","@graph":[{"@type":"Article","@id":"https:\/\/sandzakpress.net\/arhiva\/hadzic-ponovno-na-privremenoj-slobodi\/#article","isPartOf":{"@id":"https:\/\/sandzakpress.net\/arhiva\/hadzic-ponovno-na-privremenoj-slobodi\/"},"author":{"name":"bosniak","@id":"https:\/\/sandzakpress.net\/arhiva\/#\/schema\/person\/c8baee722073534b583ea7bdb2e36c02"},"headline":"Had\u017ei\u0107 ponovno na privremenoj slobodi","datePublished":"2015-05-22T15:01:18+00:00","mainEntityOfPage":{"@id":"https:\/\/sandzakpress.net\/arhiva\/hadzic-ponovno-na-privremenoj-slobodi\/"},"wordCount":217,"commentCount":2,"publisher":{"@id":"https:\/\/sandzakpress.net\/arhiva\/#\/schema\/person\/6e72b67d6e51910a1117b3b483ba20bd"},"image":{"@id":"https:\/\/sandzakpress.net\/arhiva\/hadzic-ponovno-na-privremenoj-slobodi\/#primaryimage"},"thumbnailUrl":"https:\/\/sandzakpress.net\/arhiva\/wp-content\/uploads\/2015\/05\/goran_hadzic-epa-main_2.jpg","articleSection":["Svijet","Holandija"],"inLanguage":"bs-BA","potentialAction":[{"@type":"CommentAction","name":"Comment","target":["https:\/\/sandzakpress.net\/arhiva\/hadzic-ponovno-na-privremenoj-slobodi\/#respond"]}]},{"@type":"WebPage","@id":"https:\/\/sandzakpress.net\/arhiva\/hadzic-ponovno-na-privremenoj-slobodi\/","url":"https:\/\/sandzakpress.net\/arhiva\/hadzic-ponovno-na-privremenoj-slobodi\/","name":"Had\u017ei\u0107 ponovno na privremenoj slobodi","isPartOf":{"@id":"https:\/\/sandzakpress.net\/arhiva\/#website"},"primaryImageOfPage":{"@id":"https:\/\/sandzakpress.net\/arhiva\/hadzic-ponovno-na-privremenoj-slobodi\/#primaryimage"},"image":{"@id":"https:\/\/sandzakpress.net\/arhiva\/hadzic-ponovno-na-privremenoj-slobodi\/#primaryimage"},"thumbnailUrl":"https:\/\/sandzakpress.net\/arhiva\/wp-content\/uploads\/2015\/05\/goran_hadzic-epa-main_2.jpg","datePublished":"2015-05-22T15:01:18+00:00","breadcrumb":{"@id":"https:\/\/sandzakpress.net\/arhiva\/hadzic-ponovno-na-privremenoj-slobodi\/#breadcrumb"},"inLanguage":"bs-BA","potentialAction":[{"@type":"ReadAction","target":["https:\/\/sandzakpress.net\/arhiva\/hadzic-ponovno-na-privremenoj-slobodi\/"]}]},{"@type":"ImageObject","inLanguage":"bs-BA","@id":"https:\/\/sandzakpress.net\/arhiva\/hadzic-ponovno-na-privremenoj-slobodi\/#primaryimage","url":"https:\/\/sandzakpress.net\/arhiva\/wp-content\/uploads\/2015\/05\/goran_hadzic-epa-main_2.jpg","contentUrl":"https:\/\/sandzakpress.net\/arhiva\/wp-content\/uploads\/2015\/05\/goran_hadzic-epa-main_2.jpg","width":900,"height":602},{"@type":"BreadcrumbList","@id":"https:\/\/sandzakpress.net\/arhiva\/hadzic-ponovno-na-privremenoj-slobodi\/#breadcrumb","itemListElement":[{"@type":"ListItem","position":1,"name":"Home","item":"https:\/\/sandzakpress.net\/arhiva\/"},{"@type":"ListItem","position":2,"name":"Had\u017ei\u0107 ponovno na privremenoj slobodi"}]},{"@type":"WebSite","@id":"https:\/\/sandzakpress.net\/arhiva\/#website","url":"https:\/\/sandzakpress.net\/arhiva\/","name":"Sand\u017eak PRESS","description":"Prve elektronske novine u Sand\u017eaku","publisher":{"@id":"https:\/\/sandzakpress.net\/arhiva\/#\/schema\/person\/6e72b67d6e51910a1117b3b483ba20bd"},"potentialAction":[{"@type":"SearchAction","target":{"@type":"EntryPoint","urlTemplate":"https:\/\/sandzakpress.net\/arhiva\/?s={search_term_string}"},"query-input":{"@type":"PropertyValueSpecification","valueRequired":true,"valueName":"search_term_string"}}],"inLanguage":"bs-BA"},{"@type":["Person","Organization"],"@id":"https:\/\/sandzakpress.net\/arhiva\/#\/schema\/person\/6e72b67d6e51910a1117b3b483ba20bd","name":"Kul","image":{"@type":"ImageObject","inLanguage":"bs-BA","@id":"https:\/\/sandzakpress.net\/arhiva\/#\/schema\/person\/image\/","url":"https:\/\/secure.gravatar.com\/avatar\/42263f39aa27ac04c43cab85c280eb2e?s=96&d=mm&r=pg","contentUrl":"https:\/\/secure.gravatar.com\/avatar\/42263f39aa27ac04c43cab85c280eb2e?s=96&d=mm&r=pg","caption":"Kul"},"logo":{"@id":"https:\/\/sandzakpress.net\/arhiva\/#\/schema\/person\/image\/"}},{"@type":"Person","@id":"https:\/\/sandzakpress.net\/arhiva\/#\/schema\/person\/c8baee722073534b583ea7bdb2e36c02","name":"bosniak","image":{"@type":"ImageObject","inLanguage":"bs-BA","@id":"https:\/\/sandzakpress.net\/arhiva\/#\/schema\/person\/image\/","url":"https:\/\/secure.gravatar.com\/avatar\/a04fd330bfe3a36a72a0ad4a6d89fca7?s=96&d=mm&r=pg","contentUrl":"https:\/\/secure.gravatar.com\/avatar\/a04fd330bfe3a36a72a0ad4a6d89fca7?s=96&d=mm&r=pg","caption":"bosniak"},"url":"https:\/\/sandzakpress.net\/arhiva\/author\/bosniak\/"}]}},"_links":{"self":[{"href":"https:\/\/sandzakpress.net\/arhiva\/wp-json\/wp\/v2\/posts\/128594"}],"collection":[{"href":"https:\/\/sandzakpress.net\/arhiva\/wp-json\/wp\/v2\/posts"}],"about":[{"href":"https:\/\/sandzakpress.net\/arhiva\/wp-json\/wp\/v2\/types\/post"}],"author":[{"embeddable":true,"href":"https:\/\/sandzakpress.net\/arhiva\/wp-json\/wp\/v2\/users\/83"}],"replies":[{"embeddable":true,"href":"https:\/\/sandzakpress.net\/arhiva\/wp-json\/wp\/v2\/comments?post=128594"}],"version-history":[{"count":0,"href":"https:\/\/sandzakpress.net\/arhiva\/wp-json\/wp\/v2\/posts\/128594\/revisions"}],"wp:featuredmedia":[{"embeddable":true,"href":"https:\/\/sandzakpress.net\/arhiva\/wp-json\/wp\/v2\/media\/128595"}],"wp:attachment":[{"href":"https:\/\/sandzakpress.net\/arhiva\/wp-json\/wp\/v2\/media?parent=128594"}],"wp:term":[{"taxonomy":"category","embeddable":true,"href":"https:\/\/sandzakpress.net\/arhiva\/wp-json\/wp\/v2\/categories?post=128594"},{"taxonomy":"post_tag","embeddable":true,"href":"https:\/\/sandzakpress.net\/arhiva\/wp-json\/wp\/v2\/tags?post=128594"}],"curies":[{"name":"wp","href":"https:\/\/api.w.org\/{rel}","templated":true}]}}