{"id":128516,"date":"2015-05-21T12:10:23","date_gmt":"2015-05-21T10:10:23","guid":{"rendered":"https:\/\/sandzakpress.net\/arhiva\/?p=128516"},"modified":"2015-05-21T12:10:23","modified_gmt":"2015-05-21T10:10:23","slug":"palestinci-ne-zele-utakmicu-sa-izraelcima","status":"publish","type":"post","link":"https:\/\/sandzakpress.net\/arhiva\/palestinci-ne-zele-utakmicu-sa-izraelcima\/","title":{"rendered":"Palestinci ne \u017eele utakmicu sa Izraelcima"},"content":{"rendered":"<p><img decoding=\"async\" src=\"http:\/\/balkans.aljazeera.net\/sites\/staff.balkans.aljazeera.com\/files\/styles\/aljazeera_article_main_image\/public\/fifa_palestina_main.jpg?itok=bwbOwAP5\" alt=\"Ramallah, FIFA, UEFA, Jibril Rajoub, Sepp Blatter, Suspenzija Izraela\" \/><\/p>\n<p><strong>Svijet &#8211; Predsjednik Palestinskog nogometnog saveza Jibril Rajoub, pozdravio je ideju predsjednika FIFA-e Seppa Blattera o prijateljskoj utakmici Izraela i Palestine, ali je i dodao da je ta &#8220;Utakmica za mir&#8221; u ovom trenutku neizvodiva.<\/strong><\/p>\n<p>&#8220;Ideja je vrlo dobra, ali okolnosti su takve da je sada zapravo nemogu\u0107a. Ako Izraelci naprave odre\u0111ene korake ka miru i saradnji, onda \u0107emo razmisliti&#8221;, kazao je Rajoub, koji je dodao kako Palestinci ne odustaju od zahtjeva za suspenzijom Izraela iz me\u0111unarodnih nogometnih asocijacija zbog \u010dinjenice da u Izraelskoj ligi nastupa pet klubova iz jevrejskih naselja na okupiranoj Zapadnoj obali.<\/p>\n<p>Palestinska nogometna asocijacija ne\u0107e odustati od nastojanja da Izrael bude suspendovan iz Me\u0111unarodne nogometne federacije (FIFA), izjavio je danas \u0161ef te asocijacije na sastanku sa Seppom Blatterom.<\/p>\n<p><strong>Palestinci ne odustaju<\/strong><\/p>\n<p>&#8220;Ostavi\u0107emo prijedlog na dnevnom redu (predstoje\u0107eg FIFA kongresa) za ozbiljne i otvorene diskusije 208 \u010dlanova FIFA,&#8221; rekao je Jibril Rajoub na zajedni\u010dkoj konfernciji sa predsjednikom FIFA-e Seppom Blatterom u Ramali na Zapadnoj obali, prenijeli su izraelski mediji.<\/p>\n<p>Palestinci upozoravaju da izraelske sigurnosne restrikcije ograni\u010davaju kretanje palestinskih igra\u010da, timova koji dolaze u posjetu te nabavku potrebne sportske opreme.<\/p>\n<p>&#8220;Ne\u0107e biti kompromisa u odnosu na slobodno kretanje na\u0161ih sportista i zvani\u010dnika&#8221;, naglasio je Rajoub. On nije izri\u010dito odbacio ideju &#8220;o utakmici za mir&#8221; izme\u0111u izraelskog i palestinskog tima, ocijenio je da uslovi jo\u0161 nisu sazreli.<\/p>\n<p>Palestina je \u010dlanica FIFE od 1998. godine, a nastupa u Azijskoj nogometnoj konfederaciji, za razliku od Izraela, koji je \u010dlan UEFE.<\/p>\n<p>Predsjednik Me\u0111unarodnog nogometnog saveza (FIFA) Sepp Blatter, iznio je prilikom slu\u017ebene posjete Jerusalemu odigravanje prijateljske utakmice izme\u0111u reprezentacija Izraela i Palestine kao doprinos mirovnom procesu.<\/p>\n<p>Izvor: Agencije<\/p>\n","protected":false},"excerpt":{"rendered":"<p>Svijet &#8211; Predsjednik Palestinskog nogometnog saveza Jibril Rajoub, pozdravio je ideju predsjednika FIFA-e Seppa Blattera o prijateljskoj utakmici Izraela i Palestine, ali je i dodao da je ta &#8220;Utakmica za mir&#8221; u ovom trenutku neizvodiva. &#8220;Ideja je vrlo dobra, ali okolnosti su takve da je sada zapravo nemogu\u0107a. Ako Izraelci naprave odre\u0111ene korake ka miru [&hellip;]<\/p>\n","protected":false},"author":83,"featured_media":128517,"comment_status":"open","ping_status":"open","sticky":false,"template":"","format":"standard","meta":{"footnotes":""},"categories":[10512],"tags":[10249],"class_list":{"0":"post-128516","1":"post","2":"type-post","3":"status-publish","4":"format-standard","5":"has-post-thumbnail","7":"category-islamski-svijet","8":"tag-palestina"},"yoast_head":"<!-- This site is optimized with the Yoast SEO Premium plugin v23.1 (Yoast SEO v24.9) - https:\/\/yoast.com\/wordpress\/plugins\/seo\/ -->\n<title>Palestinci ne \u017eele utakmicu sa Izraelcima<\/title>\n<meta name=\"robots\" content=\"index, follow, max-snippet:-1, max-image-preview:large, max-video-preview:-1\" \/>\n<link rel=\"canonical\" href=\"https:\/\/sandzakpress.net\/arhiva\/palestinci-ne-zele-utakmicu-sa-izraelcima\/\" \/>\n<meta property=\"og:locale\" content=\"bs_BA\" \/>\n<meta property=\"og:type\" content=\"article\" \/>\n<meta property=\"og:title\" content=\"Palestinci ne \u017eele utakmicu sa Izraelcima\" \/>\n<meta property=\"og:description\" content=\"Svijet &#8211; Predsjednik Palestinskog nogometnog saveza Jibril Rajoub, pozdravio je ideju predsjednika FIFA-e Seppa Blattera o prijateljskoj utakmici Izraela i Palestine, ali je i dodao da je ta &#8220;Utakmica za mir&#8221; u ovom trenutku neizvodiva. &#8220;Ideja je vrlo dobra, ali okolnosti su takve da je sada zapravo nemogu\u0107a. Ako Izraelci naprave odre\u0111ene korake ka miru [&hellip;]\" \/>\n<meta property=\"og:url\" content=\"https:\/\/sandzakpress.net\/arhiva\/palestinci-ne-zele-utakmicu-sa-izraelcima\/\" \/>\n<meta property=\"og:site_name\" content=\"Sand\u017eak PRESS\" \/>\n<meta property=\"article:published_time\" content=\"2015-05-21T10:10:23+00:00\" \/>\n<meta property=\"og:image\" content=\"https:\/\/sandzakpress.net\/arhiva\/wp-content\/uploads\/2015\/05\/fifa_palestina_main.jpg\" \/>\n\t<meta property=\"og:image:width\" content=\"900\" \/>\n\t<meta property=\"og:image:height\" content=\"600\" \/>\n\t<meta property=\"og:image:type\" content=\"image\/jpeg\" \/>\n<meta name=\"author\" content=\"bosniak\" \/>\n<meta name=\"twitter:card\" content=\"summary_large_image\" \/>\n<meta name=\"twitter:label1\" content=\"Written by\" \/>\n\t<meta name=\"twitter:data1\" content=\"bosniak\" \/>\n\t<meta name=\"twitter:label2\" content=\"Est. reading time\" \/>\n\t<meta name=\"twitter:data2\" content=\"1 minuta\" \/>\n<script type=\"application\/ld+json\" class=\"yoast-schema-graph\">{\"@context\":\"https:\/\/schema.org\",\"@graph\":[{\"@type\":\"Article\",\"@id\":\"https:\/\/sandzakpress.net\/arhiva\/palestinci-ne-zele-utakmicu-sa-izraelcima\/#article\",\"isPartOf\":{\"@id\":\"https:\/\/sandzakpress.net\/arhiva\/palestinci-ne-zele-utakmicu-sa-izraelcima\/\"},\"author\":{\"name\":\"bosniak\",\"@id\":\"https:\/\/sandzakpress.net\/arhiva\/#\/schema\/person\/c8baee722073534b583ea7bdb2e36c02\"},\"headline\":\"Palestinci ne \u017eele utakmicu sa Izraelcima\",\"datePublished\":\"2015-05-21T10:10:23+00:00\",\"mainEntityOfPage\":{\"@id\":\"https:\/\/sandzakpress.net\/arhiva\/palestinci-ne-zele-utakmicu-sa-izraelcima\/\"},\"wordCount\":288,\"commentCount\":0,\"publisher\":{\"@id\":\"https:\/\/sandzakpress.net\/arhiva\/#\/schema\/person\/6e72b67d6e51910a1117b3b483ba20bd\"},\"image\":{\"@id\":\"https:\/\/sandzakpress.net\/arhiva\/palestinci-ne-zele-utakmicu-sa-izraelcima\/#primaryimage\"},\"thumbnailUrl\":\"https:\/\/sandzakpress.net\/arhiva\/wp-content\/uploads\/2015\/05\/fifa_palestina_main.jpg\",\"keywords\":[\"Palestina\"],\"articleSection\":[\"Islamski svijet\"],\"inLanguage\":\"bs-BA\",\"potentialAction\":[{\"@type\":\"CommentAction\",\"name\":\"Comment\",\"target\":[\"https:\/\/sandzakpress.net\/arhiva\/palestinci-ne-zele-utakmicu-sa-izraelcima\/#respond\"]}]},{\"@type\":\"WebPage\",\"@id\":\"https:\/\/sandzakpress.net\/arhiva\/palestinci-ne-zele-utakmicu-sa-izraelcima\/\",\"url\":\"https:\/\/sandzakpress.net\/arhiva\/palestinci-ne-zele-utakmicu-sa-izraelcima\/\",\"name\":\"Palestinci ne \u017eele utakmicu sa Izraelcima\",\"isPartOf\":{\"@id\":\"https:\/\/sandzakpress.net\/arhiva\/#website\"},\"primaryImageOfPage\":{\"@id\":\"https:\/\/sandzakpress.net\/arhiva\/palestinci-ne-zele-utakmicu-sa-izraelcima\/#primaryimage\"},\"image\":{\"@id\":\"https:\/\/sandzakpress.net\/arhiva\/palestinci-ne-zele-utakmicu-sa-izraelcima\/#primaryimage\"},\"thumbnailUrl\":\"https:\/\/sandzakpress.net\/arhiva\/wp-content\/uploads\/2015\/05\/fifa_palestina_main.jpg\",\"datePublished\":\"2015-05-21T10:10:23+00:00\",\"breadcrumb\":{\"@id\":\"https:\/\/sandzakpress.net\/arhiva\/palestinci-ne-zele-utakmicu-sa-izraelcima\/#breadcrumb\"},\"inLanguage\":\"bs-BA\",\"potentialAction\":[{\"@type\":\"ReadAction\",\"target\":[\"https:\/\/sandzakpress.net\/arhiva\/palestinci-ne-zele-utakmicu-sa-izraelcima\/\"]}]},{\"@type\":\"ImageObject\",\"inLanguage\":\"bs-BA\",\"@id\":\"https:\/\/sandzakpress.net\/arhiva\/palestinci-ne-zele-utakmicu-sa-izraelcima\/#primaryimage\",\"url\":\"https:\/\/sandzakpress.net\/arhiva\/wp-content\/uploads\/2015\/05\/fifa_palestina_main.jpg\",\"contentUrl\":\"https:\/\/sandzakpress.net\/arhiva\/wp-content\/uploads\/2015\/05\/fifa_palestina_main.jpg\",\"width\":900,\"height\":600},{\"@type\":\"BreadcrumbList\",\"@id\":\"https:\/\/sandzakpress.net\/arhiva\/palestinci-ne-zele-utakmicu-sa-izraelcima\/#breadcrumb\",\"itemListElement\":[{\"@type\":\"ListItem\",\"position\":1,\"name\":\"Home\",\"item\":\"https:\/\/sandzakpress.net\/arhiva\/\"},{\"@type\":\"ListItem\",\"position\":2,\"name\":\"Palestinci ne \u017eele utakmicu sa Izraelcima\"}]},{\"@type\":\"WebSite\",\"@id\":\"https:\/\/sandzakpress.net\/arhiva\/#website\",\"url\":\"https:\/\/sandzakpress.net\/arhiva\/\",\"name\":\"Sand\u017eak PRESS\",\"description\":\"Prve elektronske novine u Sand\u017eaku\",\"publisher\":{\"@id\":\"https:\/\/sandzakpress.net\/arhiva\/#\/schema\/person\/6e72b67d6e51910a1117b3b483ba20bd\"},\"potentialAction\":[{\"@type\":\"SearchAction\",\"target\":{\"@type\":\"EntryPoint\",\"urlTemplate\":\"https:\/\/sandzakpress.net\/arhiva\/?s={search_term_string}\"},\"query-input\":{\"@type\":\"PropertyValueSpecification\",\"valueRequired\":true,\"valueName\":\"search_term_string\"}}],\"inLanguage\":\"bs-BA\"},{\"@type\":[\"Person\",\"Organization\"],\"@id\":\"https:\/\/sandzakpress.net\/arhiva\/#\/schema\/person\/6e72b67d6e51910a1117b3b483ba20bd\",\"name\":\"Kul\",\"image\":{\"@type\":\"ImageObject\",\"inLanguage\":\"bs-BA\",\"@id\":\"https:\/\/sandzakpress.net\/arhiva\/#\/schema\/person\/image\/\",\"url\":\"https:\/\/secure.gravatar.com\/avatar\/42263f39aa27ac04c43cab85c280eb2e?s=96&d=mm&r=pg\",\"contentUrl\":\"https:\/\/secure.gravatar.com\/avatar\/42263f39aa27ac04c43cab85c280eb2e?s=96&d=mm&r=pg\",\"caption\":\"Kul\"},\"logo\":{\"@id\":\"https:\/\/sandzakpress.net\/arhiva\/#\/schema\/person\/image\/\"}},{\"@type\":\"Person\",\"@id\":\"https:\/\/sandzakpress.net\/arhiva\/#\/schema\/person\/c8baee722073534b583ea7bdb2e36c02\",\"name\":\"bosniak\",\"image\":{\"@type\":\"ImageObject\",\"inLanguage\":\"bs-BA\",\"@id\":\"https:\/\/sandzakpress.net\/arhiva\/#\/schema\/person\/image\/\",\"url\":\"https:\/\/secure.gravatar.com\/avatar\/a04fd330bfe3a36a72a0ad4a6d89fca7?s=96&d=mm&r=pg\",\"contentUrl\":\"https:\/\/secure.gravatar.com\/avatar\/a04fd330bfe3a36a72a0ad4a6d89fca7?s=96&d=mm&r=pg\",\"caption\":\"bosniak\"},\"url\":\"https:\/\/sandzakpress.net\/arhiva\/author\/bosniak\/\"}]}<\/script>\n<!-- \/ Yoast SEO Premium plugin. -->","yoast_head_json":{"title":"Palestinci ne \u017eele utakmicu sa Izraelcima","robots":{"index":"index","follow":"follow","max-snippet":"max-snippet:-1","max-image-preview":"max-image-preview:large","max-video-preview":"max-video-preview:-1"},"canonical":"https:\/\/sandzakpress.net\/arhiva\/palestinci-ne-zele-utakmicu-sa-izraelcima\/","og_locale":"bs_BA","og_type":"article","og_title":"Palestinci ne \u017eele utakmicu sa Izraelcima","og_description":"Svijet &#8211; Predsjednik Palestinskog nogometnog saveza Jibril Rajoub, pozdravio je ideju predsjednika FIFA-e Seppa Blattera o prijateljskoj utakmici Izraela i Palestine, ali je i dodao da je ta &#8220;Utakmica za mir&#8221; u ovom trenutku neizvodiva. &#8220;Ideja je vrlo dobra, ali okolnosti su takve da je sada zapravo nemogu\u0107a. Ako Izraelci naprave odre\u0111ene korake ka miru [&hellip;]","og_url":"https:\/\/sandzakpress.net\/arhiva\/palestinci-ne-zele-utakmicu-sa-izraelcima\/","og_site_name":"Sand\u017eak PRESS","article_published_time":"2015-05-21T10:10:23+00:00","og_image":[{"width":900,"height":600,"url":"https:\/\/sandzakpress.net\/arhiva\/wp-content\/uploads\/2015\/05\/fifa_palestina_main.jpg","type":"image\/jpeg"}],"author":"bosniak","twitter_card":"summary_large_image","twitter_misc":{"Written by":"bosniak","Est. reading time":"1 minuta"},"schema":{"@context":"https:\/\/schema.org","@graph":[{"@type":"Article","@id":"https:\/\/sandzakpress.net\/arhiva\/palestinci-ne-zele-utakmicu-sa-izraelcima\/#article","isPartOf":{"@id":"https:\/\/sandzakpress.net\/arhiva\/palestinci-ne-zele-utakmicu-sa-izraelcima\/"},"author":{"name":"bosniak","@id":"https:\/\/sandzakpress.net\/arhiva\/#\/schema\/person\/c8baee722073534b583ea7bdb2e36c02"},"headline":"Palestinci ne \u017eele utakmicu sa Izraelcima","datePublished":"2015-05-21T10:10:23+00:00","mainEntityOfPage":{"@id":"https:\/\/sandzakpress.net\/arhiva\/palestinci-ne-zele-utakmicu-sa-izraelcima\/"},"wordCount":288,"commentCount":0,"publisher":{"@id":"https:\/\/sandzakpress.net\/arhiva\/#\/schema\/person\/6e72b67d6e51910a1117b3b483ba20bd"},"image":{"@id":"https:\/\/sandzakpress.net\/arhiva\/palestinci-ne-zele-utakmicu-sa-izraelcima\/#primaryimage"},"thumbnailUrl":"https:\/\/sandzakpress.net\/arhiva\/wp-content\/uploads\/2015\/05\/fifa_palestina_main.jpg","keywords":["Palestina"],"articleSection":["Islamski svijet"],"inLanguage":"bs-BA","potentialAction":[{"@type":"CommentAction","name":"Comment","target":["https:\/\/sandzakpress.net\/arhiva\/palestinci-ne-zele-utakmicu-sa-izraelcima\/#respond"]}]},{"@type":"WebPage","@id":"https:\/\/sandzakpress.net\/arhiva\/palestinci-ne-zele-utakmicu-sa-izraelcima\/","url":"https:\/\/sandzakpress.net\/arhiva\/palestinci-ne-zele-utakmicu-sa-izraelcima\/","name":"Palestinci ne \u017eele utakmicu sa Izraelcima","isPartOf":{"@id":"https:\/\/sandzakpress.net\/arhiva\/#website"},"primaryImageOfPage":{"@id":"https:\/\/sandzakpress.net\/arhiva\/palestinci-ne-zele-utakmicu-sa-izraelcima\/#primaryimage"},"image":{"@id":"https:\/\/sandzakpress.net\/arhiva\/palestinci-ne-zele-utakmicu-sa-izraelcima\/#primaryimage"},"thumbnailUrl":"https:\/\/sandzakpress.net\/arhiva\/wp-content\/uploads\/2015\/05\/fifa_palestina_main.jpg","datePublished":"2015-05-21T10:10:23+00:00","breadcrumb":{"@id":"https:\/\/sandzakpress.net\/arhiva\/palestinci-ne-zele-utakmicu-sa-izraelcima\/#breadcrumb"},"inLanguage":"bs-BA","potentialAction":[{"@type":"ReadAction","target":["https:\/\/sandzakpress.net\/arhiva\/palestinci-ne-zele-utakmicu-sa-izraelcima\/"]}]},{"@type":"ImageObject","inLanguage":"bs-BA","@id":"https:\/\/sandzakpress.net\/arhiva\/palestinci-ne-zele-utakmicu-sa-izraelcima\/#primaryimage","url":"https:\/\/sandzakpress.net\/arhiva\/wp-content\/uploads\/2015\/05\/fifa_palestina_main.jpg","contentUrl":"https:\/\/sandzakpress.net\/arhiva\/wp-content\/uploads\/2015\/05\/fifa_palestina_main.jpg","width":900,"height":600},{"@type":"BreadcrumbList","@id":"https:\/\/sandzakpress.net\/arhiva\/palestinci-ne-zele-utakmicu-sa-izraelcima\/#breadcrumb","itemListElement":[{"@type":"ListItem","position":1,"name":"Home","item":"https:\/\/sandzakpress.net\/arhiva\/"},{"@type":"ListItem","position":2,"name":"Palestinci ne \u017eele utakmicu sa Izraelcima"}]},{"@type":"WebSite","@id":"https:\/\/sandzakpress.net\/arhiva\/#website","url":"https:\/\/sandzakpress.net\/arhiva\/","name":"Sand\u017eak PRESS","description":"Prve elektronske novine u Sand\u017eaku","publisher":{"@id":"https:\/\/sandzakpress.net\/arhiva\/#\/schema\/person\/6e72b67d6e51910a1117b3b483ba20bd"},"potentialAction":[{"@type":"SearchAction","target":{"@type":"EntryPoint","urlTemplate":"https:\/\/sandzakpress.net\/arhiva\/?s={search_term_string}"},"query-input":{"@type":"PropertyValueSpecification","valueRequired":true,"valueName":"search_term_string"}}],"inLanguage":"bs-BA"},{"@type":["Person","Organization"],"@id":"https:\/\/sandzakpress.net\/arhiva\/#\/schema\/person\/6e72b67d6e51910a1117b3b483ba20bd","name":"Kul","image":{"@type":"ImageObject","inLanguage":"bs-BA","@id":"https:\/\/sandzakpress.net\/arhiva\/#\/schema\/person\/image\/","url":"https:\/\/secure.gravatar.com\/avatar\/42263f39aa27ac04c43cab85c280eb2e?s=96&d=mm&r=pg","contentUrl":"https:\/\/secure.gravatar.com\/avatar\/42263f39aa27ac04c43cab85c280eb2e?s=96&d=mm&r=pg","caption":"Kul"},"logo":{"@id":"https:\/\/sandzakpress.net\/arhiva\/#\/schema\/person\/image\/"}},{"@type":"Person","@id":"https:\/\/sandzakpress.net\/arhiva\/#\/schema\/person\/c8baee722073534b583ea7bdb2e36c02","name":"bosniak","image":{"@type":"ImageObject","inLanguage":"bs-BA","@id":"https:\/\/sandzakpress.net\/arhiva\/#\/schema\/person\/image\/","url":"https:\/\/secure.gravatar.com\/avatar\/a04fd330bfe3a36a72a0ad4a6d89fca7?s=96&d=mm&r=pg","contentUrl":"https:\/\/secure.gravatar.com\/avatar\/a04fd330bfe3a36a72a0ad4a6d89fca7?s=96&d=mm&r=pg","caption":"bosniak"},"url":"https:\/\/sandzakpress.net\/arhiva\/author\/bosniak\/"}]}},"_links":{"self":[{"href":"https:\/\/sandzakpress.net\/arhiva\/wp-json\/wp\/v2\/posts\/128516"}],"collection":[{"href":"https:\/\/sandzakpress.net\/arhiva\/wp-json\/wp\/v2\/posts"}],"about":[{"href":"https:\/\/sandzakpress.net\/arhiva\/wp-json\/wp\/v2\/types\/post"}],"author":[{"embeddable":true,"href":"https:\/\/sandzakpress.net\/arhiva\/wp-json\/wp\/v2\/users\/83"}],"replies":[{"embeddable":true,"href":"https:\/\/sandzakpress.net\/arhiva\/wp-json\/wp\/v2\/comments?post=128516"}],"version-history":[{"count":0,"href":"https:\/\/sandzakpress.net\/arhiva\/wp-json\/wp\/v2\/posts\/128516\/revisions"}],"wp:featuredmedia":[{"embeddable":true,"href":"https:\/\/sandzakpress.net\/arhiva\/wp-json\/wp\/v2\/media\/128517"}],"wp:attachment":[{"href":"https:\/\/sandzakpress.net\/arhiva\/wp-json\/wp\/v2\/media?parent=128516"}],"wp:term":[{"taxonomy":"category","embeddable":true,"href":"https:\/\/sandzakpress.net\/arhiva\/wp-json\/wp\/v2\/categories?post=128516"},{"taxonomy":"post_tag","embeddable":true,"href":"https:\/\/sandzakpress.net\/arhiva\/wp-json\/wp\/v2\/tags?post=128516"}],"curies":[{"name":"wp","href":"https:\/\/api.w.org\/{rel}","templated":true}]}}