{"id":128507,"date":"2015-05-21T12:04:39","date_gmt":"2015-05-21T10:04:39","guid":{"rendered":"https:\/\/sandzakpress.net\/arhiva\/?p=128507"},"modified":"2015-05-21T12:04:39","modified_gmt":"2015-05-21T10:04:39","slug":"erdoan-es-sisi-za-mene-nije-predsjednik-egipta","status":"publish","type":"post","link":"https:\/\/sandzakpress.net\/arhiva\/erdoan-es-sisi-za-mene-nije-predsjednik-egipta\/","title":{"rendered":"Erdoan: \u201cEs-Sisi za mene nije predsjednik Egipta\u201d"},"content":{"rendered":"<p><img decoding=\"async\" src=\"http:\/\/sandzakonline.com\/wp-content\/uploads\/2015\/05\/erdoansisi.jpg\" alt=\"\" \/><\/p>\n<p><strong>Turska\u00a0&#8211; Turski predsjednik Red\u017eep Tajjip Erdoan je u toku konferencije za novinare u zgradi Predsjedni\u0161tva BiH, u toku svoje posjete Bosni i Hercegovini se osvrnuo i na posljednje doga\u0111aje u Egiptu i smrtne presude izre\u010dene legalnom predsjedniku Muhammedu Mursiju i njegovim brojnim saradnicima.<\/strong><\/p>\n<p>Odgovaraju\u0107i na pitanje jednog od novinara, Erdoan je istakao da je bilo jasno da \u0107e situacija u Egiptu eskalirati do ove granice: \u201cOsudili su na smrt legalnog predsjednika koji je na vlast do\u0161ao uz podr\u0161ku 52% gra\u0111ana Egipta. Ja opet ponavljam ne priznajem pu\u010distu es-Sisija za legalnog predsjednika Egipta.\u201d<\/p>\n<p>Erdoan je dodao jo\u0161: \u201c\u0160to se mene ti\u010de, es-Sisi nije predsjednik Egipta i kao \u0161to znate ja sam odbio sjedeti s njim za jednim stolom na sastanku u UN-u. Sada poru\u010dujem svim dr\u017eavama koje tvrde da su \u010duvari demokratije: gdje je ta va\u0161a demokratija? Vidite ih kako ka\u017eu da su smrtne presude gre\u0161ka ali nijednom rije\u010dju ne kritikuju es-Sisija koji ih je donio?!\u201d<\/p>\n<p>Erdoan je za kraj istakao da Turska radi na tome da se ovaj problem rije\u0161i na me\u0111unarodnom nivou, a Ministarstvo vanjskih poslova je zadu\u017eeno da u skladu sa svojim mogu\u0107nostima djeluje u smjeru iznala\u017eenja rje\u0161enja.<\/p>\n<p>(Islambosna)<\/p>\n<div class=\"td-g-rec td-g-rec-id-content_bottom\">\u00a0<\/div>\n","protected":false},"excerpt":{"rendered":"<p>Turska\u00a0&#8211; Turski predsjednik Red\u017eep Tajjip Erdoan je u toku konferencije za novinare u zgradi Predsjedni\u0161tva BiH, u toku svoje posjete Bosni i Hercegovini se osvrnuo i na posljednje doga\u0111aje u Egiptu i smrtne presude izre\u010dene legalnom predsjedniku Muhammedu Mursiju i njegovim brojnim saradnicima. Odgovaraju\u0107i na pitanje jednog od novinara, Erdoan je istakao da je bilo [&hellip;]<\/p>\n","protected":false},"author":83,"featured_media":128508,"comment_status":"open","ping_status":"open","sticky":false,"template":"","format":"standard","meta":{"footnotes":""},"categories":[9,2692],"tags":[],"class_list":{"0":"post-128507","1":"post","2":"type-post","3":"status-publish","4":"format-standard","5":"has-post-thumbnail","7":"category-svijet","8":"category-turska-gradovi"},"yoast_head":"<!-- This site is optimized with the Yoast SEO Premium plugin v23.1 (Yoast SEO v24.9) - https:\/\/yoast.com\/wordpress\/plugins\/seo\/ -->\n<title>Erdoan: \u201cEs-Sisi za mene nije predsjednik Egipta\u201d<\/title>\n<meta name=\"robots\" content=\"index, follow, max-snippet:-1, max-image-preview:large, max-video-preview:-1\" \/>\n<link rel=\"canonical\" href=\"https:\/\/sandzakpress.net\/arhiva\/erdoan-es-sisi-za-mene-nije-predsjednik-egipta\/\" \/>\n<meta property=\"og:locale\" content=\"bs_BA\" \/>\n<meta property=\"og:type\" content=\"article\" \/>\n<meta property=\"og:title\" content=\"Erdoan: \u201cEs-Sisi za mene nije predsjednik Egipta\u201d\" \/>\n<meta property=\"og:description\" content=\"Turska\u00a0&#8211; Turski predsjednik Red\u017eep Tajjip Erdoan je u toku konferencije za novinare u zgradi Predsjedni\u0161tva BiH, u toku svoje posjete Bosni i Hercegovini se osvrnuo i na posljednje doga\u0111aje u Egiptu i smrtne presude izre\u010dene legalnom predsjedniku Muhammedu Mursiju i njegovim brojnim saradnicima. Odgovaraju\u0107i na pitanje jednog od novinara, Erdoan je istakao da je bilo [&hellip;]\" \/>\n<meta property=\"og:url\" content=\"https:\/\/sandzakpress.net\/arhiva\/erdoan-es-sisi-za-mene-nije-predsjednik-egipta\/\" \/>\n<meta property=\"og:site_name\" content=\"Sand\u017eak PRESS\" \/>\n<meta property=\"article:published_time\" content=\"2015-05-21T10:04:39+00:00\" \/>\n<meta property=\"og:image\" content=\"https:\/\/sandzakpress.net\/arhiva\/wp-content\/uploads\/2015\/05\/erdoansisi.jpg\" \/>\n\t<meta property=\"og:image:width\" content=\"615\" \/>\n\t<meta property=\"og:image:height\" content=\"326\" \/>\n\t<meta property=\"og:image:type\" content=\"image\/jpeg\" \/>\n<meta name=\"author\" content=\"bosniak\" \/>\n<meta name=\"twitter:card\" content=\"summary_large_image\" \/>\n<meta name=\"twitter:label1\" content=\"Written by\" \/>\n\t<meta name=\"twitter:data1\" content=\"bosniak\" \/>\n\t<meta name=\"twitter:label2\" content=\"Est. reading time\" \/>\n\t<meta name=\"twitter:data2\" content=\"1 minuta\" \/>\n<script type=\"application\/ld+json\" class=\"yoast-schema-graph\">{\"@context\":\"https:\/\/schema.org\",\"@graph\":[{\"@type\":\"Article\",\"@id\":\"https:\/\/sandzakpress.net\/arhiva\/erdoan-es-sisi-za-mene-nije-predsjednik-egipta\/#article\",\"isPartOf\":{\"@id\":\"https:\/\/sandzakpress.net\/arhiva\/erdoan-es-sisi-za-mene-nije-predsjednik-egipta\/\"},\"author\":{\"name\":\"bosniak\",\"@id\":\"https:\/\/sandzakpress.net\/arhiva\/#\/schema\/person\/c8baee722073534b583ea7bdb2e36c02\"},\"headline\":\"Erdoan: \u201cEs-Sisi za mene nije predsjednik Egipta\u201d\",\"datePublished\":\"2015-05-21T10:04:39+00:00\",\"mainEntityOfPage\":{\"@id\":\"https:\/\/sandzakpress.net\/arhiva\/erdoan-es-sisi-za-mene-nije-predsjednik-egipta\/\"},\"wordCount\":220,\"commentCount\":1,\"publisher\":{\"@id\":\"https:\/\/sandzakpress.net\/arhiva\/#\/schema\/person\/6e72b67d6e51910a1117b3b483ba20bd\"},\"image\":{\"@id\":\"https:\/\/sandzakpress.net\/arhiva\/erdoan-es-sisi-za-mene-nije-predsjednik-egipta\/#primaryimage\"},\"thumbnailUrl\":\"https:\/\/sandzakpress.net\/arhiva\/wp-content\/uploads\/2015\/05\/erdoansisi.jpg\",\"articleSection\":[\"Svijet\",\"Turska\"],\"inLanguage\":\"bs-BA\",\"potentialAction\":[{\"@type\":\"CommentAction\",\"name\":\"Comment\",\"target\":[\"https:\/\/sandzakpress.net\/arhiva\/erdoan-es-sisi-za-mene-nije-predsjednik-egipta\/#respond\"]}]},{\"@type\":\"WebPage\",\"@id\":\"https:\/\/sandzakpress.net\/arhiva\/erdoan-es-sisi-za-mene-nije-predsjednik-egipta\/\",\"url\":\"https:\/\/sandzakpress.net\/arhiva\/erdoan-es-sisi-za-mene-nije-predsjednik-egipta\/\",\"name\":\"Erdoan: \u201cEs-Sisi za mene nije predsjednik Egipta\u201d\",\"isPartOf\":{\"@id\":\"https:\/\/sandzakpress.net\/arhiva\/#website\"},\"primaryImageOfPage\":{\"@id\":\"https:\/\/sandzakpress.net\/arhiva\/erdoan-es-sisi-za-mene-nije-predsjednik-egipta\/#primaryimage\"},\"image\":{\"@id\":\"https:\/\/sandzakpress.net\/arhiva\/erdoan-es-sisi-za-mene-nije-predsjednik-egipta\/#primaryimage\"},\"thumbnailUrl\":\"https:\/\/sandzakpress.net\/arhiva\/wp-content\/uploads\/2015\/05\/erdoansisi.jpg\",\"datePublished\":\"2015-05-21T10:04:39+00:00\",\"breadcrumb\":{\"@id\":\"https:\/\/sandzakpress.net\/arhiva\/erdoan-es-sisi-za-mene-nije-predsjednik-egipta\/#breadcrumb\"},\"inLanguage\":\"bs-BA\",\"potentialAction\":[{\"@type\":\"ReadAction\",\"target\":[\"https:\/\/sandzakpress.net\/arhiva\/erdoan-es-sisi-za-mene-nije-predsjednik-egipta\/\"]}]},{\"@type\":\"ImageObject\",\"inLanguage\":\"bs-BA\",\"@id\":\"https:\/\/sandzakpress.net\/arhiva\/erdoan-es-sisi-za-mene-nije-predsjednik-egipta\/#primaryimage\",\"url\":\"https:\/\/sandzakpress.net\/arhiva\/wp-content\/uploads\/2015\/05\/erdoansisi.jpg\",\"contentUrl\":\"https:\/\/sandzakpress.net\/arhiva\/wp-content\/uploads\/2015\/05\/erdoansisi.jpg\",\"width\":615,\"height\":326},{\"@type\":\"BreadcrumbList\",\"@id\":\"https:\/\/sandzakpress.net\/arhiva\/erdoan-es-sisi-za-mene-nije-predsjednik-egipta\/#breadcrumb\",\"itemListElement\":[{\"@type\":\"ListItem\",\"position\":1,\"name\":\"Home\",\"item\":\"https:\/\/sandzakpress.net\/arhiva\/\"},{\"@type\":\"ListItem\",\"position\":2,\"name\":\"Erdoan: \u201cEs-Sisi za mene nije predsjednik Egipta\u201d\"}]},{\"@type\":\"WebSite\",\"@id\":\"https:\/\/sandzakpress.net\/arhiva\/#website\",\"url\":\"https:\/\/sandzakpress.net\/arhiva\/\",\"name\":\"Sand\u017eak PRESS\",\"description\":\"Prve elektronske novine u Sand\u017eaku\",\"publisher\":{\"@id\":\"https:\/\/sandzakpress.net\/arhiva\/#\/schema\/person\/6e72b67d6e51910a1117b3b483ba20bd\"},\"potentialAction\":[{\"@type\":\"SearchAction\",\"target\":{\"@type\":\"EntryPoint\",\"urlTemplate\":\"https:\/\/sandzakpress.net\/arhiva\/?s={search_term_string}\"},\"query-input\":{\"@type\":\"PropertyValueSpecification\",\"valueRequired\":true,\"valueName\":\"search_term_string\"}}],\"inLanguage\":\"bs-BA\"},{\"@type\":[\"Person\",\"Organization\"],\"@id\":\"https:\/\/sandzakpress.net\/arhiva\/#\/schema\/person\/6e72b67d6e51910a1117b3b483ba20bd\",\"name\":\"Kul\",\"image\":{\"@type\":\"ImageObject\",\"inLanguage\":\"bs-BA\",\"@id\":\"https:\/\/sandzakpress.net\/arhiva\/#\/schema\/person\/image\/\",\"url\":\"https:\/\/secure.gravatar.com\/avatar\/42263f39aa27ac04c43cab85c280eb2e?s=96&d=mm&r=pg\",\"contentUrl\":\"https:\/\/secure.gravatar.com\/avatar\/42263f39aa27ac04c43cab85c280eb2e?s=96&d=mm&r=pg\",\"caption\":\"Kul\"},\"logo\":{\"@id\":\"https:\/\/sandzakpress.net\/arhiva\/#\/schema\/person\/image\/\"}},{\"@type\":\"Person\",\"@id\":\"https:\/\/sandzakpress.net\/arhiva\/#\/schema\/person\/c8baee722073534b583ea7bdb2e36c02\",\"name\":\"bosniak\",\"image\":{\"@type\":\"ImageObject\",\"inLanguage\":\"bs-BA\",\"@id\":\"https:\/\/sandzakpress.net\/arhiva\/#\/schema\/person\/image\/\",\"url\":\"https:\/\/secure.gravatar.com\/avatar\/a04fd330bfe3a36a72a0ad4a6d89fca7?s=96&d=mm&r=pg\",\"contentUrl\":\"https:\/\/secure.gravatar.com\/avatar\/a04fd330bfe3a36a72a0ad4a6d89fca7?s=96&d=mm&r=pg\",\"caption\":\"bosniak\"},\"url\":\"https:\/\/sandzakpress.net\/arhiva\/author\/bosniak\/\"}]}<\/script>\n<!-- \/ Yoast SEO Premium plugin. -->","yoast_head_json":{"title":"Erdoan: \u201cEs-Sisi za mene nije predsjednik Egipta\u201d","robots":{"index":"index","follow":"follow","max-snippet":"max-snippet:-1","max-image-preview":"max-image-preview:large","max-video-preview":"max-video-preview:-1"},"canonical":"https:\/\/sandzakpress.net\/arhiva\/erdoan-es-sisi-za-mene-nije-predsjednik-egipta\/","og_locale":"bs_BA","og_type":"article","og_title":"Erdoan: \u201cEs-Sisi za mene nije predsjednik Egipta\u201d","og_description":"Turska\u00a0&#8211; Turski predsjednik Red\u017eep Tajjip Erdoan je u toku konferencije za novinare u zgradi Predsjedni\u0161tva BiH, u toku svoje posjete Bosni i Hercegovini se osvrnuo i na posljednje doga\u0111aje u Egiptu i smrtne presude izre\u010dene legalnom predsjedniku Muhammedu Mursiju i njegovim brojnim saradnicima. Odgovaraju\u0107i na pitanje jednog od novinara, Erdoan je istakao da je bilo [&hellip;]","og_url":"https:\/\/sandzakpress.net\/arhiva\/erdoan-es-sisi-za-mene-nije-predsjednik-egipta\/","og_site_name":"Sand\u017eak PRESS","article_published_time":"2015-05-21T10:04:39+00:00","og_image":[{"width":615,"height":326,"url":"https:\/\/sandzakpress.net\/arhiva\/wp-content\/uploads\/2015\/05\/erdoansisi.jpg","type":"image\/jpeg"}],"author":"bosniak","twitter_card":"summary_large_image","twitter_misc":{"Written by":"bosniak","Est. reading time":"1 minuta"},"schema":{"@context":"https:\/\/schema.org","@graph":[{"@type":"Article","@id":"https:\/\/sandzakpress.net\/arhiva\/erdoan-es-sisi-za-mene-nije-predsjednik-egipta\/#article","isPartOf":{"@id":"https:\/\/sandzakpress.net\/arhiva\/erdoan-es-sisi-za-mene-nije-predsjednik-egipta\/"},"author":{"name":"bosniak","@id":"https:\/\/sandzakpress.net\/arhiva\/#\/schema\/person\/c8baee722073534b583ea7bdb2e36c02"},"headline":"Erdoan: \u201cEs-Sisi za mene nije predsjednik Egipta\u201d","datePublished":"2015-05-21T10:04:39+00:00","mainEntityOfPage":{"@id":"https:\/\/sandzakpress.net\/arhiva\/erdoan-es-sisi-za-mene-nije-predsjednik-egipta\/"},"wordCount":220,"commentCount":1,"publisher":{"@id":"https:\/\/sandzakpress.net\/arhiva\/#\/schema\/person\/6e72b67d6e51910a1117b3b483ba20bd"},"image":{"@id":"https:\/\/sandzakpress.net\/arhiva\/erdoan-es-sisi-za-mene-nije-predsjednik-egipta\/#primaryimage"},"thumbnailUrl":"https:\/\/sandzakpress.net\/arhiva\/wp-content\/uploads\/2015\/05\/erdoansisi.jpg","articleSection":["Svijet","Turska"],"inLanguage":"bs-BA","potentialAction":[{"@type":"CommentAction","name":"Comment","target":["https:\/\/sandzakpress.net\/arhiva\/erdoan-es-sisi-za-mene-nije-predsjednik-egipta\/#respond"]}]},{"@type":"WebPage","@id":"https:\/\/sandzakpress.net\/arhiva\/erdoan-es-sisi-za-mene-nije-predsjednik-egipta\/","url":"https:\/\/sandzakpress.net\/arhiva\/erdoan-es-sisi-za-mene-nije-predsjednik-egipta\/","name":"Erdoan: \u201cEs-Sisi za mene nije predsjednik Egipta\u201d","isPartOf":{"@id":"https:\/\/sandzakpress.net\/arhiva\/#website"},"primaryImageOfPage":{"@id":"https:\/\/sandzakpress.net\/arhiva\/erdoan-es-sisi-za-mene-nije-predsjednik-egipta\/#primaryimage"},"image":{"@id":"https:\/\/sandzakpress.net\/arhiva\/erdoan-es-sisi-za-mene-nije-predsjednik-egipta\/#primaryimage"},"thumbnailUrl":"https:\/\/sandzakpress.net\/arhiva\/wp-content\/uploads\/2015\/05\/erdoansisi.jpg","datePublished":"2015-05-21T10:04:39+00:00","breadcrumb":{"@id":"https:\/\/sandzakpress.net\/arhiva\/erdoan-es-sisi-za-mene-nije-predsjednik-egipta\/#breadcrumb"},"inLanguage":"bs-BA","potentialAction":[{"@type":"ReadAction","target":["https:\/\/sandzakpress.net\/arhiva\/erdoan-es-sisi-za-mene-nije-predsjednik-egipta\/"]}]},{"@type":"ImageObject","inLanguage":"bs-BA","@id":"https:\/\/sandzakpress.net\/arhiva\/erdoan-es-sisi-za-mene-nije-predsjednik-egipta\/#primaryimage","url":"https:\/\/sandzakpress.net\/arhiva\/wp-content\/uploads\/2015\/05\/erdoansisi.jpg","contentUrl":"https:\/\/sandzakpress.net\/arhiva\/wp-content\/uploads\/2015\/05\/erdoansisi.jpg","width":615,"height":326},{"@type":"BreadcrumbList","@id":"https:\/\/sandzakpress.net\/arhiva\/erdoan-es-sisi-za-mene-nije-predsjednik-egipta\/#breadcrumb","itemListElement":[{"@type":"ListItem","position":1,"name":"Home","item":"https:\/\/sandzakpress.net\/arhiva\/"},{"@type":"ListItem","position":2,"name":"Erdoan: \u201cEs-Sisi za mene nije predsjednik Egipta\u201d"}]},{"@type":"WebSite","@id":"https:\/\/sandzakpress.net\/arhiva\/#website","url":"https:\/\/sandzakpress.net\/arhiva\/","name":"Sand\u017eak PRESS","description":"Prve elektronske novine u Sand\u017eaku","publisher":{"@id":"https:\/\/sandzakpress.net\/arhiva\/#\/schema\/person\/6e72b67d6e51910a1117b3b483ba20bd"},"potentialAction":[{"@type":"SearchAction","target":{"@type":"EntryPoint","urlTemplate":"https:\/\/sandzakpress.net\/arhiva\/?s={search_term_string}"},"query-input":{"@type":"PropertyValueSpecification","valueRequired":true,"valueName":"search_term_string"}}],"inLanguage":"bs-BA"},{"@type":["Person","Organization"],"@id":"https:\/\/sandzakpress.net\/arhiva\/#\/schema\/person\/6e72b67d6e51910a1117b3b483ba20bd","name":"Kul","image":{"@type":"ImageObject","inLanguage":"bs-BA","@id":"https:\/\/sandzakpress.net\/arhiva\/#\/schema\/person\/image\/","url":"https:\/\/secure.gravatar.com\/avatar\/42263f39aa27ac04c43cab85c280eb2e?s=96&d=mm&r=pg","contentUrl":"https:\/\/secure.gravatar.com\/avatar\/42263f39aa27ac04c43cab85c280eb2e?s=96&d=mm&r=pg","caption":"Kul"},"logo":{"@id":"https:\/\/sandzakpress.net\/arhiva\/#\/schema\/person\/image\/"}},{"@type":"Person","@id":"https:\/\/sandzakpress.net\/arhiva\/#\/schema\/person\/c8baee722073534b583ea7bdb2e36c02","name":"bosniak","image":{"@type":"ImageObject","inLanguage":"bs-BA","@id":"https:\/\/sandzakpress.net\/arhiva\/#\/schema\/person\/image\/","url":"https:\/\/secure.gravatar.com\/avatar\/a04fd330bfe3a36a72a0ad4a6d89fca7?s=96&d=mm&r=pg","contentUrl":"https:\/\/secure.gravatar.com\/avatar\/a04fd330bfe3a36a72a0ad4a6d89fca7?s=96&d=mm&r=pg","caption":"bosniak"},"url":"https:\/\/sandzakpress.net\/arhiva\/author\/bosniak\/"}]}},"_links":{"self":[{"href":"https:\/\/sandzakpress.net\/arhiva\/wp-json\/wp\/v2\/posts\/128507"}],"collection":[{"href":"https:\/\/sandzakpress.net\/arhiva\/wp-json\/wp\/v2\/posts"}],"about":[{"href":"https:\/\/sandzakpress.net\/arhiva\/wp-json\/wp\/v2\/types\/post"}],"author":[{"embeddable":true,"href":"https:\/\/sandzakpress.net\/arhiva\/wp-json\/wp\/v2\/users\/83"}],"replies":[{"embeddable":true,"href":"https:\/\/sandzakpress.net\/arhiva\/wp-json\/wp\/v2\/comments?post=128507"}],"version-history":[{"count":0,"href":"https:\/\/sandzakpress.net\/arhiva\/wp-json\/wp\/v2\/posts\/128507\/revisions"}],"wp:featuredmedia":[{"embeddable":true,"href":"https:\/\/sandzakpress.net\/arhiva\/wp-json\/wp\/v2\/media\/128508"}],"wp:attachment":[{"href":"https:\/\/sandzakpress.net\/arhiva\/wp-json\/wp\/v2\/media?parent=128507"}],"wp:term":[{"taxonomy":"category","embeddable":true,"href":"https:\/\/sandzakpress.net\/arhiva\/wp-json\/wp\/v2\/categories?post=128507"},{"taxonomy":"post_tag","embeddable":true,"href":"https:\/\/sandzakpress.net\/arhiva\/wp-json\/wp\/v2\/tags?post=128507"}],"curies":[{"name":"wp","href":"https:\/\/api.w.org\/{rel}","templated":true}]}}