{"id":128386,"date":"2015-05-18T17:20:28","date_gmt":"2015-05-18T15:20:28","guid":{"rendered":"https:\/\/sandzakpress.net\/arhiva\/?p=128386"},"modified":"2015-05-18T17:20:28","modified_gmt":"2015-05-18T15:20:28","slug":"sad-duboko-zabrinute-zbog-osude-mursija-na-smrt","status":"publish","type":"post","link":"https:\/\/sandzakpress.net\/arhiva\/sad-duboko-zabrinute-zbog-osude-mursija-na-smrt\/","title":{"rendered":"SAD duboko zabrinute zbog osude Mursija na smrt"},"content":{"rendered":"<p><img decoding=\"async\" src=\"http:\/\/www.bosnjaci.net\/foto\/Mursi54.jpg\" alt=\"\" \/><\/p>\n<p><strong>Amerika &#8211; Sjedinjene Dr\u017eave su &#8220;duboko zabrinute&#8221; zbog odluke egipatskog suda da osudi biv\u0161eg predsjednika Muhameda Mursija na smrt, izjavio je u nedjelju zvani\u010dnik State Departmenta.<\/strong><\/p>\n<p>Ameri\u010dke kritike su uslijedile nakon osuda Amnesty Internationala i turskog predsjednika Tayyipa Erdogana nakon odluke koju je sud donio u subotu protiv svrgnutog predsjednika i 106 njegovih pristalica u vezi s masovnim bijegom iz zatvora 2011. godine, javio je Reuters.<\/p>\n<p>Presuda protiv Mursija nije kona\u010dna do 2. juna. Sve smrtne presude se proslije\u0111uju egipatskom vrhovnom vjerskom autoritetu, Velikom muftiji, kako bi on dao svoje mi\u0161ljenje koje nije obavezuju\u0107e. Protiv presuda je tako\u0111er mogu\u0107e ulo\u017eiti \u017ealbu.<\/p>\n<p>&#8211; Duboko smo zabrinuti zbog jo\u0161 jedne masovne smrtne kazne koju je donio egipatski sud za vi\u0161e od 100 optu\u017eenika, me\u0111u kojima je i biv\u0161i predsjednik Mursi &#8211; kazao je zvani\u010dnik State Departmenta, koji je \u017eelio ostati anoniman.<\/p>\n<p>&#8211; Mi smo \u010desto osu\u0111ivali ovakve prakse masovnih su\u0111enja i presuda koje nisu u skladu s egipatskim me\u0111unarodnim obavezama i vladavinom zakona &#8211; kazao je on. Dodao je da su svjesni da je presuda donesena u subotu &#8220;preliminarna&#8221;.<\/p>\n<p>Mursi i ostali osu\u0111enici su optu\u017eeni za ubistva i kidnapovanja policajaca, napade na policijske objekte i bijega iz zatvora tokom ustanka.<\/p>\n","protected":false},"excerpt":{"rendered":"<p>Amerika &#8211; Sjedinjene Dr\u017eave su &#8220;duboko zabrinute&#8221; zbog odluke egipatskog suda da osudi biv\u0161eg predsjednika Muhameda Mursija na smrt, izjavio je u nedjelju zvani\u010dnik State Departmenta. Ameri\u010dke kritike su uslijedile nakon osuda Amnesty Internationala i turskog predsjednika Tayyipa Erdogana nakon odluke koju je sud donio u subotu protiv svrgnutog predsjednika i 106 njegovih pristalica u [&hellip;]<\/p>\n","protected":false},"author":83,"featured_media":128387,"comment_status":"open","ping_status":"open","sticky":false,"template":"","format":"standard","meta":{"footnotes":""},"categories":[3012,9],"tags":[],"class_list":{"0":"post-128386","1":"post","2":"type-post","3":"status-publish","4":"format-standard","5":"has-post-thumbnail","7":"category-amerika-gradovi","8":"category-svijet"},"yoast_head":"<!-- This site is optimized with the Yoast SEO Premium plugin v23.1 (Yoast SEO v24.9) - https:\/\/yoast.com\/wordpress\/plugins\/seo\/ -->\n<title>SAD duboko zabrinute zbog osude Mursija na smrt<\/title>\n<meta name=\"robots\" content=\"index, follow, max-snippet:-1, max-image-preview:large, max-video-preview:-1\" \/>\n<link rel=\"canonical\" href=\"https:\/\/sandzakpress.net\/arhiva\/sad-duboko-zabrinute-zbog-osude-mursija-na-smrt\/\" \/>\n<meta property=\"og:locale\" content=\"bs_BA\" \/>\n<meta property=\"og:type\" content=\"article\" \/>\n<meta property=\"og:title\" content=\"SAD duboko zabrinute zbog osude Mursija na smrt\" \/>\n<meta property=\"og:description\" content=\"Amerika &#8211; Sjedinjene Dr\u017eave su &#8220;duboko zabrinute&#8221; zbog odluke egipatskog suda da osudi biv\u0161eg predsjednika Muhameda Mursija na smrt, izjavio je u nedjelju zvani\u010dnik State Departmenta. Ameri\u010dke kritike su uslijedile nakon osuda Amnesty Internationala i turskog predsjednika Tayyipa Erdogana nakon odluke koju je sud donio u subotu protiv svrgnutog predsjednika i 106 njegovih pristalica u [&hellip;]\" \/>\n<meta property=\"og:url\" content=\"https:\/\/sandzakpress.net\/arhiva\/sad-duboko-zabrinute-zbog-osude-mursija-na-smrt\/\" \/>\n<meta property=\"og:site_name\" content=\"Sand\u017eak PRESS\" \/>\n<meta property=\"article:published_time\" content=\"2015-05-18T15:20:28+00:00\" \/>\n<meta property=\"og:image\" content=\"https:\/\/sandzakpress.net\/arhiva\/wp-content\/uploads\/2015\/05\/Mursi54.jpg\" \/>\n\t<meta property=\"og:image:width\" content=\"625\" \/>\n\t<meta property=\"og:image:height\" content=\"424\" \/>\n\t<meta property=\"og:image:type\" content=\"image\/jpeg\" \/>\n<meta name=\"author\" content=\"bosniak\" \/>\n<meta name=\"twitter:card\" content=\"summary_large_image\" \/>\n<meta name=\"twitter:label1\" content=\"Written by\" \/>\n\t<meta name=\"twitter:data1\" content=\"bosniak\" \/>\n\t<meta name=\"twitter:label2\" content=\"Est. reading time\" \/>\n\t<meta name=\"twitter:data2\" content=\"1 minuta\" \/>\n<script type=\"application\/ld+json\" class=\"yoast-schema-graph\">{\"@context\":\"https:\/\/schema.org\",\"@graph\":[{\"@type\":\"Article\",\"@id\":\"https:\/\/sandzakpress.net\/arhiva\/sad-duboko-zabrinute-zbog-osude-mursija-na-smrt\/#article\",\"isPartOf\":{\"@id\":\"https:\/\/sandzakpress.net\/arhiva\/sad-duboko-zabrinute-zbog-osude-mursija-na-smrt\/\"},\"author\":{\"name\":\"bosniak\",\"@id\":\"https:\/\/sandzakpress.net\/arhiva\/#\/schema\/person\/c8baee722073534b583ea7bdb2e36c02\"},\"headline\":\"SAD duboko zabrinute zbog osude Mursija na smrt\",\"datePublished\":\"2015-05-18T15:20:28+00:00\",\"mainEntityOfPage\":{\"@id\":\"https:\/\/sandzakpress.net\/arhiva\/sad-duboko-zabrinute-zbog-osude-mursija-na-smrt\/\"},\"wordCount\":223,\"commentCount\":5,\"publisher\":{\"@id\":\"https:\/\/sandzakpress.net\/arhiva\/#\/schema\/person\/6e72b67d6e51910a1117b3b483ba20bd\"},\"image\":{\"@id\":\"https:\/\/sandzakpress.net\/arhiva\/sad-duboko-zabrinute-zbog-osude-mursija-na-smrt\/#primaryimage\"},\"thumbnailUrl\":\"https:\/\/sandzakpress.net\/arhiva\/wp-content\/uploads\/2015\/05\/Mursi54.jpg\",\"articleSection\":[\"Amerika\",\"Svijet\"],\"inLanguage\":\"bs-BA\",\"potentialAction\":[{\"@type\":\"CommentAction\",\"name\":\"Comment\",\"target\":[\"https:\/\/sandzakpress.net\/arhiva\/sad-duboko-zabrinute-zbog-osude-mursija-na-smrt\/#respond\"]}]},{\"@type\":\"WebPage\",\"@id\":\"https:\/\/sandzakpress.net\/arhiva\/sad-duboko-zabrinute-zbog-osude-mursija-na-smrt\/\",\"url\":\"https:\/\/sandzakpress.net\/arhiva\/sad-duboko-zabrinute-zbog-osude-mursija-na-smrt\/\",\"name\":\"SAD duboko zabrinute zbog osude Mursija na smrt\",\"isPartOf\":{\"@id\":\"https:\/\/sandzakpress.net\/arhiva\/#website\"},\"primaryImageOfPage\":{\"@id\":\"https:\/\/sandzakpress.net\/arhiva\/sad-duboko-zabrinute-zbog-osude-mursija-na-smrt\/#primaryimage\"},\"image\":{\"@id\":\"https:\/\/sandzakpress.net\/arhiva\/sad-duboko-zabrinute-zbog-osude-mursija-na-smrt\/#primaryimage\"},\"thumbnailUrl\":\"https:\/\/sandzakpress.net\/arhiva\/wp-content\/uploads\/2015\/05\/Mursi54.jpg\",\"datePublished\":\"2015-05-18T15:20:28+00:00\",\"breadcrumb\":{\"@id\":\"https:\/\/sandzakpress.net\/arhiva\/sad-duboko-zabrinute-zbog-osude-mursija-na-smrt\/#breadcrumb\"},\"inLanguage\":\"bs-BA\",\"potentialAction\":[{\"@type\":\"ReadAction\",\"target\":[\"https:\/\/sandzakpress.net\/arhiva\/sad-duboko-zabrinute-zbog-osude-mursija-na-smrt\/\"]}]},{\"@type\":\"ImageObject\",\"inLanguage\":\"bs-BA\",\"@id\":\"https:\/\/sandzakpress.net\/arhiva\/sad-duboko-zabrinute-zbog-osude-mursija-na-smrt\/#primaryimage\",\"url\":\"https:\/\/sandzakpress.net\/arhiva\/wp-content\/uploads\/2015\/05\/Mursi54.jpg\",\"contentUrl\":\"https:\/\/sandzakpress.net\/arhiva\/wp-content\/uploads\/2015\/05\/Mursi54.jpg\",\"width\":625,\"height\":424},{\"@type\":\"BreadcrumbList\",\"@id\":\"https:\/\/sandzakpress.net\/arhiva\/sad-duboko-zabrinute-zbog-osude-mursija-na-smrt\/#breadcrumb\",\"itemListElement\":[{\"@type\":\"ListItem\",\"position\":1,\"name\":\"Home\",\"item\":\"https:\/\/sandzakpress.net\/arhiva\/\"},{\"@type\":\"ListItem\",\"position\":2,\"name\":\"SAD duboko zabrinute zbog osude Mursija na smrt\"}]},{\"@type\":\"WebSite\",\"@id\":\"https:\/\/sandzakpress.net\/arhiva\/#website\",\"url\":\"https:\/\/sandzakpress.net\/arhiva\/\",\"name\":\"Sand\u017eak PRESS\",\"description\":\"Prve elektronske novine u Sand\u017eaku\",\"publisher\":{\"@id\":\"https:\/\/sandzakpress.net\/arhiva\/#\/schema\/person\/6e72b67d6e51910a1117b3b483ba20bd\"},\"potentialAction\":[{\"@type\":\"SearchAction\",\"target\":{\"@type\":\"EntryPoint\",\"urlTemplate\":\"https:\/\/sandzakpress.net\/arhiva\/?s={search_term_string}\"},\"query-input\":{\"@type\":\"PropertyValueSpecification\",\"valueRequired\":true,\"valueName\":\"search_term_string\"}}],\"inLanguage\":\"bs-BA\"},{\"@type\":[\"Person\",\"Organization\"],\"@id\":\"https:\/\/sandzakpress.net\/arhiva\/#\/schema\/person\/6e72b67d6e51910a1117b3b483ba20bd\",\"name\":\"Kul\",\"image\":{\"@type\":\"ImageObject\",\"inLanguage\":\"bs-BA\",\"@id\":\"https:\/\/sandzakpress.net\/arhiva\/#\/schema\/person\/image\/\",\"url\":\"https:\/\/secure.gravatar.com\/avatar\/42263f39aa27ac04c43cab85c280eb2e?s=96&d=mm&r=pg\",\"contentUrl\":\"https:\/\/secure.gravatar.com\/avatar\/42263f39aa27ac04c43cab85c280eb2e?s=96&d=mm&r=pg\",\"caption\":\"Kul\"},\"logo\":{\"@id\":\"https:\/\/sandzakpress.net\/arhiva\/#\/schema\/person\/image\/\"}},{\"@type\":\"Person\",\"@id\":\"https:\/\/sandzakpress.net\/arhiva\/#\/schema\/person\/c8baee722073534b583ea7bdb2e36c02\",\"name\":\"bosniak\",\"image\":{\"@type\":\"ImageObject\",\"inLanguage\":\"bs-BA\",\"@id\":\"https:\/\/sandzakpress.net\/arhiva\/#\/schema\/person\/image\/\",\"url\":\"https:\/\/secure.gravatar.com\/avatar\/a04fd330bfe3a36a72a0ad4a6d89fca7?s=96&d=mm&r=pg\",\"contentUrl\":\"https:\/\/secure.gravatar.com\/avatar\/a04fd330bfe3a36a72a0ad4a6d89fca7?s=96&d=mm&r=pg\",\"caption\":\"bosniak\"},\"url\":\"https:\/\/sandzakpress.net\/arhiva\/author\/bosniak\/\"}]}<\/script>\n<!-- \/ Yoast SEO Premium plugin. -->","yoast_head_json":{"title":"SAD duboko zabrinute zbog osude Mursija na smrt","robots":{"index":"index","follow":"follow","max-snippet":"max-snippet:-1","max-image-preview":"max-image-preview:large","max-video-preview":"max-video-preview:-1"},"canonical":"https:\/\/sandzakpress.net\/arhiva\/sad-duboko-zabrinute-zbog-osude-mursija-na-smrt\/","og_locale":"bs_BA","og_type":"article","og_title":"SAD duboko zabrinute zbog osude Mursija na smrt","og_description":"Amerika &#8211; Sjedinjene Dr\u017eave su &#8220;duboko zabrinute&#8221; zbog odluke egipatskog suda da osudi biv\u0161eg predsjednika Muhameda Mursija na smrt, izjavio je u nedjelju zvani\u010dnik State Departmenta. Ameri\u010dke kritike su uslijedile nakon osuda Amnesty Internationala i turskog predsjednika Tayyipa Erdogana nakon odluke koju je sud donio u subotu protiv svrgnutog predsjednika i 106 njegovih pristalica u [&hellip;]","og_url":"https:\/\/sandzakpress.net\/arhiva\/sad-duboko-zabrinute-zbog-osude-mursija-na-smrt\/","og_site_name":"Sand\u017eak PRESS","article_published_time":"2015-05-18T15:20:28+00:00","og_image":[{"width":625,"height":424,"url":"https:\/\/sandzakpress.net\/arhiva\/wp-content\/uploads\/2015\/05\/Mursi54.jpg","type":"image\/jpeg"}],"author":"bosniak","twitter_card":"summary_large_image","twitter_misc":{"Written by":"bosniak","Est. reading time":"1 minuta"},"schema":{"@context":"https:\/\/schema.org","@graph":[{"@type":"Article","@id":"https:\/\/sandzakpress.net\/arhiva\/sad-duboko-zabrinute-zbog-osude-mursija-na-smrt\/#article","isPartOf":{"@id":"https:\/\/sandzakpress.net\/arhiva\/sad-duboko-zabrinute-zbog-osude-mursija-na-smrt\/"},"author":{"name":"bosniak","@id":"https:\/\/sandzakpress.net\/arhiva\/#\/schema\/person\/c8baee722073534b583ea7bdb2e36c02"},"headline":"SAD duboko zabrinute zbog osude Mursija na smrt","datePublished":"2015-05-18T15:20:28+00:00","mainEntityOfPage":{"@id":"https:\/\/sandzakpress.net\/arhiva\/sad-duboko-zabrinute-zbog-osude-mursija-na-smrt\/"},"wordCount":223,"commentCount":5,"publisher":{"@id":"https:\/\/sandzakpress.net\/arhiva\/#\/schema\/person\/6e72b67d6e51910a1117b3b483ba20bd"},"image":{"@id":"https:\/\/sandzakpress.net\/arhiva\/sad-duboko-zabrinute-zbog-osude-mursija-na-smrt\/#primaryimage"},"thumbnailUrl":"https:\/\/sandzakpress.net\/arhiva\/wp-content\/uploads\/2015\/05\/Mursi54.jpg","articleSection":["Amerika","Svijet"],"inLanguage":"bs-BA","potentialAction":[{"@type":"CommentAction","name":"Comment","target":["https:\/\/sandzakpress.net\/arhiva\/sad-duboko-zabrinute-zbog-osude-mursija-na-smrt\/#respond"]}]},{"@type":"WebPage","@id":"https:\/\/sandzakpress.net\/arhiva\/sad-duboko-zabrinute-zbog-osude-mursija-na-smrt\/","url":"https:\/\/sandzakpress.net\/arhiva\/sad-duboko-zabrinute-zbog-osude-mursija-na-smrt\/","name":"SAD duboko zabrinute zbog osude Mursija na smrt","isPartOf":{"@id":"https:\/\/sandzakpress.net\/arhiva\/#website"},"primaryImageOfPage":{"@id":"https:\/\/sandzakpress.net\/arhiva\/sad-duboko-zabrinute-zbog-osude-mursija-na-smrt\/#primaryimage"},"image":{"@id":"https:\/\/sandzakpress.net\/arhiva\/sad-duboko-zabrinute-zbog-osude-mursija-na-smrt\/#primaryimage"},"thumbnailUrl":"https:\/\/sandzakpress.net\/arhiva\/wp-content\/uploads\/2015\/05\/Mursi54.jpg","datePublished":"2015-05-18T15:20:28+00:00","breadcrumb":{"@id":"https:\/\/sandzakpress.net\/arhiva\/sad-duboko-zabrinute-zbog-osude-mursija-na-smrt\/#breadcrumb"},"inLanguage":"bs-BA","potentialAction":[{"@type":"ReadAction","target":["https:\/\/sandzakpress.net\/arhiva\/sad-duboko-zabrinute-zbog-osude-mursija-na-smrt\/"]}]},{"@type":"ImageObject","inLanguage":"bs-BA","@id":"https:\/\/sandzakpress.net\/arhiva\/sad-duboko-zabrinute-zbog-osude-mursija-na-smrt\/#primaryimage","url":"https:\/\/sandzakpress.net\/arhiva\/wp-content\/uploads\/2015\/05\/Mursi54.jpg","contentUrl":"https:\/\/sandzakpress.net\/arhiva\/wp-content\/uploads\/2015\/05\/Mursi54.jpg","width":625,"height":424},{"@type":"BreadcrumbList","@id":"https:\/\/sandzakpress.net\/arhiva\/sad-duboko-zabrinute-zbog-osude-mursija-na-smrt\/#breadcrumb","itemListElement":[{"@type":"ListItem","position":1,"name":"Home","item":"https:\/\/sandzakpress.net\/arhiva\/"},{"@type":"ListItem","position":2,"name":"SAD duboko zabrinute zbog osude Mursija na smrt"}]},{"@type":"WebSite","@id":"https:\/\/sandzakpress.net\/arhiva\/#website","url":"https:\/\/sandzakpress.net\/arhiva\/","name":"Sand\u017eak PRESS","description":"Prve elektronske novine u Sand\u017eaku","publisher":{"@id":"https:\/\/sandzakpress.net\/arhiva\/#\/schema\/person\/6e72b67d6e51910a1117b3b483ba20bd"},"potentialAction":[{"@type":"SearchAction","target":{"@type":"EntryPoint","urlTemplate":"https:\/\/sandzakpress.net\/arhiva\/?s={search_term_string}"},"query-input":{"@type":"PropertyValueSpecification","valueRequired":true,"valueName":"search_term_string"}}],"inLanguage":"bs-BA"},{"@type":["Person","Organization"],"@id":"https:\/\/sandzakpress.net\/arhiva\/#\/schema\/person\/6e72b67d6e51910a1117b3b483ba20bd","name":"Kul","image":{"@type":"ImageObject","inLanguage":"bs-BA","@id":"https:\/\/sandzakpress.net\/arhiva\/#\/schema\/person\/image\/","url":"https:\/\/secure.gravatar.com\/avatar\/42263f39aa27ac04c43cab85c280eb2e?s=96&d=mm&r=pg","contentUrl":"https:\/\/secure.gravatar.com\/avatar\/42263f39aa27ac04c43cab85c280eb2e?s=96&d=mm&r=pg","caption":"Kul"},"logo":{"@id":"https:\/\/sandzakpress.net\/arhiva\/#\/schema\/person\/image\/"}},{"@type":"Person","@id":"https:\/\/sandzakpress.net\/arhiva\/#\/schema\/person\/c8baee722073534b583ea7bdb2e36c02","name":"bosniak","image":{"@type":"ImageObject","inLanguage":"bs-BA","@id":"https:\/\/sandzakpress.net\/arhiva\/#\/schema\/person\/image\/","url":"https:\/\/secure.gravatar.com\/avatar\/a04fd330bfe3a36a72a0ad4a6d89fca7?s=96&d=mm&r=pg","contentUrl":"https:\/\/secure.gravatar.com\/avatar\/a04fd330bfe3a36a72a0ad4a6d89fca7?s=96&d=mm&r=pg","caption":"bosniak"},"url":"https:\/\/sandzakpress.net\/arhiva\/author\/bosniak\/"}]}},"_links":{"self":[{"href":"https:\/\/sandzakpress.net\/arhiva\/wp-json\/wp\/v2\/posts\/128386"}],"collection":[{"href":"https:\/\/sandzakpress.net\/arhiva\/wp-json\/wp\/v2\/posts"}],"about":[{"href":"https:\/\/sandzakpress.net\/arhiva\/wp-json\/wp\/v2\/types\/post"}],"author":[{"embeddable":true,"href":"https:\/\/sandzakpress.net\/arhiva\/wp-json\/wp\/v2\/users\/83"}],"replies":[{"embeddable":true,"href":"https:\/\/sandzakpress.net\/arhiva\/wp-json\/wp\/v2\/comments?post=128386"}],"version-history":[{"count":0,"href":"https:\/\/sandzakpress.net\/arhiva\/wp-json\/wp\/v2\/posts\/128386\/revisions"}],"wp:featuredmedia":[{"embeddable":true,"href":"https:\/\/sandzakpress.net\/arhiva\/wp-json\/wp\/v2\/media\/128387"}],"wp:attachment":[{"href":"https:\/\/sandzakpress.net\/arhiva\/wp-json\/wp\/v2\/media?parent=128386"}],"wp:term":[{"taxonomy":"category","embeddable":true,"href":"https:\/\/sandzakpress.net\/arhiva\/wp-json\/wp\/v2\/categories?post=128386"},{"taxonomy":"post_tag","embeddable":true,"href":"https:\/\/sandzakpress.net\/arhiva\/wp-json\/wp\/v2\/tags?post=128386"}],"curies":[{"name":"wp","href":"https:\/\/api.w.org\/{rel}","templated":true}]}}