{"id":128212,"date":"2015-05-15T10:24:48","date_gmt":"2015-05-15T08:24:48","guid":{"rendered":"https:\/\/sandzakpress.net\/arhiva\/?p=128212"},"modified":"2015-05-15T10:25:09","modified_gmt":"2015-05-15T08:25:09","slug":"obama-ugostio-saudijske-princeve-u-bijeloj-kuci","status":"publish","type":"post","link":"https:\/\/sandzakpress.net\/arhiva\/obama-ugostio-saudijske-princeve-u-bijeloj-kuci\/","title":{"rendered":"Obama ugostio saudijske prin\u010deve u Bijeloj ku\u0107i"},"content":{"rendered":"<div><img decoding=\"async\" class=\" aligncenter\" src=\"http:\/\/www.trt.net.tr\/bosanski\/fotograf\/haberler\/detay\/obama-ugostio-saudijske-prineve-u-bijeloj-kui_trt-bosanski-44352.jpg\" alt=\"obama-ugostio-saudijske-prineve-u-bijeloj-kui\" \/><\/div>\n<div><strong>Amerika &#8211; Ameri\u010dki predsjednik Barack Obama sastao su u bijeloj ku\u0107i sa krunisanim princem o saudijske arabije Muhamed bin Naifom i njegovim zamjenikom princem Muhamedom bin Selmanom. <\/strong><\/div>\n<div>Saudijski prin\u010devi predstavljaju Saudijsku Arabiju na samitu lidera zaljevskih zemalja, u odstustvu kralja Selmana bin Abdulaziza. Organizovale su ga Sjedinjene Ameri\u010dke dr\u017eave kako bi diskutovale o nuklearnom programu Irana sa zemljama Zaljeva i trenutnom konfliktu u Jemenu.<\/div>\n<div>\u00a0<\/div>\n<div>&#8220;Sjedinjene Ameri\u010dke Dr\u017eave sa Saudijskom Arabijom gaje izvanredno prijateljstvo i odnose koji datiraju od vremena predsjednika Franklina Roosevelta,&#8221; kazao je Obama na sastanku sa saudijskim prin\u010devima.<\/div>\n<div>\u00a0<\/div>\n<div>&#8220;Nastavi\u0107emo da gradimo taj odnos i u veoma izazovnom vremenu,&#8221; dodao je ameri\u010dki predsjednik.<\/div>\n<div>\u00a0<\/div>\n<div>Princ Muhamed bin Naif je kazao kako njegova zemlja pridaje veliki zna\u010daj &#8220;strate\u0161kim i historijskim odnosima&#8221; sa Sjedinjenim Ameri\u010dkim Dr\u017eavama.<\/div>\n<div>\u00a0<\/div>\n<div>Na samitu lidera zaljevskih zemalja samo su dvije zemlje zastupljene na najvi\u0161em nivou &#8211; Katar i Kuvajt.<\/div>\n<div>\u00a0<\/div>\n<div>Obama je pohvalio i ulogu dvojice njegovih sagovornika u borbi protiv ISIS-a i ocijenio da je Saudijska Arabija klju\u010dni i kriti\u010dni partner. &#8220;Na li\u010dnom nivou, moja saradnja i saradnja ameri\u010dke vlade sa ove dvije li\u010dnosti u borbi protiv terorizma je bila apsolutno kriti\u010dna u odr\u017eavanja stabilnosti u regionu, ali i u za\u0161titi ameri\u010dkog naroda,&#8221; kazao je Obama.<\/div>\n<div>\u00a0<\/div>\n<div>Ameri\u010dki predsjednik \u0107e biti doma\u0107in i specijalne ve\u010dere u Bijeloj ku\u0107i, na kojoj \u0107e ugostiti lidere grupe GCC &#8211; Saudijske Arabije, Kuvajta, Katara, Bahrejna, Omana i Ujedinjenih Arapskih Emirata.<\/div>\n<div>\u00a0<\/div>\n<div>(trtbosanski)<\/div>\n","protected":false},"excerpt":{"rendered":"<p>Amerika &#8211; Ameri\u010dki predsjednik Barack Obama sastao su u bijeloj ku\u0107i sa krunisanim princem o saudijske arabije Muhamed bin Naifom i njegovim zamjenikom princem Muhamedom bin Selmanom. Saudijski prin\u010devi predstavljaju Saudijsku Arabiju na samitu lidera zaljevskih zemalja, u odstustvu kralja Selmana bin Abdulaziza. Organizovale su ga Sjedinjene Ameri\u010dke dr\u017eave kako bi diskutovale o nuklearnom programu [&hellip;]<\/p>\n","protected":false},"author":83,"featured_media":128214,"comment_status":"open","ping_status":"open","sticky":false,"template":"","format":"standard","meta":{"footnotes":""},"categories":[3012,9,798],"tags":[],"class_list":{"0":"post-128212","1":"post","2":"type-post","3":"status-publish","4":"format-standard","5":"has-post-thumbnail","7":"category-amerika-gradovi","8":"category-svijet","9":"category-teme"},"yoast_head":"<!-- This site is optimized with the Yoast SEO Premium plugin v23.1 (Yoast SEO v24.9) - https:\/\/yoast.com\/wordpress\/plugins\/seo\/ -->\n<title>Obama ugostio saudijske prin\u010deve u Bijeloj ku\u0107i<\/title>\n<meta name=\"robots\" content=\"index, follow, max-snippet:-1, max-image-preview:large, max-video-preview:-1\" \/>\n<link rel=\"canonical\" href=\"https:\/\/sandzakpress.net\/arhiva\/obama-ugostio-saudijske-princeve-u-bijeloj-kuci\/\" \/>\n<meta property=\"og:locale\" content=\"bs_BA\" \/>\n<meta property=\"og:type\" content=\"article\" \/>\n<meta property=\"og:title\" content=\"Obama ugostio saudijske prin\u010deve u Bijeloj ku\u0107i\" \/>\n<meta property=\"og:description\" content=\"Amerika &#8211; Ameri\u010dki predsjednik Barack Obama sastao su u bijeloj ku\u0107i sa krunisanim princem o saudijske arabije Muhamed bin Naifom i njegovim zamjenikom princem Muhamedom bin Selmanom. Saudijski prin\u010devi predstavljaju Saudijsku Arabiju na samitu lidera zaljevskih zemalja, u odstustvu kralja Selmana bin Abdulaziza. Organizovale su ga Sjedinjene Ameri\u010dke dr\u017eave kako bi diskutovale o nuklearnom programu [&hellip;]\" \/>\n<meta property=\"og:url\" content=\"https:\/\/sandzakpress.net\/arhiva\/obama-ugostio-saudijske-princeve-u-bijeloj-kuci\/\" \/>\n<meta property=\"og:site_name\" content=\"Sand\u017eak PRESS\" \/>\n<meta property=\"article:published_time\" content=\"2015-05-15T08:24:48+00:00\" \/>\n<meta property=\"article:modified_time\" content=\"2015-05-15T08:25:09+00:00\" \/>\n<meta property=\"og:image\" content=\"https:\/\/sandzakpress.net\/arhiva\/wp-content\/uploads\/2015\/05\/obama-ugostio-saudijske-prineve-u-bijeloj-kui_trt-bosanski-44352.jpg\" \/>\n\t<meta property=\"og:image:width\" content=\"600\" \/>\n\t<meta property=\"og:image:height\" content=\"283\" \/>\n\t<meta property=\"og:image:type\" content=\"image\/jpeg\" \/>\n<meta name=\"author\" content=\"bosniak\" \/>\n<meta name=\"twitter:card\" content=\"summary_large_image\" \/>\n<meta name=\"twitter:label1\" content=\"Written by\" \/>\n\t<meta name=\"twitter:data1\" content=\"bosniak\" \/>\n\t<meta name=\"twitter:label2\" content=\"Est. reading time\" \/>\n\t<meta name=\"twitter:data2\" content=\"1 minuta\" \/>\n<script type=\"application\/ld+json\" class=\"yoast-schema-graph\">{\"@context\":\"https:\/\/schema.org\",\"@graph\":[{\"@type\":\"Article\",\"@id\":\"https:\/\/sandzakpress.net\/arhiva\/obama-ugostio-saudijske-princeve-u-bijeloj-kuci\/#article\",\"isPartOf\":{\"@id\":\"https:\/\/sandzakpress.net\/arhiva\/obama-ugostio-saudijske-princeve-u-bijeloj-kuci\/\"},\"author\":{\"name\":\"bosniak\",\"@id\":\"https:\/\/sandzakpress.net\/arhiva\/#\/schema\/person\/c8baee722073534b583ea7bdb2e36c02\"},\"headline\":\"Obama ugostio saudijske prin\u010deve u Bijeloj ku\u0107i\",\"datePublished\":\"2015-05-15T08:24:48+00:00\",\"dateModified\":\"2015-05-15T08:25:09+00:00\",\"mainEntityOfPage\":{\"@id\":\"https:\/\/sandzakpress.net\/arhiva\/obama-ugostio-saudijske-princeve-u-bijeloj-kuci\/\"},\"wordCount\":265,\"commentCount\":2,\"publisher\":{\"@id\":\"https:\/\/sandzakpress.net\/arhiva\/#\/schema\/person\/6e72b67d6e51910a1117b3b483ba20bd\"},\"image\":{\"@id\":\"https:\/\/sandzakpress.net\/arhiva\/obama-ugostio-saudijske-princeve-u-bijeloj-kuci\/#primaryimage\"},\"thumbnailUrl\":\"https:\/\/sandzakpress.net\/arhiva\/wp-content\/uploads\/2015\/05\/obama-ugostio-saudijske-prineve-u-bijeloj-kui_trt-bosanski-44352.jpg\",\"articleSection\":[\"Amerika\",\"Svijet\",\"NAJNOVIJE\"],\"inLanguage\":\"bs-BA\",\"potentialAction\":[{\"@type\":\"CommentAction\",\"name\":\"Comment\",\"target\":[\"https:\/\/sandzakpress.net\/arhiva\/obama-ugostio-saudijske-princeve-u-bijeloj-kuci\/#respond\"]}]},{\"@type\":\"WebPage\",\"@id\":\"https:\/\/sandzakpress.net\/arhiva\/obama-ugostio-saudijske-princeve-u-bijeloj-kuci\/\",\"url\":\"https:\/\/sandzakpress.net\/arhiva\/obama-ugostio-saudijske-princeve-u-bijeloj-kuci\/\",\"name\":\"Obama ugostio saudijske prin\u010deve u Bijeloj ku\u0107i\",\"isPartOf\":{\"@id\":\"https:\/\/sandzakpress.net\/arhiva\/#website\"},\"primaryImageOfPage\":{\"@id\":\"https:\/\/sandzakpress.net\/arhiva\/obama-ugostio-saudijske-princeve-u-bijeloj-kuci\/#primaryimage\"},\"image\":{\"@id\":\"https:\/\/sandzakpress.net\/arhiva\/obama-ugostio-saudijske-princeve-u-bijeloj-kuci\/#primaryimage\"},\"thumbnailUrl\":\"https:\/\/sandzakpress.net\/arhiva\/wp-content\/uploads\/2015\/05\/obama-ugostio-saudijske-prineve-u-bijeloj-kui_trt-bosanski-44352.jpg\",\"datePublished\":\"2015-05-15T08:24:48+00:00\",\"dateModified\":\"2015-05-15T08:25:09+00:00\",\"breadcrumb\":{\"@id\":\"https:\/\/sandzakpress.net\/arhiva\/obama-ugostio-saudijske-princeve-u-bijeloj-kuci\/#breadcrumb\"},\"inLanguage\":\"bs-BA\",\"potentialAction\":[{\"@type\":\"ReadAction\",\"target\":[\"https:\/\/sandzakpress.net\/arhiva\/obama-ugostio-saudijske-princeve-u-bijeloj-kuci\/\"]}]},{\"@type\":\"ImageObject\",\"inLanguage\":\"bs-BA\",\"@id\":\"https:\/\/sandzakpress.net\/arhiva\/obama-ugostio-saudijske-princeve-u-bijeloj-kuci\/#primaryimage\",\"url\":\"https:\/\/sandzakpress.net\/arhiva\/wp-content\/uploads\/2015\/05\/obama-ugostio-saudijske-prineve-u-bijeloj-kui_trt-bosanski-44352.jpg\",\"contentUrl\":\"https:\/\/sandzakpress.net\/arhiva\/wp-content\/uploads\/2015\/05\/obama-ugostio-saudijske-prineve-u-bijeloj-kui_trt-bosanski-44352.jpg\",\"width\":600,\"height\":283},{\"@type\":\"BreadcrumbList\",\"@id\":\"https:\/\/sandzakpress.net\/arhiva\/obama-ugostio-saudijske-princeve-u-bijeloj-kuci\/#breadcrumb\",\"itemListElement\":[{\"@type\":\"ListItem\",\"position\":1,\"name\":\"Home\",\"item\":\"https:\/\/sandzakpress.net\/arhiva\/\"},{\"@type\":\"ListItem\",\"position\":2,\"name\":\"Obama ugostio saudijske prin\u010deve u Bijeloj ku\u0107i\"}]},{\"@type\":\"WebSite\",\"@id\":\"https:\/\/sandzakpress.net\/arhiva\/#website\",\"url\":\"https:\/\/sandzakpress.net\/arhiva\/\",\"name\":\"Sand\u017eak PRESS\",\"description\":\"Prve elektronske novine u Sand\u017eaku\",\"publisher\":{\"@id\":\"https:\/\/sandzakpress.net\/arhiva\/#\/schema\/person\/6e72b67d6e51910a1117b3b483ba20bd\"},\"potentialAction\":[{\"@type\":\"SearchAction\",\"target\":{\"@type\":\"EntryPoint\",\"urlTemplate\":\"https:\/\/sandzakpress.net\/arhiva\/?s={search_term_string}\"},\"query-input\":{\"@type\":\"PropertyValueSpecification\",\"valueRequired\":true,\"valueName\":\"search_term_string\"}}],\"inLanguage\":\"bs-BA\"},{\"@type\":[\"Person\",\"Organization\"],\"@id\":\"https:\/\/sandzakpress.net\/arhiva\/#\/schema\/person\/6e72b67d6e51910a1117b3b483ba20bd\",\"name\":\"Kul\",\"image\":{\"@type\":\"ImageObject\",\"inLanguage\":\"bs-BA\",\"@id\":\"https:\/\/sandzakpress.net\/arhiva\/#\/schema\/person\/image\/\",\"url\":\"https:\/\/secure.gravatar.com\/avatar\/42263f39aa27ac04c43cab85c280eb2e?s=96&d=mm&r=pg\",\"contentUrl\":\"https:\/\/secure.gravatar.com\/avatar\/42263f39aa27ac04c43cab85c280eb2e?s=96&d=mm&r=pg\",\"caption\":\"Kul\"},\"logo\":{\"@id\":\"https:\/\/sandzakpress.net\/arhiva\/#\/schema\/person\/image\/\"}},{\"@type\":\"Person\",\"@id\":\"https:\/\/sandzakpress.net\/arhiva\/#\/schema\/person\/c8baee722073534b583ea7bdb2e36c02\",\"name\":\"bosniak\",\"image\":{\"@type\":\"ImageObject\",\"inLanguage\":\"bs-BA\",\"@id\":\"https:\/\/sandzakpress.net\/arhiva\/#\/schema\/person\/image\/\",\"url\":\"https:\/\/secure.gravatar.com\/avatar\/a04fd330bfe3a36a72a0ad4a6d89fca7?s=96&d=mm&r=pg\",\"contentUrl\":\"https:\/\/secure.gravatar.com\/avatar\/a04fd330bfe3a36a72a0ad4a6d89fca7?s=96&d=mm&r=pg\",\"caption\":\"bosniak\"},\"url\":\"https:\/\/sandzakpress.net\/arhiva\/author\/bosniak\/\"}]}<\/script>\n<!-- \/ Yoast SEO Premium plugin. -->","yoast_head_json":{"title":"Obama ugostio saudijske prin\u010deve u Bijeloj ku\u0107i","robots":{"index":"index","follow":"follow","max-snippet":"max-snippet:-1","max-image-preview":"max-image-preview:large","max-video-preview":"max-video-preview:-1"},"canonical":"https:\/\/sandzakpress.net\/arhiva\/obama-ugostio-saudijske-princeve-u-bijeloj-kuci\/","og_locale":"bs_BA","og_type":"article","og_title":"Obama ugostio saudijske prin\u010deve u Bijeloj ku\u0107i","og_description":"Amerika &#8211; Ameri\u010dki predsjednik Barack Obama sastao su u bijeloj ku\u0107i sa krunisanim princem o saudijske arabije Muhamed bin Naifom i njegovim zamjenikom princem Muhamedom bin Selmanom. Saudijski prin\u010devi predstavljaju Saudijsku Arabiju na samitu lidera zaljevskih zemalja, u odstustvu kralja Selmana bin Abdulaziza. Organizovale su ga Sjedinjene Ameri\u010dke dr\u017eave kako bi diskutovale o nuklearnom programu [&hellip;]","og_url":"https:\/\/sandzakpress.net\/arhiva\/obama-ugostio-saudijske-princeve-u-bijeloj-kuci\/","og_site_name":"Sand\u017eak PRESS","article_published_time":"2015-05-15T08:24:48+00:00","article_modified_time":"2015-05-15T08:25:09+00:00","og_image":[{"width":600,"height":283,"url":"https:\/\/sandzakpress.net\/arhiva\/wp-content\/uploads\/2015\/05\/obama-ugostio-saudijske-prineve-u-bijeloj-kui_trt-bosanski-44352.jpg","type":"image\/jpeg"}],"author":"bosniak","twitter_card":"summary_large_image","twitter_misc":{"Written by":"bosniak","Est. reading time":"1 minuta"},"schema":{"@context":"https:\/\/schema.org","@graph":[{"@type":"Article","@id":"https:\/\/sandzakpress.net\/arhiva\/obama-ugostio-saudijske-princeve-u-bijeloj-kuci\/#article","isPartOf":{"@id":"https:\/\/sandzakpress.net\/arhiva\/obama-ugostio-saudijske-princeve-u-bijeloj-kuci\/"},"author":{"name":"bosniak","@id":"https:\/\/sandzakpress.net\/arhiva\/#\/schema\/person\/c8baee722073534b583ea7bdb2e36c02"},"headline":"Obama ugostio saudijske prin\u010deve u Bijeloj ku\u0107i","datePublished":"2015-05-15T08:24:48+00:00","dateModified":"2015-05-15T08:25:09+00:00","mainEntityOfPage":{"@id":"https:\/\/sandzakpress.net\/arhiva\/obama-ugostio-saudijske-princeve-u-bijeloj-kuci\/"},"wordCount":265,"commentCount":2,"publisher":{"@id":"https:\/\/sandzakpress.net\/arhiva\/#\/schema\/person\/6e72b67d6e51910a1117b3b483ba20bd"},"image":{"@id":"https:\/\/sandzakpress.net\/arhiva\/obama-ugostio-saudijske-princeve-u-bijeloj-kuci\/#primaryimage"},"thumbnailUrl":"https:\/\/sandzakpress.net\/arhiva\/wp-content\/uploads\/2015\/05\/obama-ugostio-saudijske-prineve-u-bijeloj-kui_trt-bosanski-44352.jpg","articleSection":["Amerika","Svijet","NAJNOVIJE"],"inLanguage":"bs-BA","potentialAction":[{"@type":"CommentAction","name":"Comment","target":["https:\/\/sandzakpress.net\/arhiva\/obama-ugostio-saudijske-princeve-u-bijeloj-kuci\/#respond"]}]},{"@type":"WebPage","@id":"https:\/\/sandzakpress.net\/arhiva\/obama-ugostio-saudijske-princeve-u-bijeloj-kuci\/","url":"https:\/\/sandzakpress.net\/arhiva\/obama-ugostio-saudijske-princeve-u-bijeloj-kuci\/","name":"Obama ugostio saudijske prin\u010deve u Bijeloj ku\u0107i","isPartOf":{"@id":"https:\/\/sandzakpress.net\/arhiva\/#website"},"primaryImageOfPage":{"@id":"https:\/\/sandzakpress.net\/arhiva\/obama-ugostio-saudijske-princeve-u-bijeloj-kuci\/#primaryimage"},"image":{"@id":"https:\/\/sandzakpress.net\/arhiva\/obama-ugostio-saudijske-princeve-u-bijeloj-kuci\/#primaryimage"},"thumbnailUrl":"https:\/\/sandzakpress.net\/arhiva\/wp-content\/uploads\/2015\/05\/obama-ugostio-saudijske-prineve-u-bijeloj-kui_trt-bosanski-44352.jpg","datePublished":"2015-05-15T08:24:48+00:00","dateModified":"2015-05-15T08:25:09+00:00","breadcrumb":{"@id":"https:\/\/sandzakpress.net\/arhiva\/obama-ugostio-saudijske-princeve-u-bijeloj-kuci\/#breadcrumb"},"inLanguage":"bs-BA","potentialAction":[{"@type":"ReadAction","target":["https:\/\/sandzakpress.net\/arhiva\/obama-ugostio-saudijske-princeve-u-bijeloj-kuci\/"]}]},{"@type":"ImageObject","inLanguage":"bs-BA","@id":"https:\/\/sandzakpress.net\/arhiva\/obama-ugostio-saudijske-princeve-u-bijeloj-kuci\/#primaryimage","url":"https:\/\/sandzakpress.net\/arhiva\/wp-content\/uploads\/2015\/05\/obama-ugostio-saudijske-prineve-u-bijeloj-kui_trt-bosanski-44352.jpg","contentUrl":"https:\/\/sandzakpress.net\/arhiva\/wp-content\/uploads\/2015\/05\/obama-ugostio-saudijske-prineve-u-bijeloj-kui_trt-bosanski-44352.jpg","width":600,"height":283},{"@type":"BreadcrumbList","@id":"https:\/\/sandzakpress.net\/arhiva\/obama-ugostio-saudijske-princeve-u-bijeloj-kuci\/#breadcrumb","itemListElement":[{"@type":"ListItem","position":1,"name":"Home","item":"https:\/\/sandzakpress.net\/arhiva\/"},{"@type":"ListItem","position":2,"name":"Obama ugostio saudijske prin\u010deve u Bijeloj ku\u0107i"}]},{"@type":"WebSite","@id":"https:\/\/sandzakpress.net\/arhiva\/#website","url":"https:\/\/sandzakpress.net\/arhiva\/","name":"Sand\u017eak PRESS","description":"Prve elektronske novine u Sand\u017eaku","publisher":{"@id":"https:\/\/sandzakpress.net\/arhiva\/#\/schema\/person\/6e72b67d6e51910a1117b3b483ba20bd"},"potentialAction":[{"@type":"SearchAction","target":{"@type":"EntryPoint","urlTemplate":"https:\/\/sandzakpress.net\/arhiva\/?s={search_term_string}"},"query-input":{"@type":"PropertyValueSpecification","valueRequired":true,"valueName":"search_term_string"}}],"inLanguage":"bs-BA"},{"@type":["Person","Organization"],"@id":"https:\/\/sandzakpress.net\/arhiva\/#\/schema\/person\/6e72b67d6e51910a1117b3b483ba20bd","name":"Kul","image":{"@type":"ImageObject","inLanguage":"bs-BA","@id":"https:\/\/sandzakpress.net\/arhiva\/#\/schema\/person\/image\/","url":"https:\/\/secure.gravatar.com\/avatar\/42263f39aa27ac04c43cab85c280eb2e?s=96&d=mm&r=pg","contentUrl":"https:\/\/secure.gravatar.com\/avatar\/42263f39aa27ac04c43cab85c280eb2e?s=96&d=mm&r=pg","caption":"Kul"},"logo":{"@id":"https:\/\/sandzakpress.net\/arhiva\/#\/schema\/person\/image\/"}},{"@type":"Person","@id":"https:\/\/sandzakpress.net\/arhiva\/#\/schema\/person\/c8baee722073534b583ea7bdb2e36c02","name":"bosniak","image":{"@type":"ImageObject","inLanguage":"bs-BA","@id":"https:\/\/sandzakpress.net\/arhiva\/#\/schema\/person\/image\/","url":"https:\/\/secure.gravatar.com\/avatar\/a04fd330bfe3a36a72a0ad4a6d89fca7?s=96&d=mm&r=pg","contentUrl":"https:\/\/secure.gravatar.com\/avatar\/a04fd330bfe3a36a72a0ad4a6d89fca7?s=96&d=mm&r=pg","caption":"bosniak"},"url":"https:\/\/sandzakpress.net\/arhiva\/author\/bosniak\/"}]}},"_links":{"self":[{"href":"https:\/\/sandzakpress.net\/arhiva\/wp-json\/wp\/v2\/posts\/128212"}],"collection":[{"href":"https:\/\/sandzakpress.net\/arhiva\/wp-json\/wp\/v2\/posts"}],"about":[{"href":"https:\/\/sandzakpress.net\/arhiva\/wp-json\/wp\/v2\/types\/post"}],"author":[{"embeddable":true,"href":"https:\/\/sandzakpress.net\/arhiva\/wp-json\/wp\/v2\/users\/83"}],"replies":[{"embeddable":true,"href":"https:\/\/sandzakpress.net\/arhiva\/wp-json\/wp\/v2\/comments?post=128212"}],"version-history":[{"count":0,"href":"https:\/\/sandzakpress.net\/arhiva\/wp-json\/wp\/v2\/posts\/128212\/revisions"}],"wp:featuredmedia":[{"embeddable":true,"href":"https:\/\/sandzakpress.net\/arhiva\/wp-json\/wp\/v2\/media\/128214"}],"wp:attachment":[{"href":"https:\/\/sandzakpress.net\/arhiva\/wp-json\/wp\/v2\/media?parent=128212"}],"wp:term":[{"taxonomy":"category","embeddable":true,"href":"https:\/\/sandzakpress.net\/arhiva\/wp-json\/wp\/v2\/categories?post=128212"},{"taxonomy":"post_tag","embeddable":true,"href":"https:\/\/sandzakpress.net\/arhiva\/wp-json\/wp\/v2\/tags?post=128212"}],"curies":[{"name":"wp","href":"https:\/\/api.w.org\/{rel}","templated":true}]}}