{"id":128014,"date":"2015-05-12T12:04:13","date_gmt":"2015-05-12T10:04:13","guid":{"rendered":"https:\/\/sandzakpress.net\/arhiva\/?p=128014"},"modified":"2015-05-12T12:04:13","modified_gmt":"2015-05-12T10:04:13","slug":"egipatski-ministar-pravde-podnio-ostavku","status":"publish","type":"post","link":"https:\/\/sandzakpress.net\/arhiva\/egipatski-ministar-pravde-podnio-ostavku\/","title":{"rendered":"Egipatski ministar pravde podnio ostavku"},"content":{"rendered":"<p><img decoding=\"async\" src=\"http:\/\/balkans.aljazeera.net\/sites\/staff.balkans.aljazeera.com\/files\/styles\/aljazeera_article_main_image\/public\/saber_mahfouz_egipat_epa.jpg?itok=uOfo2NNk\" alt=\"Egipat, Mahfouz Saber\" \/><\/p>\n<p><strong>Svijet &#8211; Egipatski ministar pravde Mahfouz Saber podnio je ostavku dan nakon kontroverzne izjave o tome kako bi &#8220;dijete smetljara bilo nesposobno za rad u pravosu\u0111u&#8221;, javlja Anadolija.<\/strong><\/p>\n<p>Navodi se kako je ministar izjavio da ostavku daje iz &#8220;zdravstvenih razloga&#8221;.<\/p>\n<p>Glasnogovornik Vlade Egipta Hossam al-Qawish, potvrdio je da je ostavka ministra prihva\u0107ena.<\/p>\n<p>Saber je u nedjelju tokom televizijskog intervjua, govore\u0107i o radu u &#8220;uzvi\u0161enim&#8221; institucijama kazao da to zahtijeva &#8220;odgovaraju\u0107u pozadinu&#8221;.<\/p>\n<p><strong>&#8216;Dijete bi patilo od depresije&#8217;<\/strong><\/p>\n<p>&#8220;Sudija je visoka pozicija i zahtijeva respektabilnu pozadinu, kako finansijski tako i moralno. Uz du\u017eno po\u0161tovanje prema smetljarima i onima ispod njih, ukoliko bi dijete nekog od njih htjelo raditi kao sudija, patilo bi od depresije i to ne bi moglo nastaviti&#8221;, kazao je Saber.<\/p>\n<p>Ovi navodi u egipatskoj javnosti izazvali su buru komentara, a brojni su pozvali na ostavku ministra zbog diskriminatornih rije\u010di.<\/p>\n<p>Saber je istakao i kako su njegova &#8220;obja\u0161njenja pogre\u0161no shva\u0107ena&#8221;.<\/p>\n<p>&#8220;Nisam imao namjeru nikoga da uvrijedim, a posebno ne radnike koji rade na \u010di\u0161\u0107enju&#8221;, kazao je.<\/p>\n<p>Izvor: Agencije<\/p>\n","protected":false},"excerpt":{"rendered":"<p>Svijet &#8211; Egipatski ministar pravde Mahfouz Saber podnio je ostavku dan nakon kontroverzne izjave o tome kako bi &#8220;dijete smetljara bilo nesposobno za rad u pravosu\u0111u&#8221;, javlja Anadolija. Navodi se kako je ministar izjavio da ostavku daje iz &#8220;zdravstvenih razloga&#8221;. Glasnogovornik Vlade Egipta Hossam al-Qawish, potvrdio je da je ostavka ministra prihva\u0107ena. Saber je u [&hellip;]<\/p>\n","protected":false},"author":83,"featured_media":128015,"comment_status":"open","ping_status":"open","sticky":false,"template":"","format":"standard","meta":{"footnotes":""},"categories":[9],"tags":[10491],"class_list":{"0":"post-128014","1":"post","2":"type-post","3":"status-publish","4":"format-standard","5":"has-post-thumbnail","7":"category-svijet","8":"tag-ummet"},"yoast_head":"<!-- This site is optimized with the Yoast SEO Premium plugin v23.1 (Yoast SEO v24.9) - https:\/\/yoast.com\/wordpress\/plugins\/seo\/ -->\n<title>Egipatski ministar pravde podnio ostavku<\/title>\n<meta name=\"robots\" content=\"index, follow, max-snippet:-1, max-image-preview:large, max-video-preview:-1\" \/>\n<link rel=\"canonical\" href=\"https:\/\/sandzakpress.net\/arhiva\/egipatski-ministar-pravde-podnio-ostavku\/\" \/>\n<meta property=\"og:locale\" content=\"bs_BA\" \/>\n<meta property=\"og:type\" content=\"article\" \/>\n<meta property=\"og:title\" content=\"Egipatski ministar pravde podnio ostavku\" \/>\n<meta property=\"og:description\" content=\"Svijet &#8211; Egipatski ministar pravde Mahfouz Saber podnio je ostavku dan nakon kontroverzne izjave o tome kako bi &#8220;dijete smetljara bilo nesposobno za rad u pravosu\u0111u&#8221;, javlja Anadolija. Navodi se kako je ministar izjavio da ostavku daje iz &#8220;zdravstvenih razloga&#8221;. Glasnogovornik Vlade Egipta Hossam al-Qawish, potvrdio je da je ostavka ministra prihva\u0107ena. Saber je u [&hellip;]\" \/>\n<meta property=\"og:url\" content=\"https:\/\/sandzakpress.net\/arhiva\/egipatski-ministar-pravde-podnio-ostavku\/\" \/>\n<meta property=\"og:site_name\" content=\"Sand\u017eak PRESS\" \/>\n<meta property=\"article:published_time\" content=\"2015-05-12T10:04:13+00:00\" \/>\n<meta property=\"og:image\" content=\"https:\/\/sandzakpress.net\/arhiva\/wp-content\/uploads\/2015\/05\/saber_mahfouz_egipat_epa.jpg\" \/>\n\t<meta property=\"og:image:width\" content=\"800\" \/>\n\t<meta property=\"og:image:height\" content=\"533\" \/>\n\t<meta property=\"og:image:type\" content=\"image\/jpeg\" \/>\n<meta name=\"author\" content=\"bosniak\" \/>\n<meta name=\"twitter:card\" content=\"summary_large_image\" \/>\n<meta name=\"twitter:label1\" content=\"Written by\" \/>\n\t<meta name=\"twitter:data1\" content=\"bosniak\" \/>\n\t<meta name=\"twitter:label2\" content=\"Est. reading time\" \/>\n\t<meta name=\"twitter:data2\" content=\"1 minuta\" \/>\n<script type=\"application\/ld+json\" class=\"yoast-schema-graph\">{\"@context\":\"https:\/\/schema.org\",\"@graph\":[{\"@type\":\"Article\",\"@id\":\"https:\/\/sandzakpress.net\/arhiva\/egipatski-ministar-pravde-podnio-ostavku\/#article\",\"isPartOf\":{\"@id\":\"https:\/\/sandzakpress.net\/arhiva\/egipatski-ministar-pravde-podnio-ostavku\/\"},\"author\":{\"name\":\"bosniak\",\"@id\":\"https:\/\/sandzakpress.net\/arhiva\/#\/schema\/person\/c8baee722073534b583ea7bdb2e36c02\"},\"headline\":\"Egipatski ministar pravde podnio ostavku\",\"datePublished\":\"2015-05-12T10:04:13+00:00\",\"mainEntityOfPage\":{\"@id\":\"https:\/\/sandzakpress.net\/arhiva\/egipatski-ministar-pravde-podnio-ostavku\/\"},\"wordCount\":185,\"commentCount\":1,\"publisher\":{\"@id\":\"https:\/\/sandzakpress.net\/arhiva\/#\/schema\/person\/6e72b67d6e51910a1117b3b483ba20bd\"},\"image\":{\"@id\":\"https:\/\/sandzakpress.net\/arhiva\/egipatski-ministar-pravde-podnio-ostavku\/#primaryimage\"},\"thumbnailUrl\":\"https:\/\/sandzakpress.net\/arhiva\/wp-content\/uploads\/2015\/05\/saber_mahfouz_egipat_epa.jpg\",\"keywords\":[\"Ummet\"],\"articleSection\":[\"Svijet\"],\"inLanguage\":\"bs-BA\",\"potentialAction\":[{\"@type\":\"CommentAction\",\"name\":\"Comment\",\"target\":[\"https:\/\/sandzakpress.net\/arhiva\/egipatski-ministar-pravde-podnio-ostavku\/#respond\"]}]},{\"@type\":\"WebPage\",\"@id\":\"https:\/\/sandzakpress.net\/arhiva\/egipatski-ministar-pravde-podnio-ostavku\/\",\"url\":\"https:\/\/sandzakpress.net\/arhiva\/egipatski-ministar-pravde-podnio-ostavku\/\",\"name\":\"Egipatski ministar pravde podnio ostavku\",\"isPartOf\":{\"@id\":\"https:\/\/sandzakpress.net\/arhiva\/#website\"},\"primaryImageOfPage\":{\"@id\":\"https:\/\/sandzakpress.net\/arhiva\/egipatski-ministar-pravde-podnio-ostavku\/#primaryimage\"},\"image\":{\"@id\":\"https:\/\/sandzakpress.net\/arhiva\/egipatski-ministar-pravde-podnio-ostavku\/#primaryimage\"},\"thumbnailUrl\":\"https:\/\/sandzakpress.net\/arhiva\/wp-content\/uploads\/2015\/05\/saber_mahfouz_egipat_epa.jpg\",\"datePublished\":\"2015-05-12T10:04:13+00:00\",\"breadcrumb\":{\"@id\":\"https:\/\/sandzakpress.net\/arhiva\/egipatski-ministar-pravde-podnio-ostavku\/#breadcrumb\"},\"inLanguage\":\"bs-BA\",\"potentialAction\":[{\"@type\":\"ReadAction\",\"target\":[\"https:\/\/sandzakpress.net\/arhiva\/egipatski-ministar-pravde-podnio-ostavku\/\"]}]},{\"@type\":\"ImageObject\",\"inLanguage\":\"bs-BA\",\"@id\":\"https:\/\/sandzakpress.net\/arhiva\/egipatski-ministar-pravde-podnio-ostavku\/#primaryimage\",\"url\":\"https:\/\/sandzakpress.net\/arhiva\/wp-content\/uploads\/2015\/05\/saber_mahfouz_egipat_epa.jpg\",\"contentUrl\":\"https:\/\/sandzakpress.net\/arhiva\/wp-content\/uploads\/2015\/05\/saber_mahfouz_egipat_epa.jpg\",\"width\":800,\"height\":533},{\"@type\":\"BreadcrumbList\",\"@id\":\"https:\/\/sandzakpress.net\/arhiva\/egipatski-ministar-pravde-podnio-ostavku\/#breadcrumb\",\"itemListElement\":[{\"@type\":\"ListItem\",\"position\":1,\"name\":\"Home\",\"item\":\"https:\/\/sandzakpress.net\/arhiva\/\"},{\"@type\":\"ListItem\",\"position\":2,\"name\":\"Egipatski ministar pravde podnio ostavku\"}]},{\"@type\":\"WebSite\",\"@id\":\"https:\/\/sandzakpress.net\/arhiva\/#website\",\"url\":\"https:\/\/sandzakpress.net\/arhiva\/\",\"name\":\"Sand\u017eak PRESS\",\"description\":\"Prve elektronske novine u Sand\u017eaku\",\"publisher\":{\"@id\":\"https:\/\/sandzakpress.net\/arhiva\/#\/schema\/person\/6e72b67d6e51910a1117b3b483ba20bd\"},\"potentialAction\":[{\"@type\":\"SearchAction\",\"target\":{\"@type\":\"EntryPoint\",\"urlTemplate\":\"https:\/\/sandzakpress.net\/arhiva\/?s={search_term_string}\"},\"query-input\":{\"@type\":\"PropertyValueSpecification\",\"valueRequired\":true,\"valueName\":\"search_term_string\"}}],\"inLanguage\":\"bs-BA\"},{\"@type\":[\"Person\",\"Organization\"],\"@id\":\"https:\/\/sandzakpress.net\/arhiva\/#\/schema\/person\/6e72b67d6e51910a1117b3b483ba20bd\",\"name\":\"Kul\",\"image\":{\"@type\":\"ImageObject\",\"inLanguage\":\"bs-BA\",\"@id\":\"https:\/\/sandzakpress.net\/arhiva\/#\/schema\/person\/image\/\",\"url\":\"https:\/\/secure.gravatar.com\/avatar\/42263f39aa27ac04c43cab85c280eb2e?s=96&d=mm&r=pg\",\"contentUrl\":\"https:\/\/secure.gravatar.com\/avatar\/42263f39aa27ac04c43cab85c280eb2e?s=96&d=mm&r=pg\",\"caption\":\"Kul\"},\"logo\":{\"@id\":\"https:\/\/sandzakpress.net\/arhiva\/#\/schema\/person\/image\/\"}},{\"@type\":\"Person\",\"@id\":\"https:\/\/sandzakpress.net\/arhiva\/#\/schema\/person\/c8baee722073534b583ea7bdb2e36c02\",\"name\":\"bosniak\",\"image\":{\"@type\":\"ImageObject\",\"inLanguage\":\"bs-BA\",\"@id\":\"https:\/\/sandzakpress.net\/arhiva\/#\/schema\/person\/image\/\",\"url\":\"https:\/\/secure.gravatar.com\/avatar\/a04fd330bfe3a36a72a0ad4a6d89fca7?s=96&d=mm&r=pg\",\"contentUrl\":\"https:\/\/secure.gravatar.com\/avatar\/a04fd330bfe3a36a72a0ad4a6d89fca7?s=96&d=mm&r=pg\",\"caption\":\"bosniak\"},\"url\":\"https:\/\/sandzakpress.net\/arhiva\/author\/bosniak\/\"}]}<\/script>\n<!-- \/ Yoast SEO Premium plugin. -->","yoast_head_json":{"title":"Egipatski ministar pravde podnio ostavku","robots":{"index":"index","follow":"follow","max-snippet":"max-snippet:-1","max-image-preview":"max-image-preview:large","max-video-preview":"max-video-preview:-1"},"canonical":"https:\/\/sandzakpress.net\/arhiva\/egipatski-ministar-pravde-podnio-ostavku\/","og_locale":"bs_BA","og_type":"article","og_title":"Egipatski ministar pravde podnio ostavku","og_description":"Svijet &#8211; Egipatski ministar pravde Mahfouz Saber podnio je ostavku dan nakon kontroverzne izjave o tome kako bi &#8220;dijete smetljara bilo nesposobno za rad u pravosu\u0111u&#8221;, javlja Anadolija. Navodi se kako je ministar izjavio da ostavku daje iz &#8220;zdravstvenih razloga&#8221;. Glasnogovornik Vlade Egipta Hossam al-Qawish, potvrdio je da je ostavka ministra prihva\u0107ena. Saber je u [&hellip;]","og_url":"https:\/\/sandzakpress.net\/arhiva\/egipatski-ministar-pravde-podnio-ostavku\/","og_site_name":"Sand\u017eak PRESS","article_published_time":"2015-05-12T10:04:13+00:00","og_image":[{"width":800,"height":533,"url":"https:\/\/sandzakpress.net\/arhiva\/wp-content\/uploads\/2015\/05\/saber_mahfouz_egipat_epa.jpg","type":"image\/jpeg"}],"author":"bosniak","twitter_card":"summary_large_image","twitter_misc":{"Written by":"bosniak","Est. reading time":"1 minuta"},"schema":{"@context":"https:\/\/schema.org","@graph":[{"@type":"Article","@id":"https:\/\/sandzakpress.net\/arhiva\/egipatski-ministar-pravde-podnio-ostavku\/#article","isPartOf":{"@id":"https:\/\/sandzakpress.net\/arhiva\/egipatski-ministar-pravde-podnio-ostavku\/"},"author":{"name":"bosniak","@id":"https:\/\/sandzakpress.net\/arhiva\/#\/schema\/person\/c8baee722073534b583ea7bdb2e36c02"},"headline":"Egipatski ministar pravde podnio ostavku","datePublished":"2015-05-12T10:04:13+00:00","mainEntityOfPage":{"@id":"https:\/\/sandzakpress.net\/arhiva\/egipatski-ministar-pravde-podnio-ostavku\/"},"wordCount":185,"commentCount":1,"publisher":{"@id":"https:\/\/sandzakpress.net\/arhiva\/#\/schema\/person\/6e72b67d6e51910a1117b3b483ba20bd"},"image":{"@id":"https:\/\/sandzakpress.net\/arhiva\/egipatski-ministar-pravde-podnio-ostavku\/#primaryimage"},"thumbnailUrl":"https:\/\/sandzakpress.net\/arhiva\/wp-content\/uploads\/2015\/05\/saber_mahfouz_egipat_epa.jpg","keywords":["Ummet"],"articleSection":["Svijet"],"inLanguage":"bs-BA","potentialAction":[{"@type":"CommentAction","name":"Comment","target":["https:\/\/sandzakpress.net\/arhiva\/egipatski-ministar-pravde-podnio-ostavku\/#respond"]}]},{"@type":"WebPage","@id":"https:\/\/sandzakpress.net\/arhiva\/egipatski-ministar-pravde-podnio-ostavku\/","url":"https:\/\/sandzakpress.net\/arhiva\/egipatski-ministar-pravde-podnio-ostavku\/","name":"Egipatski ministar pravde podnio ostavku","isPartOf":{"@id":"https:\/\/sandzakpress.net\/arhiva\/#website"},"primaryImageOfPage":{"@id":"https:\/\/sandzakpress.net\/arhiva\/egipatski-ministar-pravde-podnio-ostavku\/#primaryimage"},"image":{"@id":"https:\/\/sandzakpress.net\/arhiva\/egipatski-ministar-pravde-podnio-ostavku\/#primaryimage"},"thumbnailUrl":"https:\/\/sandzakpress.net\/arhiva\/wp-content\/uploads\/2015\/05\/saber_mahfouz_egipat_epa.jpg","datePublished":"2015-05-12T10:04:13+00:00","breadcrumb":{"@id":"https:\/\/sandzakpress.net\/arhiva\/egipatski-ministar-pravde-podnio-ostavku\/#breadcrumb"},"inLanguage":"bs-BA","potentialAction":[{"@type":"ReadAction","target":["https:\/\/sandzakpress.net\/arhiva\/egipatski-ministar-pravde-podnio-ostavku\/"]}]},{"@type":"ImageObject","inLanguage":"bs-BA","@id":"https:\/\/sandzakpress.net\/arhiva\/egipatski-ministar-pravde-podnio-ostavku\/#primaryimage","url":"https:\/\/sandzakpress.net\/arhiva\/wp-content\/uploads\/2015\/05\/saber_mahfouz_egipat_epa.jpg","contentUrl":"https:\/\/sandzakpress.net\/arhiva\/wp-content\/uploads\/2015\/05\/saber_mahfouz_egipat_epa.jpg","width":800,"height":533},{"@type":"BreadcrumbList","@id":"https:\/\/sandzakpress.net\/arhiva\/egipatski-ministar-pravde-podnio-ostavku\/#breadcrumb","itemListElement":[{"@type":"ListItem","position":1,"name":"Home","item":"https:\/\/sandzakpress.net\/arhiva\/"},{"@type":"ListItem","position":2,"name":"Egipatski ministar pravde podnio ostavku"}]},{"@type":"WebSite","@id":"https:\/\/sandzakpress.net\/arhiva\/#website","url":"https:\/\/sandzakpress.net\/arhiva\/","name":"Sand\u017eak PRESS","description":"Prve elektronske novine u Sand\u017eaku","publisher":{"@id":"https:\/\/sandzakpress.net\/arhiva\/#\/schema\/person\/6e72b67d6e51910a1117b3b483ba20bd"},"potentialAction":[{"@type":"SearchAction","target":{"@type":"EntryPoint","urlTemplate":"https:\/\/sandzakpress.net\/arhiva\/?s={search_term_string}"},"query-input":{"@type":"PropertyValueSpecification","valueRequired":true,"valueName":"search_term_string"}}],"inLanguage":"bs-BA"},{"@type":["Person","Organization"],"@id":"https:\/\/sandzakpress.net\/arhiva\/#\/schema\/person\/6e72b67d6e51910a1117b3b483ba20bd","name":"Kul","image":{"@type":"ImageObject","inLanguage":"bs-BA","@id":"https:\/\/sandzakpress.net\/arhiva\/#\/schema\/person\/image\/","url":"https:\/\/secure.gravatar.com\/avatar\/42263f39aa27ac04c43cab85c280eb2e?s=96&d=mm&r=pg","contentUrl":"https:\/\/secure.gravatar.com\/avatar\/42263f39aa27ac04c43cab85c280eb2e?s=96&d=mm&r=pg","caption":"Kul"},"logo":{"@id":"https:\/\/sandzakpress.net\/arhiva\/#\/schema\/person\/image\/"}},{"@type":"Person","@id":"https:\/\/sandzakpress.net\/arhiva\/#\/schema\/person\/c8baee722073534b583ea7bdb2e36c02","name":"bosniak","image":{"@type":"ImageObject","inLanguage":"bs-BA","@id":"https:\/\/sandzakpress.net\/arhiva\/#\/schema\/person\/image\/","url":"https:\/\/secure.gravatar.com\/avatar\/a04fd330bfe3a36a72a0ad4a6d89fca7?s=96&d=mm&r=pg","contentUrl":"https:\/\/secure.gravatar.com\/avatar\/a04fd330bfe3a36a72a0ad4a6d89fca7?s=96&d=mm&r=pg","caption":"bosniak"},"url":"https:\/\/sandzakpress.net\/arhiva\/author\/bosniak\/"}]}},"_links":{"self":[{"href":"https:\/\/sandzakpress.net\/arhiva\/wp-json\/wp\/v2\/posts\/128014"}],"collection":[{"href":"https:\/\/sandzakpress.net\/arhiva\/wp-json\/wp\/v2\/posts"}],"about":[{"href":"https:\/\/sandzakpress.net\/arhiva\/wp-json\/wp\/v2\/types\/post"}],"author":[{"embeddable":true,"href":"https:\/\/sandzakpress.net\/arhiva\/wp-json\/wp\/v2\/users\/83"}],"replies":[{"embeddable":true,"href":"https:\/\/sandzakpress.net\/arhiva\/wp-json\/wp\/v2\/comments?post=128014"}],"version-history":[{"count":0,"href":"https:\/\/sandzakpress.net\/arhiva\/wp-json\/wp\/v2\/posts\/128014\/revisions"}],"wp:featuredmedia":[{"embeddable":true,"href":"https:\/\/sandzakpress.net\/arhiva\/wp-json\/wp\/v2\/media\/128015"}],"wp:attachment":[{"href":"https:\/\/sandzakpress.net\/arhiva\/wp-json\/wp\/v2\/media?parent=128014"}],"wp:term":[{"taxonomy":"category","embeddable":true,"href":"https:\/\/sandzakpress.net\/arhiva\/wp-json\/wp\/v2\/categories?post=128014"},{"taxonomy":"post_tag","embeddable":true,"href":"https:\/\/sandzakpress.net\/arhiva\/wp-json\/wp\/v2\/tags?post=128014"}],"curies":[{"name":"wp","href":"https:\/\/api.w.org\/{rel}","templated":true}]}}