{"id":127941,"date":"2015-05-11T11:51:31","date_gmt":"2015-05-11T09:51:31","guid":{"rendered":"https:\/\/sandzakpress.net\/arhiva\/?p=127941"},"modified":"2015-05-11T11:51:40","modified_gmt":"2015-05-11T09:51:40","slug":"turski-predsjednik-erdogan-13-maja-prisustvovat-ce-polaganju-kamena-temeljca-za-dzamiju-u-tirani","status":"publish","type":"post","link":"https:\/\/sandzakpress.net\/arhiva\/turski-predsjednik-erdogan-13-maja-prisustvovat-ce-polaganju-kamena-temeljca-za-dzamiju-u-tirani\/","title":{"rendered":"Turski predsjednik Erdogan 13. maja prisustvovat \u0107e polaganju kamena temeljca za d\u017eamiju u Tirani"},"content":{"rendered":"<p><img decoding=\"async\" src=\"http:\/\/www.sandzacke.rs\/wp-content\/uploads\/2015\/05\/dzamija-unutrasnjost.jpg\" alt=\"dzamija unutrasnjost\" \/><\/p>\n<p><strong>Turska &#8211; Turska Fondacija Diyanet (TDV) najavila da \u0107e 13. maja biti postavljen kamen temeljac za izgradnju d\u017eamije u Tirani, koja \u0107e biti najve\u0107a d\u017eamija na Balkanu.<\/strong><\/p>\n<p>Predstavnik TDV-a Mazhar Bilgin je kazao da d\u017eamije zauzimaju vrlo zna\u010dajno mjesto u \u017eivotu muslimana. Podsjetio je da je u organizaciji ove Fondacije do sada u Turskoj izgra\u0111ena 3.421 d\u017eamija, a u 25 zemalja diljem svijeta vi\u0161e od 100 d\u017eamija i obrazovnih ustanova.<\/p>\n<p>Prema njegovim rije\u010dima, postoje\u0107a d\u017eamija u Tirani premala je da primi ve\u0107i broj vjernika, posebno tokom najve\u0107ih islamskih praznika. Napomenuo je da muslimani u Albaniji, koji \u010dine oko 70 posto populacije te zemlje, odavno planiraju izgradnju ve\u0107e d\u017eamije gdje bi mogli izvr\u0161avati vjerske obaveze.<\/p>\n<p>\u201cU Tirani su 1994. godine zapo\u010dete aktivnosti koje je vodila Islamska zajednica Albanije kako bi se na mjestu poznatom kao Namazgah izgradila d\u017eamija. Iako je do danas u nekoliko navrata postavljen kamen temeljac, zbog problema oko zemlji\u0161ta i birokratskih i sudskih procedura nije zapo\u010deto sa njenom izgradnjom\u201d, rekao je Bilgin.<\/p>\n<p>Istakao je da \u0107e d\u017eamija, koje \u0107e biti izgra\u0111ena u Tirani, ujedno biti i najve\u0107a d\u017eamija na Balkanu. Prema njegovim rije\u010dima, kamen temeljac za izgradnju d\u017eamije bit \u0107e polo\u017een 13. maja u prisustvu turskog predsjednika Recepa Tayyipa Erdogana, albanskog predsjednika Buyara Ni\u0161anija, albanskog premijera Edija Rame i Mehmeta Gormeza, predsjednika Uprave za vjerska pitanja Republike Turske.<\/p>\n<p>D\u017eamija u Tirani \u0107e imati \u010detiri minareta i zauzimat \u0107e prostor od deset duluma, a izgradnja bi trebala biti okon\u010dana za dvije ili tri godine. Kapacitet d\u017eamije \u0107e biti 4.500 osoba, a u kompleksu \u0107e biti izgra\u0111ena i konferencijska sala kapaciteta 332 osobe, deset u\u010dionica za poha\u0111anje vjerske nastave, galerija za izlo\u017ebe, restoran, dvospratni muzej Balkana, liftovi za nepokretne osobe, razli\u010dite radionice i kulturni centar sa parkingom kapaciteta 500 vozila.<\/p>\n<p>Bilgin je na kraju istakao da je Turska Fondacija Diyanet (TDV) izdvojila 200 miliona dolara za d\u017eamije u sedam zemalja. Podsjetio je da trenutno u devet zemlja traje izgradnja d\u017eamija, a u sedam zemalja traju procedure u vezi sa dodjelom prostora za izgradnju 16 d\u017eamija.<\/p>\n<p>(Anadolu Agency)<\/p>\n","protected":false},"excerpt":{"rendered":"<p>Turska &#8211; Turska Fondacija Diyanet (TDV) najavila da \u0107e 13. maja biti postavljen kamen temeljac za izgradnju d\u017eamije u Tirani, koja \u0107e biti najve\u0107a d\u017eamija na Balkanu. Predstavnik TDV-a Mazhar Bilgin je kazao da d\u017eamije zauzimaju vrlo zna\u010dajno mjesto u \u017eivotu muslimana. Podsjetio je da je u organizaciji ove Fondacije do sada u Turskoj izgra\u0111ena [&hellip;]<\/p>\n","protected":false},"author":83,"featured_media":127942,"comment_status":"open","ping_status":"open","sticky":false,"template":"","format":"standard","meta":{"footnotes":""},"categories":[9,798,2692],"tags":[],"class_list":{"0":"post-127941","1":"post","2":"type-post","3":"status-publish","4":"format-standard","5":"has-post-thumbnail","7":"category-svijet","8":"category-teme","9":"category-turska-gradovi"},"yoast_head":"<!-- This site is optimized with the Yoast SEO Premium plugin v23.1 (Yoast SEO v24.9) - https:\/\/yoast.com\/wordpress\/plugins\/seo\/ -->\n<title>Turski predsjednik Erdogan 13. maja prisustvovat \u0107e polaganju kamena temeljca za d\u017eamiju u Tirani<\/title>\n<meta name=\"robots\" content=\"index, follow, max-snippet:-1, max-image-preview:large, max-video-preview:-1\" \/>\n<link rel=\"canonical\" href=\"https:\/\/sandzakpress.net\/arhiva\/turski-predsjednik-erdogan-13-maja-prisustvovat-ce-polaganju-kamena-temeljca-za-dzamiju-u-tirani\/\" \/>\n<meta property=\"og:locale\" content=\"bs_BA\" \/>\n<meta property=\"og:type\" content=\"article\" \/>\n<meta property=\"og:title\" content=\"Turski predsjednik Erdogan 13. maja prisustvovat \u0107e polaganju kamena temeljca za d\u017eamiju u Tirani\" \/>\n<meta property=\"og:description\" content=\"Turska &#8211; Turska Fondacija Diyanet (TDV) najavila da \u0107e 13. maja biti postavljen kamen temeljac za izgradnju d\u017eamije u Tirani, koja \u0107e biti najve\u0107a d\u017eamija na Balkanu. Predstavnik TDV-a Mazhar Bilgin je kazao da d\u017eamije zauzimaju vrlo zna\u010dajno mjesto u \u017eivotu muslimana. Podsjetio je da je u organizaciji ove Fondacije do sada u Turskoj izgra\u0111ena [&hellip;]\" \/>\n<meta property=\"og:url\" content=\"https:\/\/sandzakpress.net\/arhiva\/turski-predsjednik-erdogan-13-maja-prisustvovat-ce-polaganju-kamena-temeljca-za-dzamiju-u-tirani\/\" \/>\n<meta property=\"og:site_name\" content=\"Sand\u017eak PRESS\" \/>\n<meta property=\"article:published_time\" content=\"2015-05-11T09:51:31+00:00\" \/>\n<meta property=\"article:modified_time\" content=\"2015-05-11T09:51:40+00:00\" \/>\n<meta property=\"og:image\" content=\"https:\/\/sandzakpress.net\/arhiva\/wp-content\/uploads\/2015\/05\/dzamija-unutrasnjost.jpg\" \/>\n\t<meta property=\"og:image:width\" content=\"620\" \/>\n\t<meta property=\"og:image:height\" content=\"400\" \/>\n\t<meta property=\"og:image:type\" content=\"image\/jpeg\" \/>\n<meta name=\"author\" content=\"bosniak\" \/>\n<meta name=\"twitter:card\" content=\"summary_large_image\" \/>\n<meta name=\"twitter:label1\" content=\"Written by\" \/>\n\t<meta name=\"twitter:data1\" content=\"bosniak\" \/>\n\t<meta name=\"twitter:label2\" content=\"Est. reading time\" \/>\n\t<meta name=\"twitter:data2\" content=\"2 minute\" \/>\n<script type=\"application\/ld+json\" class=\"yoast-schema-graph\">{\"@context\":\"https:\/\/schema.org\",\"@graph\":[{\"@type\":\"Article\",\"@id\":\"https:\/\/sandzakpress.net\/arhiva\/turski-predsjednik-erdogan-13-maja-prisustvovat-ce-polaganju-kamena-temeljca-za-dzamiju-u-tirani\/#article\",\"isPartOf\":{\"@id\":\"https:\/\/sandzakpress.net\/arhiva\/turski-predsjednik-erdogan-13-maja-prisustvovat-ce-polaganju-kamena-temeljca-za-dzamiju-u-tirani\/\"},\"author\":{\"name\":\"bosniak\",\"@id\":\"https:\/\/sandzakpress.net\/arhiva\/#\/schema\/person\/c8baee722073534b583ea7bdb2e36c02\"},\"headline\":\"Turski predsjednik Erdogan 13. maja prisustvovat \u0107e polaganju kamena temeljca za d\u017eamiju u Tirani\",\"datePublished\":\"2015-05-11T09:51:31+00:00\",\"dateModified\":\"2015-05-11T09:51:40+00:00\",\"mainEntityOfPage\":{\"@id\":\"https:\/\/sandzakpress.net\/arhiva\/turski-predsjednik-erdogan-13-maja-prisustvovat-ce-polaganju-kamena-temeljca-za-dzamiju-u-tirani\/\"},\"wordCount\":379,\"commentCount\":16,\"publisher\":{\"@id\":\"https:\/\/sandzakpress.net\/arhiva\/#\/schema\/person\/6e72b67d6e51910a1117b3b483ba20bd\"},\"image\":{\"@id\":\"https:\/\/sandzakpress.net\/arhiva\/turski-predsjednik-erdogan-13-maja-prisustvovat-ce-polaganju-kamena-temeljca-za-dzamiju-u-tirani\/#primaryimage\"},\"thumbnailUrl\":\"https:\/\/sandzakpress.net\/arhiva\/wp-content\/uploads\/2015\/05\/dzamija-unutrasnjost.jpg\",\"articleSection\":[\"Svijet\",\"NAJNOVIJE\",\"Turska\"],\"inLanguage\":\"bs-BA\",\"potentialAction\":[{\"@type\":\"CommentAction\",\"name\":\"Comment\",\"target\":[\"https:\/\/sandzakpress.net\/arhiva\/turski-predsjednik-erdogan-13-maja-prisustvovat-ce-polaganju-kamena-temeljca-za-dzamiju-u-tirani\/#respond\"]}]},{\"@type\":\"WebPage\",\"@id\":\"https:\/\/sandzakpress.net\/arhiva\/turski-predsjednik-erdogan-13-maja-prisustvovat-ce-polaganju-kamena-temeljca-za-dzamiju-u-tirani\/\",\"url\":\"https:\/\/sandzakpress.net\/arhiva\/turski-predsjednik-erdogan-13-maja-prisustvovat-ce-polaganju-kamena-temeljca-za-dzamiju-u-tirani\/\",\"name\":\"Turski predsjednik Erdogan 13. maja prisustvovat \u0107e polaganju kamena temeljca za d\u017eamiju u Tirani\",\"isPartOf\":{\"@id\":\"https:\/\/sandzakpress.net\/arhiva\/#website\"},\"primaryImageOfPage\":{\"@id\":\"https:\/\/sandzakpress.net\/arhiva\/turski-predsjednik-erdogan-13-maja-prisustvovat-ce-polaganju-kamena-temeljca-za-dzamiju-u-tirani\/#primaryimage\"},\"image\":{\"@id\":\"https:\/\/sandzakpress.net\/arhiva\/turski-predsjednik-erdogan-13-maja-prisustvovat-ce-polaganju-kamena-temeljca-za-dzamiju-u-tirani\/#primaryimage\"},\"thumbnailUrl\":\"https:\/\/sandzakpress.net\/arhiva\/wp-content\/uploads\/2015\/05\/dzamija-unutrasnjost.jpg\",\"datePublished\":\"2015-05-11T09:51:31+00:00\",\"dateModified\":\"2015-05-11T09:51:40+00:00\",\"breadcrumb\":{\"@id\":\"https:\/\/sandzakpress.net\/arhiva\/turski-predsjednik-erdogan-13-maja-prisustvovat-ce-polaganju-kamena-temeljca-za-dzamiju-u-tirani\/#breadcrumb\"},\"inLanguage\":\"bs-BA\",\"potentialAction\":[{\"@type\":\"ReadAction\",\"target\":[\"https:\/\/sandzakpress.net\/arhiva\/turski-predsjednik-erdogan-13-maja-prisustvovat-ce-polaganju-kamena-temeljca-za-dzamiju-u-tirani\/\"]}]},{\"@type\":\"ImageObject\",\"inLanguage\":\"bs-BA\",\"@id\":\"https:\/\/sandzakpress.net\/arhiva\/turski-predsjednik-erdogan-13-maja-prisustvovat-ce-polaganju-kamena-temeljca-za-dzamiju-u-tirani\/#primaryimage\",\"url\":\"https:\/\/sandzakpress.net\/arhiva\/wp-content\/uploads\/2015\/05\/dzamija-unutrasnjost.jpg\",\"contentUrl\":\"https:\/\/sandzakpress.net\/arhiva\/wp-content\/uploads\/2015\/05\/dzamija-unutrasnjost.jpg\",\"width\":620,\"height\":400},{\"@type\":\"BreadcrumbList\",\"@id\":\"https:\/\/sandzakpress.net\/arhiva\/turski-predsjednik-erdogan-13-maja-prisustvovat-ce-polaganju-kamena-temeljca-za-dzamiju-u-tirani\/#breadcrumb\",\"itemListElement\":[{\"@type\":\"ListItem\",\"position\":1,\"name\":\"Home\",\"item\":\"https:\/\/sandzakpress.net\/arhiva\/\"},{\"@type\":\"ListItem\",\"position\":2,\"name\":\"Turski predsjednik Erdogan 13. maja prisustvovat \u0107e polaganju kamena temeljca za d\u017eamiju u Tirani\"}]},{\"@type\":\"WebSite\",\"@id\":\"https:\/\/sandzakpress.net\/arhiva\/#website\",\"url\":\"https:\/\/sandzakpress.net\/arhiva\/\",\"name\":\"Sand\u017eak PRESS\",\"description\":\"Prve elektronske novine u Sand\u017eaku\",\"publisher\":{\"@id\":\"https:\/\/sandzakpress.net\/arhiva\/#\/schema\/person\/6e72b67d6e51910a1117b3b483ba20bd\"},\"potentialAction\":[{\"@type\":\"SearchAction\",\"target\":{\"@type\":\"EntryPoint\",\"urlTemplate\":\"https:\/\/sandzakpress.net\/arhiva\/?s={search_term_string}\"},\"query-input\":{\"@type\":\"PropertyValueSpecification\",\"valueRequired\":true,\"valueName\":\"search_term_string\"}}],\"inLanguage\":\"bs-BA\"},{\"@type\":[\"Person\",\"Organization\"],\"@id\":\"https:\/\/sandzakpress.net\/arhiva\/#\/schema\/person\/6e72b67d6e51910a1117b3b483ba20bd\",\"name\":\"Kul\",\"image\":{\"@type\":\"ImageObject\",\"inLanguage\":\"bs-BA\",\"@id\":\"https:\/\/sandzakpress.net\/arhiva\/#\/schema\/person\/image\/\",\"url\":\"https:\/\/secure.gravatar.com\/avatar\/42263f39aa27ac04c43cab85c280eb2e?s=96&d=mm&r=pg\",\"contentUrl\":\"https:\/\/secure.gravatar.com\/avatar\/42263f39aa27ac04c43cab85c280eb2e?s=96&d=mm&r=pg\",\"caption\":\"Kul\"},\"logo\":{\"@id\":\"https:\/\/sandzakpress.net\/arhiva\/#\/schema\/person\/image\/\"}},{\"@type\":\"Person\",\"@id\":\"https:\/\/sandzakpress.net\/arhiva\/#\/schema\/person\/c8baee722073534b583ea7bdb2e36c02\",\"name\":\"bosniak\",\"image\":{\"@type\":\"ImageObject\",\"inLanguage\":\"bs-BA\",\"@id\":\"https:\/\/sandzakpress.net\/arhiva\/#\/schema\/person\/image\/\",\"url\":\"https:\/\/secure.gravatar.com\/avatar\/a04fd330bfe3a36a72a0ad4a6d89fca7?s=96&d=mm&r=pg\",\"contentUrl\":\"https:\/\/secure.gravatar.com\/avatar\/a04fd330bfe3a36a72a0ad4a6d89fca7?s=96&d=mm&r=pg\",\"caption\":\"bosniak\"},\"url\":\"https:\/\/sandzakpress.net\/arhiva\/author\/bosniak\/\"}]}<\/script>\n<!-- \/ Yoast SEO Premium plugin. -->","yoast_head_json":{"title":"Turski predsjednik Erdogan 13. maja prisustvovat \u0107e polaganju kamena temeljca za d\u017eamiju u Tirani","robots":{"index":"index","follow":"follow","max-snippet":"max-snippet:-1","max-image-preview":"max-image-preview:large","max-video-preview":"max-video-preview:-1"},"canonical":"https:\/\/sandzakpress.net\/arhiva\/turski-predsjednik-erdogan-13-maja-prisustvovat-ce-polaganju-kamena-temeljca-za-dzamiju-u-tirani\/","og_locale":"bs_BA","og_type":"article","og_title":"Turski predsjednik Erdogan 13. maja prisustvovat \u0107e polaganju kamena temeljca za d\u017eamiju u Tirani","og_description":"Turska &#8211; Turska Fondacija Diyanet (TDV) najavila da \u0107e 13. maja biti postavljen kamen temeljac za izgradnju d\u017eamije u Tirani, koja \u0107e biti najve\u0107a d\u017eamija na Balkanu. Predstavnik TDV-a Mazhar Bilgin je kazao da d\u017eamije zauzimaju vrlo zna\u010dajno mjesto u \u017eivotu muslimana. Podsjetio je da je u organizaciji ove Fondacije do sada u Turskoj izgra\u0111ena [&hellip;]","og_url":"https:\/\/sandzakpress.net\/arhiva\/turski-predsjednik-erdogan-13-maja-prisustvovat-ce-polaganju-kamena-temeljca-za-dzamiju-u-tirani\/","og_site_name":"Sand\u017eak PRESS","article_published_time":"2015-05-11T09:51:31+00:00","article_modified_time":"2015-05-11T09:51:40+00:00","og_image":[{"width":620,"height":400,"url":"https:\/\/sandzakpress.net\/arhiva\/wp-content\/uploads\/2015\/05\/dzamija-unutrasnjost.jpg","type":"image\/jpeg"}],"author":"bosniak","twitter_card":"summary_large_image","twitter_misc":{"Written by":"bosniak","Est. reading time":"2 minute"},"schema":{"@context":"https:\/\/schema.org","@graph":[{"@type":"Article","@id":"https:\/\/sandzakpress.net\/arhiva\/turski-predsjednik-erdogan-13-maja-prisustvovat-ce-polaganju-kamena-temeljca-za-dzamiju-u-tirani\/#article","isPartOf":{"@id":"https:\/\/sandzakpress.net\/arhiva\/turski-predsjednik-erdogan-13-maja-prisustvovat-ce-polaganju-kamena-temeljca-za-dzamiju-u-tirani\/"},"author":{"name":"bosniak","@id":"https:\/\/sandzakpress.net\/arhiva\/#\/schema\/person\/c8baee722073534b583ea7bdb2e36c02"},"headline":"Turski predsjednik Erdogan 13. maja prisustvovat \u0107e polaganju kamena temeljca za d\u017eamiju u Tirani","datePublished":"2015-05-11T09:51:31+00:00","dateModified":"2015-05-11T09:51:40+00:00","mainEntityOfPage":{"@id":"https:\/\/sandzakpress.net\/arhiva\/turski-predsjednik-erdogan-13-maja-prisustvovat-ce-polaganju-kamena-temeljca-za-dzamiju-u-tirani\/"},"wordCount":379,"commentCount":16,"publisher":{"@id":"https:\/\/sandzakpress.net\/arhiva\/#\/schema\/person\/6e72b67d6e51910a1117b3b483ba20bd"},"image":{"@id":"https:\/\/sandzakpress.net\/arhiva\/turski-predsjednik-erdogan-13-maja-prisustvovat-ce-polaganju-kamena-temeljca-za-dzamiju-u-tirani\/#primaryimage"},"thumbnailUrl":"https:\/\/sandzakpress.net\/arhiva\/wp-content\/uploads\/2015\/05\/dzamija-unutrasnjost.jpg","articleSection":["Svijet","NAJNOVIJE","Turska"],"inLanguage":"bs-BA","potentialAction":[{"@type":"CommentAction","name":"Comment","target":["https:\/\/sandzakpress.net\/arhiva\/turski-predsjednik-erdogan-13-maja-prisustvovat-ce-polaganju-kamena-temeljca-za-dzamiju-u-tirani\/#respond"]}]},{"@type":"WebPage","@id":"https:\/\/sandzakpress.net\/arhiva\/turski-predsjednik-erdogan-13-maja-prisustvovat-ce-polaganju-kamena-temeljca-za-dzamiju-u-tirani\/","url":"https:\/\/sandzakpress.net\/arhiva\/turski-predsjednik-erdogan-13-maja-prisustvovat-ce-polaganju-kamena-temeljca-za-dzamiju-u-tirani\/","name":"Turski predsjednik Erdogan 13. maja prisustvovat \u0107e polaganju kamena temeljca za d\u017eamiju u Tirani","isPartOf":{"@id":"https:\/\/sandzakpress.net\/arhiva\/#website"},"primaryImageOfPage":{"@id":"https:\/\/sandzakpress.net\/arhiva\/turski-predsjednik-erdogan-13-maja-prisustvovat-ce-polaganju-kamena-temeljca-za-dzamiju-u-tirani\/#primaryimage"},"image":{"@id":"https:\/\/sandzakpress.net\/arhiva\/turski-predsjednik-erdogan-13-maja-prisustvovat-ce-polaganju-kamena-temeljca-za-dzamiju-u-tirani\/#primaryimage"},"thumbnailUrl":"https:\/\/sandzakpress.net\/arhiva\/wp-content\/uploads\/2015\/05\/dzamija-unutrasnjost.jpg","datePublished":"2015-05-11T09:51:31+00:00","dateModified":"2015-05-11T09:51:40+00:00","breadcrumb":{"@id":"https:\/\/sandzakpress.net\/arhiva\/turski-predsjednik-erdogan-13-maja-prisustvovat-ce-polaganju-kamena-temeljca-za-dzamiju-u-tirani\/#breadcrumb"},"inLanguage":"bs-BA","potentialAction":[{"@type":"ReadAction","target":["https:\/\/sandzakpress.net\/arhiva\/turski-predsjednik-erdogan-13-maja-prisustvovat-ce-polaganju-kamena-temeljca-za-dzamiju-u-tirani\/"]}]},{"@type":"ImageObject","inLanguage":"bs-BA","@id":"https:\/\/sandzakpress.net\/arhiva\/turski-predsjednik-erdogan-13-maja-prisustvovat-ce-polaganju-kamena-temeljca-za-dzamiju-u-tirani\/#primaryimage","url":"https:\/\/sandzakpress.net\/arhiva\/wp-content\/uploads\/2015\/05\/dzamija-unutrasnjost.jpg","contentUrl":"https:\/\/sandzakpress.net\/arhiva\/wp-content\/uploads\/2015\/05\/dzamija-unutrasnjost.jpg","width":620,"height":400},{"@type":"BreadcrumbList","@id":"https:\/\/sandzakpress.net\/arhiva\/turski-predsjednik-erdogan-13-maja-prisustvovat-ce-polaganju-kamena-temeljca-za-dzamiju-u-tirani\/#breadcrumb","itemListElement":[{"@type":"ListItem","position":1,"name":"Home","item":"https:\/\/sandzakpress.net\/arhiva\/"},{"@type":"ListItem","position":2,"name":"Turski predsjednik Erdogan 13. maja prisustvovat \u0107e polaganju kamena temeljca za d\u017eamiju u Tirani"}]},{"@type":"WebSite","@id":"https:\/\/sandzakpress.net\/arhiva\/#website","url":"https:\/\/sandzakpress.net\/arhiva\/","name":"Sand\u017eak PRESS","description":"Prve elektronske novine u Sand\u017eaku","publisher":{"@id":"https:\/\/sandzakpress.net\/arhiva\/#\/schema\/person\/6e72b67d6e51910a1117b3b483ba20bd"},"potentialAction":[{"@type":"SearchAction","target":{"@type":"EntryPoint","urlTemplate":"https:\/\/sandzakpress.net\/arhiva\/?s={search_term_string}"},"query-input":{"@type":"PropertyValueSpecification","valueRequired":true,"valueName":"search_term_string"}}],"inLanguage":"bs-BA"},{"@type":["Person","Organization"],"@id":"https:\/\/sandzakpress.net\/arhiva\/#\/schema\/person\/6e72b67d6e51910a1117b3b483ba20bd","name":"Kul","image":{"@type":"ImageObject","inLanguage":"bs-BA","@id":"https:\/\/sandzakpress.net\/arhiva\/#\/schema\/person\/image\/","url":"https:\/\/secure.gravatar.com\/avatar\/42263f39aa27ac04c43cab85c280eb2e?s=96&d=mm&r=pg","contentUrl":"https:\/\/secure.gravatar.com\/avatar\/42263f39aa27ac04c43cab85c280eb2e?s=96&d=mm&r=pg","caption":"Kul"},"logo":{"@id":"https:\/\/sandzakpress.net\/arhiva\/#\/schema\/person\/image\/"}},{"@type":"Person","@id":"https:\/\/sandzakpress.net\/arhiva\/#\/schema\/person\/c8baee722073534b583ea7bdb2e36c02","name":"bosniak","image":{"@type":"ImageObject","inLanguage":"bs-BA","@id":"https:\/\/sandzakpress.net\/arhiva\/#\/schema\/person\/image\/","url":"https:\/\/secure.gravatar.com\/avatar\/a04fd330bfe3a36a72a0ad4a6d89fca7?s=96&d=mm&r=pg","contentUrl":"https:\/\/secure.gravatar.com\/avatar\/a04fd330bfe3a36a72a0ad4a6d89fca7?s=96&d=mm&r=pg","caption":"bosniak"},"url":"https:\/\/sandzakpress.net\/arhiva\/author\/bosniak\/"}]}},"_links":{"self":[{"href":"https:\/\/sandzakpress.net\/arhiva\/wp-json\/wp\/v2\/posts\/127941"}],"collection":[{"href":"https:\/\/sandzakpress.net\/arhiva\/wp-json\/wp\/v2\/posts"}],"about":[{"href":"https:\/\/sandzakpress.net\/arhiva\/wp-json\/wp\/v2\/types\/post"}],"author":[{"embeddable":true,"href":"https:\/\/sandzakpress.net\/arhiva\/wp-json\/wp\/v2\/users\/83"}],"replies":[{"embeddable":true,"href":"https:\/\/sandzakpress.net\/arhiva\/wp-json\/wp\/v2\/comments?post=127941"}],"version-history":[{"count":0,"href":"https:\/\/sandzakpress.net\/arhiva\/wp-json\/wp\/v2\/posts\/127941\/revisions"}],"wp:featuredmedia":[{"embeddable":true,"href":"https:\/\/sandzakpress.net\/arhiva\/wp-json\/wp\/v2\/media\/127942"}],"wp:attachment":[{"href":"https:\/\/sandzakpress.net\/arhiva\/wp-json\/wp\/v2\/media?parent=127941"}],"wp:term":[{"taxonomy":"category","embeddable":true,"href":"https:\/\/sandzakpress.net\/arhiva\/wp-json\/wp\/v2\/categories?post=127941"},{"taxonomy":"post_tag","embeddable":true,"href":"https:\/\/sandzakpress.net\/arhiva\/wp-json\/wp\/v2\/tags?post=127941"}],"curies":[{"name":"wp","href":"https:\/\/api.w.org\/{rel}","templated":true}]}}