{"id":127916,"date":"2015-05-11T09:57:38","date_gmt":"2015-05-11T07:57:38","guid":{"rendered":"https:\/\/sandzakpress.net\/arhiva\/?p=127916"},"modified":"2015-05-11T09:57:38","modified_gmt":"2015-05-11T07:57:38","slug":"pogledajte-zavrsnicu-oruzane-krize-z-kumanovu","status":"publish","type":"post","link":"https:\/\/sandzakpress.net\/arhiva\/pogledajte-zavrsnicu-oruzane-krize-z-kumanovu\/","title":{"rendered":"Pogledajte zavr\u0161nicu oru\u017eane krize z Kumanovu"},"content":{"rendered":"<p><strong>Makedonija &#8211; Jake snage bezbjednosti povukle su se iz dijelova Kumanova, u kojima se vodio oru\u017eani sukob, \u010dime je okon\u010dana policijska blokada. Nakon toga stanovnici su se uputili svojim domovima. Mnogo objekata te\u0161ko je o\u0161te\u0107eno u sukobima.\u00a0<\/strong><\/p>\n<div class=\"youtube-embed\" data-video_id=\"g3cs6-RhZg8\"><iframe loading=\"lazy\" title=\"Pogled na popri\u0161te sukoba u Kumanovu\" width=\"696\" height=\"392\" src=\"https:\/\/www.youtube.com\/embed\/g3cs6-RhZg8?feature=oembed&#038;enablejsapi=1\" frameborder=\"0\" allow=\"accelerometer; autoplay; encrypted-media; gyroscope; picture-in-picture\" allowfullscreen><\/iframe><\/div>\n<p>Makedonska policija objavila je video snimak napada\u010d uhap\u0161enih nakon sukoba u Kumanovu<\/p>\n<div class=\"youtube-embed\" data-video_id=\"_p9Vd0GJppo\"><iframe loading=\"lazy\" title=\"\u041b\u0438\u043a\u0432\u0438\u0434\u0438\u0440\u0430\u043d\u0430 \u0442\u0435\u0440\u043e\u0440\u0438\u0441\u0442\u0438\u0447\u043a\u0430\u0442\u0430 \u0433\u0440\u0443\u043f\u0430\" width=\"696\" height=\"392\" src=\"https:\/\/www.youtube.com\/embed\/_p9Vd0GJppo?feature=oembed&#038;enablejsapi=1\" frameborder=\"0\" allow=\"accelerometer; autoplay; encrypted-media; gyroscope; picture-in-picture\" allowfullscreen><\/iframe><\/div>\n<p>(agencije)<\/p>\n","protected":false},"excerpt":{"rendered":"<p>Makedonija &#8211; Jake snage bezbjednosti povukle su se iz dijelova Kumanova, u kojima se vodio oru\u017eani sukob, \u010dime je okon\u010dana policijska blokada. Nakon toga stanovnici su se uputili svojim domovima. Mnogo objekata te\u0161ko je o\u0161te\u0107eno u sukobima.\u00a0 Makedonska policija objavila je video snimak napada\u010d uhap\u0161enih nakon sukoba u Kumanovu (agencije)<\/p>\n","protected":false},"author":83,"featured_media":127918,"comment_status":"open","ping_status":"open","sticky":false,"template":"","format":"standard","meta":{"footnotes":""},"categories":[2691,801,798],"tags":[],"class_list":{"0":"post-127916","1":"post","2":"type-post","3":"status-publish","4":"format-standard","5":"has-post-thumbnail","7":"category-makedonija","8":"category-crna_hronika","9":"category-teme"},"yoast_head":"<!-- This site is optimized with the Yoast SEO Premium plugin v23.1 (Yoast SEO v24.9) - https:\/\/yoast.com\/wordpress\/plugins\/seo\/ -->\n<title>Pogledajte zavr\u0161nicu oru\u017eane krize z Kumanovu<\/title>\n<meta name=\"robots\" content=\"index, follow, max-snippet:-1, max-image-preview:large, max-video-preview:-1\" \/>\n<link rel=\"canonical\" href=\"https:\/\/sandzakpress.net\/arhiva\/pogledajte-zavrsnicu-oruzane-krize-z-kumanovu\/\" \/>\n<meta property=\"og:locale\" content=\"bs_BA\" \/>\n<meta property=\"og:type\" content=\"article\" \/>\n<meta property=\"og:title\" content=\"Pogledajte zavr\u0161nicu oru\u017eane krize z Kumanovu\" \/>\n<meta property=\"og:description\" content=\"Makedonija &#8211; Jake snage bezbjednosti povukle su se iz dijelova Kumanova, u kojima se vodio oru\u017eani sukob, \u010dime je okon\u010dana policijska blokada. Nakon toga stanovnici su se uputili svojim domovima. Mnogo objekata te\u0161ko je o\u0161te\u0107eno u sukobima.\u00a0 Makedonska policija objavila je video snimak napada\u010d uhap\u0161enih nakon sukoba u Kumanovu (agencije)\" \/>\n<meta property=\"og:url\" content=\"https:\/\/sandzakpress.net\/arhiva\/pogledajte-zavrsnicu-oruzane-krize-z-kumanovu\/\" \/>\n<meta property=\"og:site_name\" content=\"Sand\u017eak PRESS\" \/>\n<meta property=\"article:published_time\" content=\"2015-05-11T07:57:38+00:00\" \/>\n<meta property=\"og:image\" content=\"https:\/\/sandzakpress.net\/arhiva\/wp-content\/uploads\/2015\/05\/08.jpg\" \/>\n\t<meta property=\"og:image:width\" content=\"480\" \/>\n\t<meta property=\"og:image:height\" content=\"360\" \/>\n\t<meta property=\"og:image:type\" content=\"image\/jpeg\" \/>\n<meta name=\"author\" content=\"bosniak\" \/>\n<meta name=\"twitter:card\" content=\"summary_large_image\" \/>\n<meta name=\"twitter:label1\" content=\"Written by\" \/>\n\t<meta name=\"twitter:data1\" content=\"bosniak\" \/>\n<script type=\"application\/ld+json\" class=\"yoast-schema-graph\">{\"@context\":\"https:\/\/schema.org\",\"@graph\":[{\"@type\":\"Article\",\"@id\":\"https:\/\/sandzakpress.net\/arhiva\/pogledajte-zavrsnicu-oruzane-krize-z-kumanovu\/#article\",\"isPartOf\":{\"@id\":\"https:\/\/sandzakpress.net\/arhiva\/pogledajte-zavrsnicu-oruzane-krize-z-kumanovu\/\"},\"author\":{\"name\":\"bosniak\",\"@id\":\"https:\/\/sandzakpress.net\/arhiva\/#\/schema\/person\/c8baee722073534b583ea7bdb2e36c02\"},\"headline\":\"Pogledajte zavr\u0161nicu oru\u017eane krize z Kumanovu\",\"datePublished\":\"2015-05-11T07:57:38+00:00\",\"mainEntityOfPage\":{\"@id\":\"https:\/\/sandzakpress.net\/arhiva\/pogledajte-zavrsnicu-oruzane-krize-z-kumanovu\/\"},\"wordCount\":82,\"commentCount\":7,\"publisher\":{\"@id\":\"https:\/\/sandzakpress.net\/arhiva\/#\/schema\/person\/6e72b67d6e51910a1117b3b483ba20bd\"},\"image\":{\"@id\":\"https:\/\/sandzakpress.net\/arhiva\/pogledajte-zavrsnicu-oruzane-krize-z-kumanovu\/#primaryimage\"},\"thumbnailUrl\":\"https:\/\/sandzakpress.net\/arhiva\/wp-content\/uploads\/2015\/05\/08.jpg\",\"articleSection\":[\"Makedonija\",\"Hronika\",\"NAJNOVIJE\"],\"inLanguage\":\"bs-BA\",\"potentialAction\":[{\"@type\":\"CommentAction\",\"name\":\"Comment\",\"target\":[\"https:\/\/sandzakpress.net\/arhiva\/pogledajte-zavrsnicu-oruzane-krize-z-kumanovu\/#respond\"]}]},{\"@type\":\"WebPage\",\"@id\":\"https:\/\/sandzakpress.net\/arhiva\/pogledajte-zavrsnicu-oruzane-krize-z-kumanovu\/\",\"url\":\"https:\/\/sandzakpress.net\/arhiva\/pogledajte-zavrsnicu-oruzane-krize-z-kumanovu\/\",\"name\":\"Pogledajte zavr\u0161nicu oru\u017eane krize z Kumanovu\",\"isPartOf\":{\"@id\":\"https:\/\/sandzakpress.net\/arhiva\/#website\"},\"primaryImageOfPage\":{\"@id\":\"https:\/\/sandzakpress.net\/arhiva\/pogledajte-zavrsnicu-oruzane-krize-z-kumanovu\/#primaryimage\"},\"image\":{\"@id\":\"https:\/\/sandzakpress.net\/arhiva\/pogledajte-zavrsnicu-oruzane-krize-z-kumanovu\/#primaryimage\"},\"thumbnailUrl\":\"https:\/\/sandzakpress.net\/arhiva\/wp-content\/uploads\/2015\/05\/08.jpg\",\"datePublished\":\"2015-05-11T07:57:38+00:00\",\"breadcrumb\":{\"@id\":\"https:\/\/sandzakpress.net\/arhiva\/pogledajte-zavrsnicu-oruzane-krize-z-kumanovu\/#breadcrumb\"},\"inLanguage\":\"bs-BA\",\"potentialAction\":[{\"@type\":\"ReadAction\",\"target\":[\"https:\/\/sandzakpress.net\/arhiva\/pogledajte-zavrsnicu-oruzane-krize-z-kumanovu\/\"]}]},{\"@type\":\"ImageObject\",\"inLanguage\":\"bs-BA\",\"@id\":\"https:\/\/sandzakpress.net\/arhiva\/pogledajte-zavrsnicu-oruzane-krize-z-kumanovu\/#primaryimage\",\"url\":\"https:\/\/sandzakpress.net\/arhiva\/wp-content\/uploads\/2015\/05\/08.jpg\",\"contentUrl\":\"https:\/\/sandzakpress.net\/arhiva\/wp-content\/uploads\/2015\/05\/08.jpg\",\"width\":480,\"height\":360},{\"@type\":\"BreadcrumbList\",\"@id\":\"https:\/\/sandzakpress.net\/arhiva\/pogledajte-zavrsnicu-oruzane-krize-z-kumanovu\/#breadcrumb\",\"itemListElement\":[{\"@type\":\"ListItem\",\"position\":1,\"name\":\"Home\",\"item\":\"https:\/\/sandzakpress.net\/arhiva\/\"},{\"@type\":\"ListItem\",\"position\":2,\"name\":\"Pogledajte zavr\u0161nicu oru\u017eane krize z Kumanovu\"}]},{\"@type\":\"WebSite\",\"@id\":\"https:\/\/sandzakpress.net\/arhiva\/#website\",\"url\":\"https:\/\/sandzakpress.net\/arhiva\/\",\"name\":\"Sand\u017eak PRESS\",\"description\":\"Prve elektronske novine u Sand\u017eaku\",\"publisher\":{\"@id\":\"https:\/\/sandzakpress.net\/arhiva\/#\/schema\/person\/6e72b67d6e51910a1117b3b483ba20bd\"},\"potentialAction\":[{\"@type\":\"SearchAction\",\"target\":{\"@type\":\"EntryPoint\",\"urlTemplate\":\"https:\/\/sandzakpress.net\/arhiva\/?s={search_term_string}\"},\"query-input\":{\"@type\":\"PropertyValueSpecification\",\"valueRequired\":true,\"valueName\":\"search_term_string\"}}],\"inLanguage\":\"bs-BA\"},{\"@type\":[\"Person\",\"Organization\"],\"@id\":\"https:\/\/sandzakpress.net\/arhiva\/#\/schema\/person\/6e72b67d6e51910a1117b3b483ba20bd\",\"name\":\"Kul\",\"image\":{\"@type\":\"ImageObject\",\"inLanguage\":\"bs-BA\",\"@id\":\"https:\/\/sandzakpress.net\/arhiva\/#\/schema\/person\/image\/\",\"url\":\"https:\/\/secure.gravatar.com\/avatar\/42263f39aa27ac04c43cab85c280eb2e?s=96&d=mm&r=pg\",\"contentUrl\":\"https:\/\/secure.gravatar.com\/avatar\/42263f39aa27ac04c43cab85c280eb2e?s=96&d=mm&r=pg\",\"caption\":\"Kul\"},\"logo\":{\"@id\":\"https:\/\/sandzakpress.net\/arhiva\/#\/schema\/person\/image\/\"}},{\"@type\":\"Person\",\"@id\":\"https:\/\/sandzakpress.net\/arhiva\/#\/schema\/person\/c8baee722073534b583ea7bdb2e36c02\",\"name\":\"bosniak\",\"image\":{\"@type\":\"ImageObject\",\"inLanguage\":\"bs-BA\",\"@id\":\"https:\/\/sandzakpress.net\/arhiva\/#\/schema\/person\/image\/\",\"url\":\"https:\/\/secure.gravatar.com\/avatar\/a04fd330bfe3a36a72a0ad4a6d89fca7?s=96&d=mm&r=pg\",\"contentUrl\":\"https:\/\/secure.gravatar.com\/avatar\/a04fd330bfe3a36a72a0ad4a6d89fca7?s=96&d=mm&r=pg\",\"caption\":\"bosniak\"},\"url\":\"https:\/\/sandzakpress.net\/arhiva\/author\/bosniak\/\"}]}<\/script>\n<!-- \/ Yoast SEO Premium plugin. -->","yoast_head_json":{"title":"Pogledajte zavr\u0161nicu oru\u017eane krize z Kumanovu","robots":{"index":"index","follow":"follow","max-snippet":"max-snippet:-1","max-image-preview":"max-image-preview:large","max-video-preview":"max-video-preview:-1"},"canonical":"https:\/\/sandzakpress.net\/arhiva\/pogledajte-zavrsnicu-oruzane-krize-z-kumanovu\/","og_locale":"bs_BA","og_type":"article","og_title":"Pogledajte zavr\u0161nicu oru\u017eane krize z Kumanovu","og_description":"Makedonija &#8211; Jake snage bezbjednosti povukle su se iz dijelova Kumanova, u kojima se vodio oru\u017eani sukob, \u010dime je okon\u010dana policijska blokada. Nakon toga stanovnici su se uputili svojim domovima. Mnogo objekata te\u0161ko je o\u0161te\u0107eno u sukobima.\u00a0 Makedonska policija objavila je video snimak napada\u010d uhap\u0161enih nakon sukoba u Kumanovu (agencije)","og_url":"https:\/\/sandzakpress.net\/arhiva\/pogledajte-zavrsnicu-oruzane-krize-z-kumanovu\/","og_site_name":"Sand\u017eak PRESS","article_published_time":"2015-05-11T07:57:38+00:00","og_image":[{"width":480,"height":360,"url":"https:\/\/sandzakpress.net\/arhiva\/wp-content\/uploads\/2015\/05\/08.jpg","type":"image\/jpeg"}],"author":"bosniak","twitter_card":"summary_large_image","twitter_misc":{"Written by":"bosniak"},"schema":{"@context":"https:\/\/schema.org","@graph":[{"@type":"Article","@id":"https:\/\/sandzakpress.net\/arhiva\/pogledajte-zavrsnicu-oruzane-krize-z-kumanovu\/#article","isPartOf":{"@id":"https:\/\/sandzakpress.net\/arhiva\/pogledajte-zavrsnicu-oruzane-krize-z-kumanovu\/"},"author":{"name":"bosniak","@id":"https:\/\/sandzakpress.net\/arhiva\/#\/schema\/person\/c8baee722073534b583ea7bdb2e36c02"},"headline":"Pogledajte zavr\u0161nicu oru\u017eane krize z Kumanovu","datePublished":"2015-05-11T07:57:38+00:00","mainEntityOfPage":{"@id":"https:\/\/sandzakpress.net\/arhiva\/pogledajte-zavrsnicu-oruzane-krize-z-kumanovu\/"},"wordCount":82,"commentCount":7,"publisher":{"@id":"https:\/\/sandzakpress.net\/arhiva\/#\/schema\/person\/6e72b67d6e51910a1117b3b483ba20bd"},"image":{"@id":"https:\/\/sandzakpress.net\/arhiva\/pogledajte-zavrsnicu-oruzane-krize-z-kumanovu\/#primaryimage"},"thumbnailUrl":"https:\/\/sandzakpress.net\/arhiva\/wp-content\/uploads\/2015\/05\/08.jpg","articleSection":["Makedonija","Hronika","NAJNOVIJE"],"inLanguage":"bs-BA","potentialAction":[{"@type":"CommentAction","name":"Comment","target":["https:\/\/sandzakpress.net\/arhiva\/pogledajte-zavrsnicu-oruzane-krize-z-kumanovu\/#respond"]}]},{"@type":"WebPage","@id":"https:\/\/sandzakpress.net\/arhiva\/pogledajte-zavrsnicu-oruzane-krize-z-kumanovu\/","url":"https:\/\/sandzakpress.net\/arhiva\/pogledajte-zavrsnicu-oruzane-krize-z-kumanovu\/","name":"Pogledajte zavr\u0161nicu oru\u017eane krize z Kumanovu","isPartOf":{"@id":"https:\/\/sandzakpress.net\/arhiva\/#website"},"primaryImageOfPage":{"@id":"https:\/\/sandzakpress.net\/arhiva\/pogledajte-zavrsnicu-oruzane-krize-z-kumanovu\/#primaryimage"},"image":{"@id":"https:\/\/sandzakpress.net\/arhiva\/pogledajte-zavrsnicu-oruzane-krize-z-kumanovu\/#primaryimage"},"thumbnailUrl":"https:\/\/sandzakpress.net\/arhiva\/wp-content\/uploads\/2015\/05\/08.jpg","datePublished":"2015-05-11T07:57:38+00:00","breadcrumb":{"@id":"https:\/\/sandzakpress.net\/arhiva\/pogledajte-zavrsnicu-oruzane-krize-z-kumanovu\/#breadcrumb"},"inLanguage":"bs-BA","potentialAction":[{"@type":"ReadAction","target":["https:\/\/sandzakpress.net\/arhiva\/pogledajte-zavrsnicu-oruzane-krize-z-kumanovu\/"]}]},{"@type":"ImageObject","inLanguage":"bs-BA","@id":"https:\/\/sandzakpress.net\/arhiva\/pogledajte-zavrsnicu-oruzane-krize-z-kumanovu\/#primaryimage","url":"https:\/\/sandzakpress.net\/arhiva\/wp-content\/uploads\/2015\/05\/08.jpg","contentUrl":"https:\/\/sandzakpress.net\/arhiva\/wp-content\/uploads\/2015\/05\/08.jpg","width":480,"height":360},{"@type":"BreadcrumbList","@id":"https:\/\/sandzakpress.net\/arhiva\/pogledajte-zavrsnicu-oruzane-krize-z-kumanovu\/#breadcrumb","itemListElement":[{"@type":"ListItem","position":1,"name":"Home","item":"https:\/\/sandzakpress.net\/arhiva\/"},{"@type":"ListItem","position":2,"name":"Pogledajte zavr\u0161nicu oru\u017eane krize z Kumanovu"}]},{"@type":"WebSite","@id":"https:\/\/sandzakpress.net\/arhiva\/#website","url":"https:\/\/sandzakpress.net\/arhiva\/","name":"Sand\u017eak PRESS","description":"Prve elektronske novine u Sand\u017eaku","publisher":{"@id":"https:\/\/sandzakpress.net\/arhiva\/#\/schema\/person\/6e72b67d6e51910a1117b3b483ba20bd"},"potentialAction":[{"@type":"SearchAction","target":{"@type":"EntryPoint","urlTemplate":"https:\/\/sandzakpress.net\/arhiva\/?s={search_term_string}"},"query-input":{"@type":"PropertyValueSpecification","valueRequired":true,"valueName":"search_term_string"}}],"inLanguage":"bs-BA"},{"@type":["Person","Organization"],"@id":"https:\/\/sandzakpress.net\/arhiva\/#\/schema\/person\/6e72b67d6e51910a1117b3b483ba20bd","name":"Kul","image":{"@type":"ImageObject","inLanguage":"bs-BA","@id":"https:\/\/sandzakpress.net\/arhiva\/#\/schema\/person\/image\/","url":"https:\/\/secure.gravatar.com\/avatar\/42263f39aa27ac04c43cab85c280eb2e?s=96&d=mm&r=pg","contentUrl":"https:\/\/secure.gravatar.com\/avatar\/42263f39aa27ac04c43cab85c280eb2e?s=96&d=mm&r=pg","caption":"Kul"},"logo":{"@id":"https:\/\/sandzakpress.net\/arhiva\/#\/schema\/person\/image\/"}},{"@type":"Person","@id":"https:\/\/sandzakpress.net\/arhiva\/#\/schema\/person\/c8baee722073534b583ea7bdb2e36c02","name":"bosniak","image":{"@type":"ImageObject","inLanguage":"bs-BA","@id":"https:\/\/sandzakpress.net\/arhiva\/#\/schema\/person\/image\/","url":"https:\/\/secure.gravatar.com\/avatar\/a04fd330bfe3a36a72a0ad4a6d89fca7?s=96&d=mm&r=pg","contentUrl":"https:\/\/secure.gravatar.com\/avatar\/a04fd330bfe3a36a72a0ad4a6d89fca7?s=96&d=mm&r=pg","caption":"bosniak"},"url":"https:\/\/sandzakpress.net\/arhiva\/author\/bosniak\/"}]}},"_links":{"self":[{"href":"https:\/\/sandzakpress.net\/arhiva\/wp-json\/wp\/v2\/posts\/127916"}],"collection":[{"href":"https:\/\/sandzakpress.net\/arhiva\/wp-json\/wp\/v2\/posts"}],"about":[{"href":"https:\/\/sandzakpress.net\/arhiva\/wp-json\/wp\/v2\/types\/post"}],"author":[{"embeddable":true,"href":"https:\/\/sandzakpress.net\/arhiva\/wp-json\/wp\/v2\/users\/83"}],"replies":[{"embeddable":true,"href":"https:\/\/sandzakpress.net\/arhiva\/wp-json\/wp\/v2\/comments?post=127916"}],"version-history":[{"count":0,"href":"https:\/\/sandzakpress.net\/arhiva\/wp-json\/wp\/v2\/posts\/127916\/revisions"}],"wp:featuredmedia":[{"embeddable":true,"href":"https:\/\/sandzakpress.net\/arhiva\/wp-json\/wp\/v2\/media\/127918"}],"wp:attachment":[{"href":"https:\/\/sandzakpress.net\/arhiva\/wp-json\/wp\/v2\/media?parent=127916"}],"wp:term":[{"taxonomy":"category","embeddable":true,"href":"https:\/\/sandzakpress.net\/arhiva\/wp-json\/wp\/v2\/categories?post=127916"},{"taxonomy":"post_tag","embeddable":true,"href":"https:\/\/sandzakpress.net\/arhiva\/wp-json\/wp\/v2\/tags?post=127916"}],"curies":[{"name":"wp","href":"https:\/\/api.w.org\/{rel}","templated":true}]}}