{"id":127821,"date":"2015-05-08T12:04:29","date_gmt":"2015-05-08T10:04:29","guid":{"rendered":"https:\/\/sandzakpress.net\/arhiva\/?p=127821"},"modified":"2015-05-08T12:04:29","modified_gmt":"2015-05-08T10:04:29","slug":"dps-trazi-vanrednu-sjednicu-parlamenta-u-rozajama","status":"publish","type":"post","link":"https:\/\/sandzakpress.net\/arhiva\/dps-trazi-vanrednu-sjednicu-parlamenta-u-rozajama\/","title":{"rendered":"DPS tra\u017ei vanrednu sjednicu parlamenta u Ro\u017eajama"},"content":{"rendered":"<p><img decoding=\"async\" src=\"http:\/\/www.sandzacke.rs\/wp-content\/uploads\/2015\/05\/Rozaje-9.jpg\" alt=\"Rozaje 9\" \/><\/p>\n<p><strong>Ro\u017eaje &#8211; Klub odbornika op\u0161tinskog odbora DPS-a u Ro\u017eajama predao je inicijativu predjedniku Skup\u0161tine op\u0107ine Ejupu Nurkovi\u0107u da zaka\u017ee vanrednu sjednicu lokalnog parlamenta povodom iseljavanja gra\u0111ana iz Ro\u017eaja.<\/strong><\/p>\n<p>Nurkovi\u0107 ka\u017ee da kretanje ro\u017eajskog stanovni\u0161tva prema zemljama Zapadne Evrope traje ve\u0107 nekoliko decenija. U odre\u0111enim periodima ono je bilo vi\u0161e ili manje izra\u017eeno ali je taj kontinuitet prisutan ka\u017ee Nurkov<span class=\"text_exposed_show\">i\u0107.<\/span><\/p>\n<div class=\"text_exposed_show\">\n<p>\u201cNemam podatke da mogu da potvrdim da ima masovnog iseljavanja. Ljudi na grani\u010dnim prelazima i stru\u010dne slu\u017ebe treba da utvrde o kakvim se putovanjima radi. Da li je u pitanju turisti\u010dko putovanje, radna posjeta ili da li neko ide jer ima radnu radnu dozvolu? Ja smatram da je to privremeno iseljavanje na tri mjeseca, i ljudi \u0107e se vjerovatno vratiti kao \u0161to se vra\u0107aju.\u201d<\/p>\n<p>Direktora Nevladine organizacije Euromost Almera Meki\u0107a me\u0111utim brine iseljavanje gra\u0111ana sa sjevera. Ju\u010de je, ka\u017ee, jo\u0161 dva autobusa krenulo prema dr\u017eavama Evropske unije.<\/p>\n<p>\u201cVjerujte nije lako prisustvovati odlasku ljudi sa kojima se svakodnevno susre\u0107ete. Nije lako gledati djecu od pet ili sedam godina koja pla\u010du \u0161to se rastaju od svojih najmilijih. Mi smo na sjeveru u te\u0161koj situaciji. Nije me sramota da zamolim i apelujem na sve koji mogu da nam pomognu. Iako pojedini politi\u010dari saop\u0161tavaju da nema iseljavanja mi smo ju\u010de ispratili jo\u0161 dva autobusa. Strah nas da \u0107e se krajem \u0161kolske godine masovno iseljavanje utrostru\u010diti\u201d, zaklju\u010dio je Meki\u0107 u izjavi za radio Antena M.<\/p>\n<p>(Antena M \/ foto: Ahmed Luboder)<\/p>\n<\/div>\n","protected":false},"excerpt":{"rendered":"<p>Ro\u017eaje &#8211; Klub odbornika op\u0161tinskog odbora DPS-a u Ro\u017eajama predao je inicijativu predjedniku Skup\u0161tine op\u0107ine Ejupu Nurkovi\u0107u da zaka\u017ee vanrednu sjednicu lokalnog parlamenta povodom iseljavanja gra\u0111ana iz Ro\u017eaja. Nurkovi\u0107 ka\u017ee da kretanje ro\u017eajskog stanovni\u0161tva prema zemljama Zapadne Evrope traje ve\u0107 nekoliko decenija. U odre\u0111enim periodima ono je bilo vi\u0161e ili manje izra\u017eeno ali je taj [&hellip;]<\/p>\n","protected":false},"author":83,"featured_media":127822,"comment_status":"open","ping_status":"open","sticky":false,"template":"","format":"standard","meta":{"footnotes":""},"categories":[398,1,798],"tags":[],"class_list":{"0":"post-127821","1":"post","2":"type-post","3":"status-publish","4":"format-standard","5":"has-post-thumbnail","7":"category-rozaje","8":"category-politika","9":"category-teme"},"yoast_head":"<!-- This site is optimized with the Yoast SEO Premium plugin v23.1 (Yoast SEO v24.9) - https:\/\/yoast.com\/wordpress\/plugins\/seo\/ -->\n<title>DPS tra\u017ei vanrednu sjednicu parlamenta u Ro\u017eajama<\/title>\n<meta name=\"robots\" content=\"index, follow, max-snippet:-1, max-image-preview:large, max-video-preview:-1\" \/>\n<link rel=\"canonical\" href=\"https:\/\/sandzakpress.net\/arhiva\/dps-trazi-vanrednu-sjednicu-parlamenta-u-rozajama\/\" \/>\n<meta property=\"og:locale\" content=\"bs_BA\" \/>\n<meta property=\"og:type\" content=\"article\" \/>\n<meta property=\"og:title\" content=\"DPS tra\u017ei vanrednu sjednicu parlamenta u Ro\u017eajama\" \/>\n<meta property=\"og:description\" content=\"Ro\u017eaje &#8211; Klub odbornika op\u0161tinskog odbora DPS-a u Ro\u017eajama predao je inicijativu predjedniku Skup\u0161tine op\u0107ine Ejupu Nurkovi\u0107u da zaka\u017ee vanrednu sjednicu lokalnog parlamenta povodom iseljavanja gra\u0111ana iz Ro\u017eaja. Nurkovi\u0107 ka\u017ee da kretanje ro\u017eajskog stanovni\u0161tva prema zemljama Zapadne Evrope traje ve\u0107 nekoliko decenija. U odre\u0111enim periodima ono je bilo vi\u0161e ili manje izra\u017eeno ali je taj [&hellip;]\" \/>\n<meta property=\"og:url\" content=\"https:\/\/sandzakpress.net\/arhiva\/dps-trazi-vanrednu-sjednicu-parlamenta-u-rozajama\/\" \/>\n<meta property=\"og:site_name\" content=\"Sand\u017eak PRESS\" \/>\n<meta property=\"article:published_time\" content=\"2015-05-08T10:04:29+00:00\" \/>\n<meta property=\"og:image\" content=\"https:\/\/sandzakpress.net\/arhiva\/wp-content\/uploads\/2015\/05\/Rozaje-9.jpg\" \/>\n\t<meta property=\"og:image:width\" content=\"620\" \/>\n\t<meta property=\"og:image:height\" content=\"400\" \/>\n\t<meta property=\"og:image:type\" content=\"image\/jpeg\" \/>\n<meta name=\"author\" content=\"bosniak\" \/>\n<meta name=\"twitter:card\" content=\"summary_large_image\" \/>\n<meta name=\"twitter:label1\" content=\"Written by\" \/>\n\t<meta name=\"twitter:data1\" content=\"bosniak\" \/>\n\t<meta name=\"twitter:label2\" content=\"Est. reading time\" \/>\n\t<meta name=\"twitter:data2\" content=\"1 minuta\" \/>\n<script type=\"application\/ld+json\" class=\"yoast-schema-graph\">{\"@context\":\"https:\/\/schema.org\",\"@graph\":[{\"@type\":\"Article\",\"@id\":\"https:\/\/sandzakpress.net\/arhiva\/dps-trazi-vanrednu-sjednicu-parlamenta-u-rozajama\/#article\",\"isPartOf\":{\"@id\":\"https:\/\/sandzakpress.net\/arhiva\/dps-trazi-vanrednu-sjednicu-parlamenta-u-rozajama\/\"},\"author\":{\"name\":\"bosniak\",\"@id\":\"https:\/\/sandzakpress.net\/arhiva\/#\/schema\/person\/c8baee722073534b583ea7bdb2e36c02\"},\"headline\":\"DPS tra\u017ei vanrednu sjednicu parlamenta u Ro\u017eajama\",\"datePublished\":\"2015-05-08T10:04:29+00:00\",\"mainEntityOfPage\":{\"@id\":\"https:\/\/sandzakpress.net\/arhiva\/dps-trazi-vanrednu-sjednicu-parlamenta-u-rozajama\/\"},\"wordCount\":278,\"commentCount\":3,\"publisher\":{\"@id\":\"https:\/\/sandzakpress.net\/arhiva\/#\/schema\/person\/6e72b67d6e51910a1117b3b483ba20bd\"},\"image\":{\"@id\":\"https:\/\/sandzakpress.net\/arhiva\/dps-trazi-vanrednu-sjednicu-parlamenta-u-rozajama\/#primaryimage\"},\"thumbnailUrl\":\"https:\/\/sandzakpress.net\/arhiva\/wp-content\/uploads\/2015\/05\/Rozaje-9.jpg\",\"articleSection\":[\"Ro\u017eaje\",\"Politika\",\"NAJNOVIJE\"],\"inLanguage\":\"bs-BA\",\"potentialAction\":[{\"@type\":\"CommentAction\",\"name\":\"Comment\",\"target\":[\"https:\/\/sandzakpress.net\/arhiva\/dps-trazi-vanrednu-sjednicu-parlamenta-u-rozajama\/#respond\"]}]},{\"@type\":\"WebPage\",\"@id\":\"https:\/\/sandzakpress.net\/arhiva\/dps-trazi-vanrednu-sjednicu-parlamenta-u-rozajama\/\",\"url\":\"https:\/\/sandzakpress.net\/arhiva\/dps-trazi-vanrednu-sjednicu-parlamenta-u-rozajama\/\",\"name\":\"DPS tra\u017ei vanrednu sjednicu parlamenta u Ro\u017eajama\",\"isPartOf\":{\"@id\":\"https:\/\/sandzakpress.net\/arhiva\/#website\"},\"primaryImageOfPage\":{\"@id\":\"https:\/\/sandzakpress.net\/arhiva\/dps-trazi-vanrednu-sjednicu-parlamenta-u-rozajama\/#primaryimage\"},\"image\":{\"@id\":\"https:\/\/sandzakpress.net\/arhiva\/dps-trazi-vanrednu-sjednicu-parlamenta-u-rozajama\/#primaryimage\"},\"thumbnailUrl\":\"https:\/\/sandzakpress.net\/arhiva\/wp-content\/uploads\/2015\/05\/Rozaje-9.jpg\",\"datePublished\":\"2015-05-08T10:04:29+00:00\",\"breadcrumb\":{\"@id\":\"https:\/\/sandzakpress.net\/arhiva\/dps-trazi-vanrednu-sjednicu-parlamenta-u-rozajama\/#breadcrumb\"},\"inLanguage\":\"bs-BA\",\"potentialAction\":[{\"@type\":\"ReadAction\",\"target\":[\"https:\/\/sandzakpress.net\/arhiva\/dps-trazi-vanrednu-sjednicu-parlamenta-u-rozajama\/\"]}]},{\"@type\":\"ImageObject\",\"inLanguage\":\"bs-BA\",\"@id\":\"https:\/\/sandzakpress.net\/arhiva\/dps-trazi-vanrednu-sjednicu-parlamenta-u-rozajama\/#primaryimage\",\"url\":\"https:\/\/sandzakpress.net\/arhiva\/wp-content\/uploads\/2015\/05\/Rozaje-9.jpg\",\"contentUrl\":\"https:\/\/sandzakpress.net\/arhiva\/wp-content\/uploads\/2015\/05\/Rozaje-9.jpg\",\"width\":620,\"height\":400},{\"@type\":\"BreadcrumbList\",\"@id\":\"https:\/\/sandzakpress.net\/arhiva\/dps-trazi-vanrednu-sjednicu-parlamenta-u-rozajama\/#breadcrumb\",\"itemListElement\":[{\"@type\":\"ListItem\",\"position\":1,\"name\":\"Home\",\"item\":\"https:\/\/sandzakpress.net\/arhiva\/\"},{\"@type\":\"ListItem\",\"position\":2,\"name\":\"DPS tra\u017ei vanrednu sjednicu parlamenta u Ro\u017eajama\"}]},{\"@type\":\"WebSite\",\"@id\":\"https:\/\/sandzakpress.net\/arhiva\/#website\",\"url\":\"https:\/\/sandzakpress.net\/arhiva\/\",\"name\":\"Sand\u017eak PRESS\",\"description\":\"Prve elektronske novine u Sand\u017eaku\",\"publisher\":{\"@id\":\"https:\/\/sandzakpress.net\/arhiva\/#\/schema\/person\/6e72b67d6e51910a1117b3b483ba20bd\"},\"potentialAction\":[{\"@type\":\"SearchAction\",\"target\":{\"@type\":\"EntryPoint\",\"urlTemplate\":\"https:\/\/sandzakpress.net\/arhiva\/?s={search_term_string}\"},\"query-input\":{\"@type\":\"PropertyValueSpecification\",\"valueRequired\":true,\"valueName\":\"search_term_string\"}}],\"inLanguage\":\"bs-BA\"},{\"@type\":[\"Person\",\"Organization\"],\"@id\":\"https:\/\/sandzakpress.net\/arhiva\/#\/schema\/person\/6e72b67d6e51910a1117b3b483ba20bd\",\"name\":\"Kul\",\"image\":{\"@type\":\"ImageObject\",\"inLanguage\":\"bs-BA\",\"@id\":\"https:\/\/sandzakpress.net\/arhiva\/#\/schema\/person\/image\/\",\"url\":\"https:\/\/secure.gravatar.com\/avatar\/42263f39aa27ac04c43cab85c280eb2e?s=96&d=mm&r=pg\",\"contentUrl\":\"https:\/\/secure.gravatar.com\/avatar\/42263f39aa27ac04c43cab85c280eb2e?s=96&d=mm&r=pg\",\"caption\":\"Kul\"},\"logo\":{\"@id\":\"https:\/\/sandzakpress.net\/arhiva\/#\/schema\/person\/image\/\"}},{\"@type\":\"Person\",\"@id\":\"https:\/\/sandzakpress.net\/arhiva\/#\/schema\/person\/c8baee722073534b583ea7bdb2e36c02\",\"name\":\"bosniak\",\"image\":{\"@type\":\"ImageObject\",\"inLanguage\":\"bs-BA\",\"@id\":\"https:\/\/sandzakpress.net\/arhiva\/#\/schema\/person\/image\/\",\"url\":\"https:\/\/secure.gravatar.com\/avatar\/a04fd330bfe3a36a72a0ad4a6d89fca7?s=96&d=mm&r=pg\",\"contentUrl\":\"https:\/\/secure.gravatar.com\/avatar\/a04fd330bfe3a36a72a0ad4a6d89fca7?s=96&d=mm&r=pg\",\"caption\":\"bosniak\"},\"url\":\"https:\/\/sandzakpress.net\/arhiva\/author\/bosniak\/\"}]}<\/script>\n<!-- \/ Yoast SEO Premium plugin. -->","yoast_head_json":{"title":"DPS tra\u017ei vanrednu sjednicu parlamenta u Ro\u017eajama","robots":{"index":"index","follow":"follow","max-snippet":"max-snippet:-1","max-image-preview":"max-image-preview:large","max-video-preview":"max-video-preview:-1"},"canonical":"https:\/\/sandzakpress.net\/arhiva\/dps-trazi-vanrednu-sjednicu-parlamenta-u-rozajama\/","og_locale":"bs_BA","og_type":"article","og_title":"DPS tra\u017ei vanrednu sjednicu parlamenta u Ro\u017eajama","og_description":"Ro\u017eaje &#8211; Klub odbornika op\u0161tinskog odbora DPS-a u Ro\u017eajama predao je inicijativu predjedniku Skup\u0161tine op\u0107ine Ejupu Nurkovi\u0107u da zaka\u017ee vanrednu sjednicu lokalnog parlamenta povodom iseljavanja gra\u0111ana iz Ro\u017eaja. Nurkovi\u0107 ka\u017ee da kretanje ro\u017eajskog stanovni\u0161tva prema zemljama Zapadne Evrope traje ve\u0107 nekoliko decenija. U odre\u0111enim periodima ono je bilo vi\u0161e ili manje izra\u017eeno ali je taj [&hellip;]","og_url":"https:\/\/sandzakpress.net\/arhiva\/dps-trazi-vanrednu-sjednicu-parlamenta-u-rozajama\/","og_site_name":"Sand\u017eak PRESS","article_published_time":"2015-05-08T10:04:29+00:00","og_image":[{"width":620,"height":400,"url":"https:\/\/sandzakpress.net\/arhiva\/wp-content\/uploads\/2015\/05\/Rozaje-9.jpg","type":"image\/jpeg"}],"author":"bosniak","twitter_card":"summary_large_image","twitter_misc":{"Written by":"bosniak","Est. reading time":"1 minuta"},"schema":{"@context":"https:\/\/schema.org","@graph":[{"@type":"Article","@id":"https:\/\/sandzakpress.net\/arhiva\/dps-trazi-vanrednu-sjednicu-parlamenta-u-rozajama\/#article","isPartOf":{"@id":"https:\/\/sandzakpress.net\/arhiva\/dps-trazi-vanrednu-sjednicu-parlamenta-u-rozajama\/"},"author":{"name":"bosniak","@id":"https:\/\/sandzakpress.net\/arhiva\/#\/schema\/person\/c8baee722073534b583ea7bdb2e36c02"},"headline":"DPS tra\u017ei vanrednu sjednicu parlamenta u Ro\u017eajama","datePublished":"2015-05-08T10:04:29+00:00","mainEntityOfPage":{"@id":"https:\/\/sandzakpress.net\/arhiva\/dps-trazi-vanrednu-sjednicu-parlamenta-u-rozajama\/"},"wordCount":278,"commentCount":3,"publisher":{"@id":"https:\/\/sandzakpress.net\/arhiva\/#\/schema\/person\/6e72b67d6e51910a1117b3b483ba20bd"},"image":{"@id":"https:\/\/sandzakpress.net\/arhiva\/dps-trazi-vanrednu-sjednicu-parlamenta-u-rozajama\/#primaryimage"},"thumbnailUrl":"https:\/\/sandzakpress.net\/arhiva\/wp-content\/uploads\/2015\/05\/Rozaje-9.jpg","articleSection":["Ro\u017eaje","Politika","NAJNOVIJE"],"inLanguage":"bs-BA","potentialAction":[{"@type":"CommentAction","name":"Comment","target":["https:\/\/sandzakpress.net\/arhiva\/dps-trazi-vanrednu-sjednicu-parlamenta-u-rozajama\/#respond"]}]},{"@type":"WebPage","@id":"https:\/\/sandzakpress.net\/arhiva\/dps-trazi-vanrednu-sjednicu-parlamenta-u-rozajama\/","url":"https:\/\/sandzakpress.net\/arhiva\/dps-trazi-vanrednu-sjednicu-parlamenta-u-rozajama\/","name":"DPS tra\u017ei vanrednu sjednicu parlamenta u Ro\u017eajama","isPartOf":{"@id":"https:\/\/sandzakpress.net\/arhiva\/#website"},"primaryImageOfPage":{"@id":"https:\/\/sandzakpress.net\/arhiva\/dps-trazi-vanrednu-sjednicu-parlamenta-u-rozajama\/#primaryimage"},"image":{"@id":"https:\/\/sandzakpress.net\/arhiva\/dps-trazi-vanrednu-sjednicu-parlamenta-u-rozajama\/#primaryimage"},"thumbnailUrl":"https:\/\/sandzakpress.net\/arhiva\/wp-content\/uploads\/2015\/05\/Rozaje-9.jpg","datePublished":"2015-05-08T10:04:29+00:00","breadcrumb":{"@id":"https:\/\/sandzakpress.net\/arhiva\/dps-trazi-vanrednu-sjednicu-parlamenta-u-rozajama\/#breadcrumb"},"inLanguage":"bs-BA","potentialAction":[{"@type":"ReadAction","target":["https:\/\/sandzakpress.net\/arhiva\/dps-trazi-vanrednu-sjednicu-parlamenta-u-rozajama\/"]}]},{"@type":"ImageObject","inLanguage":"bs-BA","@id":"https:\/\/sandzakpress.net\/arhiva\/dps-trazi-vanrednu-sjednicu-parlamenta-u-rozajama\/#primaryimage","url":"https:\/\/sandzakpress.net\/arhiva\/wp-content\/uploads\/2015\/05\/Rozaje-9.jpg","contentUrl":"https:\/\/sandzakpress.net\/arhiva\/wp-content\/uploads\/2015\/05\/Rozaje-9.jpg","width":620,"height":400},{"@type":"BreadcrumbList","@id":"https:\/\/sandzakpress.net\/arhiva\/dps-trazi-vanrednu-sjednicu-parlamenta-u-rozajama\/#breadcrumb","itemListElement":[{"@type":"ListItem","position":1,"name":"Home","item":"https:\/\/sandzakpress.net\/arhiva\/"},{"@type":"ListItem","position":2,"name":"DPS tra\u017ei vanrednu sjednicu parlamenta u Ro\u017eajama"}]},{"@type":"WebSite","@id":"https:\/\/sandzakpress.net\/arhiva\/#website","url":"https:\/\/sandzakpress.net\/arhiva\/","name":"Sand\u017eak PRESS","description":"Prve elektronske novine u Sand\u017eaku","publisher":{"@id":"https:\/\/sandzakpress.net\/arhiva\/#\/schema\/person\/6e72b67d6e51910a1117b3b483ba20bd"},"potentialAction":[{"@type":"SearchAction","target":{"@type":"EntryPoint","urlTemplate":"https:\/\/sandzakpress.net\/arhiva\/?s={search_term_string}"},"query-input":{"@type":"PropertyValueSpecification","valueRequired":true,"valueName":"search_term_string"}}],"inLanguage":"bs-BA"},{"@type":["Person","Organization"],"@id":"https:\/\/sandzakpress.net\/arhiva\/#\/schema\/person\/6e72b67d6e51910a1117b3b483ba20bd","name":"Kul","image":{"@type":"ImageObject","inLanguage":"bs-BA","@id":"https:\/\/sandzakpress.net\/arhiva\/#\/schema\/person\/image\/","url":"https:\/\/secure.gravatar.com\/avatar\/42263f39aa27ac04c43cab85c280eb2e?s=96&d=mm&r=pg","contentUrl":"https:\/\/secure.gravatar.com\/avatar\/42263f39aa27ac04c43cab85c280eb2e?s=96&d=mm&r=pg","caption":"Kul"},"logo":{"@id":"https:\/\/sandzakpress.net\/arhiva\/#\/schema\/person\/image\/"}},{"@type":"Person","@id":"https:\/\/sandzakpress.net\/arhiva\/#\/schema\/person\/c8baee722073534b583ea7bdb2e36c02","name":"bosniak","image":{"@type":"ImageObject","inLanguage":"bs-BA","@id":"https:\/\/sandzakpress.net\/arhiva\/#\/schema\/person\/image\/","url":"https:\/\/secure.gravatar.com\/avatar\/a04fd330bfe3a36a72a0ad4a6d89fca7?s=96&d=mm&r=pg","contentUrl":"https:\/\/secure.gravatar.com\/avatar\/a04fd330bfe3a36a72a0ad4a6d89fca7?s=96&d=mm&r=pg","caption":"bosniak"},"url":"https:\/\/sandzakpress.net\/arhiva\/author\/bosniak\/"}]}},"_links":{"self":[{"href":"https:\/\/sandzakpress.net\/arhiva\/wp-json\/wp\/v2\/posts\/127821"}],"collection":[{"href":"https:\/\/sandzakpress.net\/arhiva\/wp-json\/wp\/v2\/posts"}],"about":[{"href":"https:\/\/sandzakpress.net\/arhiva\/wp-json\/wp\/v2\/types\/post"}],"author":[{"embeddable":true,"href":"https:\/\/sandzakpress.net\/arhiva\/wp-json\/wp\/v2\/users\/83"}],"replies":[{"embeddable":true,"href":"https:\/\/sandzakpress.net\/arhiva\/wp-json\/wp\/v2\/comments?post=127821"}],"version-history":[{"count":0,"href":"https:\/\/sandzakpress.net\/arhiva\/wp-json\/wp\/v2\/posts\/127821\/revisions"}],"wp:featuredmedia":[{"embeddable":true,"href":"https:\/\/sandzakpress.net\/arhiva\/wp-json\/wp\/v2\/media\/127822"}],"wp:attachment":[{"href":"https:\/\/sandzakpress.net\/arhiva\/wp-json\/wp\/v2\/media?parent=127821"}],"wp:term":[{"taxonomy":"category","embeddable":true,"href":"https:\/\/sandzakpress.net\/arhiva\/wp-json\/wp\/v2\/categories?post=127821"},{"taxonomy":"post_tag","embeddable":true,"href":"https:\/\/sandzakpress.net\/arhiva\/wp-json\/wp\/v2\/tags?post=127821"}],"curies":[{"name":"wp","href":"https:\/\/api.w.org\/{rel}","templated":true}]}}