{"id":127802,"date":"2015-05-07T14:22:15","date_gmt":"2015-05-07T12:22:15","guid":{"rendered":"https:\/\/sandzakpress.net\/arhiva\/?p=127802"},"modified":"2015-05-07T14:22:15","modified_gmt":"2015-05-07T12:22:15","slug":"pismo-erdoganu-predsjedniku-republike-turske","status":"publish","type":"post","link":"https:\/\/sandzakpress.net\/arhiva\/pismo-erdoganu-predsjedniku-republike-turske\/","title":{"rendered":"Pismo Erdoganu, predsjedniku Republike Turske&#8230;"},"content":{"rendered":"<p><img loading=\"lazy\" decoding=\"async\" class=\"aligncenter size-full wp-image-110864\" src=\"https:\/\/sandzakpress.net\/arhiva\/wp-content\/uploads\/2014\/08\/erdogan-posjetio-ranjenike-iz-gazze_trt-bosanski-29070.jpg\" alt=\"erdogan-posjetio-ranjenike-iz-gazze_trt-bosanski-29070\" width=\"600\" height=\"363\" \/><\/p>\n<p>Dragi predsjedni\u010de,<\/p>\n<p>Esselamu alejkum ve rahmetullahi ve berekatuhu!<\/p>\n<p>Mo\u017eda ovaj poku\u0161aj izgleda neozbiljan i smije\u0161an, ali ovo mi je trenutno, nakon dove Uzvi\u0161enom Allahu, izgleda jedino preostalo da u\u010dinim. Nadam se da \u0107e \u010ditaoci ovog pisma aminati na dovu da Allah pomogne i sa\u010duva istinske vjernike iz na\u0161eg naroda, koji ljubomorno \u010duvaju svoju vjeru islam i ne prodaju svoju du\u0161u za jeftine pare, pozicije i zadovoljstvo onih koji su \u010detiri godine gledali kako se zemlja bosanska natapa krvlju nedu\u017enih muslimana.<\/p>\n<p><strong>\u201dJa tugu svoju i jad svoj pred Allaha iznosim&#8230;\u201d <\/strong>(Jusuf 86)<\/p>\n<p>Ovaj ajet spominjem samo kako bih podsjetio da vjernik svoju pravu bol jada samo Allahu, kao \u0161to su to \u010dinili Njegovi istinski robovi na \u010delu sa poslanicima i vjerovjesnicima. Me\u0111utim, ovo je vid napomene Vama, predsjedni\u010de, da postoji dio muslimanskog ummeta za koji \u0107e sigurno neko odgovarati, na Sudnjem danu, zbog patnji koje pro\u017eivljavaju i kroz koje prolaze.<\/p>\n<p>Predsjedni\u010de, nismo zaboravili Va\u0161e obe\u0107anje da \u0107ete brinuti o Sarajevu kao \u0161to brinete i o Istanbulu. Svojim dolaskom na vlast Republike Turske, donijeli ste nadu bo\u0161nja\u010dkom narodu da vi\u0161e nije usamljen niti odba\u010den. O\u010di su nam se ispunile suzama radosnicama kada smo vidjeli kako, uz Allahovu pomo\u0107, vra\u0107ate ponos muslimankama Turske, kako otvarate \u0161kole Kur\u2019ana \u010casnog i kako ulemi dajete mjesto koje i zaslu\u017euje. Rekli smo sebi da je ovo mo\u017eda kraj sistematskog poni\u017eavanja i omalova\u017eavanja bo\u0161nja\u010dkog naroda. Vijesti o Vama su se \u0161irile Bosnom i narod Vam je, makar simboli\u010dno, dao titulu sultana, koju vi naravno niste tra\u017eili.<\/p>\n<p>Predsjedni\u010de, ovih dana bo\u0161nja\u010dki narod ponovo prolazi kroz torture zlikovaca koji su \u201992 g. imali namjeru da sa lica zemlje zbri\u0161u muslimanski \u017eivalj sa ovih prostora. Vi\u0161e i sami ne znamo koji put po redu pro\u017eivljavamo scenarij zastra\u0161ivanja, privo\u0111enja i maltretiranja.<\/p>\n<p>Nakon smrti predsjednika Alije Izetbegovi\u0107a, rahimehullah, mi na\u017ealost vi\u0161e nemamo istinskog lidera koji brani interese muslimana u na\u0161oj domovini. Vi\u0161e mi se i gadi slu\u0161ati ili gledati pojedina lica, koja su u ime nas sebi priskrbili raznorazne privilegije, a svoj narod i njegove interese zarad toga \u017ertvovali.<\/p>\n<p>Predsjedni\u010de, dok ovo pi\u0161em, djelimi\u010dno sam slobodan, ali ne znam \u0161ta naredno jutro donosi. Odrastao sam bez oca, pa se \u010desto pitam da li \u0107e to biti i sudbina moje djece?!<\/p>\n<p>Ovih dana u tkz. Republici srpskoj hapse se mnogi Bo\u0161njaci pod optu\u017ebom da su pritajene \u201dvehabije\u201d koje prijete teroristi\u010dkim napadima. Mnogi od tih uhap\u0161enih mladi\u0107a \u010dak ni primarne islamske du\u017enosti ne obavljaju, me\u0111utim, uop\u0107e nije \u010dudno \u0161to ih hapse jer ih maltretiraju isti oni koji su i \u201992 hapsili i ubijali Bo\u0161njake koji tako\u0111er nisu imali mnogo veze sa prakticiranjem islamskih propisa, samo \u0161to su ih tada zvali poturicama ili fundamentalistima a danas evo \u201dvehabijama\u201d. Ne \u010dude nas predsjedni\u010de oni koji opet Bo\u0161njake hapse ve\u0107 nas \u010dudi \u0107utanje onih koji su se stavili na \u010delo ove dr\u017eave da je vode i da \u0161tite interese Bo\u0161njaka i zajedni\u010dkog im dini islama. Ne samo da nas ne \u0161tite, ve\u0107 svojim kukavi\u010dkim izjavama (in)direktno amnestiraju one koji opet maltretiraju Bo\u0161njake i (ne)svjesno Bo\u0161njacima tovare breme navodnog terorizma i to onog \u201dislamskog\u201d, zamislite samo predsjedni\u010de!<\/p>\n<p>Mi \u0107emo, predsjedni\u010de, ipak ostati na braniku svoje vjere ma \u0161ta da se desi, jer mi smo Bo\u0161njaci, a Bo\u0161njaci su uvijek imali \u010destitih sinova i k\u0107eri koji su znali stati u odbranu dina i domovine.<\/p>\n<p>Na\u0161 moto je: <strong>\u201eO vjernici, ako pomognete Allaha, i On \u0107e vas pomo\u0107i i va\u0161a stopala u\u010dvrstiti.\u201d <\/strong>(Muhammed, 7)<\/p>\n<p>\u0160ta god da se desi, o nama \u0107e, jednog dana, uz Allahovu pomo\u0107, historija govoriti.<\/p>\n<p>I za kraj predsjedni\u010de, u ime Allaha bi Vas zamolili da politi\u010darima pa i pojedinim vjerskim liderima koji formalno predstavljaju nas Bo\u0161njake muslimane, odr\u017eite lekciju iz ponosa i \u010dasti, onako kako Vi to i umijete, te im uka\u017eete na \u010dinjenicu da kukavi\u010dluk i poltronizam nisu i ne smiju biti osobine muslimana vjernika ve\u0107 da su to svojstva po kojima u svakom vremenu i na svakom mjestu prepoznajemo munafika i izdajnika&#8230;<\/p>\n<p>Vama upu\u0107ujemo iskrene selame i dove da Vam Allah pomogne u onome s \u010dime je On Uzvi\u0161eni zadovoljan.<\/p>\n<p>(Mimber)<\/p>\n","protected":false},"excerpt":{"rendered":"<p>Mimber.ba<\/p>\n","protected":false},"author":83,"featured_media":110864,"comment_status":"open","ping_status":"open","sticky":false,"template":"","format":"standard","meta":{"footnotes":""},"categories":[10196,2692],"tags":[],"class_list":{"0":"post-127802","1":"post","2":"type-post","3":"status-publish","4":"format-standard","5":"has-post-thumbnail","7":"category-iz-pera-nasih-autora","8":"category-turska-gradovi"},"yoast_head":"<!-- This site is optimized with the Yoast SEO Premium plugin v23.1 (Yoast SEO v24.9) - https:\/\/yoast.com\/wordpress\/plugins\/seo\/ -->\n<title>Pismo Erdoganu, predsjedniku Republike Turske...<\/title>\n<meta name=\"robots\" content=\"index, follow, max-snippet:-1, max-image-preview:large, max-video-preview:-1\" \/>\n<link rel=\"canonical\" href=\"https:\/\/sandzakpress.net\/arhiva\/pismo-erdoganu-predsjedniku-republike-turske\/\" \/>\n<meta property=\"og:locale\" content=\"bs_BA\" \/>\n<meta property=\"og:type\" content=\"article\" \/>\n<meta property=\"og:title\" content=\"Pismo Erdoganu, predsjedniku Republike Turske...\" \/>\n<meta property=\"og:description\" content=\"Mimber.ba\" \/>\n<meta property=\"og:url\" content=\"https:\/\/sandzakpress.net\/arhiva\/pismo-erdoganu-predsjedniku-republike-turske\/\" \/>\n<meta property=\"og:site_name\" content=\"Sand\u017eak PRESS\" \/>\n<meta property=\"article:published_time\" content=\"2015-05-07T12:22:15+00:00\" \/>\n<meta property=\"og:image\" content=\"https:\/\/sandzakpress.net\/arhiva\/wp-content\/uploads\/2014\/08\/erdogan-posjetio-ranjenike-iz-gazze_trt-bosanski-29070.jpg\" \/>\n\t<meta property=\"og:image:width\" content=\"600\" \/>\n\t<meta property=\"og:image:height\" content=\"363\" \/>\n\t<meta property=\"og:image:type\" content=\"image\/jpeg\" \/>\n<meta name=\"author\" content=\"bosniak\" \/>\n<meta name=\"twitter:card\" content=\"summary_large_image\" \/>\n<meta name=\"twitter:label1\" content=\"Written by\" \/>\n\t<meta name=\"twitter:data1\" content=\"bosniak\" \/>\n\t<meta name=\"twitter:label2\" content=\"Est. reading time\" \/>\n\t<meta name=\"twitter:data2\" content=\"4 minute\" \/>\n<script type=\"application\/ld+json\" class=\"yoast-schema-graph\">{\"@context\":\"https:\/\/schema.org\",\"@graph\":[{\"@type\":\"Article\",\"@id\":\"https:\/\/sandzakpress.net\/arhiva\/pismo-erdoganu-predsjedniku-republike-turske\/#article\",\"isPartOf\":{\"@id\":\"https:\/\/sandzakpress.net\/arhiva\/pismo-erdoganu-predsjedniku-republike-turske\/\"},\"author\":{\"name\":\"bosniak\",\"@id\":\"https:\/\/sandzakpress.net\/arhiva\/#\/schema\/person\/c8baee722073534b583ea7bdb2e36c02\"},\"headline\":\"Pismo Erdoganu, predsjedniku Republike Turske&#8230;\",\"datePublished\":\"2015-05-07T12:22:15+00:00\",\"mainEntityOfPage\":{\"@id\":\"https:\/\/sandzakpress.net\/arhiva\/pismo-erdoganu-predsjedniku-republike-turske\/\"},\"wordCount\":752,\"commentCount\":7,\"publisher\":{\"@id\":\"https:\/\/sandzakpress.net\/arhiva\/#\/schema\/person\/6e72b67d6e51910a1117b3b483ba20bd\"},\"image\":{\"@id\":\"https:\/\/sandzakpress.net\/arhiva\/pismo-erdoganu-predsjedniku-republike-turske\/#primaryimage\"},\"thumbnailUrl\":\"https:\/\/sandzakpress.net\/arhiva\/wp-content\/uploads\/2014\/08\/erdogan-posjetio-ranjenike-iz-gazze_trt-bosanski-29070.jpg\",\"articleSection\":[\"Iz pera na\u0161ih autora\",\"Turska\"],\"inLanguage\":\"bs-BA\",\"potentialAction\":[{\"@type\":\"CommentAction\",\"name\":\"Comment\",\"target\":[\"https:\/\/sandzakpress.net\/arhiva\/pismo-erdoganu-predsjedniku-republike-turske\/#respond\"]}]},{\"@type\":\"WebPage\",\"@id\":\"https:\/\/sandzakpress.net\/arhiva\/pismo-erdoganu-predsjedniku-republike-turske\/\",\"url\":\"https:\/\/sandzakpress.net\/arhiva\/pismo-erdoganu-predsjedniku-republike-turske\/\",\"name\":\"Pismo Erdoganu, predsjedniku Republike Turske...\",\"isPartOf\":{\"@id\":\"https:\/\/sandzakpress.net\/arhiva\/#website\"},\"primaryImageOfPage\":{\"@id\":\"https:\/\/sandzakpress.net\/arhiva\/pismo-erdoganu-predsjedniku-republike-turske\/#primaryimage\"},\"image\":{\"@id\":\"https:\/\/sandzakpress.net\/arhiva\/pismo-erdoganu-predsjedniku-republike-turske\/#primaryimage\"},\"thumbnailUrl\":\"https:\/\/sandzakpress.net\/arhiva\/wp-content\/uploads\/2014\/08\/erdogan-posjetio-ranjenike-iz-gazze_trt-bosanski-29070.jpg\",\"datePublished\":\"2015-05-07T12:22:15+00:00\",\"breadcrumb\":{\"@id\":\"https:\/\/sandzakpress.net\/arhiva\/pismo-erdoganu-predsjedniku-republike-turske\/#breadcrumb\"},\"inLanguage\":\"bs-BA\",\"potentialAction\":[{\"@type\":\"ReadAction\",\"target\":[\"https:\/\/sandzakpress.net\/arhiva\/pismo-erdoganu-predsjedniku-republike-turske\/\"]}]},{\"@type\":\"ImageObject\",\"inLanguage\":\"bs-BA\",\"@id\":\"https:\/\/sandzakpress.net\/arhiva\/pismo-erdoganu-predsjedniku-republike-turske\/#primaryimage\",\"url\":\"https:\/\/sandzakpress.net\/arhiva\/wp-content\/uploads\/2014\/08\/erdogan-posjetio-ranjenike-iz-gazze_trt-bosanski-29070.jpg\",\"contentUrl\":\"https:\/\/sandzakpress.net\/arhiva\/wp-content\/uploads\/2014\/08\/erdogan-posjetio-ranjenike-iz-gazze_trt-bosanski-29070.jpg\",\"width\":600,\"height\":363},{\"@type\":\"BreadcrumbList\",\"@id\":\"https:\/\/sandzakpress.net\/arhiva\/pismo-erdoganu-predsjedniku-republike-turske\/#breadcrumb\",\"itemListElement\":[{\"@type\":\"ListItem\",\"position\":1,\"name\":\"Home\",\"item\":\"https:\/\/sandzakpress.net\/arhiva\/\"},{\"@type\":\"ListItem\",\"position\":2,\"name\":\"Pismo Erdoganu, predsjedniku Republike Turske&#8230;\"}]},{\"@type\":\"WebSite\",\"@id\":\"https:\/\/sandzakpress.net\/arhiva\/#website\",\"url\":\"https:\/\/sandzakpress.net\/arhiva\/\",\"name\":\"Sand\u017eak PRESS\",\"description\":\"Prve elektronske novine u Sand\u017eaku\",\"publisher\":{\"@id\":\"https:\/\/sandzakpress.net\/arhiva\/#\/schema\/person\/6e72b67d6e51910a1117b3b483ba20bd\"},\"potentialAction\":[{\"@type\":\"SearchAction\",\"target\":{\"@type\":\"EntryPoint\",\"urlTemplate\":\"https:\/\/sandzakpress.net\/arhiva\/?s={search_term_string}\"},\"query-input\":{\"@type\":\"PropertyValueSpecification\",\"valueRequired\":true,\"valueName\":\"search_term_string\"}}],\"inLanguage\":\"bs-BA\"},{\"@type\":[\"Person\",\"Organization\"],\"@id\":\"https:\/\/sandzakpress.net\/arhiva\/#\/schema\/person\/6e72b67d6e51910a1117b3b483ba20bd\",\"name\":\"Kul\",\"image\":{\"@type\":\"ImageObject\",\"inLanguage\":\"bs-BA\",\"@id\":\"https:\/\/sandzakpress.net\/arhiva\/#\/schema\/person\/image\/\",\"url\":\"https:\/\/secure.gravatar.com\/avatar\/42263f39aa27ac04c43cab85c280eb2e?s=96&d=mm&r=pg\",\"contentUrl\":\"https:\/\/secure.gravatar.com\/avatar\/42263f39aa27ac04c43cab85c280eb2e?s=96&d=mm&r=pg\",\"caption\":\"Kul\"},\"logo\":{\"@id\":\"https:\/\/sandzakpress.net\/arhiva\/#\/schema\/person\/image\/\"}},{\"@type\":\"Person\",\"@id\":\"https:\/\/sandzakpress.net\/arhiva\/#\/schema\/person\/c8baee722073534b583ea7bdb2e36c02\",\"name\":\"bosniak\",\"image\":{\"@type\":\"ImageObject\",\"inLanguage\":\"bs-BA\",\"@id\":\"https:\/\/sandzakpress.net\/arhiva\/#\/schema\/person\/image\/\",\"url\":\"https:\/\/secure.gravatar.com\/avatar\/a04fd330bfe3a36a72a0ad4a6d89fca7?s=96&d=mm&r=pg\",\"contentUrl\":\"https:\/\/secure.gravatar.com\/avatar\/a04fd330bfe3a36a72a0ad4a6d89fca7?s=96&d=mm&r=pg\",\"caption\":\"bosniak\"},\"url\":\"https:\/\/sandzakpress.net\/arhiva\/author\/bosniak\/\"}]}<\/script>\n<!-- \/ Yoast SEO Premium plugin. -->","yoast_head_json":{"title":"Pismo Erdoganu, predsjedniku Republike Turske...","robots":{"index":"index","follow":"follow","max-snippet":"max-snippet:-1","max-image-preview":"max-image-preview:large","max-video-preview":"max-video-preview:-1"},"canonical":"https:\/\/sandzakpress.net\/arhiva\/pismo-erdoganu-predsjedniku-republike-turske\/","og_locale":"bs_BA","og_type":"article","og_title":"Pismo Erdoganu, predsjedniku Republike Turske...","og_description":"Mimber.ba","og_url":"https:\/\/sandzakpress.net\/arhiva\/pismo-erdoganu-predsjedniku-republike-turske\/","og_site_name":"Sand\u017eak PRESS","article_published_time":"2015-05-07T12:22:15+00:00","og_image":[{"width":600,"height":363,"url":"https:\/\/sandzakpress.net\/arhiva\/wp-content\/uploads\/2014\/08\/erdogan-posjetio-ranjenike-iz-gazze_trt-bosanski-29070.jpg","type":"image\/jpeg"}],"author":"bosniak","twitter_card":"summary_large_image","twitter_misc":{"Written by":"bosniak","Est. reading time":"4 minute"},"schema":{"@context":"https:\/\/schema.org","@graph":[{"@type":"Article","@id":"https:\/\/sandzakpress.net\/arhiva\/pismo-erdoganu-predsjedniku-republike-turske\/#article","isPartOf":{"@id":"https:\/\/sandzakpress.net\/arhiva\/pismo-erdoganu-predsjedniku-republike-turske\/"},"author":{"name":"bosniak","@id":"https:\/\/sandzakpress.net\/arhiva\/#\/schema\/person\/c8baee722073534b583ea7bdb2e36c02"},"headline":"Pismo Erdoganu, predsjedniku Republike Turske&#8230;","datePublished":"2015-05-07T12:22:15+00:00","mainEntityOfPage":{"@id":"https:\/\/sandzakpress.net\/arhiva\/pismo-erdoganu-predsjedniku-republike-turske\/"},"wordCount":752,"commentCount":7,"publisher":{"@id":"https:\/\/sandzakpress.net\/arhiva\/#\/schema\/person\/6e72b67d6e51910a1117b3b483ba20bd"},"image":{"@id":"https:\/\/sandzakpress.net\/arhiva\/pismo-erdoganu-predsjedniku-republike-turske\/#primaryimage"},"thumbnailUrl":"https:\/\/sandzakpress.net\/arhiva\/wp-content\/uploads\/2014\/08\/erdogan-posjetio-ranjenike-iz-gazze_trt-bosanski-29070.jpg","articleSection":["Iz pera na\u0161ih autora","Turska"],"inLanguage":"bs-BA","potentialAction":[{"@type":"CommentAction","name":"Comment","target":["https:\/\/sandzakpress.net\/arhiva\/pismo-erdoganu-predsjedniku-republike-turske\/#respond"]}]},{"@type":"WebPage","@id":"https:\/\/sandzakpress.net\/arhiva\/pismo-erdoganu-predsjedniku-republike-turske\/","url":"https:\/\/sandzakpress.net\/arhiva\/pismo-erdoganu-predsjedniku-republike-turske\/","name":"Pismo Erdoganu, predsjedniku Republike Turske...","isPartOf":{"@id":"https:\/\/sandzakpress.net\/arhiva\/#website"},"primaryImageOfPage":{"@id":"https:\/\/sandzakpress.net\/arhiva\/pismo-erdoganu-predsjedniku-republike-turske\/#primaryimage"},"image":{"@id":"https:\/\/sandzakpress.net\/arhiva\/pismo-erdoganu-predsjedniku-republike-turske\/#primaryimage"},"thumbnailUrl":"https:\/\/sandzakpress.net\/arhiva\/wp-content\/uploads\/2014\/08\/erdogan-posjetio-ranjenike-iz-gazze_trt-bosanski-29070.jpg","datePublished":"2015-05-07T12:22:15+00:00","breadcrumb":{"@id":"https:\/\/sandzakpress.net\/arhiva\/pismo-erdoganu-predsjedniku-republike-turske\/#breadcrumb"},"inLanguage":"bs-BA","potentialAction":[{"@type":"ReadAction","target":["https:\/\/sandzakpress.net\/arhiva\/pismo-erdoganu-predsjedniku-republike-turske\/"]}]},{"@type":"ImageObject","inLanguage":"bs-BA","@id":"https:\/\/sandzakpress.net\/arhiva\/pismo-erdoganu-predsjedniku-republike-turske\/#primaryimage","url":"https:\/\/sandzakpress.net\/arhiva\/wp-content\/uploads\/2014\/08\/erdogan-posjetio-ranjenike-iz-gazze_trt-bosanski-29070.jpg","contentUrl":"https:\/\/sandzakpress.net\/arhiva\/wp-content\/uploads\/2014\/08\/erdogan-posjetio-ranjenike-iz-gazze_trt-bosanski-29070.jpg","width":600,"height":363},{"@type":"BreadcrumbList","@id":"https:\/\/sandzakpress.net\/arhiva\/pismo-erdoganu-predsjedniku-republike-turske\/#breadcrumb","itemListElement":[{"@type":"ListItem","position":1,"name":"Home","item":"https:\/\/sandzakpress.net\/arhiva\/"},{"@type":"ListItem","position":2,"name":"Pismo Erdoganu, predsjedniku Republike Turske&#8230;"}]},{"@type":"WebSite","@id":"https:\/\/sandzakpress.net\/arhiva\/#website","url":"https:\/\/sandzakpress.net\/arhiva\/","name":"Sand\u017eak PRESS","description":"Prve elektronske novine u Sand\u017eaku","publisher":{"@id":"https:\/\/sandzakpress.net\/arhiva\/#\/schema\/person\/6e72b67d6e51910a1117b3b483ba20bd"},"potentialAction":[{"@type":"SearchAction","target":{"@type":"EntryPoint","urlTemplate":"https:\/\/sandzakpress.net\/arhiva\/?s={search_term_string}"},"query-input":{"@type":"PropertyValueSpecification","valueRequired":true,"valueName":"search_term_string"}}],"inLanguage":"bs-BA"},{"@type":["Person","Organization"],"@id":"https:\/\/sandzakpress.net\/arhiva\/#\/schema\/person\/6e72b67d6e51910a1117b3b483ba20bd","name":"Kul","image":{"@type":"ImageObject","inLanguage":"bs-BA","@id":"https:\/\/sandzakpress.net\/arhiva\/#\/schema\/person\/image\/","url":"https:\/\/secure.gravatar.com\/avatar\/42263f39aa27ac04c43cab85c280eb2e?s=96&d=mm&r=pg","contentUrl":"https:\/\/secure.gravatar.com\/avatar\/42263f39aa27ac04c43cab85c280eb2e?s=96&d=mm&r=pg","caption":"Kul"},"logo":{"@id":"https:\/\/sandzakpress.net\/arhiva\/#\/schema\/person\/image\/"}},{"@type":"Person","@id":"https:\/\/sandzakpress.net\/arhiva\/#\/schema\/person\/c8baee722073534b583ea7bdb2e36c02","name":"bosniak","image":{"@type":"ImageObject","inLanguage":"bs-BA","@id":"https:\/\/sandzakpress.net\/arhiva\/#\/schema\/person\/image\/","url":"https:\/\/secure.gravatar.com\/avatar\/a04fd330bfe3a36a72a0ad4a6d89fca7?s=96&d=mm&r=pg","contentUrl":"https:\/\/secure.gravatar.com\/avatar\/a04fd330bfe3a36a72a0ad4a6d89fca7?s=96&d=mm&r=pg","caption":"bosniak"},"url":"https:\/\/sandzakpress.net\/arhiva\/author\/bosniak\/"}]}},"_links":{"self":[{"href":"https:\/\/sandzakpress.net\/arhiva\/wp-json\/wp\/v2\/posts\/127802"}],"collection":[{"href":"https:\/\/sandzakpress.net\/arhiva\/wp-json\/wp\/v2\/posts"}],"about":[{"href":"https:\/\/sandzakpress.net\/arhiva\/wp-json\/wp\/v2\/types\/post"}],"author":[{"embeddable":true,"href":"https:\/\/sandzakpress.net\/arhiva\/wp-json\/wp\/v2\/users\/83"}],"replies":[{"embeddable":true,"href":"https:\/\/sandzakpress.net\/arhiva\/wp-json\/wp\/v2\/comments?post=127802"}],"version-history":[{"count":0,"href":"https:\/\/sandzakpress.net\/arhiva\/wp-json\/wp\/v2\/posts\/127802\/revisions"}],"wp:featuredmedia":[{"embeddable":true,"href":"https:\/\/sandzakpress.net\/arhiva\/wp-json\/wp\/v2\/media\/110864"}],"wp:attachment":[{"href":"https:\/\/sandzakpress.net\/arhiva\/wp-json\/wp\/v2\/media?parent=127802"}],"wp:term":[{"taxonomy":"category","embeddable":true,"href":"https:\/\/sandzakpress.net\/arhiva\/wp-json\/wp\/v2\/categories?post=127802"},{"taxonomy":"post_tag","embeddable":true,"href":"https:\/\/sandzakpress.net\/arhiva\/wp-json\/wp\/v2\/tags?post=127802"}],"curies":[{"name":"wp","href":"https:\/\/api.w.org\/{rel}","templated":true}]}}