{"id":127703,"date":"2015-05-05T14:02:49","date_gmt":"2015-05-05T12:02:49","guid":{"rendered":"https:\/\/sandzakpress.net\/arhiva\/?p=127703"},"modified":"2015-05-05T14:02:49","modified_gmt":"2015-05-05T12:02:49","slug":"rexhepi-za-upad-u-iz-optuzuje-policiju-i-kriminalce","status":"publish","type":"post","link":"https:\/\/sandzakpress.net\/arhiva\/rexhepi-za-upad-u-iz-optuzuje-policiju-i-kriminalce\/","title":{"rendered":"Rexhepi za upad u IZ optu\u017euje policiju i kriminalce"},"content":{"rendered":"<p><img decoding=\"async\" src=\"http:\/\/balkans.aljazeera.net\/sites\/staff.balkans.aljazeera.com\/files\/styles\/aljazeera_article_main_image\/public\/print_reis_m.jpg?itok=AAYm9gqR\" alt=\"\" \/><\/p>\n<p><strong>Makedonija &#8211; Poglavar Islamske vjerske zajednice u Makedoniji reis Sulejman Rexhepi rekao je da su osobe koje su u ponedjeljak u\u0161le u sjedi\u0161te IVZ-a kriminalci koji su za to imali podr\u0161ku policije.<\/strong><\/p>\n<p>Reaguju\u0107i na upad vi\u0161e od 50 ljudi, zajedno sa razrije\u0161enim skopskim muftijom Ibrahimom Shabanijem, Rexhepi je za portal <em>novatv.mk<\/em>\u00a0naveo da se pla\u0161i da \u0107e neko zloupotrijebiti ionako krhku op\u0161tu situaciju u Makedoniji &#8220;kao d\u017eoker&#8221; i dodatno je pogor\u0161ati, tako \u0161to \u0107e izazvati me\u0111uetni\u010dku napetost kod jo\u0161 jedne etni\u010dke zajednice.<\/p>\n<p>Dodao je i da je grupa koja je ju\u010der upala u zgradu IVZ-a u Skoplju imala podr\u0161ku policije, koja je, prema njegovim informacijama, od Javnog tu\u017eila\u0161tva dobila zadatak da ne reaguje.<\/p>\n<p>U ponedjeljak su pristalice nedavno razrije\u0161enog skopskog muftije upale u sjedi\u0161te IVZ-a u Skoplju, pri \u010demu je jedna osoba lak\u0161e povrije\u0111ena.<\/p>\n<p>Smijenili su reisa Rexhepija, preuzeli pe\u010dat i uspostavili Privremeno vije\u0107e kojim \u0107e upravljati muftija Shabani do izbora novog vrhovnog poglavara.<\/p>\n<p>\u201cOd danas Islamskom zajednicom rukovodi tim na \u010dijem \u0107u \u010delu biti ja\u201d, kazao je Shabani i dodao da \u0107e se posebno pozabaviti pregledom finansija IVZ-a i objaviti javnosti izvje\u0161taj o tome.<\/p>\n<p><strong>Pozadina sukoba<\/strong><\/p>\n<p>Rexhepi je u srijedu ponovo izabran za predsjednika IVZ-a na sjednici koja je odr\u017eana u Kondovu, a nakon \u010dega je razrije\u0161io skopskog muftiju i generalnog sekretara IVZ-a Afrima Tahirija.<\/p>\n<p>Izme\u0111u Rexhepija i Shabanija do\u0161lo je do incidenta na pro\u0161losedmi\u010dnoj manifestaciji povodom takmi\u010denja u\u010da\u010da Kur'ana u Skoplju, kada je Rexhepi navodno verbalno vrije\u0111ao sekretara Afrima Tahirija, muftiju Shabanija i organizatore manifestacije, pi\u0161e Anadolija.<\/p>\n<p>Makedonski mediji su pisali da je nakon toga do\u0161lo i do fizi\u010dkog napada na parkingu, ali Shabani je negirao tu informaciju.<\/p>\n<p>Muftijstvo u Skoplju je tri dana kasnije, 29. aprila, odr\u017ealo vanrednu sjednicu i od predsjednika IVZ-a Rexhepija zatra\u017eilo izvinjenje u roku od 48 sati.<\/p>\n<p>Rexhepi je odgovorio smjenom generalnog sekretara IZ-a Tahirija, muftije Shabanija i sekretara Muftijstva u Skoplju Skendera Buzakua.<\/p>\n<p>Izvor: Agencije<\/p>\n","protected":false},"excerpt":{"rendered":"<p>Makedonija &#8211; Poglavar Islamske vjerske zajednice u Makedoniji reis Sulejman Rexhepi rekao je da su osobe koje su u ponedjeljak u\u0161le u sjedi\u0161te IVZ-a kriminalci koji su za to imali podr\u0161ku policije. Reaguju\u0107i na upad vi\u0161e od 50 ljudi, zajedno sa razrije\u0161enim skopskim muftijom Ibrahimom Shabanijem, Rexhepi je za portal novatv.mk\u00a0naveo da se pla\u0161i da [&hellip;]<\/p>\n","protected":false},"author":83,"featured_media":127704,"comment_status":"open","ping_status":"open","sticky":false,"template":"","format":"standard","meta":{"footnotes":""},"categories":[802,2691],"tags":[],"class_list":{"0":"post-127703","1":"post","2":"type-post","3":"status-publish","4":"format-standard","5":"has-post-thumbnail","7":"category-islamska_zajednica","8":"category-makedonija"},"yoast_head":"<!-- This site is optimized with the Yoast SEO Premium plugin v23.1 (Yoast SEO v24.9) - https:\/\/yoast.com\/wordpress\/plugins\/seo\/ -->\n<title>Rexhepi za upad u IZ optu\u017euje policiju i kriminalce<\/title>\n<meta name=\"robots\" content=\"index, follow, max-snippet:-1, max-image-preview:large, max-video-preview:-1\" \/>\n<link rel=\"canonical\" href=\"https:\/\/sandzakpress.net\/arhiva\/rexhepi-za-upad-u-iz-optuzuje-policiju-i-kriminalce\/\" \/>\n<meta property=\"og:locale\" content=\"bs_BA\" \/>\n<meta property=\"og:type\" content=\"article\" \/>\n<meta property=\"og:title\" content=\"Rexhepi za upad u IZ optu\u017euje policiju i kriminalce\" \/>\n<meta property=\"og:description\" content=\"Makedonija &#8211; Poglavar Islamske vjerske zajednice u Makedoniji reis Sulejman Rexhepi rekao je da su osobe koje su u ponedjeljak u\u0161le u sjedi\u0161te IVZ-a kriminalci koji su za to imali podr\u0161ku policije. Reaguju\u0107i na upad vi\u0161e od 50 ljudi, zajedno sa razrije\u0161enim skopskim muftijom Ibrahimom Shabanijem, Rexhepi je za portal novatv.mk\u00a0naveo da se pla\u0161i da [&hellip;]\" \/>\n<meta property=\"og:url\" content=\"https:\/\/sandzakpress.net\/arhiva\/rexhepi-za-upad-u-iz-optuzuje-policiju-i-kriminalce\/\" \/>\n<meta property=\"og:site_name\" content=\"Sand\u017eak PRESS\" \/>\n<meta property=\"article:published_time\" content=\"2015-05-05T12:02:49+00:00\" \/>\n<meta property=\"og:image\" content=\"https:\/\/sandzakpress.net\/arhiva\/wp-content\/uploads\/2015\/05\/print_reis_m.jpg\" \/>\n\t<meta property=\"og:image:width\" content=\"447\" \/>\n\t<meta property=\"og:image:height\" content=\"298\" \/>\n\t<meta property=\"og:image:type\" content=\"image\/jpeg\" \/>\n<meta name=\"author\" content=\"bosniak\" \/>\n<meta name=\"twitter:card\" content=\"summary_large_image\" \/>\n<meta name=\"twitter:label1\" content=\"Written by\" \/>\n\t<meta name=\"twitter:data1\" content=\"bosniak\" \/>\n\t<meta name=\"twitter:label2\" content=\"Est. reading time\" \/>\n\t<meta name=\"twitter:data2\" content=\"2 minute\" \/>\n<script type=\"application\/ld+json\" class=\"yoast-schema-graph\">{\"@context\":\"https:\/\/schema.org\",\"@graph\":[{\"@type\":\"Article\",\"@id\":\"https:\/\/sandzakpress.net\/arhiva\/rexhepi-za-upad-u-iz-optuzuje-policiju-i-kriminalce\/#article\",\"isPartOf\":{\"@id\":\"https:\/\/sandzakpress.net\/arhiva\/rexhepi-za-upad-u-iz-optuzuje-policiju-i-kriminalce\/\"},\"author\":{\"name\":\"bosniak\",\"@id\":\"https:\/\/sandzakpress.net\/arhiva\/#\/schema\/person\/c8baee722073534b583ea7bdb2e36c02\"},\"headline\":\"Rexhepi za upad u IZ optu\u017euje policiju i kriminalce\",\"datePublished\":\"2015-05-05T12:02:49+00:00\",\"mainEntityOfPage\":{\"@id\":\"https:\/\/sandzakpress.net\/arhiva\/rexhepi-za-upad-u-iz-optuzuje-policiju-i-kriminalce\/\"},\"wordCount\":361,\"commentCount\":5,\"publisher\":{\"@id\":\"https:\/\/sandzakpress.net\/arhiva\/#\/schema\/person\/6e72b67d6e51910a1117b3b483ba20bd\"},\"image\":{\"@id\":\"https:\/\/sandzakpress.net\/arhiva\/rexhepi-za-upad-u-iz-optuzuje-policiju-i-kriminalce\/#primaryimage\"},\"thumbnailUrl\":\"https:\/\/sandzakpress.net\/arhiva\/wp-content\/uploads\/2015\/05\/print_reis_m.jpg\",\"articleSection\":[\"Islamska zajednica\",\"Makedonija\"],\"inLanguage\":\"bs-BA\",\"potentialAction\":[{\"@type\":\"CommentAction\",\"name\":\"Comment\",\"target\":[\"https:\/\/sandzakpress.net\/arhiva\/rexhepi-za-upad-u-iz-optuzuje-policiju-i-kriminalce\/#respond\"]}]},{\"@type\":\"WebPage\",\"@id\":\"https:\/\/sandzakpress.net\/arhiva\/rexhepi-za-upad-u-iz-optuzuje-policiju-i-kriminalce\/\",\"url\":\"https:\/\/sandzakpress.net\/arhiva\/rexhepi-za-upad-u-iz-optuzuje-policiju-i-kriminalce\/\",\"name\":\"Rexhepi za upad u IZ optu\u017euje policiju i kriminalce\",\"isPartOf\":{\"@id\":\"https:\/\/sandzakpress.net\/arhiva\/#website\"},\"primaryImageOfPage\":{\"@id\":\"https:\/\/sandzakpress.net\/arhiva\/rexhepi-za-upad-u-iz-optuzuje-policiju-i-kriminalce\/#primaryimage\"},\"image\":{\"@id\":\"https:\/\/sandzakpress.net\/arhiva\/rexhepi-za-upad-u-iz-optuzuje-policiju-i-kriminalce\/#primaryimage\"},\"thumbnailUrl\":\"https:\/\/sandzakpress.net\/arhiva\/wp-content\/uploads\/2015\/05\/print_reis_m.jpg\",\"datePublished\":\"2015-05-05T12:02:49+00:00\",\"breadcrumb\":{\"@id\":\"https:\/\/sandzakpress.net\/arhiva\/rexhepi-za-upad-u-iz-optuzuje-policiju-i-kriminalce\/#breadcrumb\"},\"inLanguage\":\"bs-BA\",\"potentialAction\":[{\"@type\":\"ReadAction\",\"target\":[\"https:\/\/sandzakpress.net\/arhiva\/rexhepi-za-upad-u-iz-optuzuje-policiju-i-kriminalce\/\"]}]},{\"@type\":\"ImageObject\",\"inLanguage\":\"bs-BA\",\"@id\":\"https:\/\/sandzakpress.net\/arhiva\/rexhepi-za-upad-u-iz-optuzuje-policiju-i-kriminalce\/#primaryimage\",\"url\":\"https:\/\/sandzakpress.net\/arhiva\/wp-content\/uploads\/2015\/05\/print_reis_m.jpg\",\"contentUrl\":\"https:\/\/sandzakpress.net\/arhiva\/wp-content\/uploads\/2015\/05\/print_reis_m.jpg\",\"width\":447,\"height\":298},{\"@type\":\"BreadcrumbList\",\"@id\":\"https:\/\/sandzakpress.net\/arhiva\/rexhepi-za-upad-u-iz-optuzuje-policiju-i-kriminalce\/#breadcrumb\",\"itemListElement\":[{\"@type\":\"ListItem\",\"position\":1,\"name\":\"Home\",\"item\":\"https:\/\/sandzakpress.net\/arhiva\/\"},{\"@type\":\"ListItem\",\"position\":2,\"name\":\"Rexhepi za upad u IZ optu\u017euje policiju i kriminalce\"}]},{\"@type\":\"WebSite\",\"@id\":\"https:\/\/sandzakpress.net\/arhiva\/#website\",\"url\":\"https:\/\/sandzakpress.net\/arhiva\/\",\"name\":\"Sand\u017eak PRESS\",\"description\":\"Prve elektronske novine u Sand\u017eaku\",\"publisher\":{\"@id\":\"https:\/\/sandzakpress.net\/arhiva\/#\/schema\/person\/6e72b67d6e51910a1117b3b483ba20bd\"},\"potentialAction\":[{\"@type\":\"SearchAction\",\"target\":{\"@type\":\"EntryPoint\",\"urlTemplate\":\"https:\/\/sandzakpress.net\/arhiva\/?s={search_term_string}\"},\"query-input\":{\"@type\":\"PropertyValueSpecification\",\"valueRequired\":true,\"valueName\":\"search_term_string\"}}],\"inLanguage\":\"bs-BA\"},{\"@type\":[\"Person\",\"Organization\"],\"@id\":\"https:\/\/sandzakpress.net\/arhiva\/#\/schema\/person\/6e72b67d6e51910a1117b3b483ba20bd\",\"name\":\"Kul\",\"image\":{\"@type\":\"ImageObject\",\"inLanguage\":\"bs-BA\",\"@id\":\"https:\/\/sandzakpress.net\/arhiva\/#\/schema\/person\/image\/\",\"url\":\"https:\/\/secure.gravatar.com\/avatar\/42263f39aa27ac04c43cab85c280eb2e?s=96&d=mm&r=pg\",\"contentUrl\":\"https:\/\/secure.gravatar.com\/avatar\/42263f39aa27ac04c43cab85c280eb2e?s=96&d=mm&r=pg\",\"caption\":\"Kul\"},\"logo\":{\"@id\":\"https:\/\/sandzakpress.net\/arhiva\/#\/schema\/person\/image\/\"}},{\"@type\":\"Person\",\"@id\":\"https:\/\/sandzakpress.net\/arhiva\/#\/schema\/person\/c8baee722073534b583ea7bdb2e36c02\",\"name\":\"bosniak\",\"image\":{\"@type\":\"ImageObject\",\"inLanguage\":\"bs-BA\",\"@id\":\"https:\/\/sandzakpress.net\/arhiva\/#\/schema\/person\/image\/\",\"url\":\"https:\/\/secure.gravatar.com\/avatar\/a04fd330bfe3a36a72a0ad4a6d89fca7?s=96&d=mm&r=pg\",\"contentUrl\":\"https:\/\/secure.gravatar.com\/avatar\/a04fd330bfe3a36a72a0ad4a6d89fca7?s=96&d=mm&r=pg\",\"caption\":\"bosniak\"},\"url\":\"https:\/\/sandzakpress.net\/arhiva\/author\/bosniak\/\"}]}<\/script>\n<!-- \/ Yoast SEO Premium plugin. -->","yoast_head_json":{"title":"Rexhepi za upad u IZ optu\u017euje policiju i kriminalce","robots":{"index":"index","follow":"follow","max-snippet":"max-snippet:-1","max-image-preview":"max-image-preview:large","max-video-preview":"max-video-preview:-1"},"canonical":"https:\/\/sandzakpress.net\/arhiva\/rexhepi-za-upad-u-iz-optuzuje-policiju-i-kriminalce\/","og_locale":"bs_BA","og_type":"article","og_title":"Rexhepi za upad u IZ optu\u017euje policiju i kriminalce","og_description":"Makedonija &#8211; Poglavar Islamske vjerske zajednice u Makedoniji reis Sulejman Rexhepi rekao je da su osobe koje su u ponedjeljak u\u0161le u sjedi\u0161te IVZ-a kriminalci koji su za to imali podr\u0161ku policije. Reaguju\u0107i na upad vi\u0161e od 50 ljudi, zajedno sa razrije\u0161enim skopskim muftijom Ibrahimom Shabanijem, Rexhepi je za portal novatv.mk\u00a0naveo da se pla\u0161i da [&hellip;]","og_url":"https:\/\/sandzakpress.net\/arhiva\/rexhepi-za-upad-u-iz-optuzuje-policiju-i-kriminalce\/","og_site_name":"Sand\u017eak PRESS","article_published_time":"2015-05-05T12:02:49+00:00","og_image":[{"width":447,"height":298,"url":"https:\/\/sandzakpress.net\/arhiva\/wp-content\/uploads\/2015\/05\/print_reis_m.jpg","type":"image\/jpeg"}],"author":"bosniak","twitter_card":"summary_large_image","twitter_misc":{"Written by":"bosniak","Est. reading time":"2 minute"},"schema":{"@context":"https:\/\/schema.org","@graph":[{"@type":"Article","@id":"https:\/\/sandzakpress.net\/arhiva\/rexhepi-za-upad-u-iz-optuzuje-policiju-i-kriminalce\/#article","isPartOf":{"@id":"https:\/\/sandzakpress.net\/arhiva\/rexhepi-za-upad-u-iz-optuzuje-policiju-i-kriminalce\/"},"author":{"name":"bosniak","@id":"https:\/\/sandzakpress.net\/arhiva\/#\/schema\/person\/c8baee722073534b583ea7bdb2e36c02"},"headline":"Rexhepi za upad u IZ optu\u017euje policiju i kriminalce","datePublished":"2015-05-05T12:02:49+00:00","mainEntityOfPage":{"@id":"https:\/\/sandzakpress.net\/arhiva\/rexhepi-za-upad-u-iz-optuzuje-policiju-i-kriminalce\/"},"wordCount":361,"commentCount":5,"publisher":{"@id":"https:\/\/sandzakpress.net\/arhiva\/#\/schema\/person\/6e72b67d6e51910a1117b3b483ba20bd"},"image":{"@id":"https:\/\/sandzakpress.net\/arhiva\/rexhepi-za-upad-u-iz-optuzuje-policiju-i-kriminalce\/#primaryimage"},"thumbnailUrl":"https:\/\/sandzakpress.net\/arhiva\/wp-content\/uploads\/2015\/05\/print_reis_m.jpg","articleSection":["Islamska zajednica","Makedonija"],"inLanguage":"bs-BA","potentialAction":[{"@type":"CommentAction","name":"Comment","target":["https:\/\/sandzakpress.net\/arhiva\/rexhepi-za-upad-u-iz-optuzuje-policiju-i-kriminalce\/#respond"]}]},{"@type":"WebPage","@id":"https:\/\/sandzakpress.net\/arhiva\/rexhepi-za-upad-u-iz-optuzuje-policiju-i-kriminalce\/","url":"https:\/\/sandzakpress.net\/arhiva\/rexhepi-za-upad-u-iz-optuzuje-policiju-i-kriminalce\/","name":"Rexhepi za upad u IZ optu\u017euje policiju i kriminalce","isPartOf":{"@id":"https:\/\/sandzakpress.net\/arhiva\/#website"},"primaryImageOfPage":{"@id":"https:\/\/sandzakpress.net\/arhiva\/rexhepi-za-upad-u-iz-optuzuje-policiju-i-kriminalce\/#primaryimage"},"image":{"@id":"https:\/\/sandzakpress.net\/arhiva\/rexhepi-za-upad-u-iz-optuzuje-policiju-i-kriminalce\/#primaryimage"},"thumbnailUrl":"https:\/\/sandzakpress.net\/arhiva\/wp-content\/uploads\/2015\/05\/print_reis_m.jpg","datePublished":"2015-05-05T12:02:49+00:00","breadcrumb":{"@id":"https:\/\/sandzakpress.net\/arhiva\/rexhepi-za-upad-u-iz-optuzuje-policiju-i-kriminalce\/#breadcrumb"},"inLanguage":"bs-BA","potentialAction":[{"@type":"ReadAction","target":["https:\/\/sandzakpress.net\/arhiva\/rexhepi-za-upad-u-iz-optuzuje-policiju-i-kriminalce\/"]}]},{"@type":"ImageObject","inLanguage":"bs-BA","@id":"https:\/\/sandzakpress.net\/arhiva\/rexhepi-za-upad-u-iz-optuzuje-policiju-i-kriminalce\/#primaryimage","url":"https:\/\/sandzakpress.net\/arhiva\/wp-content\/uploads\/2015\/05\/print_reis_m.jpg","contentUrl":"https:\/\/sandzakpress.net\/arhiva\/wp-content\/uploads\/2015\/05\/print_reis_m.jpg","width":447,"height":298},{"@type":"BreadcrumbList","@id":"https:\/\/sandzakpress.net\/arhiva\/rexhepi-za-upad-u-iz-optuzuje-policiju-i-kriminalce\/#breadcrumb","itemListElement":[{"@type":"ListItem","position":1,"name":"Home","item":"https:\/\/sandzakpress.net\/arhiva\/"},{"@type":"ListItem","position":2,"name":"Rexhepi za upad u IZ optu\u017euje policiju i kriminalce"}]},{"@type":"WebSite","@id":"https:\/\/sandzakpress.net\/arhiva\/#website","url":"https:\/\/sandzakpress.net\/arhiva\/","name":"Sand\u017eak PRESS","description":"Prve elektronske novine u Sand\u017eaku","publisher":{"@id":"https:\/\/sandzakpress.net\/arhiva\/#\/schema\/person\/6e72b67d6e51910a1117b3b483ba20bd"},"potentialAction":[{"@type":"SearchAction","target":{"@type":"EntryPoint","urlTemplate":"https:\/\/sandzakpress.net\/arhiva\/?s={search_term_string}"},"query-input":{"@type":"PropertyValueSpecification","valueRequired":true,"valueName":"search_term_string"}}],"inLanguage":"bs-BA"},{"@type":["Person","Organization"],"@id":"https:\/\/sandzakpress.net\/arhiva\/#\/schema\/person\/6e72b67d6e51910a1117b3b483ba20bd","name":"Kul","image":{"@type":"ImageObject","inLanguage":"bs-BA","@id":"https:\/\/sandzakpress.net\/arhiva\/#\/schema\/person\/image\/","url":"https:\/\/secure.gravatar.com\/avatar\/42263f39aa27ac04c43cab85c280eb2e?s=96&d=mm&r=pg","contentUrl":"https:\/\/secure.gravatar.com\/avatar\/42263f39aa27ac04c43cab85c280eb2e?s=96&d=mm&r=pg","caption":"Kul"},"logo":{"@id":"https:\/\/sandzakpress.net\/arhiva\/#\/schema\/person\/image\/"}},{"@type":"Person","@id":"https:\/\/sandzakpress.net\/arhiva\/#\/schema\/person\/c8baee722073534b583ea7bdb2e36c02","name":"bosniak","image":{"@type":"ImageObject","inLanguage":"bs-BA","@id":"https:\/\/sandzakpress.net\/arhiva\/#\/schema\/person\/image\/","url":"https:\/\/secure.gravatar.com\/avatar\/a04fd330bfe3a36a72a0ad4a6d89fca7?s=96&d=mm&r=pg","contentUrl":"https:\/\/secure.gravatar.com\/avatar\/a04fd330bfe3a36a72a0ad4a6d89fca7?s=96&d=mm&r=pg","caption":"bosniak"},"url":"https:\/\/sandzakpress.net\/arhiva\/author\/bosniak\/"}]}},"_links":{"self":[{"href":"https:\/\/sandzakpress.net\/arhiva\/wp-json\/wp\/v2\/posts\/127703"}],"collection":[{"href":"https:\/\/sandzakpress.net\/arhiva\/wp-json\/wp\/v2\/posts"}],"about":[{"href":"https:\/\/sandzakpress.net\/arhiva\/wp-json\/wp\/v2\/types\/post"}],"author":[{"embeddable":true,"href":"https:\/\/sandzakpress.net\/arhiva\/wp-json\/wp\/v2\/users\/83"}],"replies":[{"embeddable":true,"href":"https:\/\/sandzakpress.net\/arhiva\/wp-json\/wp\/v2\/comments?post=127703"}],"version-history":[{"count":0,"href":"https:\/\/sandzakpress.net\/arhiva\/wp-json\/wp\/v2\/posts\/127703\/revisions"}],"wp:featuredmedia":[{"embeddable":true,"href":"https:\/\/sandzakpress.net\/arhiva\/wp-json\/wp\/v2\/media\/127704"}],"wp:attachment":[{"href":"https:\/\/sandzakpress.net\/arhiva\/wp-json\/wp\/v2\/media?parent=127703"}],"wp:term":[{"taxonomy":"category","embeddable":true,"href":"https:\/\/sandzakpress.net\/arhiva\/wp-json\/wp\/v2\/categories?post=127703"},{"taxonomy":"post_tag","embeddable":true,"href":"https:\/\/sandzakpress.net\/arhiva\/wp-json\/wp\/v2\/tags?post=127703"}],"curies":[{"name":"wp","href":"https:\/\/api.w.org\/{rel}","templated":true}]}}