{"id":127679,"date":"2015-05-04T21:59:16","date_gmt":"2015-05-04T19:59:16","guid":{"rendered":"https:\/\/sandzakpress.net\/arhiva\/?p=127679"},"modified":"2015-05-04T22:12:15","modified_gmt":"2015-05-04T20:12:15","slug":"odrzana-skupstina-zajednice-sandzacke-dijaspore","status":"publish","type":"post","link":"https:\/\/sandzakpress.net\/arhiva\/odrzana-skupstina-zajednice-sandzacke-dijaspore\/","title":{"rendered":"Odr\u017eana skup\u0161tina Zajednice sand\u017ea\u010dke dijaspore"},"content":{"rendered":"<p><strong><a href=\"https:\/\/sandzakpress.net\/arhiva\/wp-content\/uploads\/2015\/05\/ZSD.jpg\"><img loading=\"lazy\" decoding=\"async\" class=\" size-full wp-image-127680 aligncenter\" src=\"https:\/\/sandzakpress.net\/arhiva\/wp-content\/uploads\/2015\/05\/ZSD.jpg\" alt=\"ZSD\" width=\"600\" height=\"260\" \/><\/a>Njema\u010dka- U petak\u00a001.05.2015 odr\u017eana je skup\u0161tina Zajednice sand\u017ea\u010dke dijaspore na kojoj je izabran upravni odbor ZSD za naredni period.<\/strong><\/p>\n<p>Skup\u0161tinu je otvorio generalni sekretar ZSD Muzafer Had\u017eic, nakon \u010dega je predsjednik\u00a0Mithat ef. Mujevi\u0107 podnio izvje\u0161taj o radu ZSD-a za zadnje 4 godine.<\/p>\n<p>Skup\u0161tini je pristustvovao i Muftija Sand\u017ea\u010dki Muamer ef. Zukorli\u0107 koji se obratio skupu i istakao da 11. godina postojanja ZSD-a \u00a0nije mala stvar s obzirom na to koliko je lahko organizirati neko udru\u017eenje na zapadu ali je mnogo te\u0161ko odr\u017eati ta udru\u017eenja.<\/p>\n<p>Takodjer, da u glavnom odboru treba izabrati i ljude koji \u0107e mo\u0107i da ponesu odgovornost u\u010destvovanja i obavljanja du\u017enosti u ZSD-u.<\/p>\n<p>Upravni odbor Zajednice Sand\u017ea\u010dke Dijaspore \u010dine:<\/p>\n<p>Predsjednik ZSD Mithat Mujovic<\/p>\n<p>Muzafer Hadzic (Njema\u010dka) generalni sekretar<\/p>\n<p>Ferhan Sejdovic (Njema\u010dka) blagajnik<\/p>\n<p>Mithat Muslic (Njema\u010dka)<\/p>\n<p>Sefadil Licina (Francuska)<\/p>\n<p>Senad Sejdovic (\u0160vicarska)<\/p>\n<p>Elvir Bajraktarevic (\u0160vedska)<\/p>\n<p>Ramiz Radonjica (Danska)<\/p>\n<p>Enes Nuhovic (Holandija)<\/p>\n<p>Halil Luinovic (Austrija)<\/p>\n<p>(SANA)<\/p>\n","protected":false},"excerpt":{"rendered":"<p>Njema\u010dka- U petak\u00a001.05.2015 odr\u017eana je skup\u0161tina Zajednice sand\u017ea\u010dke dijaspore na kojoj je izabran upravni odbor ZSD za naredni period. Skup\u0161tinu je otvorio generalni sekretar ZSD Muzafer Had\u017eic, nakon \u010dega je predsjednik\u00a0Mithat ef. Mujevi\u0107 podnio izvje\u0161taj o radu ZSD-a za zadnje 4 godine. Skup\u0161tini je pristustvovao i Muftija Sand\u017ea\u010dki Muamer ef. Zukorli\u0107 koji se obratio skupu [&hellip;]<\/p>\n","protected":false},"author":83,"featured_media":127680,"comment_status":"open","ping_status":"open","sticky":false,"template":"","format":"standard","meta":{"footnotes":""},"categories":[800,9538,8957,798,16],"tags":[],"class_list":{"0":"post-127679","1":"post","2":"type-post","3":"status-publish","4":"format-standard","5":"has-post-thumbnail","7":"category-nacija","8":"category-njemacka-dijaspora-gradovi-vase-vijesti","9":"category-vijesti-dana","10":"category-teme","11":"category-novine"},"yoast_head":"<!-- This site is optimized with the Yoast SEO Premium plugin v23.1 (Yoast SEO v24.9) - https:\/\/yoast.com\/wordpress\/plugins\/seo\/ -->\n<title>Odr\u017eana skup\u0161tina Zajednice sand\u017ea\u010dke dijaspore<\/title>\n<meta name=\"robots\" content=\"index, follow, max-snippet:-1, max-image-preview:large, max-video-preview:-1\" \/>\n<link rel=\"canonical\" href=\"https:\/\/sandzakpress.net\/arhiva\/odrzana-skupstina-zajednice-sandzacke-dijaspore\/\" \/>\n<meta property=\"og:locale\" content=\"bs_BA\" \/>\n<meta property=\"og:type\" content=\"article\" \/>\n<meta property=\"og:title\" content=\"Odr\u017eana skup\u0161tina Zajednice sand\u017ea\u010dke dijaspore\" \/>\n<meta property=\"og:description\" content=\"Njema\u010dka- U petak\u00a001.05.2015 odr\u017eana je skup\u0161tina Zajednice sand\u017ea\u010dke dijaspore na kojoj je izabran upravni odbor ZSD za naredni period. Skup\u0161tinu je otvorio generalni sekretar ZSD Muzafer Had\u017eic, nakon \u010dega je predsjednik\u00a0Mithat ef. Mujevi\u0107 podnio izvje\u0161taj o radu ZSD-a za zadnje 4 godine. Skup\u0161tini je pristustvovao i Muftija Sand\u017ea\u010dki Muamer ef. Zukorli\u0107 koji se obratio skupu [&hellip;]\" \/>\n<meta property=\"og:url\" content=\"https:\/\/sandzakpress.net\/arhiva\/odrzana-skupstina-zajednice-sandzacke-dijaspore\/\" \/>\n<meta property=\"og:site_name\" content=\"Sand\u017eak PRESS\" \/>\n<meta property=\"article:published_time\" content=\"2015-05-04T19:59:16+00:00\" \/>\n<meta property=\"article:modified_time\" content=\"2015-05-04T20:12:15+00:00\" \/>\n<meta property=\"og:image\" content=\"https:\/\/sandzakpress.net\/arhiva\/wp-content\/uploads\/2015\/05\/ZSD.jpg\" \/>\n\t<meta property=\"og:image:width\" content=\"600\" \/>\n\t<meta property=\"og:image:height\" content=\"260\" \/>\n\t<meta property=\"og:image:type\" content=\"image\/jpeg\" \/>\n<meta name=\"author\" content=\"bosniak\" \/>\n<meta name=\"twitter:card\" content=\"summary_large_image\" \/>\n<meta name=\"twitter:label1\" content=\"Written by\" \/>\n\t<meta name=\"twitter:data1\" content=\"bosniak\" \/>\n\t<meta name=\"twitter:label2\" content=\"Est. reading time\" \/>\n\t<meta name=\"twitter:data2\" content=\"1 minuta\" \/>\n<script type=\"application\/ld+json\" class=\"yoast-schema-graph\">{\"@context\":\"https:\/\/schema.org\",\"@graph\":[{\"@type\":\"Article\",\"@id\":\"https:\/\/sandzakpress.net\/arhiva\/odrzana-skupstina-zajednice-sandzacke-dijaspore\/#article\",\"isPartOf\":{\"@id\":\"https:\/\/sandzakpress.net\/arhiva\/odrzana-skupstina-zajednice-sandzacke-dijaspore\/\"},\"author\":{\"name\":\"bosniak\",\"@id\":\"https:\/\/sandzakpress.net\/arhiva\/#\/schema\/person\/c8baee722073534b583ea7bdb2e36c02\"},\"headline\":\"Odr\u017eana skup\u0161tina Zajednice sand\u017ea\u010dke dijaspore\",\"datePublished\":\"2015-05-04T19:59:16+00:00\",\"dateModified\":\"2015-05-04T20:12:15+00:00\",\"mainEntityOfPage\":{\"@id\":\"https:\/\/sandzakpress.net\/arhiva\/odrzana-skupstina-zajednice-sandzacke-dijaspore\/\"},\"wordCount\":177,\"commentCount\":2,\"publisher\":{\"@id\":\"https:\/\/sandzakpress.net\/arhiva\/#\/schema\/person\/6e72b67d6e51910a1117b3b483ba20bd\"},\"image\":{\"@id\":\"https:\/\/sandzakpress.net\/arhiva\/odrzana-skupstina-zajednice-sandzacke-dijaspore\/#primaryimage\"},\"thumbnailUrl\":\"https:\/\/sandzakpress.net\/arhiva\/wp-content\/uploads\/2015\/05\/ZSD.jpg\",\"articleSection\":[\"Nacija\",\"Njema\u010dka\",\"VIJESTI DANA\",\"NAJNOVIJE\",\"Novine\"],\"inLanguage\":\"bs-BA\",\"potentialAction\":[{\"@type\":\"CommentAction\",\"name\":\"Comment\",\"target\":[\"https:\/\/sandzakpress.net\/arhiva\/odrzana-skupstina-zajednice-sandzacke-dijaspore\/#respond\"]}]},{\"@type\":\"WebPage\",\"@id\":\"https:\/\/sandzakpress.net\/arhiva\/odrzana-skupstina-zajednice-sandzacke-dijaspore\/\",\"url\":\"https:\/\/sandzakpress.net\/arhiva\/odrzana-skupstina-zajednice-sandzacke-dijaspore\/\",\"name\":\"Odr\u017eana skup\u0161tina Zajednice sand\u017ea\u010dke dijaspore\",\"isPartOf\":{\"@id\":\"https:\/\/sandzakpress.net\/arhiva\/#website\"},\"primaryImageOfPage\":{\"@id\":\"https:\/\/sandzakpress.net\/arhiva\/odrzana-skupstina-zajednice-sandzacke-dijaspore\/#primaryimage\"},\"image\":{\"@id\":\"https:\/\/sandzakpress.net\/arhiva\/odrzana-skupstina-zajednice-sandzacke-dijaspore\/#primaryimage\"},\"thumbnailUrl\":\"https:\/\/sandzakpress.net\/arhiva\/wp-content\/uploads\/2015\/05\/ZSD.jpg\",\"datePublished\":\"2015-05-04T19:59:16+00:00\",\"dateModified\":\"2015-05-04T20:12:15+00:00\",\"breadcrumb\":{\"@id\":\"https:\/\/sandzakpress.net\/arhiva\/odrzana-skupstina-zajednice-sandzacke-dijaspore\/#breadcrumb\"},\"inLanguage\":\"bs-BA\",\"potentialAction\":[{\"@type\":\"ReadAction\",\"target\":[\"https:\/\/sandzakpress.net\/arhiva\/odrzana-skupstina-zajednice-sandzacke-dijaspore\/\"]}]},{\"@type\":\"ImageObject\",\"inLanguage\":\"bs-BA\",\"@id\":\"https:\/\/sandzakpress.net\/arhiva\/odrzana-skupstina-zajednice-sandzacke-dijaspore\/#primaryimage\",\"url\":\"https:\/\/sandzakpress.net\/arhiva\/wp-content\/uploads\/2015\/05\/ZSD.jpg\",\"contentUrl\":\"https:\/\/sandzakpress.net\/arhiva\/wp-content\/uploads\/2015\/05\/ZSD.jpg\",\"width\":600,\"height\":260},{\"@type\":\"BreadcrumbList\",\"@id\":\"https:\/\/sandzakpress.net\/arhiva\/odrzana-skupstina-zajednice-sandzacke-dijaspore\/#breadcrumb\",\"itemListElement\":[{\"@type\":\"ListItem\",\"position\":1,\"name\":\"Home\",\"item\":\"https:\/\/sandzakpress.net\/arhiva\/\"},{\"@type\":\"ListItem\",\"position\":2,\"name\":\"Odr\u017eana skup\u0161tina Zajednice sand\u017ea\u010dke dijaspore\"}]},{\"@type\":\"WebSite\",\"@id\":\"https:\/\/sandzakpress.net\/arhiva\/#website\",\"url\":\"https:\/\/sandzakpress.net\/arhiva\/\",\"name\":\"Sand\u017eak PRESS\",\"description\":\"Prve elektronske novine u Sand\u017eaku\",\"publisher\":{\"@id\":\"https:\/\/sandzakpress.net\/arhiva\/#\/schema\/person\/6e72b67d6e51910a1117b3b483ba20bd\"},\"potentialAction\":[{\"@type\":\"SearchAction\",\"target\":{\"@type\":\"EntryPoint\",\"urlTemplate\":\"https:\/\/sandzakpress.net\/arhiva\/?s={search_term_string}\"},\"query-input\":{\"@type\":\"PropertyValueSpecification\",\"valueRequired\":true,\"valueName\":\"search_term_string\"}}],\"inLanguage\":\"bs-BA\"},{\"@type\":[\"Person\",\"Organization\"],\"@id\":\"https:\/\/sandzakpress.net\/arhiva\/#\/schema\/person\/6e72b67d6e51910a1117b3b483ba20bd\",\"name\":\"Kul\",\"image\":{\"@type\":\"ImageObject\",\"inLanguage\":\"bs-BA\",\"@id\":\"https:\/\/sandzakpress.net\/arhiva\/#\/schema\/person\/image\/\",\"url\":\"https:\/\/secure.gravatar.com\/avatar\/42263f39aa27ac04c43cab85c280eb2e?s=96&d=mm&r=pg\",\"contentUrl\":\"https:\/\/secure.gravatar.com\/avatar\/42263f39aa27ac04c43cab85c280eb2e?s=96&d=mm&r=pg\",\"caption\":\"Kul\"},\"logo\":{\"@id\":\"https:\/\/sandzakpress.net\/arhiva\/#\/schema\/person\/image\/\"}},{\"@type\":\"Person\",\"@id\":\"https:\/\/sandzakpress.net\/arhiva\/#\/schema\/person\/c8baee722073534b583ea7bdb2e36c02\",\"name\":\"bosniak\",\"image\":{\"@type\":\"ImageObject\",\"inLanguage\":\"bs-BA\",\"@id\":\"https:\/\/sandzakpress.net\/arhiva\/#\/schema\/person\/image\/\",\"url\":\"https:\/\/secure.gravatar.com\/avatar\/a04fd330bfe3a36a72a0ad4a6d89fca7?s=96&d=mm&r=pg\",\"contentUrl\":\"https:\/\/secure.gravatar.com\/avatar\/a04fd330bfe3a36a72a0ad4a6d89fca7?s=96&d=mm&r=pg\",\"caption\":\"bosniak\"},\"url\":\"https:\/\/sandzakpress.net\/arhiva\/author\/bosniak\/\"}]}<\/script>\n<!-- \/ Yoast SEO Premium plugin. -->","yoast_head_json":{"title":"Odr\u017eana skup\u0161tina Zajednice sand\u017ea\u010dke dijaspore","robots":{"index":"index","follow":"follow","max-snippet":"max-snippet:-1","max-image-preview":"max-image-preview:large","max-video-preview":"max-video-preview:-1"},"canonical":"https:\/\/sandzakpress.net\/arhiva\/odrzana-skupstina-zajednice-sandzacke-dijaspore\/","og_locale":"bs_BA","og_type":"article","og_title":"Odr\u017eana skup\u0161tina Zajednice sand\u017ea\u010dke dijaspore","og_description":"Njema\u010dka- U petak\u00a001.05.2015 odr\u017eana je skup\u0161tina Zajednice sand\u017ea\u010dke dijaspore na kojoj je izabran upravni odbor ZSD za naredni period. Skup\u0161tinu je otvorio generalni sekretar ZSD Muzafer Had\u017eic, nakon \u010dega je predsjednik\u00a0Mithat ef. Mujevi\u0107 podnio izvje\u0161taj o radu ZSD-a za zadnje 4 godine. Skup\u0161tini je pristustvovao i Muftija Sand\u017ea\u010dki Muamer ef. Zukorli\u0107 koji se obratio skupu [&hellip;]","og_url":"https:\/\/sandzakpress.net\/arhiva\/odrzana-skupstina-zajednice-sandzacke-dijaspore\/","og_site_name":"Sand\u017eak PRESS","article_published_time":"2015-05-04T19:59:16+00:00","article_modified_time":"2015-05-04T20:12:15+00:00","og_image":[{"width":600,"height":260,"url":"https:\/\/sandzakpress.net\/arhiva\/wp-content\/uploads\/2015\/05\/ZSD.jpg","type":"image\/jpeg"}],"author":"bosniak","twitter_card":"summary_large_image","twitter_misc":{"Written by":"bosniak","Est. reading time":"1 minuta"},"schema":{"@context":"https:\/\/schema.org","@graph":[{"@type":"Article","@id":"https:\/\/sandzakpress.net\/arhiva\/odrzana-skupstina-zajednice-sandzacke-dijaspore\/#article","isPartOf":{"@id":"https:\/\/sandzakpress.net\/arhiva\/odrzana-skupstina-zajednice-sandzacke-dijaspore\/"},"author":{"name":"bosniak","@id":"https:\/\/sandzakpress.net\/arhiva\/#\/schema\/person\/c8baee722073534b583ea7bdb2e36c02"},"headline":"Odr\u017eana skup\u0161tina Zajednice sand\u017ea\u010dke dijaspore","datePublished":"2015-05-04T19:59:16+00:00","dateModified":"2015-05-04T20:12:15+00:00","mainEntityOfPage":{"@id":"https:\/\/sandzakpress.net\/arhiva\/odrzana-skupstina-zajednice-sandzacke-dijaspore\/"},"wordCount":177,"commentCount":2,"publisher":{"@id":"https:\/\/sandzakpress.net\/arhiva\/#\/schema\/person\/6e72b67d6e51910a1117b3b483ba20bd"},"image":{"@id":"https:\/\/sandzakpress.net\/arhiva\/odrzana-skupstina-zajednice-sandzacke-dijaspore\/#primaryimage"},"thumbnailUrl":"https:\/\/sandzakpress.net\/arhiva\/wp-content\/uploads\/2015\/05\/ZSD.jpg","articleSection":["Nacija","Njema\u010dka","VIJESTI DANA","NAJNOVIJE","Novine"],"inLanguage":"bs-BA","potentialAction":[{"@type":"CommentAction","name":"Comment","target":["https:\/\/sandzakpress.net\/arhiva\/odrzana-skupstina-zajednice-sandzacke-dijaspore\/#respond"]}]},{"@type":"WebPage","@id":"https:\/\/sandzakpress.net\/arhiva\/odrzana-skupstina-zajednice-sandzacke-dijaspore\/","url":"https:\/\/sandzakpress.net\/arhiva\/odrzana-skupstina-zajednice-sandzacke-dijaspore\/","name":"Odr\u017eana skup\u0161tina Zajednice sand\u017ea\u010dke dijaspore","isPartOf":{"@id":"https:\/\/sandzakpress.net\/arhiva\/#website"},"primaryImageOfPage":{"@id":"https:\/\/sandzakpress.net\/arhiva\/odrzana-skupstina-zajednice-sandzacke-dijaspore\/#primaryimage"},"image":{"@id":"https:\/\/sandzakpress.net\/arhiva\/odrzana-skupstina-zajednice-sandzacke-dijaspore\/#primaryimage"},"thumbnailUrl":"https:\/\/sandzakpress.net\/arhiva\/wp-content\/uploads\/2015\/05\/ZSD.jpg","datePublished":"2015-05-04T19:59:16+00:00","dateModified":"2015-05-04T20:12:15+00:00","breadcrumb":{"@id":"https:\/\/sandzakpress.net\/arhiva\/odrzana-skupstina-zajednice-sandzacke-dijaspore\/#breadcrumb"},"inLanguage":"bs-BA","potentialAction":[{"@type":"ReadAction","target":["https:\/\/sandzakpress.net\/arhiva\/odrzana-skupstina-zajednice-sandzacke-dijaspore\/"]}]},{"@type":"ImageObject","inLanguage":"bs-BA","@id":"https:\/\/sandzakpress.net\/arhiva\/odrzana-skupstina-zajednice-sandzacke-dijaspore\/#primaryimage","url":"https:\/\/sandzakpress.net\/arhiva\/wp-content\/uploads\/2015\/05\/ZSD.jpg","contentUrl":"https:\/\/sandzakpress.net\/arhiva\/wp-content\/uploads\/2015\/05\/ZSD.jpg","width":600,"height":260},{"@type":"BreadcrumbList","@id":"https:\/\/sandzakpress.net\/arhiva\/odrzana-skupstina-zajednice-sandzacke-dijaspore\/#breadcrumb","itemListElement":[{"@type":"ListItem","position":1,"name":"Home","item":"https:\/\/sandzakpress.net\/arhiva\/"},{"@type":"ListItem","position":2,"name":"Odr\u017eana skup\u0161tina Zajednice sand\u017ea\u010dke dijaspore"}]},{"@type":"WebSite","@id":"https:\/\/sandzakpress.net\/arhiva\/#website","url":"https:\/\/sandzakpress.net\/arhiva\/","name":"Sand\u017eak PRESS","description":"Prve elektronske novine u Sand\u017eaku","publisher":{"@id":"https:\/\/sandzakpress.net\/arhiva\/#\/schema\/person\/6e72b67d6e51910a1117b3b483ba20bd"},"potentialAction":[{"@type":"SearchAction","target":{"@type":"EntryPoint","urlTemplate":"https:\/\/sandzakpress.net\/arhiva\/?s={search_term_string}"},"query-input":{"@type":"PropertyValueSpecification","valueRequired":true,"valueName":"search_term_string"}}],"inLanguage":"bs-BA"},{"@type":["Person","Organization"],"@id":"https:\/\/sandzakpress.net\/arhiva\/#\/schema\/person\/6e72b67d6e51910a1117b3b483ba20bd","name":"Kul","image":{"@type":"ImageObject","inLanguage":"bs-BA","@id":"https:\/\/sandzakpress.net\/arhiva\/#\/schema\/person\/image\/","url":"https:\/\/secure.gravatar.com\/avatar\/42263f39aa27ac04c43cab85c280eb2e?s=96&d=mm&r=pg","contentUrl":"https:\/\/secure.gravatar.com\/avatar\/42263f39aa27ac04c43cab85c280eb2e?s=96&d=mm&r=pg","caption":"Kul"},"logo":{"@id":"https:\/\/sandzakpress.net\/arhiva\/#\/schema\/person\/image\/"}},{"@type":"Person","@id":"https:\/\/sandzakpress.net\/arhiva\/#\/schema\/person\/c8baee722073534b583ea7bdb2e36c02","name":"bosniak","image":{"@type":"ImageObject","inLanguage":"bs-BA","@id":"https:\/\/sandzakpress.net\/arhiva\/#\/schema\/person\/image\/","url":"https:\/\/secure.gravatar.com\/avatar\/a04fd330bfe3a36a72a0ad4a6d89fca7?s=96&d=mm&r=pg","contentUrl":"https:\/\/secure.gravatar.com\/avatar\/a04fd330bfe3a36a72a0ad4a6d89fca7?s=96&d=mm&r=pg","caption":"bosniak"},"url":"https:\/\/sandzakpress.net\/arhiva\/author\/bosniak\/"}]}},"_links":{"self":[{"href":"https:\/\/sandzakpress.net\/arhiva\/wp-json\/wp\/v2\/posts\/127679"}],"collection":[{"href":"https:\/\/sandzakpress.net\/arhiva\/wp-json\/wp\/v2\/posts"}],"about":[{"href":"https:\/\/sandzakpress.net\/arhiva\/wp-json\/wp\/v2\/types\/post"}],"author":[{"embeddable":true,"href":"https:\/\/sandzakpress.net\/arhiva\/wp-json\/wp\/v2\/users\/83"}],"replies":[{"embeddable":true,"href":"https:\/\/sandzakpress.net\/arhiva\/wp-json\/wp\/v2\/comments?post=127679"}],"version-history":[{"count":0,"href":"https:\/\/sandzakpress.net\/arhiva\/wp-json\/wp\/v2\/posts\/127679\/revisions"}],"wp:featuredmedia":[{"embeddable":true,"href":"https:\/\/sandzakpress.net\/arhiva\/wp-json\/wp\/v2\/media\/127680"}],"wp:attachment":[{"href":"https:\/\/sandzakpress.net\/arhiva\/wp-json\/wp\/v2\/media?parent=127679"}],"wp:term":[{"taxonomy":"category","embeddable":true,"href":"https:\/\/sandzakpress.net\/arhiva\/wp-json\/wp\/v2\/categories?post=127679"},{"taxonomy":"post_tag","embeddable":true,"href":"https:\/\/sandzakpress.net\/arhiva\/wp-json\/wp\/v2\/tags?post=127679"}],"curies":[{"name":"wp","href":"https:\/\/api.w.org\/{rel}","templated":true}]}}