{"id":127382,"date":"2015-04-28T09:59:00","date_gmt":"2015-04-28T07:59:00","guid":{"rendered":"https:\/\/sandzakpress.net\/arhiva\/?p=127382"},"modified":"2015-04-28T09:59:00","modified_gmt":"2015-04-28T07:59:00","slug":"rociste-povodom-ubistva-anesa-kalaca-umalo-da-dode-do-incidenta","status":"publish","type":"post","link":"https:\/\/sandzakpress.net\/arhiva\/rociste-povodom-ubistva-anesa-kalaca-umalo-da-dode-do-incidenta\/","title":{"rendered":"Ro\u010di\u0161te povodom ubistva Anesa Kala\u010da: Umalo da do\u0111e do incidenta"},"content":{"rendered":"<p><strong><a href=\"https:\/\/sandzakpress.net\/arhiva\/wp-content\/uploads\/2015\/04\/na_ulici_ispred_suda.jpg\"><img loading=\"lazy\" decoding=\"async\" class=\" size-full wp-image-127383 aligncenter\" src=\"https:\/\/sandzakpress.net\/arhiva\/wp-content\/uploads\/2015\/04\/na_ulici_ispred_suda.jpg\" alt=\"na_ulici_ispred_suda\" width=\"600\" height=\"450\" \/><\/a>Ro\u017eaje &#8211; Pred vije\u0107em sudije Vidomira Bo\u0161kovi\u0107a u Vi\u0161em sudu u Bijelom Polju danas je odr\u017eano pripremno ro\u010di\u0161te bra\u0107i iz Ro\u017eaja Jasminu (30), Anesu (29), Elminu (19) i njihovim ro\u0111acima Sevdu (28) i Mirsadu \u00a0 Muratovi\u0107u (32), koji se sumnji\u010de za poku\u0161aj ubistva sugra\u0111anina Anesa Kala\u010da.<\/strong><\/p>\n<p>Adis Muratovi\u0107 (26), glavni osumnji\u010deni za ubistvo Kala\u010da i dalje je u bjekstvu i za njim je izdata potjernica, dok su njema\u010dki organi gonjenja nedavno uhapsili Elvina Muratovi\u0107a, koji je ozna\u010den kao saizvr\u0161ilac u ovom krivi\u010dnom djelu.<\/p>\n<p>Uo\u010di po\u010detka pripremnog ro\u010di\u0161ta umalo nije do\u0161lo do incidenta u blizini zgrade suda.<\/p>\n<p>Naime, ro\u010di\u0161te je\u00a0bilo zatvoreno za javnost, a rodbinu Kala\u010da je isprovociralo kada im je zabranjeno da u\u0111u u zgradu suda, dok je otac optu\u017eenih Izet Mi\u0161ko Muratovi\u0107 nesmetano u\u0161ao uz pratnju privatnog obezbje\u0111enja.\u00a0<\/p>\n<p>Zahvaljuju\u0107i prisustvu policije koja je obezbije\u0111ivala zgradu suda nije do\u0161lo do incidenta jer, prema kazivanju nekih od okupljenih Kala\u010da, u prolazu ih je provocirao i pozivao na obra\u010dun pripadnik &#8220;obezbje\u0111enja&#8221; porodice Muratovi\u0107.<\/p>\n<p>Emin Kala\u010d, otac ubijenog Anesa, nakon zavr\u0161enog ro\u010di\u0161ta saop\u0161tio je da su advokati iznosili &#8220;nekakve podatke i dokaze&#8221;.<\/p>\n<p>&#8220;Sve se pri\u010da o nekakvoj piljarskoj radnji i tamo\u0161nji radnici se predla\u017eu za svjedoke, kao i ujak okrivljenog. Ne znam kako \u0107e se sud dalje opredijeliti. Moj sin nije poginuo tu, ve\u0107 na benzinskoj pumpi. Po\u0161ao je ku\u0107i, stali su da uzmu gorivo i ubijen je sa le\u0111a. Postoji bo\u017eja i sudska pravda i o\u010dekujem da \u0107e sud razmotriti kako treba i da \u0107e ubicama izre\u0107i adekvatnu kaznu jer su to i zaslu\u017eili. Moja porodica do sada nikoga nije ubila\u201c, kazao je Kala\u010d.\u00a0<\/p>\n<p>Prema optu\u017enici, doga\u0111aj se desio 27. jula pro\u0161le godine oko 23.30 sati na benzinskoj pumpi &#8220;Eko petrol&#8221; u Ro\u017eajama.<\/p>\n<p>Prethodno je istog dana oko 13 sati do\u0161lo do fizi\u010dkog obra\u010duna, koji je unaprijed dogovoren i za koji je prema sumnjama tu\u017eila\u0161tva ve\u0107 postojao razra\u0111eni plan. Muratovi\u0107i se sumnji\u010de da su kriti\u010dnog dana, donijeli odluku da sa umi\u0161ljajem li\u0161e \u017eivota sugra\u0111ane Anesa Kala\u010da, Armina Kala\u010da, Kemala Nurkovi\u0107a, Elvisa Jahovi\u0107a i \u0160abana Tarhani\u0161a.<\/p>\n<p>&#8220;Okrivljeni Anes Muratovi\u0107 je vozilom marke &#8220;pasat\u201d registarskih oznaka &#8220;COOL\u201d , iz pravca grada do benzinske pumpe, pratio vozilo &#8220;audi 80\u201d (RO AH 502), za \u010dijim volanom se nalazio Tarhani\u0161. Onda su autom marke &#8220;golf 5\u201d (0000C), kojim je upravljao Elmin Muratovi\u0107 do\u0161li ostali optu\u017eeni. Tom prilikom su iza\u0161li iz auta Mirsad i Jasmin Muratovi\u0107, dr\u017ee\u0107i u rukama metalne \u0161ipke. Elmin Muratovi\u0107 je imao metalnu \u0161ipku i pi\u0161tolje, a Adis Muratovi\u0107 automatsku pu\u0161ku, nakon \u010dega je Mirsad Muratovi\u0107 pri\u0161ao autu u kojem su se nalazili o\u0161te\u0107eni i metalnom \u0161ipkom \u0161tanglom ga\u0111ao u predjelu krova. Nakon \u0161to su o\u0161te\u0107eni iza\u0161li iz auta, Anis Muratovi\u0107 je do\u0161ao svojim vozilom ispred njihovog, kako bi im sprije\u010dio bjekstvo\u201c, stoji u rje\u0161enju sudije za istragu.<\/p>\n<p>Navodi se i da je Adis Muratovi\u0107 u namjeri da li\u0161i \u017eivota o\u0161te\u0107ene, u njihovom pravcu ispalio vi\u0161e metaka, od kojih je jedan projektil pogodio Elvisa Jahovi\u0107a u predjelu lijeve strane lica. Jahovi\u0107 se krio iza &#8220;golfa\u201d\u2019. Jedan projektil je pogodio i Anesa Kala\u010da, dok je bje\u017eao i napada\u010dima bio le\u0111ima okrenut. Tada je Kala\u010du nanesena te\u0161ka tjelesna povreda u vidu prostrelne rane. Anes Muratovi\u0107 je, zatim, naglo iz mjesta startovao \u201epasat\u201d i udario prednjim dijelom vozila Anesa Kala\u010da, u momentu kad se ovaj nalazio ispred vozila, bje\u017ee\u0107i od ispaljenih projektila. Istovremeno, kako pi\u0161e u re\u0161enju sudije za istrage bjelopoljskog Vi\u0161eg suda, s umi\u0161ljajem je doveo u opasnost \u017eivote radnika na pumpi Halila i Elvira Cami\u0107a, kao i \u0160abana Ljaji\u0107a koji se nalazio u svom vozilu.\u00a0<\/p>\n<p>Anes Kala\u010d je preminuo, dva dana nakon pucnjave, u Klini\u010dkom centru Crne Gore u Podgorici.<\/p>\n<p>(CDM)<\/p>\n","protected":false},"excerpt":{"rendered":"<p>Ro\u017eaje &#8211; Pred vije\u0107em sudije Vidomira Bo\u0161kovi\u0107a u Vi\u0161em sudu u Bijelom Polju danas je odr\u017eano pripremno ro\u010di\u0161te bra\u0107i iz Ro\u017eaja Jasminu (30), Anesu (29), Elminu (19) i njihovim ro\u0111acima Sevdu (28) i Mirsadu \u00a0 Muratovi\u0107u (32), koji se sumnji\u010de za poku\u0161aj ubistva sugra\u0111anina Anesa Kala\u010da. Adis Muratovi\u0107 (26), glavni osumnji\u010deni za ubistvo Kala\u010da i [&hellip;]<\/p>\n","protected":false},"author":83,"featured_media":127383,"comment_status":"open","ping_status":"open","sticky":false,"template":"","format":"standard","meta":{"footnotes":""},"categories":[398,801,798],"tags":[],"class_list":{"0":"post-127382","1":"post","2":"type-post","3":"status-publish","4":"format-standard","5":"has-post-thumbnail","7":"category-rozaje","8":"category-crna_hronika","9":"category-teme"},"yoast_head":"<!-- This site is optimized with the Yoast SEO Premium plugin v23.1 (Yoast SEO v24.9) - https:\/\/yoast.com\/wordpress\/plugins\/seo\/ -->\n<title>Ro\u010di\u0161te povodom ubistva Anesa Kala\u010da: Umalo da do\u0111e do incidenta<\/title>\n<meta name=\"robots\" content=\"index, follow, max-snippet:-1, max-image-preview:large, max-video-preview:-1\" \/>\n<link rel=\"canonical\" href=\"https:\/\/sandzakpress.net\/arhiva\/rociste-povodom-ubistva-anesa-kalaca-umalo-da-dode-do-incidenta\/\" \/>\n<meta property=\"og:locale\" content=\"bs_BA\" \/>\n<meta property=\"og:type\" content=\"article\" \/>\n<meta property=\"og:title\" content=\"Ro\u010di\u0161te povodom ubistva Anesa Kala\u010da: Umalo da do\u0111e do incidenta\" \/>\n<meta property=\"og:description\" content=\"Ro\u017eaje &#8211; Pred vije\u0107em sudije Vidomira Bo\u0161kovi\u0107a u Vi\u0161em sudu u Bijelom Polju danas je odr\u017eano pripremno ro\u010di\u0161te bra\u0107i iz Ro\u017eaja Jasminu (30), Anesu (29), Elminu (19) i njihovim ro\u0111acima Sevdu (28) i Mirsadu \u00a0 Muratovi\u0107u (32), koji se sumnji\u010de za poku\u0161aj ubistva sugra\u0111anina Anesa Kala\u010da. Adis Muratovi\u0107 (26), glavni osumnji\u010deni za ubistvo Kala\u010da i [&hellip;]\" \/>\n<meta property=\"og:url\" content=\"https:\/\/sandzakpress.net\/arhiva\/rociste-povodom-ubistva-anesa-kalaca-umalo-da-dode-do-incidenta\/\" \/>\n<meta property=\"og:site_name\" content=\"Sand\u017eak PRESS\" \/>\n<meta property=\"article:published_time\" content=\"2015-04-28T07:59:00+00:00\" \/>\n<meta property=\"og:image\" content=\"https:\/\/sandzakpress.net\/arhiva\/wp-content\/uploads\/2015\/04\/na_ulici_ispred_suda.jpg\" \/>\n\t<meta property=\"og:image:width\" content=\"600\" \/>\n\t<meta property=\"og:image:height\" content=\"450\" \/>\n\t<meta property=\"og:image:type\" content=\"image\/jpeg\" \/>\n<meta name=\"author\" content=\"bosniak\" \/>\n<meta name=\"twitter:card\" content=\"summary_large_image\" \/>\n<meta name=\"twitter:label1\" content=\"Written by\" \/>\n\t<meta name=\"twitter:data1\" content=\"bosniak\" \/>\n\t<meta name=\"twitter:label2\" content=\"Est. reading time\" \/>\n\t<meta name=\"twitter:data2\" content=\"3 minute\" \/>\n<script type=\"application\/ld+json\" class=\"yoast-schema-graph\">{\"@context\":\"https:\/\/schema.org\",\"@graph\":[{\"@type\":\"Article\",\"@id\":\"https:\/\/sandzakpress.net\/arhiva\/rociste-povodom-ubistva-anesa-kalaca-umalo-da-dode-do-incidenta\/#article\",\"isPartOf\":{\"@id\":\"https:\/\/sandzakpress.net\/arhiva\/rociste-povodom-ubistva-anesa-kalaca-umalo-da-dode-do-incidenta\/\"},\"author\":{\"name\":\"bosniak\",\"@id\":\"https:\/\/sandzakpress.net\/arhiva\/#\/schema\/person\/c8baee722073534b583ea7bdb2e36c02\"},\"headline\":\"Ro\u010di\u0161te povodom ubistva Anesa Kala\u010da: Umalo da do\u0111e do incidenta\",\"datePublished\":\"2015-04-28T07:59:00+00:00\",\"mainEntityOfPage\":{\"@id\":\"https:\/\/sandzakpress.net\/arhiva\/rociste-povodom-ubistva-anesa-kalaca-umalo-da-dode-do-incidenta\/\"},\"wordCount\":711,\"commentCount\":0,\"publisher\":{\"@id\":\"https:\/\/sandzakpress.net\/arhiva\/#\/schema\/person\/6e72b67d6e51910a1117b3b483ba20bd\"},\"image\":{\"@id\":\"https:\/\/sandzakpress.net\/arhiva\/rociste-povodom-ubistva-anesa-kalaca-umalo-da-dode-do-incidenta\/#primaryimage\"},\"thumbnailUrl\":\"https:\/\/sandzakpress.net\/arhiva\/wp-content\/uploads\/2015\/04\/na_ulici_ispred_suda.jpg\",\"articleSection\":[\"Ro\u017eaje\",\"Hronika\",\"NAJNOVIJE\"],\"inLanguage\":\"bs-BA\",\"potentialAction\":[{\"@type\":\"CommentAction\",\"name\":\"Comment\",\"target\":[\"https:\/\/sandzakpress.net\/arhiva\/rociste-povodom-ubistva-anesa-kalaca-umalo-da-dode-do-incidenta\/#respond\"]}]},{\"@type\":\"WebPage\",\"@id\":\"https:\/\/sandzakpress.net\/arhiva\/rociste-povodom-ubistva-anesa-kalaca-umalo-da-dode-do-incidenta\/\",\"url\":\"https:\/\/sandzakpress.net\/arhiva\/rociste-povodom-ubistva-anesa-kalaca-umalo-da-dode-do-incidenta\/\",\"name\":\"Ro\u010di\u0161te povodom ubistva Anesa Kala\u010da: Umalo da do\u0111e do incidenta\",\"isPartOf\":{\"@id\":\"https:\/\/sandzakpress.net\/arhiva\/#website\"},\"primaryImageOfPage\":{\"@id\":\"https:\/\/sandzakpress.net\/arhiva\/rociste-povodom-ubistva-anesa-kalaca-umalo-da-dode-do-incidenta\/#primaryimage\"},\"image\":{\"@id\":\"https:\/\/sandzakpress.net\/arhiva\/rociste-povodom-ubistva-anesa-kalaca-umalo-da-dode-do-incidenta\/#primaryimage\"},\"thumbnailUrl\":\"https:\/\/sandzakpress.net\/arhiva\/wp-content\/uploads\/2015\/04\/na_ulici_ispred_suda.jpg\",\"datePublished\":\"2015-04-28T07:59:00+00:00\",\"breadcrumb\":{\"@id\":\"https:\/\/sandzakpress.net\/arhiva\/rociste-povodom-ubistva-anesa-kalaca-umalo-da-dode-do-incidenta\/#breadcrumb\"},\"inLanguage\":\"bs-BA\",\"potentialAction\":[{\"@type\":\"ReadAction\",\"target\":[\"https:\/\/sandzakpress.net\/arhiva\/rociste-povodom-ubistva-anesa-kalaca-umalo-da-dode-do-incidenta\/\"]}]},{\"@type\":\"ImageObject\",\"inLanguage\":\"bs-BA\",\"@id\":\"https:\/\/sandzakpress.net\/arhiva\/rociste-povodom-ubistva-anesa-kalaca-umalo-da-dode-do-incidenta\/#primaryimage\",\"url\":\"https:\/\/sandzakpress.net\/arhiva\/wp-content\/uploads\/2015\/04\/na_ulici_ispred_suda.jpg\",\"contentUrl\":\"https:\/\/sandzakpress.net\/arhiva\/wp-content\/uploads\/2015\/04\/na_ulici_ispred_suda.jpg\",\"width\":600,\"height\":450},{\"@type\":\"BreadcrumbList\",\"@id\":\"https:\/\/sandzakpress.net\/arhiva\/rociste-povodom-ubistva-anesa-kalaca-umalo-da-dode-do-incidenta\/#breadcrumb\",\"itemListElement\":[{\"@type\":\"ListItem\",\"position\":1,\"name\":\"Home\",\"item\":\"https:\/\/sandzakpress.net\/arhiva\/\"},{\"@type\":\"ListItem\",\"position\":2,\"name\":\"Ro\u010di\u0161te povodom ubistva Anesa Kala\u010da: Umalo da do\u0111e do incidenta\"}]},{\"@type\":\"WebSite\",\"@id\":\"https:\/\/sandzakpress.net\/arhiva\/#website\",\"url\":\"https:\/\/sandzakpress.net\/arhiva\/\",\"name\":\"Sand\u017eak PRESS\",\"description\":\"Prve elektronske novine u Sand\u017eaku\",\"publisher\":{\"@id\":\"https:\/\/sandzakpress.net\/arhiva\/#\/schema\/person\/6e72b67d6e51910a1117b3b483ba20bd\"},\"potentialAction\":[{\"@type\":\"SearchAction\",\"target\":{\"@type\":\"EntryPoint\",\"urlTemplate\":\"https:\/\/sandzakpress.net\/arhiva\/?s={search_term_string}\"},\"query-input\":{\"@type\":\"PropertyValueSpecification\",\"valueRequired\":true,\"valueName\":\"search_term_string\"}}],\"inLanguage\":\"bs-BA\"},{\"@type\":[\"Person\",\"Organization\"],\"@id\":\"https:\/\/sandzakpress.net\/arhiva\/#\/schema\/person\/6e72b67d6e51910a1117b3b483ba20bd\",\"name\":\"Kul\",\"image\":{\"@type\":\"ImageObject\",\"inLanguage\":\"bs-BA\",\"@id\":\"https:\/\/sandzakpress.net\/arhiva\/#\/schema\/person\/image\/\",\"url\":\"https:\/\/secure.gravatar.com\/avatar\/42263f39aa27ac04c43cab85c280eb2e?s=96&d=mm&r=pg\",\"contentUrl\":\"https:\/\/secure.gravatar.com\/avatar\/42263f39aa27ac04c43cab85c280eb2e?s=96&d=mm&r=pg\",\"caption\":\"Kul\"},\"logo\":{\"@id\":\"https:\/\/sandzakpress.net\/arhiva\/#\/schema\/person\/image\/\"}},{\"@type\":\"Person\",\"@id\":\"https:\/\/sandzakpress.net\/arhiva\/#\/schema\/person\/c8baee722073534b583ea7bdb2e36c02\",\"name\":\"bosniak\",\"image\":{\"@type\":\"ImageObject\",\"inLanguage\":\"bs-BA\",\"@id\":\"https:\/\/sandzakpress.net\/arhiva\/#\/schema\/person\/image\/\",\"url\":\"https:\/\/secure.gravatar.com\/avatar\/a04fd330bfe3a36a72a0ad4a6d89fca7?s=96&d=mm&r=pg\",\"contentUrl\":\"https:\/\/secure.gravatar.com\/avatar\/a04fd330bfe3a36a72a0ad4a6d89fca7?s=96&d=mm&r=pg\",\"caption\":\"bosniak\"},\"url\":\"https:\/\/sandzakpress.net\/arhiva\/author\/bosniak\/\"}]}<\/script>\n<!-- \/ Yoast SEO Premium plugin. -->","yoast_head_json":{"title":"Ro\u010di\u0161te povodom ubistva Anesa Kala\u010da: Umalo da do\u0111e do incidenta","robots":{"index":"index","follow":"follow","max-snippet":"max-snippet:-1","max-image-preview":"max-image-preview:large","max-video-preview":"max-video-preview:-1"},"canonical":"https:\/\/sandzakpress.net\/arhiva\/rociste-povodom-ubistva-anesa-kalaca-umalo-da-dode-do-incidenta\/","og_locale":"bs_BA","og_type":"article","og_title":"Ro\u010di\u0161te povodom ubistva Anesa Kala\u010da: Umalo da do\u0111e do incidenta","og_description":"Ro\u017eaje &#8211; Pred vije\u0107em sudije Vidomira Bo\u0161kovi\u0107a u Vi\u0161em sudu u Bijelom Polju danas je odr\u017eano pripremno ro\u010di\u0161te bra\u0107i iz Ro\u017eaja Jasminu (30), Anesu (29), Elminu (19) i njihovim ro\u0111acima Sevdu (28) i Mirsadu \u00a0 Muratovi\u0107u (32), koji se sumnji\u010de za poku\u0161aj ubistva sugra\u0111anina Anesa Kala\u010da. Adis Muratovi\u0107 (26), glavni osumnji\u010deni za ubistvo Kala\u010da i [&hellip;]","og_url":"https:\/\/sandzakpress.net\/arhiva\/rociste-povodom-ubistva-anesa-kalaca-umalo-da-dode-do-incidenta\/","og_site_name":"Sand\u017eak PRESS","article_published_time":"2015-04-28T07:59:00+00:00","og_image":[{"width":600,"height":450,"url":"https:\/\/sandzakpress.net\/arhiva\/wp-content\/uploads\/2015\/04\/na_ulici_ispred_suda.jpg","type":"image\/jpeg"}],"author":"bosniak","twitter_card":"summary_large_image","twitter_misc":{"Written by":"bosniak","Est. reading time":"3 minute"},"schema":{"@context":"https:\/\/schema.org","@graph":[{"@type":"Article","@id":"https:\/\/sandzakpress.net\/arhiva\/rociste-povodom-ubistva-anesa-kalaca-umalo-da-dode-do-incidenta\/#article","isPartOf":{"@id":"https:\/\/sandzakpress.net\/arhiva\/rociste-povodom-ubistva-anesa-kalaca-umalo-da-dode-do-incidenta\/"},"author":{"name":"bosniak","@id":"https:\/\/sandzakpress.net\/arhiva\/#\/schema\/person\/c8baee722073534b583ea7bdb2e36c02"},"headline":"Ro\u010di\u0161te povodom ubistva Anesa Kala\u010da: Umalo da do\u0111e do incidenta","datePublished":"2015-04-28T07:59:00+00:00","mainEntityOfPage":{"@id":"https:\/\/sandzakpress.net\/arhiva\/rociste-povodom-ubistva-anesa-kalaca-umalo-da-dode-do-incidenta\/"},"wordCount":711,"commentCount":0,"publisher":{"@id":"https:\/\/sandzakpress.net\/arhiva\/#\/schema\/person\/6e72b67d6e51910a1117b3b483ba20bd"},"image":{"@id":"https:\/\/sandzakpress.net\/arhiva\/rociste-povodom-ubistva-anesa-kalaca-umalo-da-dode-do-incidenta\/#primaryimage"},"thumbnailUrl":"https:\/\/sandzakpress.net\/arhiva\/wp-content\/uploads\/2015\/04\/na_ulici_ispred_suda.jpg","articleSection":["Ro\u017eaje","Hronika","NAJNOVIJE"],"inLanguage":"bs-BA","potentialAction":[{"@type":"CommentAction","name":"Comment","target":["https:\/\/sandzakpress.net\/arhiva\/rociste-povodom-ubistva-anesa-kalaca-umalo-da-dode-do-incidenta\/#respond"]}]},{"@type":"WebPage","@id":"https:\/\/sandzakpress.net\/arhiva\/rociste-povodom-ubistva-anesa-kalaca-umalo-da-dode-do-incidenta\/","url":"https:\/\/sandzakpress.net\/arhiva\/rociste-povodom-ubistva-anesa-kalaca-umalo-da-dode-do-incidenta\/","name":"Ro\u010di\u0161te povodom ubistva Anesa Kala\u010da: Umalo da do\u0111e do incidenta","isPartOf":{"@id":"https:\/\/sandzakpress.net\/arhiva\/#website"},"primaryImageOfPage":{"@id":"https:\/\/sandzakpress.net\/arhiva\/rociste-povodom-ubistva-anesa-kalaca-umalo-da-dode-do-incidenta\/#primaryimage"},"image":{"@id":"https:\/\/sandzakpress.net\/arhiva\/rociste-povodom-ubistva-anesa-kalaca-umalo-da-dode-do-incidenta\/#primaryimage"},"thumbnailUrl":"https:\/\/sandzakpress.net\/arhiva\/wp-content\/uploads\/2015\/04\/na_ulici_ispred_suda.jpg","datePublished":"2015-04-28T07:59:00+00:00","breadcrumb":{"@id":"https:\/\/sandzakpress.net\/arhiva\/rociste-povodom-ubistva-anesa-kalaca-umalo-da-dode-do-incidenta\/#breadcrumb"},"inLanguage":"bs-BA","potentialAction":[{"@type":"ReadAction","target":["https:\/\/sandzakpress.net\/arhiva\/rociste-povodom-ubistva-anesa-kalaca-umalo-da-dode-do-incidenta\/"]}]},{"@type":"ImageObject","inLanguage":"bs-BA","@id":"https:\/\/sandzakpress.net\/arhiva\/rociste-povodom-ubistva-anesa-kalaca-umalo-da-dode-do-incidenta\/#primaryimage","url":"https:\/\/sandzakpress.net\/arhiva\/wp-content\/uploads\/2015\/04\/na_ulici_ispred_suda.jpg","contentUrl":"https:\/\/sandzakpress.net\/arhiva\/wp-content\/uploads\/2015\/04\/na_ulici_ispred_suda.jpg","width":600,"height":450},{"@type":"BreadcrumbList","@id":"https:\/\/sandzakpress.net\/arhiva\/rociste-povodom-ubistva-anesa-kalaca-umalo-da-dode-do-incidenta\/#breadcrumb","itemListElement":[{"@type":"ListItem","position":1,"name":"Home","item":"https:\/\/sandzakpress.net\/arhiva\/"},{"@type":"ListItem","position":2,"name":"Ro\u010di\u0161te povodom ubistva Anesa Kala\u010da: Umalo da do\u0111e do incidenta"}]},{"@type":"WebSite","@id":"https:\/\/sandzakpress.net\/arhiva\/#website","url":"https:\/\/sandzakpress.net\/arhiva\/","name":"Sand\u017eak PRESS","description":"Prve elektronske novine u Sand\u017eaku","publisher":{"@id":"https:\/\/sandzakpress.net\/arhiva\/#\/schema\/person\/6e72b67d6e51910a1117b3b483ba20bd"},"potentialAction":[{"@type":"SearchAction","target":{"@type":"EntryPoint","urlTemplate":"https:\/\/sandzakpress.net\/arhiva\/?s={search_term_string}"},"query-input":{"@type":"PropertyValueSpecification","valueRequired":true,"valueName":"search_term_string"}}],"inLanguage":"bs-BA"},{"@type":["Person","Organization"],"@id":"https:\/\/sandzakpress.net\/arhiva\/#\/schema\/person\/6e72b67d6e51910a1117b3b483ba20bd","name":"Kul","image":{"@type":"ImageObject","inLanguage":"bs-BA","@id":"https:\/\/sandzakpress.net\/arhiva\/#\/schema\/person\/image\/","url":"https:\/\/secure.gravatar.com\/avatar\/42263f39aa27ac04c43cab85c280eb2e?s=96&d=mm&r=pg","contentUrl":"https:\/\/secure.gravatar.com\/avatar\/42263f39aa27ac04c43cab85c280eb2e?s=96&d=mm&r=pg","caption":"Kul"},"logo":{"@id":"https:\/\/sandzakpress.net\/arhiva\/#\/schema\/person\/image\/"}},{"@type":"Person","@id":"https:\/\/sandzakpress.net\/arhiva\/#\/schema\/person\/c8baee722073534b583ea7bdb2e36c02","name":"bosniak","image":{"@type":"ImageObject","inLanguage":"bs-BA","@id":"https:\/\/sandzakpress.net\/arhiva\/#\/schema\/person\/image\/","url":"https:\/\/secure.gravatar.com\/avatar\/a04fd330bfe3a36a72a0ad4a6d89fca7?s=96&d=mm&r=pg","contentUrl":"https:\/\/secure.gravatar.com\/avatar\/a04fd330bfe3a36a72a0ad4a6d89fca7?s=96&d=mm&r=pg","caption":"bosniak"},"url":"https:\/\/sandzakpress.net\/arhiva\/author\/bosniak\/"}]}},"_links":{"self":[{"href":"https:\/\/sandzakpress.net\/arhiva\/wp-json\/wp\/v2\/posts\/127382"}],"collection":[{"href":"https:\/\/sandzakpress.net\/arhiva\/wp-json\/wp\/v2\/posts"}],"about":[{"href":"https:\/\/sandzakpress.net\/arhiva\/wp-json\/wp\/v2\/types\/post"}],"author":[{"embeddable":true,"href":"https:\/\/sandzakpress.net\/arhiva\/wp-json\/wp\/v2\/users\/83"}],"replies":[{"embeddable":true,"href":"https:\/\/sandzakpress.net\/arhiva\/wp-json\/wp\/v2\/comments?post=127382"}],"version-history":[{"count":0,"href":"https:\/\/sandzakpress.net\/arhiva\/wp-json\/wp\/v2\/posts\/127382\/revisions"}],"wp:featuredmedia":[{"embeddable":true,"href":"https:\/\/sandzakpress.net\/arhiva\/wp-json\/wp\/v2\/media\/127383"}],"wp:attachment":[{"href":"https:\/\/sandzakpress.net\/arhiva\/wp-json\/wp\/v2\/media?parent=127382"}],"wp:term":[{"taxonomy":"category","embeddable":true,"href":"https:\/\/sandzakpress.net\/arhiva\/wp-json\/wp\/v2\/categories?post=127382"},{"taxonomy":"post_tag","embeddable":true,"href":"https:\/\/sandzakpress.net\/arhiva\/wp-json\/wp\/v2\/tags?post=127382"}],"curies":[{"name":"wp","href":"https:\/\/api.w.org\/{rel}","templated":true}]}}